{"id":9754,"date":"2024-08-18T15:06:47","date_gmt":"2024-08-18T15:06:47","guid":{"rendered":"https:\/\/www.firstlapf1.com\/?p=9754"},"modified":"2024-08-18T15:06:50","modified_gmt":"2024-08-18T15:06:50","slug":"resultados-gp-austria-bagnaia-firma-el-doblete-y-marc-la-remontada","status":"publish","type":"post","link":"https:\/\/www.firstlapf1.com\/en\/resultados-gp-austria-bagnaia-firma-el-doblete-y-marc-la-remontada\/","title":{"rendered":"Resultados GP Austria: Bagnaia firma el doblete y Marc la remontada"},"content":{"rendered":"<h2 class=\"wp-block-heading\">Bagnaia sale l\u00edder tras su victoria en los resultados del GP de Austria, con Jorge Mart\u00edn 2\u00ba, Bastianini 3\u00ba y un M\u00e1rquez a la remontada, 4\u00ba<\/h2>\n\n\n\n<p>La <a href=\"https:\/\/www.motogp.com\/es\" target=\"_blank\" rel=\"noreferrer noopener\">carrera de MotoGP<\/a> llegaba despu\u00e9s de la victoria de Bagnaia en la Sprint del s\u00e1bado en el <a href=\"https:\/\/www.firstlapf1.com\/en\/category\/austria-motogp\/\" target=\"_blank\" rel=\"noreferrer noopener\">Red Bull Ring<\/a>. El piloto italiano llegaba empatado con Jorge Mart\u00edn en su lucha por el mundial y con la opci\u00f3n de firmar su tercer doblete en la temporada.<\/p>\n\n\n\n<h2 class=\"wp-block-heading has-normal-font-size\">Comienzo de carrera<br><\/h2>\n\n\n\n<p>Jorge Mart\u00edn sal\u00eda desde la pole yl pese a que Bagnaia sali\u00f3 muy bien y estuvo a punto de adelantarle en la curva 1, el piloto espa\u00f1ol aguantaba en la primera posici\u00f3n. Marc M\u00e1rquez hac\u00eda una salida bastante mala y se iba largo en la primera curva toc\u00e1ndose con Morbidelli, lo cual le hac\u00eda irse largo y caer hasta la 12\u00b0 plaza.<br><br>Llegando a la recta de meta en el primer giro, Pecco Bagnaia adelantaba a Mart\u00edn para ponerse l\u00edder de carrera. Como en la mayor\u00eda de carreras, Bastianini era quien se situaba 3\u00b0 para perseguir a los dos contendientes por el mundial, que estaban empatados a puntos despu\u00e9s de la Sprint del s\u00e1bado.<\/p>\n\n\n\n<p>Por detr\u00e1s de los l\u00edderes, Binder y Miller intentaban escapar de Bezzecchi, pero el italiano lograba pasar a Miller en la curva 1. Gracias a esta batalla, Aleix Espargar\u00f3 y Marc M\u00e1rquez se pegaban a ese grupo y el piloto de Gresini adelantaba a Espargar\u00f3 para sumar ya 5 adelantamientos.<\/p>\n\n\n\n<p>Para la vuelta 10, Bagnaia y Mart\u00edn ya rodaban mucho m\u00e1s r\u00e1pido que Bastianini y se quedaban mano a mano en la lucha por la carrera y el liderato del mundial. En la vuelta 11, Miller se iba al suelo y Marc M\u00e1rquez ganaba otra posici\u00f3n y se echaba encima de Bezzecchi.<\/p>\n\n\n\n<h2 class=\"wp-block-heading has-normal-font-size\">Bagnaia apretaba como l\u00edder<\/h2>\n\n\n\n<p>Seg\u00fan pasaban las vueltas, Pecco pon\u00eda m\u00e1s tierra de por medio con Mart\u00edn, que se descolgaba de cualquier pelea y se quedaba en la 2\u00b0 posici\u00f3n. Fabio Quartararo recib\u00eda una penalizaci\u00f3n por l\u00edmites de pista.<\/p>\n\n\n\n<p>A falta de 12 vueltas, Marc lograba adelantar a Bezzecchi y s\u00f3lo una vuelta m\u00e1s tarde consegu\u00eda pasar a Binder para completar la remontada. El de Gresini ya no ten\u00eda m\u00e1s opci\u00f3n de adelantamiento, ya que Bastianini estaba a m\u00e1s de 8 segundos.<\/p>\n\n\n\n<p>Durante las \u00faltimas vueltas, Pecco Bagnaia ya met\u00eda casi 2 segundos sobre Mart\u00edn, que adem\u00e1s recib\u00eda el aviso por l\u00edmites de pista. Esto dejaba al de Pramac casi sin posibilidad de evitar una victoria m\u00e1s y un doblete de Bagnaia, que adem\u00e1s sacaba con ese resultado una ventaja de 5 puntos en el mundial. <\/p>\n\n\n\n<p>Por su parte, Marc M\u00e1rquez s\u00ed consegu\u00eda ganar tiempo sobre Bastianini, pero las pocas vueltas que quedaban, no permitir\u00edan a Marc recortar la distancia tan grande que le separaba del podio.<\/p>\n\n\n\n<p>Finalmente, los resultados del GP de Austria, nos dejaban en el podio a Bagnaia 1\u00b0, Mart\u00edn 2\u00b0, Bastianini 3\u00b0 y por detr\u00e1s; Marc M\u00e1rquez, Binder, Bezzecchi, Vi\u00f1ales, Morbidelli, Aleix Espargar\u00f3 y \u00c1lex M\u00e1rquez.<\/p>\n\n\n\n<figure class=\"wp-block-image size-large\"><img loading=\"lazy\" decoding=\"async\" width=\"1024\" height=\"576\" src=\"https:\/\/www.firstlapf1.com\/wp-content\/uploads\/2024\/08\/20240818_144838-1024x576.jpg\" alt=\"\" class=\"wp-image-9759\" srcset=\"https:\/\/www.firstlapf1.com\/wp-content\/uploads\/2024\/08\/20240818_144838-1024x576.jpg 1024w, https:\/\/www.firstlapf1.com\/wp-content\/uploads\/2024\/08\/20240818_144838-300x169.jpg 300w, https:\/\/www.firstlapf1.com\/wp-content\/uploads\/2024\/08\/20240818_144838-768x432.jpg 768w, https:\/\/www.firstlapf1.com\/wp-content\/uploads\/2024\/08\/20240818_144838-1536x864.jpg 1536w, https:\/\/www.firstlapf1.com\/wp-content\/uploads\/2024\/08\/20240818_144838-18x10.jpg 18w, https:\/\/www.firstlapf1.com\/wp-content\/uploads\/2024\/08\/20240818_144838-190x107.jpg 190w, https:\/\/www.firstlapf1.com\/wp-content\/uploads\/2024\/08\/20240818_144838.jpg 1920w\" sizes=\"auto, (max-width: 1024px) 100vw, 1024px\" \/><\/figure>","protected":false},"excerpt":{"rendered":"<p>Bagnaia sale l\u00edder tras su victoria en los resultados del GP de Austria, con Jorge Mart\u00edn 2\u00ba, Bastianini 3\u00ba y un M\u00e1rquez a la remontada, 4\u00ba &hellip; <span class=\"more-button\"><a href=\"https:\/\/www.firstlapf1.com\/en\/resultados-gp-austria-bagnaia-firma-el-doblete-y-marc-la-remontada\/\" class=\"more-link\">Continue reading<span class=\"screen-reader-text\">Resultados GP Austria: Bagnaia firma el doblete y Marc la remontada<\/span><\/a><\/span><\/p>","protected":false},"author":65,"featured_media":9761,"comment_status":"closed","ping_status":"open","sticky":false,"template":"","format":"standard","meta":{"_jetpack_memberships_contains_paid_content":false,"footnotes":""},"categories":[113,103,101,124],"tags":[],"class_list":["post-9754","post","type-post","status-publish","format-standard","has-post-thumbnail","hentry","category-circuitos-motogp","category-ducati","category-motogp","category-austria-motogp"],"yoast_head":"<!-- This site is optimized with the Yoast SEO plugin v27.0 - https:\/\/yoast.com\/product\/yoast-seo-wordpress\/ -->\n<title>Resultados GP Austria: Bagnaia firma el doblete y Marc la remontada - Noticias F1 en espa\u00f1ol<\/title>\n<meta name=\"description\" content=\"Bagnaia sale l\u00edder tras su victoria en los resultados del GP de Austria, con Jorge Mart\u00edn 2\u00ba, Bastianini 3\u00ba y un M\u00e1rquez a la remontada, 4\u00ba\" \/>\n<meta name=\"robots\" content=\"index, follow, max-snippet:-1, max-image-preview:large, max-video-preview:-1\" \/>\n<link rel=\"canonical\" href=\"https:\/\/www.firstlapf1.com\/en\/resultados-gp-austria-bagnaia-firma-el-doblete-y-marc-la-remontada\/\" \/>\n<meta property=\"og:locale\" content=\"en_GB\" \/>\n<meta property=\"og:type\" content=\"article\" \/>\n<meta property=\"og:title\" content=\"Resultados GP Austria: Bagnaia firma el doblete y Marc la remontada - Noticias F1 en espa\u00f1ol\" \/>\n<meta property=\"og:description\" content=\"Bagnaia sale l\u00edder tras su victoria en los resultados del GP de Austria, con Jorge Mart\u00edn 2\u00ba, Bastianini 3\u00ba y un M\u00e1rquez a la remontada, 4\u00ba\" \/>\n<meta property=\"og:url\" content=\"https:\/\/www.firstlapf1.com\/en\/resultados-gp-austria-bagnaia-firma-el-doblete-y-marc-la-remontada\/\" \/>\n<meta property=\"og:site_name\" content=\"Noticias F1 en espa\u00f1ol\" \/>\n<meta property=\"article:published_time\" content=\"2024-08-18T15:06:47+00:00\" \/>\n<meta property=\"article:modified_time\" content=\"2024-08-18T15:06:50+00:00\" \/>\n<meta property=\"og:image\" content=\"https:\/\/www.firstlapf1.com\/wp-content\/uploads\/2024\/08\/20240818_144805.jpg\" \/>\n\t<meta property=\"og:image:width\" content=\"1080\" \/>\n\t<meta property=\"og:image:height\" content=\"1350\" \/>\n\t<meta property=\"og:image:type\" content=\"image\/jpeg\" \/>\n<meta name=\"author\" content=\"Guillermo Ranca\u00f1o\" \/>\n<meta name=\"twitter:card\" content=\"summary_large_image\" \/>\n<meta name=\"twitter:label1\" content=\"Written by\" \/>\n\t<meta name=\"twitter:data1\" content=\"Guillermo Ranca\u00f1o\" \/>\n\t<meta name=\"twitter:label2\" content=\"Estimated reading time\" \/>\n\t<meta name=\"twitter:data2\" content=\"3 minutes\" \/>\n<script type=\"application\/ld+json\" class=\"yoast-schema-graph\">{\"@context\":\"https:\/\/schema.org\",\"@graph\":[{\"@type\":\"Article\",\"@id\":\"https:\/\/www.firstlapf1.com\/resultados-gp-austria-bagnaia-firma-el-doblete-y-marc-la-remontada\/#article\",\"isPartOf\":{\"@id\":\"https:\/\/www.firstlapf1.com\/resultados-gp-austria-bagnaia-firma-el-doblete-y-marc-la-remontada\/\"},\"author\":{\"name\":\"Guillermo Ranca\u00f1o\",\"@id\":\"https:\/\/www.firstlapf1.com\/#\/schema\/person\/7233531609d67300020144b9e921c6ac\"},\"headline\":\"Resultados GP Austria: Bagnaia firma el doblete y Marc la remontada\",\"datePublished\":\"2024-08-18T15:06:47+00:00\",\"dateModified\":\"2024-08-18T15:06:50+00:00\",\"mainEntityOfPage\":{\"@id\":\"https:\/\/www.firstlapf1.com\/resultados-gp-austria-bagnaia-firma-el-doblete-y-marc-la-remontada\/\"},\"wordCount\":544,\"image\":{\"@id\":\"https:\/\/www.firstlapf1.com\/resultados-gp-austria-bagnaia-firma-el-doblete-y-marc-la-remontada\/#primaryimage\"},\"thumbnailUrl\":\"https:\/\/www.firstlapf1.com\/wp-content\/uploads\/2024\/08\/20240818_144805.jpg\",\"articleSection\":[\"Circuitos MotoGP\",\"Ducati Lenovo Team\",\"Escuder\u00edas MotoGP\",\"GP Austria (Red Bull Ring, MGP)\"],\"inLanguage\":\"en-GB\"},{\"@type\":\"WebPage\",\"@id\":\"https:\/\/www.firstlapf1.com\/resultados-gp-austria-bagnaia-firma-el-doblete-y-marc-la-remontada\/\",\"url\":\"https:\/\/www.firstlapf1.com\/resultados-gp-austria-bagnaia-firma-el-doblete-y-marc-la-remontada\/\",\"name\":\"Resultados GP Austria: Bagnaia firma el doblete y Marc la remontada - Noticias F1 en espa\u00f1ol\",\"isPartOf\":{\"@id\":\"https:\/\/www.firstlapf1.com\/#website\"},\"primaryImageOfPage\":{\"@id\":\"https:\/\/www.firstlapf1.com\/resultados-gp-austria-bagnaia-firma-el-doblete-y-marc-la-remontada\/#primaryimage\"},\"image\":{\"@id\":\"https:\/\/www.firstlapf1.com\/resultados-gp-austria-bagnaia-firma-el-doblete-y-marc-la-remontada\/#primaryimage\"},\"thumbnailUrl\":\"https:\/\/www.firstlapf1.com\/wp-content\/uploads\/2024\/08\/20240818_144805.jpg\",\"datePublished\":\"2024-08-18T15:06:47+00:00\",\"dateModified\":\"2024-08-18T15:06:50+00:00\",\"author\":{\"@id\":\"https:\/\/www.firstlapf1.com\/#\/schema\/person\/7233531609d67300020144b9e921c6ac\"},\"description\":\"Bagnaia sale l\u00edder tras su victoria en los resultados del GP de Austria, con Jorge Mart\u00edn 2\u00ba, Bastianini 3\u00ba y un M\u00e1rquez a la remontada, 4\u00ba\",\"inLanguage\":\"en-GB\",\"potentialAction\":[{\"@type\":\"ReadAction\",\"target\":[\"https:\/\/www.firstlapf1.com\/resultados-gp-austria-bagnaia-firma-el-doblete-y-marc-la-remontada\/\"]}]},{\"@type\":\"ImageObject\",\"inLanguage\":\"en-GB\",\"@id\":\"https:\/\/www.firstlapf1.com\/resultados-gp-austria-bagnaia-firma-el-doblete-y-marc-la-remontada\/#primaryimage\",\"url\":\"https:\/\/www.firstlapf1.com\/wp-content\/uploads\/2024\/08\/20240818_144805.jpg\",\"contentUrl\":\"https:\/\/www.firstlapf1.com\/wp-content\/uploads\/2024\/08\/20240818_144805.jpg\",\"width\":1080,\"height\":1350},{\"@type\":\"WebSite\",\"@id\":\"https:\/\/www.firstlapf1.com\/#website\",\"url\":\"https:\/\/www.firstlapf1.com\/\",\"name\":\"Noticias F1 en espa\u00f1ol\",\"description\":\"Noticias F1 en espa\u00f1ol\",\"potentialAction\":[{\"@type\":\"SearchAction\",\"target\":{\"@type\":\"EntryPoint\",\"urlTemplate\":\"https:\/\/www.firstlapf1.com\/?s={search_term_string}\"},\"query-input\":{\"@type\":\"PropertyValueSpecification\",\"valueRequired\":true,\"valueName\":\"search_term_string\"}}],\"inLanguage\":\"en-GB\"},{\"@type\":\"Person\",\"@id\":\"https:\/\/www.firstlapf1.com\/#\/schema\/person\/7233531609d67300020144b9e921c6ac\",\"name\":\"Guillermo Ranca\u00f1o\",\"image\":{\"@type\":\"ImageObject\",\"inLanguage\":\"en-GB\",\"@id\":\"https:\/\/www.firstlapf1.com\/#\/schema\/person\/image\/\",\"url\":\"https:\/\/secure.gravatar.com\/avatar\/2a7438488efcb780ff7ce7025206384a92dffc08f89b94ae433dbbc16c290d9d?s=96&d=mm&r=g\",\"contentUrl\":\"https:\/\/secure.gravatar.com\/avatar\/2a7438488efcb780ff7ce7025206384a92dffc08f89b94ae433dbbc16c290d9d?s=96&d=mm&r=g\",\"caption\":\"Guillermo Ranca\u00f1o\"},\"sameAs\":[\"http:\/\/www.firstlapf1.com\/\"],\"url\":\"https:\/\/www.firstlapf1.com\/en\/author\/gilran\/\"}]}<\/script>\n<!-- \/ Yoast SEO plugin. -->","yoast_head_json":{"title":"Resultados GP Austria: Bagnaia firma el doblete y Marc la remontada - Noticias F1 en espa\u00f1ol","description":"Bagnaia sale l\u00edder tras su victoria en los resultados del GP de Austria, con Jorge Mart\u00edn 2\u00ba, Bastianini 3\u00ba y un M\u00e1rquez a la remontada, 4\u00ba","robots":{"index":"index","follow":"follow","max-snippet":"max-snippet:-1","max-image-preview":"max-image-preview:large","max-video-preview":"max-video-preview:-1"},"canonical":"https:\/\/www.firstlapf1.com\/en\/resultados-gp-austria-bagnaia-firma-el-doblete-y-marc-la-remontada\/","og_locale":"en_GB","og_type":"article","og_title":"Resultados GP Austria: Bagnaia firma el doblete y Marc la remontada - Noticias F1 en espa\u00f1ol","og_description":"Bagnaia sale l\u00edder tras su victoria en los resultados del GP de Austria, con Jorge Mart\u00edn 2\u00ba, Bastianini 3\u00ba y un M\u00e1rquez a la remontada, 4\u00ba","og_url":"https:\/\/www.firstlapf1.com\/en\/resultados-gp-austria-bagnaia-firma-el-doblete-y-marc-la-remontada\/","og_site_name":"Noticias F1 en espa\u00f1ol","article_published_time":"2024-08-18T15:06:47+00:00","article_modified_time":"2024-08-18T15:06:50+00:00","og_image":[{"width":1080,"height":1350,"url":"https:\/\/www.firstlapf1.com\/wp-content\/uploads\/2024\/08\/20240818_144805.jpg","type":"image\/jpeg"}],"author":"Guillermo Ranca\u00f1o","twitter_card":"summary_large_image","twitter_misc":{"Written by":"Guillermo Ranca\u00f1o","Estimated reading time":"3 minutes"},"schema":{"@context":"https:\/\/schema.org","@graph":[{"@type":"Article","@id":"https:\/\/www.firstlapf1.com\/resultados-gp-austria-bagnaia-firma-el-doblete-y-marc-la-remontada\/#article","isPartOf":{"@id":"https:\/\/www.firstlapf1.com\/resultados-gp-austria-bagnaia-firma-el-doblete-y-marc-la-remontada\/"},"author":{"name":"Guillermo Ranca\u00f1o","@id":"https:\/\/www.firstlapf1.com\/#\/schema\/person\/7233531609d67300020144b9e921c6ac"},"headline":"Resultados GP Austria: Bagnaia firma el doblete y Marc la remontada","datePublished":"2024-08-18T15:06:47+00:00","dateModified":"2024-08-18T15:06:50+00:00","mainEntityOfPage":{"@id":"https:\/\/www.firstlapf1.com\/resultados-gp-austria-bagnaia-firma-el-doblete-y-marc-la-remontada\/"},"wordCount":544,"image":{"@id":"https:\/\/www.firstlapf1.com\/resultados-gp-austria-bagnaia-firma-el-doblete-y-marc-la-remontada\/#primaryimage"},"thumbnailUrl":"https:\/\/www.firstlapf1.com\/wp-content\/uploads\/2024\/08\/20240818_144805.jpg","articleSection":["Circuitos MotoGP","Ducati Lenovo Team","Escuder\u00edas MotoGP","GP Austria (Red Bull Ring, MGP)"],"inLanguage":"en-GB"},{"@type":"WebPage","@id":"https:\/\/www.firstlapf1.com\/resultados-gp-austria-bagnaia-firma-el-doblete-y-marc-la-remontada\/","url":"https:\/\/www.firstlapf1.com\/resultados-gp-austria-bagnaia-firma-el-doblete-y-marc-la-remontada\/","name":"Resultados GP Austria: Bagnaia firma el doblete y Marc la remontada - Noticias F1 en espa\u00f1ol","isPartOf":{"@id":"https:\/\/www.firstlapf1.com\/#website"},"primaryImageOfPage":{"@id":"https:\/\/www.firstlapf1.com\/resultados-gp-austria-bagnaia-firma-el-doblete-y-marc-la-remontada\/#primaryimage"},"image":{"@id":"https:\/\/www.firstlapf1.com\/resultados-gp-austria-bagnaia-firma-el-doblete-y-marc-la-remontada\/#primaryimage"},"thumbnailUrl":"https:\/\/www.firstlapf1.com\/wp-content\/uploads\/2024\/08\/20240818_144805.jpg","datePublished":"2024-08-18T15:06:47+00:00","dateModified":"2024-08-18T15:06:50+00:00","author":{"@id":"https:\/\/www.firstlapf1.com\/#\/schema\/person\/7233531609d67300020144b9e921c6ac"},"description":"Bagnaia sale l\u00edder tras su victoria en los resultados del GP de Austria, con Jorge Mart\u00edn 2\u00ba, Bastianini 3\u00ba y un M\u00e1rquez a la remontada, 4\u00ba","inLanguage":"en-GB","potentialAction":[{"@type":"ReadAction","target":["https:\/\/www.firstlapf1.com\/resultados-gp-austria-bagnaia-firma-el-doblete-y-marc-la-remontada\/"]}]},{"@type":"ImageObject","inLanguage":"en-GB","@id":"https:\/\/www.firstlapf1.com\/resultados-gp-austria-bagnaia-firma-el-doblete-y-marc-la-remontada\/#primaryimage","url":"https:\/\/www.firstlapf1.com\/wp-content\/uploads\/2024\/08\/20240818_144805.jpg","contentUrl":"https:\/\/www.firstlapf1.com\/wp-content\/uploads\/2024\/08\/20240818_144805.jpg","width":1080,"height":1350},{"@type":"WebSite","@id":"https:\/\/www.firstlapf1.com\/#website","url":"https:\/\/www.firstlapf1.com\/","name":"Noticias F1 en espa\u00f1ol","description":"Noticias F1 en espa\u00f1ol","potentialAction":[{"@type":"SearchAction","target":{"@type":"EntryPoint","urlTemplate":"https:\/\/www.firstlapf1.com\/?s={search_term_string}"},"query-input":{"@type":"PropertyValueSpecification","valueRequired":true,"valueName":"search_term_string"}}],"inLanguage":"en-GB"},{"@type":"Person","@id":"https:\/\/www.firstlapf1.com\/#\/schema\/person\/7233531609d67300020144b9e921c6ac","name":"Guillermo Ranca\u00f1o","image":{"@type":"ImageObject","inLanguage":"en-GB","@id":"https:\/\/www.firstlapf1.com\/#\/schema\/person\/image\/","url":"https:\/\/secure.gravatar.com\/avatar\/2a7438488efcb780ff7ce7025206384a92dffc08f89b94ae433dbbc16c290d9d?s=96&d=mm&r=g","contentUrl":"https:\/\/secure.gravatar.com\/avatar\/2a7438488efcb780ff7ce7025206384a92dffc08f89b94ae433dbbc16c290d9d?s=96&d=mm&r=g","caption":"Guillermo Ranca\u00f1o"},"sameAs":["http:\/\/www.firstlapf1.com\/"],"url":"https:\/\/www.firstlapf1.com\/en\/author\/gilran\/"}]}},"jetpack_featured_media_url":"https:\/\/www.firstlapf1.com\/wp-content\/uploads\/2024\/08\/20240818_144805.jpg","jetpack_sharing_enabled":true,"_links":{"self":[{"href":"https:\/\/www.firstlapf1.com\/en\/wp-json\/wp\/v2\/posts\/9754","targetHints":{"allow":["GET"]}}],"collection":[{"href":"https:\/\/www.firstlapf1.com\/en\/wp-json\/wp\/v2\/posts"}],"about":[{"href":"https:\/\/www.firstlapf1.com\/en\/wp-json\/wp\/v2\/types\/post"}],"author":[{"embeddable":true,"href":"https:\/\/www.firstlapf1.com\/en\/wp-json\/wp\/v2\/users\/65"}],"replies":[{"embeddable":true,"href":"https:\/\/www.firstlapf1.com\/en\/wp-json\/wp\/v2\/comments?post=9754"}],"version-history":[{"count":4,"href":"https:\/\/www.firstlapf1.com\/en\/wp-json\/wp\/v2\/posts\/9754\/revisions"}],"predecessor-version":[{"id":9762,"href":"https:\/\/www.firstlapf1.com\/en\/wp-json\/wp\/v2\/posts\/9754\/revisions\/9762"}],"wp:featuredmedia":[{"embeddable":true,"href":"https:\/\/www.firstlapf1.com\/en\/wp-json\/wp\/v2\/media\/9761"}],"wp:attachment":[{"href":"https:\/\/www.firstlapf1.com\/en\/wp-json\/wp\/v2\/media?parent=9754"}],"wp:term":[{"taxonomy":"category","embeddable":true,"href":"https:\/\/www.firstlapf1.com\/en\/wp-json\/wp\/v2\/categories?post=9754"},{"taxonomy":"post_tag","embeddable":true,"href":"https:\/\/www.firstlapf1.com\/en\/wp-json\/wp\/v2\/tags?post=9754"}],"curies":[{"name":"wp","href":"https:\/\/api.w.org\/{rel}","templated":true}]}}