{"id":9434,"date":"2024-07-23T15:06:43","date_gmt":"2024-07-23T15:06:43","guid":{"rendered":"https:\/\/www.firstlapf1.com\/?p=9434"},"modified":"2024-07-23T15:06:46","modified_gmt":"2024-07-23T15:06:46","slug":"oficial-mattia-binotto-ficha-por-audi-como-lider-del-proyecto","status":"publish","type":"post","link":"https:\/\/www.firstlapf1.com\/en\/oficial-mattia-binotto-ficha-por-audi-como-lider-del-proyecto\/","title":{"rendered":"OFICIAL: Mattia Binotto ficha por Audi como l\u00edder del proyecto"},"content":{"rendered":"<h2 class=\"wp-block-heading\">Despu\u00e9s de su salida de Ferrari en 2023 y de varios rumores, Binotto se incorpora a Audi, comenzando a trabajar desde el 1 de agosto de 2024<\/h2>\n\n\n\n<p>Audi (actualmente <a href=\"https:\/\/www.firstlapf1.com\/en\/category\/sauber\/\" target=\"_blank\" rel=\"noreferrer noopener\">Stake Sauber<\/a>) anuncia oficialmente la vinculaci\u00f3n del ex tifosi Mattia Binotto, que se pondr\u00e1 en marcha desde el 1 de agosto de 2024. Este fichaje supondr\u00e1 la marcha del proyecto de Andreas Seidl y Oliver Hoffmann, quienes fuesen CEO del equipo y ejecutivo de Audi. A sus 54 a\u00f1os, Binotto desempe\u00f1ar\u00e1 el cargo de director t\u00e9cnico y de operaciones.<\/p>\n\n\n\n<p>Tras anunciarse en 2022 la entrada de <a href=\"https:\/\/www.formula1.com\/\" target=\"_blank\" rel=\"noreferrer noopener\">Audi<\/a>, los alemanes han estado apostando muy fuerte por este nuevo proyecto, y este fichaje es una prueba m\u00e1s de ello. Ya tienen a Binotto y a H\u00fclkenberg. \u00bfQui\u00e9n ser\u00e1 el siguiente?<\/p>\n\n\n\n<h2 class=\"wp-block-heading has-normal-font-size\">Declaraciones<\/h2>\n\n\n\n<p>Gernot Dollner, CEO de Audi dijo: <strong>\u00abEstoy encantado de que hayamos podido reclutar a Mattia Binotto para nuestro ambicioso proyecto de F\u00f3rmula 1. Con su amplia experiencia de m\u00e1s de 25 a\u00f1os en la F\u00f3rmula 1, sin duda podr\u00e1 hacer una contribuci\u00f3n decisiva para Audi\u00bb<\/strong>.<\/p>\n\n\n\n<p>Agreg\u00f3 tambi\u00e9n que: <strong>\u00abNuestro objetivo es llevar todo el proyecto de F\u00f3rmula 1 a la velocidad de la F1 mediante estructuras de gesti\u00f3n claras, responsabilidades definidas, interfaces reducidas y procesos de toma de decisiones eficientes. Para ello, el equipo debe ser capaz de actuar de forma independiente y r\u00e1pida. Me gustar\u00eda agradecer a Oliver y Andreas por su importante trabajo para establecer nuestra entrada en la F\u00f3rmula 1 y su compromiso en la preparaci\u00f3n\u00bb<\/strong>.<\/p>\n\n\n\n<p>Antes de enfundarse los colores de la marca de los 4 aros, Mattia deber\u00e1 preparar un 2025 clave para Stake, y poder salir de las posiciones m\u00e1s bajas. El objetivo de Audi es coronar la F1 lo antes posible, por lo que disponer una buena base desde 2025, ser\u00eda esencial para cumplir con las exigencias del gigante alem\u00e1n.<\/p>\n\n\n\n<figure class=\"wp-block-image size-full\"><img loading=\"lazy\" decoding=\"async\" width=\"984\" height=\"530\" src=\"https:\/\/www.firstlapf1.com\/wp-content\/uploads\/2024\/07\/IMG_20240723_170431.jpg\" alt=\"\" class=\"wp-image-9440\" srcset=\"https:\/\/www.firstlapf1.com\/wp-content\/uploads\/2024\/07\/IMG_20240723_170431.jpg 984w, https:\/\/www.firstlapf1.com\/wp-content\/uploads\/2024\/07\/IMG_20240723_170431-300x162.jpg 300w, https:\/\/www.firstlapf1.com\/wp-content\/uploads\/2024\/07\/IMG_20240723_170431-768x414.jpg 768w, https:\/\/www.firstlapf1.com\/wp-content\/uploads\/2024\/07\/IMG_20240723_170431-18x10.jpg 18w\" sizes=\"auto, (max-width: 984px) 100vw, 984px\" \/><\/figure>","protected":false},"excerpt":{"rendered":"<p>Despu\u00e9s de su salida de Ferrari en 2023 y de varios rumores, Binotto se incorpora a Audi, comenzando a trabajar desde el 1 de agosto de 2024 &hellip; <span class=\"more-button\"><a href=\"https:\/\/www.firstlapf1.com\/en\/oficial-mattia-binotto-ficha-por-audi-como-lider-del-proyecto\/\" class=\"more-link\">Continue reading<span class=\"screen-reader-text\">OFICIAL: Mattia Binotto ficha por Audi como l\u00edder del proyecto<\/span><\/a><\/span><\/p>","protected":false},"author":42,"featured_media":9441,"comment_status":"closed","ping_status":"open","sticky":false,"template":"","format":"standard","meta":{"_jetpack_memberships_contains_paid_content":false,"footnotes":""},"categories":[2],"tags":[],"class_list":["post-9434","post","type-post","status-publish","format-standard","has-post-thumbnail","hentry","category-audi"],"yoast_head":"<!-- This site is optimized with the Yoast SEO plugin v27.0 - https:\/\/yoast.com\/product\/yoast-seo-wordpress\/ -->\n<title>OFICIAL: Mattia Binotto ficha por Audi como l\u00edder del proyecto - Noticias F1 en espa\u00f1ol<\/title>\n<meta name=\"description\" content=\"Despu\u00e9s de su salida de Ferrari en 2023 y de varios rumores, Binotto se incorpora a Audi, comenzando a trabajar desde el 1 de agosto de 2024\" \/>\n<meta name=\"robots\" content=\"index, follow, max-snippet:-1, max-image-preview:large, max-video-preview:-1\" \/>\n<link rel=\"canonical\" href=\"https:\/\/www.firstlapf1.com\/en\/oficial-mattia-binotto-ficha-por-audi-como-lider-del-proyecto\/\" \/>\n<meta property=\"og:locale\" content=\"en_GB\" \/>\n<meta property=\"og:type\" content=\"article\" \/>\n<meta property=\"og:title\" content=\"OFICIAL: Mattia Binotto ficha por Audi como l\u00edder del proyecto - Noticias F1 en espa\u00f1ol\" \/>\n<meta property=\"og:description\" content=\"Despu\u00e9s de su salida de Ferrari en 2023 y de varios rumores, Binotto se incorpora a Audi, comenzando a trabajar desde el 1 de agosto de 2024\" \/>\n<meta property=\"og:url\" content=\"https:\/\/www.firstlapf1.com\/en\/oficial-mattia-binotto-ficha-por-audi-como-lider-del-proyecto\/\" \/>\n<meta property=\"og:site_name\" content=\"Noticias F1 en espa\u00f1ol\" \/>\n<meta property=\"article:published_time\" content=\"2024-07-23T15:06:43+00:00\" \/>\n<meta property=\"article:modified_time\" content=\"2024-07-23T15:06:46+00:00\" \/>\n<meta property=\"og:image\" content=\"https:\/\/www.firstlapf1.com\/wp-content\/uploads\/2024\/07\/20240723_151021.jpg\" \/>\n\t<meta property=\"og:image:width\" content=\"1638\" \/>\n\t<meta property=\"og:image:height\" content=\"2048\" \/>\n\t<meta property=\"og:image:type\" content=\"image\/jpeg\" \/>\n<meta name=\"author\" content=\"C\u00e9sar L\u00f3pez\" \/>\n<meta name=\"twitter:card\" content=\"summary_large_image\" \/>\n<meta name=\"twitter:label1\" content=\"Written by\" \/>\n\t<meta name=\"twitter:data1\" content=\"C\u00e9sar L\u00f3pez\" \/>\n\t<meta name=\"twitter:label2\" content=\"Estimated reading time\" \/>\n\t<meta name=\"twitter:data2\" content=\"2 minutes\" \/>\n<script type=\"application\/ld+json\" class=\"yoast-schema-graph\">{\"@context\":\"https:\/\/schema.org\",\"@graph\":[{\"@type\":\"Article\",\"@id\":\"https:\/\/www.firstlapf1.com\/oficial-mattia-binotto-ficha-por-audi-como-lider-del-proyecto\/#article\",\"isPartOf\":{\"@id\":\"https:\/\/www.firstlapf1.com\/oficial-mattia-binotto-ficha-por-audi-como-lider-del-proyecto\/\"},\"author\":{\"name\":\"C\u00e9sar L\u00f3pez\",\"@id\":\"https:\/\/www.firstlapf1.com\/#\/schema\/person\/eeb9aab43fc76cf781e0033e511cce1e\"},\"headline\":\"OFICIAL: Mattia Binotto ficha por Audi como l\u00edder del proyecto\",\"datePublished\":\"2024-07-23T15:06:43+00:00\",\"dateModified\":\"2024-07-23T15:06:46+00:00\",\"mainEntityOfPage\":{\"@id\":\"https:\/\/www.firstlapf1.com\/oficial-mattia-binotto-ficha-por-audi-como-lider-del-proyecto\/\"},\"wordCount\":324,\"image\":{\"@id\":\"https:\/\/www.firstlapf1.com\/oficial-mattia-binotto-ficha-por-audi-como-lider-del-proyecto\/#primaryimage\"},\"thumbnailUrl\":\"https:\/\/www.firstlapf1.com\/wp-content\/uploads\/2024\/07\/20240723_151021.jpg\",\"articleSection\":[\"Audi Revolut F1 Team\"],\"inLanguage\":\"en-GB\"},{\"@type\":\"WebPage\",\"@id\":\"https:\/\/www.firstlapf1.com\/oficial-mattia-binotto-ficha-por-audi-como-lider-del-proyecto\/\",\"url\":\"https:\/\/www.firstlapf1.com\/oficial-mattia-binotto-ficha-por-audi-como-lider-del-proyecto\/\",\"name\":\"OFICIAL: Mattia Binotto ficha por Audi como l\u00edder del proyecto - Noticias F1 en espa\u00f1ol\",\"isPartOf\":{\"@id\":\"https:\/\/www.firstlapf1.com\/#website\"},\"primaryImageOfPage\":{\"@id\":\"https:\/\/www.firstlapf1.com\/oficial-mattia-binotto-ficha-por-audi-como-lider-del-proyecto\/#primaryimage\"},\"image\":{\"@id\":\"https:\/\/www.firstlapf1.com\/oficial-mattia-binotto-ficha-por-audi-como-lider-del-proyecto\/#primaryimage\"},\"thumbnailUrl\":\"https:\/\/www.firstlapf1.com\/wp-content\/uploads\/2024\/07\/20240723_151021.jpg\",\"datePublished\":\"2024-07-23T15:06:43+00:00\",\"dateModified\":\"2024-07-23T15:06:46+00:00\",\"author\":{\"@id\":\"https:\/\/www.firstlapf1.com\/#\/schema\/person\/eeb9aab43fc76cf781e0033e511cce1e\"},\"description\":\"Despu\u00e9s de su salida de Ferrari en 2023 y de varios rumores, Binotto se incorpora a Audi, comenzando a trabajar desde el 1 de agosto de 2024\",\"inLanguage\":\"en-GB\",\"potentialAction\":[{\"@type\":\"ReadAction\",\"target\":[\"https:\/\/www.firstlapf1.com\/oficial-mattia-binotto-ficha-por-audi-como-lider-del-proyecto\/\"]}]},{\"@type\":\"ImageObject\",\"inLanguage\":\"en-GB\",\"@id\":\"https:\/\/www.firstlapf1.com\/oficial-mattia-binotto-ficha-por-audi-como-lider-del-proyecto\/#primaryimage\",\"url\":\"https:\/\/www.firstlapf1.com\/wp-content\/uploads\/2024\/07\/20240723_151021.jpg\",\"contentUrl\":\"https:\/\/www.firstlapf1.com\/wp-content\/uploads\/2024\/07\/20240723_151021.jpg\",\"width\":1638,\"height\":2048},{\"@type\":\"WebSite\",\"@id\":\"https:\/\/www.firstlapf1.com\/#website\",\"url\":\"https:\/\/www.firstlapf1.com\/\",\"name\":\"Noticias F1 en espa\u00f1ol\",\"description\":\"Noticias F1 en espa\u00f1ol\",\"potentialAction\":[{\"@type\":\"SearchAction\",\"target\":{\"@type\":\"EntryPoint\",\"urlTemplate\":\"https:\/\/www.firstlapf1.com\/?s={search_term_string}\"},\"query-input\":{\"@type\":\"PropertyValueSpecification\",\"valueRequired\":true,\"valueName\":\"search_term_string\"}}],\"inLanguage\":\"en-GB\"},{\"@type\":\"Person\",\"@id\":\"https:\/\/www.firstlapf1.com\/#\/schema\/person\/eeb9aab43fc76cf781e0033e511cce1e\",\"name\":\"C\u00e9sar L\u00f3pez\",\"image\":{\"@type\":\"ImageObject\",\"inLanguage\":\"en-GB\",\"@id\":\"https:\/\/www.firstlapf1.com\/#\/schema\/person\/image\/\",\"url\":\"https:\/\/secure.gravatar.com\/avatar\/60cc29ae45b828887c2be3afc5bcfec0794c85b31daa8d44e4fe46c296c0873d?s=96&d=mm&r=g\",\"contentUrl\":\"https:\/\/secure.gravatar.com\/avatar\/60cc29ae45b828887c2be3afc5bcfec0794c85b31daa8d44e4fe46c296c0873d?s=96&d=mm&r=g\",\"caption\":\"C\u00e9sar L\u00f3pez\"},\"sameAs\":[\"http:\/\/www.firstlapf1.com\/\"],\"url\":\"https:\/\/www.firstlapf1.com\/en\/author\/ceslop\/\"}]}<\/script>\n<!-- \/ Yoast SEO plugin. -->","yoast_head_json":{"title":"OFICIAL: Mattia Binotto ficha por Audi como l\u00edder del proyecto - Noticias F1 en espa\u00f1ol","description":"Despu\u00e9s de su salida de Ferrari en 2023 y de varios rumores, Binotto se incorpora a Audi, comenzando a trabajar desde el 1 de agosto de 2024","robots":{"index":"index","follow":"follow","max-snippet":"max-snippet:-1","max-image-preview":"max-image-preview:large","max-video-preview":"max-video-preview:-1"},"canonical":"https:\/\/www.firstlapf1.com\/en\/oficial-mattia-binotto-ficha-por-audi-como-lider-del-proyecto\/","og_locale":"en_GB","og_type":"article","og_title":"OFICIAL: Mattia Binotto ficha por Audi como l\u00edder del proyecto - Noticias F1 en espa\u00f1ol","og_description":"Despu\u00e9s de su salida de Ferrari en 2023 y de varios rumores, Binotto se incorpora a Audi, comenzando a trabajar desde el 1 de agosto de 2024","og_url":"https:\/\/www.firstlapf1.com\/en\/oficial-mattia-binotto-ficha-por-audi-como-lider-del-proyecto\/","og_site_name":"Noticias F1 en espa\u00f1ol","article_published_time":"2024-07-23T15:06:43+00:00","article_modified_time":"2024-07-23T15:06:46+00:00","og_image":[{"width":1638,"height":2048,"url":"https:\/\/www.firstlapf1.com\/wp-content\/uploads\/2024\/07\/20240723_151021.jpg","type":"image\/jpeg"}],"author":"C\u00e9sar L\u00f3pez","twitter_card":"summary_large_image","twitter_misc":{"Written by":"C\u00e9sar L\u00f3pez","Estimated reading time":"2 minutes"},"schema":{"@context":"https:\/\/schema.org","@graph":[{"@type":"Article","@id":"https:\/\/www.firstlapf1.com\/oficial-mattia-binotto-ficha-por-audi-como-lider-del-proyecto\/#article","isPartOf":{"@id":"https:\/\/www.firstlapf1.com\/oficial-mattia-binotto-ficha-por-audi-como-lider-del-proyecto\/"},"author":{"name":"C\u00e9sar L\u00f3pez","@id":"https:\/\/www.firstlapf1.com\/#\/schema\/person\/eeb9aab43fc76cf781e0033e511cce1e"},"headline":"OFICIAL: Mattia Binotto ficha por Audi como l\u00edder del proyecto","datePublished":"2024-07-23T15:06:43+00:00","dateModified":"2024-07-23T15:06:46+00:00","mainEntityOfPage":{"@id":"https:\/\/www.firstlapf1.com\/oficial-mattia-binotto-ficha-por-audi-como-lider-del-proyecto\/"},"wordCount":324,"image":{"@id":"https:\/\/www.firstlapf1.com\/oficial-mattia-binotto-ficha-por-audi-como-lider-del-proyecto\/#primaryimage"},"thumbnailUrl":"https:\/\/www.firstlapf1.com\/wp-content\/uploads\/2024\/07\/20240723_151021.jpg","articleSection":["Audi Revolut F1 Team"],"inLanguage":"en-GB"},{"@type":"WebPage","@id":"https:\/\/www.firstlapf1.com\/oficial-mattia-binotto-ficha-por-audi-como-lider-del-proyecto\/","url":"https:\/\/www.firstlapf1.com\/oficial-mattia-binotto-ficha-por-audi-como-lider-del-proyecto\/","name":"OFICIAL: Mattia Binotto ficha por Audi como l\u00edder del proyecto - Noticias F1 en espa\u00f1ol","isPartOf":{"@id":"https:\/\/www.firstlapf1.com\/#website"},"primaryImageOfPage":{"@id":"https:\/\/www.firstlapf1.com\/oficial-mattia-binotto-ficha-por-audi-como-lider-del-proyecto\/#primaryimage"},"image":{"@id":"https:\/\/www.firstlapf1.com\/oficial-mattia-binotto-ficha-por-audi-como-lider-del-proyecto\/#primaryimage"},"thumbnailUrl":"https:\/\/www.firstlapf1.com\/wp-content\/uploads\/2024\/07\/20240723_151021.jpg","datePublished":"2024-07-23T15:06:43+00:00","dateModified":"2024-07-23T15:06:46+00:00","author":{"@id":"https:\/\/www.firstlapf1.com\/#\/schema\/person\/eeb9aab43fc76cf781e0033e511cce1e"},"description":"Despu\u00e9s de su salida de Ferrari en 2023 y de varios rumores, Binotto se incorpora a Audi, comenzando a trabajar desde el 1 de agosto de 2024","inLanguage":"en-GB","potentialAction":[{"@type":"ReadAction","target":["https:\/\/www.firstlapf1.com\/oficial-mattia-binotto-ficha-por-audi-como-lider-del-proyecto\/"]}]},{"@type":"ImageObject","inLanguage":"en-GB","@id":"https:\/\/www.firstlapf1.com\/oficial-mattia-binotto-ficha-por-audi-como-lider-del-proyecto\/#primaryimage","url":"https:\/\/www.firstlapf1.com\/wp-content\/uploads\/2024\/07\/20240723_151021.jpg","contentUrl":"https:\/\/www.firstlapf1.com\/wp-content\/uploads\/2024\/07\/20240723_151021.jpg","width":1638,"height":2048},{"@type":"WebSite","@id":"https:\/\/www.firstlapf1.com\/#website","url":"https:\/\/www.firstlapf1.com\/","name":"Noticias F1 en espa\u00f1ol","description":"Noticias F1 en espa\u00f1ol","potentialAction":[{"@type":"SearchAction","target":{"@type":"EntryPoint","urlTemplate":"https:\/\/www.firstlapf1.com\/?s={search_term_string}"},"query-input":{"@type":"PropertyValueSpecification","valueRequired":true,"valueName":"search_term_string"}}],"inLanguage":"en-GB"},{"@type":"Person","@id":"https:\/\/www.firstlapf1.com\/#\/schema\/person\/eeb9aab43fc76cf781e0033e511cce1e","name":"C\u00e9sar L\u00f3pez","image":{"@type":"ImageObject","inLanguage":"en-GB","@id":"https:\/\/www.firstlapf1.com\/#\/schema\/person\/image\/","url":"https:\/\/secure.gravatar.com\/avatar\/60cc29ae45b828887c2be3afc5bcfec0794c85b31daa8d44e4fe46c296c0873d?s=96&d=mm&r=g","contentUrl":"https:\/\/secure.gravatar.com\/avatar\/60cc29ae45b828887c2be3afc5bcfec0794c85b31daa8d44e4fe46c296c0873d?s=96&d=mm&r=g","caption":"C\u00e9sar L\u00f3pez"},"sameAs":["http:\/\/www.firstlapf1.com\/"],"url":"https:\/\/www.firstlapf1.com\/en\/author\/ceslop\/"}]}},"jetpack_featured_media_url":"https:\/\/www.firstlapf1.com\/wp-content\/uploads\/2024\/07\/20240723_151021.jpg","jetpack_sharing_enabled":true,"_links":{"self":[{"href":"https:\/\/www.firstlapf1.com\/en\/wp-json\/wp\/v2\/posts\/9434","targetHints":{"allow":["GET"]}}],"collection":[{"href":"https:\/\/www.firstlapf1.com\/en\/wp-json\/wp\/v2\/posts"}],"about":[{"href":"https:\/\/www.firstlapf1.com\/en\/wp-json\/wp\/v2\/types\/post"}],"author":[{"embeddable":true,"href":"https:\/\/www.firstlapf1.com\/en\/wp-json\/wp\/v2\/users\/42"}],"replies":[{"embeddable":true,"href":"https:\/\/www.firstlapf1.com\/en\/wp-json\/wp\/v2\/comments?post=9434"}],"version-history":[{"count":3,"href":"https:\/\/www.firstlapf1.com\/en\/wp-json\/wp\/v2\/posts\/9434\/revisions"}],"predecessor-version":[{"id":9442,"href":"https:\/\/www.firstlapf1.com\/en\/wp-json\/wp\/v2\/posts\/9434\/revisions\/9442"}],"wp:featuredmedia":[{"embeddable":true,"href":"https:\/\/www.firstlapf1.com\/en\/wp-json\/wp\/v2\/media\/9441"}],"wp:attachment":[{"href":"https:\/\/www.firstlapf1.com\/en\/wp-json\/wp\/v2\/media?parent=9434"}],"wp:term":[{"taxonomy":"category","embeddable":true,"href":"https:\/\/www.firstlapf1.com\/en\/wp-json\/wp\/v2\/categories?post=9434"},{"taxonomy":"post_tag","embeddable":true,"href":"https:\/\/www.firstlapf1.com\/en\/wp-json\/wp\/v2\/tags?post=9434"}],"curies":[{"name":"wp","href":"https:\/\/api.w.org\/{rel}","templated":true}]}}