{"id":9190,"date":"2024-07-06T10:08:02","date_gmt":"2024-07-06T10:08:02","guid":{"rendered":"https:\/\/www.firstlapf1.com\/?p=9190"},"modified":"2024-07-06T10:08:06","modified_gmt":"2024-07-06T10:08:06","slug":"resultados-clasificacion-motogp-martin-vuela-en-sachsenring-junto-a-las-aprilia","status":"publish","type":"post","link":"https:\/\/www.firstlapf1.com\/en\/resultados-clasificacion-motogp-martin-vuela-en-sachsenring-junto-a-las-aprilia\/","title":{"rendered":"Resultados Clasificaci\u00f3n MotoGP: Mart\u00edn vuela en Sachsenring junto a las Aprilia"},"content":{"rendered":"<h2 class=\"wp-block-heading\">Pole de Jorge Mart\u00edn en los resultados de la clasificaci\u00f3n de MotoGP, con Oliveira y R\u00e1ul Fern\u00e1ndez por detr\u00e1s<\/h2>\n\n\n\n<p>La sesi\u00f3n de clasificaci\u00f3n comenzaba en <a href=\"https:\/\/www.motogp.com\/es\" target=\"_blank\" rel=\"noreferrer noopener\">Sachsenring<\/a> con pilotos como Marc M\u00e1rquez, Miller y Marco Bezzecchi con la idea y la necesidad de pasar a la Q2 pasando por la primera ronda.<\/p>\n\n\n\n<p><strong>Q1<\/strong><\/p>\n\n\n\n<p>Marc M\u00e1quez fue el primero en salir, por lo que todos le siguieron la rueda en la primera vuelta, pasaron la l\u00ednea de meta a la vez y fue Ra\u00fal Fern\u00e1ndez el que marc\u00f3 el mejor tiempo, con un tiempo de 1.20.1 seguido de M\u00e1rquez. Los dos pilotos espa\u00f1oles ocupaban las 2 posiciones de entrada a Q2 aunque con unos tiempos muy apretados y seguidos de cerca por Augusto Fern\u00e1ndez y Bezzecchi.<\/p>\n\n\n\n<p>Despu\u00e9s de cambiar neum\u00e1ticos en los boxes, todos los pilotos volvieron a pista para tratar de mejorar sus tiempos. Incluso antes de empezar su vuelta, a Miller se la sal\u00eda una pieza de la moto que adem\u00e1s casi impacta con Marc M\u00e1rquez. Fabio Quartararo se coloc\u00f3 3\u00b0 mientras que Marc no termin\u00f3 la vuelta y decidi\u00f3 volver a box para cambiar su moto. Ra\u00fal Fern\u00e1ndez marc\u00f3 un 1.19.678 asegur\u00e1ndose de esta forma el pase a Q2 y Bezzechi lograba superar a M\u00e1rquez por poco m\u00e1s de 1 d\u00e9cima tras la vuelta que el espa\u00f1ol no pudo completar.  <\/p>\n\n\n\n<p>Marc no pudo completar tampoco su \u00faltima vuelta ya que Bradl se cruz\u00f3 en el medio de la curva 2, por lo que el alem\u00e1n fue investigado. Nada m\u00e1s se movi\u00f3 en la lucha por el pase y los afortunados fueron Ra\u00fal Fern\u00e1ndez y Bezzecchi. Marc M\u00e1quez acab\u00f3 con la 13\u00b0 posici\u00f3n para la carrera, seguido de Fabio Quartararo y Augusto Fern\u00e1ndez.<\/p>\n\n\n\n<figure class=\"wp-block-image size-full\"><img loading=\"lazy\" decoding=\"async\" width=\"675\" height=\"900\" src=\"https:\/\/www.firstlapf1.com\/wp-content\/uploads\/2024\/07\/GRy3BbmXIAAExXb.jpeg\" alt=\"\" class=\"wp-image-9196\" srcset=\"https:\/\/www.firstlapf1.com\/wp-content\/uploads\/2024\/07\/GRy3BbmXIAAExXb.jpeg 675w, https:\/\/www.firstlapf1.com\/wp-content\/uploads\/2024\/07\/GRy3BbmXIAAExXb-225x300.jpeg 225w, https:\/\/www.firstlapf1.com\/wp-content\/uploads\/2024\/07\/GRy3BbmXIAAExXb-9x12.jpeg 9w, https:\/\/www.firstlapf1.com\/wp-content\/uploads\/2024\/07\/GRy3BbmXIAAExXb-606x808.jpeg 606w\" sizes=\"auto, (max-width: 675px) 100vw, 675px\" \/><\/figure>\n\n\n\n<h2 class=\"wp-block-heading has-normal-font-size\">Q2<\/h2>\n\n\n\n<p>La Q2 comenz\u00f3 con Bagnaia encabezando el pelot\u00f3n que luchaba por la pole en Alemania. Los espa\u00f1oles, Alex M\u00e1quez y Jorge Mart\u00edn, fueron quienes lideraron los tiempos en el primer intento, quedando por encima de Bagnaia. Sin embargo, Ra\u00fal Fern\u00e1ndez bati\u00f3 ese tiempo con 1.19.6 mientras que la vuelta de Jorge Mart\u00edn fue invalidada por l\u00edmites de pista. Pese a eso, el piloto de Pramac complet\u00f3 la segunda vuelta en 1.19.423 poni\u00e9ndose l\u00edder con un tiempo que se convert\u00eda en el m\u00e1s r\u00e1pido de la historia de Sachsenring. Ning\u00fan piloto mejor\u00f3 m\u00e1s en su siguiente intento por lo que todos entraron a boxes para preparar el segundo ataque.<\/p>\n\n\n\n<p>En el segundo intento, Oliveira logr\u00f3 quedarse a tan solo unas cent\u00e9simas de Mart\u00edn. Cuando todos estaban intentando mejorar, Maverick Vi\u00f1ales se fue al suelo provocando una bandera amarilla que impidi\u00f3 a todos mejorar vueltas en ese intento. A\u00fan as\u00ed varios pilotos tuvieron otra oportunidad, en la cual nadie fue capaz de mejorar, entre otras cosas por otra ca\u00edda de Alex M\u00e1rquez que acab\u00f3 contra las protecciones.<\/p>\n\n\n\n<p>Finalmente, Jorge Mart\u00edn se llev\u00f3 la pole en los resultados de la clasificaci\u00f3n de <a href=\"https:\/\/www.firstlapf1.com\/en\/category\/alemania\/\" target=\"_blank\" rel=\"noreferrer noopener\">MotoGP<\/a>, con Oliveira y Ra\u00fal Fern\u00e1ndez detr\u00e1s. Bagnaia acab\u00f3 4\u00b0delante de Alex M\u00e1rquez, que fue 5\u00b0 pese a su ca\u00edda. El espa\u00f1ol Pedro Acosta finaliz\u00f3 en el 10\u00b0 puesto.<\/p>\n\n\n\n<p>Con esta clasificaci\u00f3n tan accidentada, este ser\u00e1 otro fin de semana en el que las Ducati oficiales tendr\u00e1n que luchar, en la Sprint de las 15:00 y ma\u00f1ana en la carrera, para seguir peleando por el mundial, mientras que su principal rival por el t\u00edtulo, Mart\u00edn, saldr\u00e1 desde la posici\u00f3n m\u00e1s avanzada.<\/p>\n\n\n\n<figure class=\"wp-block-image size-full\"><img loading=\"lazy\" decoding=\"async\" width=\"680\" height=\"425\" src=\"https:\/\/www.firstlapf1.com\/wp-content\/uploads\/2024\/07\/GRy6Lldb0AAamil.jpeg\" alt=\"\" class=\"wp-image-9197\" srcset=\"https:\/\/www.firstlapf1.com\/wp-content\/uploads\/2024\/07\/GRy6Lldb0AAamil.jpeg 680w, https:\/\/www.firstlapf1.com\/wp-content\/uploads\/2024\/07\/GRy6Lldb0AAamil-300x188.jpeg 300w, https:\/\/www.firstlapf1.com\/wp-content\/uploads\/2024\/07\/GRy6Lldb0AAamil-18x12.jpeg 18w\" sizes=\"auto, (max-width: 680px) 100vw, 680px\" \/><\/figure>","protected":false},"excerpt":{"rendered":"<p>Pole de Jorge Mart\u00edn en los resultados de la clasificaci\u00f3n de MotoGP, con Oliveira y R\u00e1ul Fern\u00e1ndez por detr\u00e1s &hellip; <span class=\"more-button\"><a href=\"https:\/\/www.firstlapf1.com\/en\/resultados-clasificacion-motogp-martin-vuela-en-sachsenring-junto-a-las-aprilia\/\" class=\"more-link\">Continue reading<span class=\"screen-reader-text\">Resultados Clasificaci\u00f3n MotoGP: Mart\u00edn vuela en Sachsenring junto a las Aprilia<\/span><\/a><\/span><\/p>","protected":false},"author":65,"featured_media":9198,"comment_status":"closed","ping_status":"open","sticky":false,"template":"","format":"standard","meta":{"_jetpack_memberships_contains_paid_content":false,"footnotes":""},"categories":[113,101,122,102],"tags":[],"class_list":["post-9190","post","type-post","status-publish","format-standard","has-post-thumbnail","hentry","category-circuitos-motogp","category-motogp","category-alemania","category-pramac"],"yoast_head":"<!-- This site is optimized with the Yoast SEO plugin v27.0 - https:\/\/yoast.com\/product\/yoast-seo-wordpress\/ -->\n<title>Resultados Clasificaci\u00f3n MotoGP: Mart\u00edn vuela en Sachsenring junto a las Aprilia - Noticias F1 en espa\u00f1ol<\/title>\n<meta name=\"description\" content=\"Pole de Jorge Mart\u00edn en los resultados de la clasificaci\u00f3n de MotoGP, con Oliveira y R\u00e1ul Fern\u00e1ndez por detr\u00e1s\" \/>\n<meta name=\"robots\" content=\"index, follow, max-snippet:-1, max-image-preview:large, max-video-preview:-1\" \/>\n<link rel=\"canonical\" href=\"https:\/\/www.firstlapf1.com\/en\/resultados-clasificacion-motogp-martin-vuela-en-sachsenring-junto-a-las-aprilia\/\" \/>\n<meta property=\"og:locale\" content=\"en_GB\" \/>\n<meta property=\"og:type\" content=\"article\" \/>\n<meta property=\"og:title\" content=\"Resultados Clasificaci\u00f3n MotoGP: Mart\u00edn vuela en Sachsenring junto a las Aprilia - Noticias F1 en espa\u00f1ol\" \/>\n<meta property=\"og:description\" content=\"Pole de Jorge Mart\u00edn en los resultados de la clasificaci\u00f3n de MotoGP, con Oliveira y R\u00e1ul Fern\u00e1ndez por detr\u00e1s\" \/>\n<meta property=\"og:url\" content=\"https:\/\/www.firstlapf1.com\/en\/resultados-clasificacion-motogp-martin-vuela-en-sachsenring-junto-a-las-aprilia\/\" \/>\n<meta property=\"og:site_name\" content=\"Noticias F1 en espa\u00f1ol\" \/>\n<meta property=\"article:published_time\" content=\"2024-07-06T10:08:02+00:00\" \/>\n<meta property=\"article:modified_time\" content=\"2024-07-06T10:08:06+00:00\" \/>\n<meta property=\"og:image\" content=\"https:\/\/www.firstlapf1.com\/wp-content\/uploads\/2024\/07\/GRy19dlXEAA2kQm.jpeg\" \/>\n\t<meta property=\"og:image:width\" content=\"720\" \/>\n\t<meta property=\"og:image:height\" content=\"900\" \/>\n\t<meta property=\"og:image:type\" content=\"image\/jpeg\" \/>\n<meta name=\"author\" content=\"Guillermo Ranca\u00f1o\" \/>\n<meta name=\"twitter:card\" content=\"summary_large_image\" \/>\n<meta name=\"twitter:label1\" content=\"Written by\" \/>\n\t<meta name=\"twitter:data1\" content=\"Guillermo Ranca\u00f1o\" \/>\n\t<meta name=\"twitter:label2\" content=\"Estimated reading time\" \/>\n\t<meta name=\"twitter:data2\" content=\"4 minutes\" \/>\n<script type=\"application\/ld+json\" class=\"yoast-schema-graph\">{\"@context\":\"https:\/\/schema.org\",\"@graph\":[{\"@type\":\"Article\",\"@id\":\"https:\/\/www.firstlapf1.com\/resultados-clasificacion-motogp-martin-vuela-en-sachsenring-junto-a-las-aprilia\/#article\",\"isPartOf\":{\"@id\":\"https:\/\/www.firstlapf1.com\/resultados-clasificacion-motogp-martin-vuela-en-sachsenring-junto-a-las-aprilia\/\"},\"author\":{\"name\":\"Guillermo Ranca\u00f1o\",\"@id\":\"https:\/\/www.firstlapf1.com\/#\/schema\/person\/7233531609d67300020144b9e921c6ac\"},\"headline\":\"Resultados Clasificaci\u00f3n MotoGP: Mart\u00edn vuela en Sachsenring junto a las Aprilia\",\"datePublished\":\"2024-07-06T10:08:02+00:00\",\"dateModified\":\"2024-07-06T10:08:06+00:00\",\"mainEntityOfPage\":{\"@id\":\"https:\/\/www.firstlapf1.com\/resultados-clasificacion-motogp-martin-vuela-en-sachsenring-junto-a-las-aprilia\/\"},\"wordCount\":625,\"image\":{\"@id\":\"https:\/\/www.firstlapf1.com\/resultados-clasificacion-motogp-martin-vuela-en-sachsenring-junto-a-las-aprilia\/#primaryimage\"},\"thumbnailUrl\":\"https:\/\/www.firstlapf1.com\/wp-content\/uploads\/2024\/07\/GRy19dlXEAA2kQm.jpeg\",\"articleSection\":[\"Circuitos MotoGP\",\"Escuder\u00edas MotoGP\",\"GP Alemania (Sachsenring)\",\"Prima Pramac Yamaha MotoGP\"],\"inLanguage\":\"en-GB\"},{\"@type\":\"WebPage\",\"@id\":\"https:\/\/www.firstlapf1.com\/resultados-clasificacion-motogp-martin-vuela-en-sachsenring-junto-a-las-aprilia\/\",\"url\":\"https:\/\/www.firstlapf1.com\/resultados-clasificacion-motogp-martin-vuela-en-sachsenring-junto-a-las-aprilia\/\",\"name\":\"Resultados Clasificaci\u00f3n MotoGP: Mart\u00edn vuela en Sachsenring junto a las Aprilia - Noticias F1 en espa\u00f1ol\",\"isPartOf\":{\"@id\":\"https:\/\/www.firstlapf1.com\/#website\"},\"primaryImageOfPage\":{\"@id\":\"https:\/\/www.firstlapf1.com\/resultados-clasificacion-motogp-martin-vuela-en-sachsenring-junto-a-las-aprilia\/#primaryimage\"},\"image\":{\"@id\":\"https:\/\/www.firstlapf1.com\/resultados-clasificacion-motogp-martin-vuela-en-sachsenring-junto-a-las-aprilia\/#primaryimage\"},\"thumbnailUrl\":\"https:\/\/www.firstlapf1.com\/wp-content\/uploads\/2024\/07\/GRy19dlXEAA2kQm.jpeg\",\"datePublished\":\"2024-07-06T10:08:02+00:00\",\"dateModified\":\"2024-07-06T10:08:06+00:00\",\"author\":{\"@id\":\"https:\/\/www.firstlapf1.com\/#\/schema\/person\/7233531609d67300020144b9e921c6ac\"},\"description\":\"Pole de Jorge Mart\u00edn en los resultados de la clasificaci\u00f3n de MotoGP, con Oliveira y R\u00e1ul Fern\u00e1ndez por detr\u00e1s\",\"inLanguage\":\"en-GB\",\"potentialAction\":[{\"@type\":\"ReadAction\",\"target\":[\"https:\/\/www.firstlapf1.com\/resultados-clasificacion-motogp-martin-vuela-en-sachsenring-junto-a-las-aprilia\/\"]}]},{\"@type\":\"ImageObject\",\"inLanguage\":\"en-GB\",\"@id\":\"https:\/\/www.firstlapf1.com\/resultados-clasificacion-motogp-martin-vuela-en-sachsenring-junto-a-las-aprilia\/#primaryimage\",\"url\":\"https:\/\/www.firstlapf1.com\/wp-content\/uploads\/2024\/07\/GRy19dlXEAA2kQm.jpeg\",\"contentUrl\":\"https:\/\/www.firstlapf1.com\/wp-content\/uploads\/2024\/07\/GRy19dlXEAA2kQm.jpeg\",\"width\":720,\"height\":900},{\"@type\":\"WebSite\",\"@id\":\"https:\/\/www.firstlapf1.com\/#website\",\"url\":\"https:\/\/www.firstlapf1.com\/\",\"name\":\"Noticias F1 en espa\u00f1ol\",\"description\":\"Noticias F1 en espa\u00f1ol\",\"potentialAction\":[{\"@type\":\"SearchAction\",\"target\":{\"@type\":\"EntryPoint\",\"urlTemplate\":\"https:\/\/www.firstlapf1.com\/?s={search_term_string}\"},\"query-input\":{\"@type\":\"PropertyValueSpecification\",\"valueRequired\":true,\"valueName\":\"search_term_string\"}}],\"inLanguage\":\"en-GB\"},{\"@type\":\"Person\",\"@id\":\"https:\/\/www.firstlapf1.com\/#\/schema\/person\/7233531609d67300020144b9e921c6ac\",\"name\":\"Guillermo Ranca\u00f1o\",\"image\":{\"@type\":\"ImageObject\",\"inLanguage\":\"en-GB\",\"@id\":\"https:\/\/www.firstlapf1.com\/#\/schema\/person\/image\/\",\"url\":\"https:\/\/secure.gravatar.com\/avatar\/2a7438488efcb780ff7ce7025206384a92dffc08f89b94ae433dbbc16c290d9d?s=96&d=mm&r=g\",\"contentUrl\":\"https:\/\/secure.gravatar.com\/avatar\/2a7438488efcb780ff7ce7025206384a92dffc08f89b94ae433dbbc16c290d9d?s=96&d=mm&r=g\",\"caption\":\"Guillermo Ranca\u00f1o\"},\"sameAs\":[\"http:\/\/www.firstlapf1.com\/\"],\"url\":\"https:\/\/www.firstlapf1.com\/en\/author\/gilran\/\"}]}<\/script>\n<!-- \/ Yoast SEO plugin. -->","yoast_head_json":{"title":"Resultados Clasificaci\u00f3n MotoGP: Mart\u00edn vuela en Sachsenring junto a las Aprilia - Noticias F1 en espa\u00f1ol","description":"Pole de Jorge Mart\u00edn en los resultados de la clasificaci\u00f3n de MotoGP, con Oliveira y R\u00e1ul Fern\u00e1ndez por detr\u00e1s","robots":{"index":"index","follow":"follow","max-snippet":"max-snippet:-1","max-image-preview":"max-image-preview:large","max-video-preview":"max-video-preview:-1"},"canonical":"https:\/\/www.firstlapf1.com\/en\/resultados-clasificacion-motogp-martin-vuela-en-sachsenring-junto-a-las-aprilia\/","og_locale":"en_GB","og_type":"article","og_title":"Resultados Clasificaci\u00f3n MotoGP: Mart\u00edn vuela en Sachsenring junto a las Aprilia - Noticias F1 en espa\u00f1ol","og_description":"Pole de Jorge Mart\u00edn en los resultados de la clasificaci\u00f3n de MotoGP, con Oliveira y R\u00e1ul Fern\u00e1ndez por detr\u00e1s","og_url":"https:\/\/www.firstlapf1.com\/en\/resultados-clasificacion-motogp-martin-vuela-en-sachsenring-junto-a-las-aprilia\/","og_site_name":"Noticias F1 en espa\u00f1ol","article_published_time":"2024-07-06T10:08:02+00:00","article_modified_time":"2024-07-06T10:08:06+00:00","og_image":[{"width":720,"height":900,"url":"https:\/\/www.firstlapf1.com\/wp-content\/uploads\/2024\/07\/GRy19dlXEAA2kQm.jpeg","type":"image\/jpeg"}],"author":"Guillermo Ranca\u00f1o","twitter_card":"summary_large_image","twitter_misc":{"Written by":"Guillermo Ranca\u00f1o","Estimated reading time":"4 minutes"},"schema":{"@context":"https:\/\/schema.org","@graph":[{"@type":"Article","@id":"https:\/\/www.firstlapf1.com\/resultados-clasificacion-motogp-martin-vuela-en-sachsenring-junto-a-las-aprilia\/#article","isPartOf":{"@id":"https:\/\/www.firstlapf1.com\/resultados-clasificacion-motogp-martin-vuela-en-sachsenring-junto-a-las-aprilia\/"},"author":{"name":"Guillermo Ranca\u00f1o","@id":"https:\/\/www.firstlapf1.com\/#\/schema\/person\/7233531609d67300020144b9e921c6ac"},"headline":"Resultados Clasificaci\u00f3n MotoGP: Mart\u00edn vuela en Sachsenring junto a las Aprilia","datePublished":"2024-07-06T10:08:02+00:00","dateModified":"2024-07-06T10:08:06+00:00","mainEntityOfPage":{"@id":"https:\/\/www.firstlapf1.com\/resultados-clasificacion-motogp-martin-vuela-en-sachsenring-junto-a-las-aprilia\/"},"wordCount":625,"image":{"@id":"https:\/\/www.firstlapf1.com\/resultados-clasificacion-motogp-martin-vuela-en-sachsenring-junto-a-las-aprilia\/#primaryimage"},"thumbnailUrl":"https:\/\/www.firstlapf1.com\/wp-content\/uploads\/2024\/07\/GRy19dlXEAA2kQm.jpeg","articleSection":["Circuitos MotoGP","Escuder\u00edas MotoGP","GP Alemania (Sachsenring)","Prima Pramac Yamaha MotoGP"],"inLanguage":"en-GB"},{"@type":"WebPage","@id":"https:\/\/www.firstlapf1.com\/resultados-clasificacion-motogp-martin-vuela-en-sachsenring-junto-a-las-aprilia\/","url":"https:\/\/www.firstlapf1.com\/resultados-clasificacion-motogp-martin-vuela-en-sachsenring-junto-a-las-aprilia\/","name":"Resultados Clasificaci\u00f3n MotoGP: Mart\u00edn vuela en Sachsenring junto a las Aprilia - Noticias F1 en espa\u00f1ol","isPartOf":{"@id":"https:\/\/www.firstlapf1.com\/#website"},"primaryImageOfPage":{"@id":"https:\/\/www.firstlapf1.com\/resultados-clasificacion-motogp-martin-vuela-en-sachsenring-junto-a-las-aprilia\/#primaryimage"},"image":{"@id":"https:\/\/www.firstlapf1.com\/resultados-clasificacion-motogp-martin-vuela-en-sachsenring-junto-a-las-aprilia\/#primaryimage"},"thumbnailUrl":"https:\/\/www.firstlapf1.com\/wp-content\/uploads\/2024\/07\/GRy19dlXEAA2kQm.jpeg","datePublished":"2024-07-06T10:08:02+00:00","dateModified":"2024-07-06T10:08:06+00:00","author":{"@id":"https:\/\/www.firstlapf1.com\/#\/schema\/person\/7233531609d67300020144b9e921c6ac"},"description":"Pole de Jorge Mart\u00edn en los resultados de la clasificaci\u00f3n de MotoGP, con Oliveira y R\u00e1ul Fern\u00e1ndez por detr\u00e1s","inLanguage":"en-GB","potentialAction":[{"@type":"ReadAction","target":["https:\/\/www.firstlapf1.com\/resultados-clasificacion-motogp-martin-vuela-en-sachsenring-junto-a-las-aprilia\/"]}]},{"@type":"ImageObject","inLanguage":"en-GB","@id":"https:\/\/www.firstlapf1.com\/resultados-clasificacion-motogp-martin-vuela-en-sachsenring-junto-a-las-aprilia\/#primaryimage","url":"https:\/\/www.firstlapf1.com\/wp-content\/uploads\/2024\/07\/GRy19dlXEAA2kQm.jpeg","contentUrl":"https:\/\/www.firstlapf1.com\/wp-content\/uploads\/2024\/07\/GRy19dlXEAA2kQm.jpeg","width":720,"height":900},{"@type":"WebSite","@id":"https:\/\/www.firstlapf1.com\/#website","url":"https:\/\/www.firstlapf1.com\/","name":"Noticias F1 en espa\u00f1ol","description":"Noticias F1 en espa\u00f1ol","potentialAction":[{"@type":"SearchAction","target":{"@type":"EntryPoint","urlTemplate":"https:\/\/www.firstlapf1.com\/?s={search_term_string}"},"query-input":{"@type":"PropertyValueSpecification","valueRequired":true,"valueName":"search_term_string"}}],"inLanguage":"en-GB"},{"@type":"Person","@id":"https:\/\/www.firstlapf1.com\/#\/schema\/person\/7233531609d67300020144b9e921c6ac","name":"Guillermo Ranca\u00f1o","image":{"@type":"ImageObject","inLanguage":"en-GB","@id":"https:\/\/www.firstlapf1.com\/#\/schema\/person\/image\/","url":"https:\/\/secure.gravatar.com\/avatar\/2a7438488efcb780ff7ce7025206384a92dffc08f89b94ae433dbbc16c290d9d?s=96&d=mm&r=g","contentUrl":"https:\/\/secure.gravatar.com\/avatar\/2a7438488efcb780ff7ce7025206384a92dffc08f89b94ae433dbbc16c290d9d?s=96&d=mm&r=g","caption":"Guillermo Ranca\u00f1o"},"sameAs":["http:\/\/www.firstlapf1.com\/"],"url":"https:\/\/www.firstlapf1.com\/en\/author\/gilran\/"}]}},"jetpack_featured_media_url":"https:\/\/www.firstlapf1.com\/wp-content\/uploads\/2024\/07\/GRy19dlXEAA2kQm.jpeg","jetpack_sharing_enabled":true,"_links":{"self":[{"href":"https:\/\/www.firstlapf1.com\/en\/wp-json\/wp\/v2\/posts\/9190","targetHints":{"allow":["GET"]}}],"collection":[{"href":"https:\/\/www.firstlapf1.com\/en\/wp-json\/wp\/v2\/posts"}],"about":[{"href":"https:\/\/www.firstlapf1.com\/en\/wp-json\/wp\/v2\/types\/post"}],"author":[{"embeddable":true,"href":"https:\/\/www.firstlapf1.com\/en\/wp-json\/wp\/v2\/users\/65"}],"replies":[{"embeddable":true,"href":"https:\/\/www.firstlapf1.com\/en\/wp-json\/wp\/v2\/comments?post=9190"}],"version-history":[{"count":4,"href":"https:\/\/www.firstlapf1.com\/en\/wp-json\/wp\/v2\/posts\/9190\/revisions"}],"predecessor-version":[{"id":9199,"href":"https:\/\/www.firstlapf1.com\/en\/wp-json\/wp\/v2\/posts\/9190\/revisions\/9199"}],"wp:featuredmedia":[{"embeddable":true,"href":"https:\/\/www.firstlapf1.com\/en\/wp-json\/wp\/v2\/media\/9198"}],"wp:attachment":[{"href":"https:\/\/www.firstlapf1.com\/en\/wp-json\/wp\/v2\/media?parent=9190"}],"wp:term":[{"taxonomy":"category","embeddable":true,"href":"https:\/\/www.firstlapf1.com\/en\/wp-json\/wp\/v2\/categories?post=9190"},{"taxonomy":"post_tag","embeddable":true,"href":"https:\/\/www.firstlapf1.com\/en\/wp-json\/wp\/v2\/tags?post=9190"}],"curies":[{"name":"wp","href":"https:\/\/api.w.org\/{rel}","templated":true}]}}