{"id":9127,"date":"2024-07-05T09:58:47","date_gmt":"2024-07-05T09:58:47","guid":{"rendered":"https:\/\/www.firstlapf1.com\/?p=9127"},"modified":"2024-07-05T09:58:51","modified_gmt":"2024-07-05T09:58:51","slug":"resultados-libres-1-motogp-espargaro-no-participara-en-sachsenring","status":"publish","type":"post","link":"https:\/\/www.firstlapf1.com\/en\/resultados-libres-1-motogp-espargaro-no-participara-en-sachsenring\/","title":{"rendered":"Resultados libres 1 MotoGP: Espargar\u00f3 no participar\u00e1 en Sachsenring"},"content":{"rendered":"<h2 class=\"wp-block-heading\">Jorge Mart\u00edn manda en los resultados de los libres 1 de MotoGP, por delante de Marc M\u00e1rquez y Maverick Vi\u00f1ales<\/h2>\n\n\n\n<p>Un cielo entre nublado y poco soleado coronaba el <a href=\"https:\/\/www.firstlapf1.com\/en\/category\/alemania\/\" target=\"_blank\" rel=\"noreferrer noopener\">circuito de Alemania<\/a>. El primer tiempo de corte de estas pr\u00e1cticas 1 nos lo daba Jorge Mart\u00edn siendo este 1:22.442.<\/p>\n\n\n\n<p>Una cosa a destacar en Yamaha fue la ausencia del piloto espa\u00f1ol \u00c1lex Rins, el cual ha sido sustituido por Remy Gardner y la participaci\u00f3n de 23 pilotos por la participaci\u00f3n del tercer piloto de la escuder\u00eda LCR Honda.<\/p>\n\n\n\n<p>Uno de los movimientos rese\u00f1ables fue la pelea, por decirlo de alguna manera entre los dos espa\u00f1oles, Pedro Acosta y Marc M\u00e1rquez. Ambos ven\u00edan cerrando vuelta pero un mal movimiento ech\u00f3 a Pedro fuera de la pista y M\u00e1rquez se alz\u00f3 con la primera posici\u00f3n en la clasificaci\u00f3n general.<\/p>\n\n\n\n<p>Mientras tanto se pudieron observar distintas correcciones de la trazada pero nada que pudiera provocar un accidente o un problema mayor en la moto aunque Mart\u00edn se fue directo a las escapatorias en la curva 8 tras irse largo. Posteriormente, el mismo piloto se fue largo en la primera curva del trazado.<\/p>\n\n\n\n<p>A un cuarto de hora del final, el piloto catal\u00e1n fue capaz de bajar el tiempo que el mismo hab\u00eda puesto, por lo que el nuevo tiempo a batir era de 1:10 mostrando as\u00ed c\u00f3mo la pista iba mejorando en cada vuelta.<\/p>\n\n\n\n<h2 class=\"wp-block-heading has-normal-font-size\">Problemas de \u00faltima hora<\/h2>\n\n\n\n<p>Johann Zarco se sali\u00f3 de la pista. A tan solo 10 minutos del final de la sesi\u00f3n, todos montaron neum\u00e1ticos blandos o blandos medios por lo que los tiempos cada vez eran menores y la competitividad tambi\u00e9n, pues todos las motos se encontraban rodando en la pista.<\/p>\n\n\n\n<p>M\u00e1rquez provoc\u00f3 una bandera amarilla que le dej\u00f3 fuera de la sesi\u00f3n tras caerse en el primer sector. Este incidente hizo que, pilotos como Pedro, el cual se cay\u00f3 en el sector cuatro, abortaran la vuelta.<\/p>\n\n\n\n<p>Finalmente, Mart\u00edn lidera los resultados de los <a href=\"https:\/\/www.motogp.com\/es\" target=\"_blank\" rel=\"noreferrer noopener\">libres 1 de MotoGP<\/a>, sesi\u00f3n en la cual se confirm\u00f3 la retirada del GP de Espargar\u00f3, que sigue convaleciente tras su accidente de Assen.<\/p>\n\n\n\n<figure class=\"wp-block-image size-large\"><img loading=\"lazy\" decoding=\"async\" width=\"1024\" height=\"576\" src=\"https:\/\/www.firstlapf1.com\/wp-content\/uploads\/2024\/07\/20240705_112835-1024x576.jpg\" alt=\"\" class=\"wp-image-9131\" srcset=\"https:\/\/www.firstlapf1.com\/wp-content\/uploads\/2024\/07\/20240705_112835-1024x576.jpg 1024w, https:\/\/www.firstlapf1.com\/wp-content\/uploads\/2024\/07\/20240705_112835-300x169.jpg 300w, https:\/\/www.firstlapf1.com\/wp-content\/uploads\/2024\/07\/20240705_112835-768x432.jpg 768w, https:\/\/www.firstlapf1.com\/wp-content\/uploads\/2024\/07\/20240705_112835-1536x864.jpg 1536w, https:\/\/www.firstlapf1.com\/wp-content\/uploads\/2024\/07\/20240705_112835-18x10.jpg 18w, https:\/\/www.firstlapf1.com\/wp-content\/uploads\/2024\/07\/20240705_112835-190x107.jpg 190w, https:\/\/www.firstlapf1.com\/wp-content\/uploads\/2024\/07\/20240705_112835.jpg 1920w\" sizes=\"auto, (max-width: 1024px) 100vw, 1024px\" \/><\/figure>","protected":false},"excerpt":{"rendered":"<p>Jorge Mart\u00edn manda en los resultados de los libres 1 de MotoGP, por delante de Marc M\u00e1rquez y Maverick Vi\u00f1ales &hellip; <span class=\"more-button\"><a href=\"https:\/\/www.firstlapf1.com\/en\/resultados-libres-1-motogp-espargaro-no-participara-en-sachsenring\/\" class=\"more-link\">Continue reading<span class=\"screen-reader-text\">Resultados libres 1 MotoGP: Espargar\u00f3 no participar\u00e1 en Sachsenring<\/span><\/a><\/span><\/p>","protected":false},"author":36,"featured_media":9132,"comment_status":"closed","ping_status":"open","sticky":false,"template":"","format":"standard","meta":{"_jetpack_memberships_contains_paid_content":false,"footnotes":""},"categories":[113,101,122,102],"tags":[],"class_list":["post-9127","post","type-post","status-publish","format-standard","has-post-thumbnail","hentry","category-circuitos-motogp","category-motogp","category-alemania","category-pramac"],"yoast_head":"<!-- This site is optimized with the Yoast SEO plugin v27.0 - https:\/\/yoast.com\/product\/yoast-seo-wordpress\/ -->\n<title>Resultados libres 1 MotoGP: Espargar\u00f3 no participar\u00e1 en Sachsenring - Noticias F1 en espa\u00f1ol<\/title>\n<meta name=\"description\" content=\"Jorge Mart\u00edn manda en los resultados de los libres 1 de MotoGP, por delante de Marc M\u00e1rquez y Maverick Vi\u00f1ales\" \/>\n<meta name=\"robots\" content=\"index, follow, max-snippet:-1, max-image-preview:large, max-video-preview:-1\" \/>\n<link rel=\"canonical\" href=\"https:\/\/www.firstlapf1.com\/en\/resultados-libres-1-motogp-espargaro-no-participara-en-sachsenring\/\" \/>\n<meta property=\"og:locale\" content=\"en_GB\" \/>\n<meta property=\"og:type\" content=\"article\" \/>\n<meta property=\"og:title\" content=\"Resultados libres 1 MotoGP: Espargar\u00f3 no participar\u00e1 en Sachsenring - Noticias F1 en espa\u00f1ol\" \/>\n<meta property=\"og:description\" content=\"Jorge Mart\u00edn manda en los resultados de los libres 1 de MotoGP, por delante de Marc M\u00e1rquez y Maverick Vi\u00f1ales\" \/>\n<meta property=\"og:url\" content=\"https:\/\/www.firstlapf1.com\/en\/resultados-libres-1-motogp-espargaro-no-participara-en-sachsenring\/\" \/>\n<meta property=\"og:site_name\" content=\"Noticias F1 en espa\u00f1ol\" \/>\n<meta property=\"article:published_time\" content=\"2024-07-05T09:58:47+00:00\" \/>\n<meta property=\"article:modified_time\" content=\"2024-07-05T09:58:51+00:00\" \/>\n<meta property=\"og:image\" content=\"https:\/\/www.firstlapf1.com\/wp-content\/uploads\/2024\/07\/20240705_115425.jpg\" \/>\n\t<meta property=\"og:image:width\" content=\"1920\" \/>\n\t<meta property=\"og:image:height\" content=\"1080\" \/>\n\t<meta property=\"og:image:type\" content=\"image\/jpeg\" \/>\n<meta name=\"author\" content=\"Pilar Lora-Paquet\" \/>\n<meta name=\"twitter:card\" content=\"summary_large_image\" \/>\n<meta name=\"twitter:label1\" content=\"Written by\" \/>\n\t<meta name=\"twitter:data1\" content=\"Pilar Lora-Paquet\" \/>\n\t<meta name=\"twitter:label2\" content=\"Estimated reading time\" \/>\n\t<meta name=\"twitter:data2\" content=\"3 minutes\" \/>\n<script type=\"application\/ld+json\" class=\"yoast-schema-graph\">{\"@context\":\"https:\/\/schema.org\",\"@graph\":[{\"@type\":\"Article\",\"@id\":\"https:\/\/www.firstlapf1.com\/resultados-libres-1-motogp-espargaro-no-participara-en-sachsenring\/#article\",\"isPartOf\":{\"@id\":\"https:\/\/www.firstlapf1.com\/resultados-libres-1-motogp-espargaro-no-participara-en-sachsenring\/\"},\"author\":{\"name\":\"Pilar Lora-Paquet\",\"@id\":\"https:\/\/www.firstlapf1.com\/#\/schema\/person\/d27dc1f78b39797d415074821cf43373\"},\"headline\":\"Resultados libres 1 MotoGP: Espargar\u00f3 no participar\u00e1 en Sachsenring\",\"datePublished\":\"2024-07-05T09:58:47+00:00\",\"dateModified\":\"2024-07-05T09:58:51+00:00\",\"mainEntityOfPage\":{\"@id\":\"https:\/\/www.firstlapf1.com\/resultados-libres-1-motogp-espargaro-no-participara-en-sachsenring\/\"},\"wordCount\":376,\"image\":{\"@id\":\"https:\/\/www.firstlapf1.com\/resultados-libres-1-motogp-espargaro-no-participara-en-sachsenring\/#primaryimage\"},\"thumbnailUrl\":\"https:\/\/www.firstlapf1.com\/wp-content\/uploads\/2024\/07\/20240705_115425.jpg\",\"articleSection\":[\"Circuitos MotoGP\",\"Escuder\u00edas MotoGP\",\"GP Alemania (Sachsenring)\",\"Prima Pramac Yamaha MotoGP\"],\"inLanguage\":\"en-GB\"},{\"@type\":\"WebPage\",\"@id\":\"https:\/\/www.firstlapf1.com\/resultados-libres-1-motogp-espargaro-no-participara-en-sachsenring\/\",\"url\":\"https:\/\/www.firstlapf1.com\/resultados-libres-1-motogp-espargaro-no-participara-en-sachsenring\/\",\"name\":\"Resultados libres 1 MotoGP: Espargar\u00f3 no participar\u00e1 en Sachsenring - Noticias F1 en espa\u00f1ol\",\"isPartOf\":{\"@id\":\"https:\/\/www.firstlapf1.com\/#website\"},\"primaryImageOfPage\":{\"@id\":\"https:\/\/www.firstlapf1.com\/resultados-libres-1-motogp-espargaro-no-participara-en-sachsenring\/#primaryimage\"},\"image\":{\"@id\":\"https:\/\/www.firstlapf1.com\/resultados-libres-1-motogp-espargaro-no-participara-en-sachsenring\/#primaryimage\"},\"thumbnailUrl\":\"https:\/\/www.firstlapf1.com\/wp-content\/uploads\/2024\/07\/20240705_115425.jpg\",\"datePublished\":\"2024-07-05T09:58:47+00:00\",\"dateModified\":\"2024-07-05T09:58:51+00:00\",\"author\":{\"@id\":\"https:\/\/www.firstlapf1.com\/#\/schema\/person\/d27dc1f78b39797d415074821cf43373\"},\"description\":\"Jorge Mart\u00edn manda en los resultados de los libres 1 de MotoGP, por delante de Marc M\u00e1rquez y Maverick Vi\u00f1ales\",\"inLanguage\":\"en-GB\",\"potentialAction\":[{\"@type\":\"ReadAction\",\"target\":[\"https:\/\/www.firstlapf1.com\/resultados-libres-1-motogp-espargaro-no-participara-en-sachsenring\/\"]}]},{\"@type\":\"ImageObject\",\"inLanguage\":\"en-GB\",\"@id\":\"https:\/\/www.firstlapf1.com\/resultados-libres-1-motogp-espargaro-no-participara-en-sachsenring\/#primaryimage\",\"url\":\"https:\/\/www.firstlapf1.com\/wp-content\/uploads\/2024\/07\/20240705_115425.jpg\",\"contentUrl\":\"https:\/\/www.firstlapf1.com\/wp-content\/uploads\/2024\/07\/20240705_115425.jpg\",\"width\":1920,\"height\":1080},{\"@type\":\"WebSite\",\"@id\":\"https:\/\/www.firstlapf1.com\/#website\",\"url\":\"https:\/\/www.firstlapf1.com\/\",\"name\":\"Noticias F1 en espa\u00f1ol\",\"description\":\"Noticias F1 en espa\u00f1ol\",\"potentialAction\":[{\"@type\":\"SearchAction\",\"target\":{\"@type\":\"EntryPoint\",\"urlTemplate\":\"https:\/\/www.firstlapf1.com\/?s={search_term_string}\"},\"query-input\":{\"@type\":\"PropertyValueSpecification\",\"valueRequired\":true,\"valueName\":\"search_term_string\"}}],\"inLanguage\":\"en-GB\"},{\"@type\":\"Person\",\"@id\":\"https:\/\/www.firstlapf1.com\/#\/schema\/person\/d27dc1f78b39797d415074821cf43373\",\"name\":\"Pilar Lora-Paquet\",\"image\":{\"@type\":\"ImageObject\",\"inLanguage\":\"en-GB\",\"@id\":\"https:\/\/www.firstlapf1.com\/#\/schema\/person\/image\/\",\"url\":\"https:\/\/secure.gravatar.com\/avatar\/8387d351dae5a517ebe4af4c40d081973b3dc88bcb2265dcc2979ef0e2803131?s=96&d=mm&r=g\",\"contentUrl\":\"https:\/\/secure.gravatar.com\/avatar\/8387d351dae5a517ebe4af4c40d081973b3dc88bcb2265dcc2979ef0e2803131?s=96&d=mm&r=g\",\"caption\":\"Pilar Lora-Paquet\"},\"sameAs\":[\"http:\/\/www.firstlapf1.com\/\"],\"url\":\"https:\/\/www.firstlapf1.com\/en\/author\/plorapaquet\/\"}]}<\/script>\n<!-- \/ Yoast SEO plugin. -->","yoast_head_json":{"title":"Resultados libres 1 MotoGP: Espargar\u00f3 no participar\u00e1 en Sachsenring - Noticias F1 en espa\u00f1ol","description":"Jorge Mart\u00edn manda en los resultados de los libres 1 de MotoGP, por delante de Marc M\u00e1rquez y Maverick Vi\u00f1ales","robots":{"index":"index","follow":"follow","max-snippet":"max-snippet:-1","max-image-preview":"max-image-preview:large","max-video-preview":"max-video-preview:-1"},"canonical":"https:\/\/www.firstlapf1.com\/en\/resultados-libres-1-motogp-espargaro-no-participara-en-sachsenring\/","og_locale":"en_GB","og_type":"article","og_title":"Resultados libres 1 MotoGP: Espargar\u00f3 no participar\u00e1 en Sachsenring - Noticias F1 en espa\u00f1ol","og_description":"Jorge Mart\u00edn manda en los resultados de los libres 1 de MotoGP, por delante de Marc M\u00e1rquez y Maverick Vi\u00f1ales","og_url":"https:\/\/www.firstlapf1.com\/en\/resultados-libres-1-motogp-espargaro-no-participara-en-sachsenring\/","og_site_name":"Noticias F1 en espa\u00f1ol","article_published_time":"2024-07-05T09:58:47+00:00","article_modified_time":"2024-07-05T09:58:51+00:00","og_image":[{"width":1920,"height":1080,"url":"https:\/\/www.firstlapf1.com\/wp-content\/uploads\/2024\/07\/20240705_115425.jpg","type":"image\/jpeg"}],"author":"Pilar Lora-Paquet","twitter_card":"summary_large_image","twitter_misc":{"Written by":"Pilar Lora-Paquet","Estimated reading time":"3 minutes"},"schema":{"@context":"https:\/\/schema.org","@graph":[{"@type":"Article","@id":"https:\/\/www.firstlapf1.com\/resultados-libres-1-motogp-espargaro-no-participara-en-sachsenring\/#article","isPartOf":{"@id":"https:\/\/www.firstlapf1.com\/resultados-libres-1-motogp-espargaro-no-participara-en-sachsenring\/"},"author":{"name":"Pilar Lora-Paquet","@id":"https:\/\/www.firstlapf1.com\/#\/schema\/person\/d27dc1f78b39797d415074821cf43373"},"headline":"Resultados libres 1 MotoGP: Espargar\u00f3 no participar\u00e1 en Sachsenring","datePublished":"2024-07-05T09:58:47+00:00","dateModified":"2024-07-05T09:58:51+00:00","mainEntityOfPage":{"@id":"https:\/\/www.firstlapf1.com\/resultados-libres-1-motogp-espargaro-no-participara-en-sachsenring\/"},"wordCount":376,"image":{"@id":"https:\/\/www.firstlapf1.com\/resultados-libres-1-motogp-espargaro-no-participara-en-sachsenring\/#primaryimage"},"thumbnailUrl":"https:\/\/www.firstlapf1.com\/wp-content\/uploads\/2024\/07\/20240705_115425.jpg","articleSection":["Circuitos MotoGP","Escuder\u00edas MotoGP","GP Alemania (Sachsenring)","Prima Pramac Yamaha MotoGP"],"inLanguage":"en-GB"},{"@type":"WebPage","@id":"https:\/\/www.firstlapf1.com\/resultados-libres-1-motogp-espargaro-no-participara-en-sachsenring\/","url":"https:\/\/www.firstlapf1.com\/resultados-libres-1-motogp-espargaro-no-participara-en-sachsenring\/","name":"Resultados libres 1 MotoGP: Espargar\u00f3 no participar\u00e1 en Sachsenring - Noticias F1 en espa\u00f1ol","isPartOf":{"@id":"https:\/\/www.firstlapf1.com\/#website"},"primaryImageOfPage":{"@id":"https:\/\/www.firstlapf1.com\/resultados-libres-1-motogp-espargaro-no-participara-en-sachsenring\/#primaryimage"},"image":{"@id":"https:\/\/www.firstlapf1.com\/resultados-libres-1-motogp-espargaro-no-participara-en-sachsenring\/#primaryimage"},"thumbnailUrl":"https:\/\/www.firstlapf1.com\/wp-content\/uploads\/2024\/07\/20240705_115425.jpg","datePublished":"2024-07-05T09:58:47+00:00","dateModified":"2024-07-05T09:58:51+00:00","author":{"@id":"https:\/\/www.firstlapf1.com\/#\/schema\/person\/d27dc1f78b39797d415074821cf43373"},"description":"Jorge Mart\u00edn manda en los resultados de los libres 1 de MotoGP, por delante de Marc M\u00e1rquez y Maverick Vi\u00f1ales","inLanguage":"en-GB","potentialAction":[{"@type":"ReadAction","target":["https:\/\/www.firstlapf1.com\/resultados-libres-1-motogp-espargaro-no-participara-en-sachsenring\/"]}]},{"@type":"ImageObject","inLanguage":"en-GB","@id":"https:\/\/www.firstlapf1.com\/resultados-libres-1-motogp-espargaro-no-participara-en-sachsenring\/#primaryimage","url":"https:\/\/www.firstlapf1.com\/wp-content\/uploads\/2024\/07\/20240705_115425.jpg","contentUrl":"https:\/\/www.firstlapf1.com\/wp-content\/uploads\/2024\/07\/20240705_115425.jpg","width":1920,"height":1080},{"@type":"WebSite","@id":"https:\/\/www.firstlapf1.com\/#website","url":"https:\/\/www.firstlapf1.com\/","name":"Noticias F1 en espa\u00f1ol","description":"Noticias F1 en espa\u00f1ol","potentialAction":[{"@type":"SearchAction","target":{"@type":"EntryPoint","urlTemplate":"https:\/\/www.firstlapf1.com\/?s={search_term_string}"},"query-input":{"@type":"PropertyValueSpecification","valueRequired":true,"valueName":"search_term_string"}}],"inLanguage":"en-GB"},{"@type":"Person","@id":"https:\/\/www.firstlapf1.com\/#\/schema\/person\/d27dc1f78b39797d415074821cf43373","name":"Pilar Lora-Paquet","image":{"@type":"ImageObject","inLanguage":"en-GB","@id":"https:\/\/www.firstlapf1.com\/#\/schema\/person\/image\/","url":"https:\/\/secure.gravatar.com\/avatar\/8387d351dae5a517ebe4af4c40d081973b3dc88bcb2265dcc2979ef0e2803131?s=96&d=mm&r=g","contentUrl":"https:\/\/secure.gravatar.com\/avatar\/8387d351dae5a517ebe4af4c40d081973b3dc88bcb2265dcc2979ef0e2803131?s=96&d=mm&r=g","caption":"Pilar Lora-Paquet"},"sameAs":["http:\/\/www.firstlapf1.com\/"],"url":"https:\/\/www.firstlapf1.com\/en\/author\/plorapaquet\/"}]}},"jetpack_featured_media_url":"https:\/\/www.firstlapf1.com\/wp-content\/uploads\/2024\/07\/20240705_115425.jpg","jetpack_sharing_enabled":true,"_links":{"self":[{"href":"https:\/\/www.firstlapf1.com\/en\/wp-json\/wp\/v2\/posts\/9127","targetHints":{"allow":["GET"]}}],"collection":[{"href":"https:\/\/www.firstlapf1.com\/en\/wp-json\/wp\/v2\/posts"}],"about":[{"href":"https:\/\/www.firstlapf1.com\/en\/wp-json\/wp\/v2\/types\/post"}],"author":[{"embeddable":true,"href":"https:\/\/www.firstlapf1.com\/en\/wp-json\/wp\/v2\/users\/36"}],"replies":[{"embeddable":true,"href":"https:\/\/www.firstlapf1.com\/en\/wp-json\/wp\/v2\/comments?post=9127"}],"version-history":[{"count":3,"href":"https:\/\/www.firstlapf1.com\/en\/wp-json\/wp\/v2\/posts\/9127\/revisions"}],"predecessor-version":[{"id":9133,"href":"https:\/\/www.firstlapf1.com\/en\/wp-json\/wp\/v2\/posts\/9127\/revisions\/9133"}],"wp:featuredmedia":[{"embeddable":true,"href":"https:\/\/www.firstlapf1.com\/en\/wp-json\/wp\/v2\/media\/9132"}],"wp:attachment":[{"href":"https:\/\/www.firstlapf1.com\/en\/wp-json\/wp\/v2\/media?parent=9127"}],"wp:term":[{"taxonomy":"category","embeddable":true,"href":"https:\/\/www.firstlapf1.com\/en\/wp-json\/wp\/v2\/categories?post=9127"},{"taxonomy":"post_tag","embeddable":true,"href":"https:\/\/www.firstlapf1.com\/en\/wp-json\/wp\/v2\/tags?post=9127"}],"curies":[{"name":"wp","href":"https:\/\/api.w.org\/{rel}","templated":true}]}}