{"id":897,"date":"2022-11-15T14:00:00","date_gmt":"2022-11-15T14:00:00","guid":{"rendered":"http:\/\/pitlanef1.com\/?p=897"},"modified":"2023-05-20T21:09:59","modified_gmt":"2023-05-20T21:09:59","slug":"george-russell-el-sucesor-en-mercedes","status":"publish","type":"post","link":"https:\/\/www.firstlapf1.com\/en\/george-russell-el-sucesor-en-mercedes\/","title":{"rendered":"George Russell, el sucesor en Mercedes"},"content":{"rendered":"<h2 class=\"wp-block-heading\">Tras la victoria del brit\u00e1nico en Brasil se dej\u00f3 ver como Russell comienza a adquirir esa responsabilidad de comandar una carrera<\/h2>\n\n\n\n<p>Sus comienzos en la F1 fueron complejos para el nacido en <strong>King&#8217;s Lynn<\/strong>, recalar con tan solo 18 a\u00f1os en el programa de j\u00f3venes pilotos de la escuder\u00eda Mercedes, tras unos a\u00f1os gloriosos en F2 donde acab\u00f3 con una diferencia de 70 puntos sobre el segundo, fue muy complejo para el brit\u00e1nico.<\/p>\n\n\n\n<p>En la 2019\/2020, <strong>Kubica<\/strong> le acogi\u00f3 como compa\u00f1ero en <strong>Williams<\/strong>, la escuder\u00eda no estaba pasando por los mejores momentos y tras una pretemporada compleja para George, siendo de los \u00faltimos pilotos en cuando a mejores tiempos comenz\u00f3 la temporada.<\/p>\n\n\n\n<figure class=\"wp-block-image size-large\"><img decoding=\"async\" src=\"http:\/\/pitlanef1.com\/wp-content\/uploads\/2022\/11\/russell-2-819x1024.jpeg\" alt=\"\" class=\"wp-image-901\"\/><\/figure>\n\n\n\n<h3 class=\"wp-block-heading\">Los primeros Grandes Premios se resistieron para Russell<\/h3>\n\n\n\n<p>El polaco siempre quedaba tras George Russell, pero estos dos ocupaban los \u00faltimos puestos de la parrilla. <strong>Russell<\/strong> no sum\u00f3 ning\u00fan punto en toda la temporada y fue de probador de <strong>Mercedes<\/strong> en <strong>Bar\u00e9in<\/strong> y <strong>Abu<\/strong> <strong>Dabi<\/strong>, donde en el \u00faltimo marc\u00f3 el mejor tiempo de la tanda. <\/p>\n\n\n\n<p><strong>Latifi<\/strong> lleg\u00f3 a Williams por <strong>Kubica<\/strong> y junto a esta nueva temporada, el brit\u00e1nico vio un punto para poder mejorar en la tabla de pilotos. As\u00ed fue como lleg\u00f3 a la mejor posici\u00f3n del ingl\u00e9s en el <strong>GP de la<\/strong> <strong>Toscana<\/strong>, ocupando la posici\u00f3n 11. <\/p>\n\n\n\n<figure class=\"wp-block-embed is-type-rich is-provider-twitter wp-block-embed-twitter\"><div class=\"wp-block-embed__wrapper\">\n<blockquote class=\"twitter-tweet\" data-width=\"550\" data-dnt=\"true\"><p lang=\"en\" dir=\"ltr\">What a journey so far \ud83e\udd79\ud83d\udc99<a href=\"https:\/\/t.co\/Pf0XlCONBn\">pic.twitter.com\/Pf0XlCONBn<\/a><\/p>&mdash; Mercedes-AMG PETRONAS F1 Team (@MercedesAMGF1) <a href=\"https:\/\/twitter.com\/MercedesAMGF1\/status\/1592491371604344834?ref_src=twsrc%5Etfw\">November 15, 2022<\/a><\/blockquote><script async src=\"https:\/\/platform.twitter.com\/widgets.js\" charset=\"utf-8\"><\/script>\n<\/div><\/figure>\n\n\n\n<h3 class=\"wp-block-heading\"><strong>La temporada 2021 fue su punto de inflexi\u00f3n<\/strong><\/h3>\n\n\n\n<p>En las clasificaciones comenz\u00f3 a entrar de manera regular en <strong>Q2 <\/strong>y sumar puntos en varios Grandes Premios para dejar octavo al brit\u00e1nico y a <strong>Williams <\/strong>en la clasificaci\u00f3n de constructores, por delante de <strong>Alfa<\/strong> <strong>Romeo<\/strong> y <strong>Haas<\/strong> que, en ese momento, eran sus competidores. En <strong>Spa<\/strong>, <strong>B\u00e9lgica<\/strong>, logr\u00f3 la segunda posici\u00f3n, teniendo as\u00ed su primer podio en la F1.<\/p>\n\n\n\n<p>Tras su temporada final en <strong>Williams<\/strong> y su fichaje por <strong><a href=\"https:\/\/twitter.com\/MercedesAMGF1\/media\" target=\"_blank\" rel=\"noreferrer noopener\">Mercedes<\/a><\/strong>, <strong>George<\/strong> se consolidaba como una joven promesa, su primer podio con esta escuder\u00eda lleg\u00f3 en <strong>Australia<\/strong> en tercera posici\u00f3n, estando en los pasados Grandes Premios entre los cinco primeros. En <strong>M\u00f3naco<\/strong> qued\u00f3 quinto y sufri\u00f3 el primer abandono tras estar involucrado en una colisi\u00f3n m\u00faltiple.<\/p>\n\n\n\n<p><strong>Francia<\/strong> y <strong>Hungr\u00eda<\/strong> fueron encadenadas en podios antes del descanso de verano y en esta \u00faltima consiguiendo su primera <em>pole position<\/em> en la categor\u00eda. Esta \u00faltima carrera en <strong>S\u00e3o Paulo<\/strong> dio su primera victoria, muy luchada entre los <a href=\"http:\/\/pitlanef1.com\/category\/ferrari\/\" target=\"_blank\" rel=\"noreferrer noopener\"><strong>Ferrari<\/strong> <\/a>y <strong>Mercedes<\/strong> con los cuatro pilotos y, con esta, la primera victoria del equipo <strong>Mercedes<\/strong> en 2022. <\/p>\n\n\n\n<figure class=\"wp-block-image size-large\"><img decoding=\"async\" src=\"http:\/\/pitlanef1.com\/wp-content\/uploads\/2022\/11\/russell-1-819x1024.jpeg\" alt=\"\" class=\"wp-image-900\"\/><\/figure>","protected":false},"excerpt":{"rendered":"<p>Tras la victoria del brit\u00e1nico en Brasil se dej\u00f3 ver como Russell comienza a adquirir esa responsabilidad de comandar una carrera Sus comienzos en la<span class=\"more-button\"><a href=\"https:\/\/www.firstlapf1.com\/en\/george-russell-el-sucesor-en-mercedes\/\" class=\"more-link\">Continue reading<span class=\"screen-reader-text\">George Russell, el sucesor en Mercedes<\/span><\/a><\/span><\/p>","protected":false},"author":1,"featured_media":902,"comment_status":"closed","ping_status":"closed","sticky":false,"template":"","format":"standard","meta":{"_jetpack_memberships_contains_paid_content":false,"footnotes":""},"categories":[7,35],"tags":[],"class_list":["post-897","post","type-post","status-publish","format-standard","has-post-thumbnail","hentry","category-escuderias-f1","category-mercedes-amg"],"yoast_head":"<!-- This site is optimized with the Yoast SEO plugin v27.0 - https:\/\/yoast.com\/product\/yoast-seo-wordpress\/ -->\n<title>George Russell, el sucesor en Mercedes - Noticias F1 en espa\u00f1ol<\/title>\n<meta name=\"description\" content=\"Tras la victoria del brit\u00e1nico en Brasil se dej\u00f3 ver como Russell comienza a adquirir esa responsabilidad de comandar una carrera\" \/>\n<meta name=\"robots\" content=\"index, follow, max-snippet:-1, max-image-preview:large, max-video-preview:-1\" \/>\n<link rel=\"canonical\" href=\"https:\/\/www.firstlapf1.com\/en\/george-russell-el-sucesor-en-mercedes\/\" \/>\n<meta property=\"og:locale\" content=\"en_GB\" \/>\n<meta property=\"og:type\" content=\"article\" \/>\n<meta property=\"og:title\" content=\"George Russell, el sucesor en Mercedes - Noticias F1 en espa\u00f1ol\" \/>\n<meta property=\"og:description\" content=\"Tras la victoria del brit\u00e1nico en Brasil se dej\u00f3 ver como Russell comienza a adquirir esa responsabilidad de comandar una carrera\" \/>\n<meta property=\"og:url\" content=\"https:\/\/www.firstlapf1.com\/en\/george-russell-el-sucesor-en-mercedes\/\" \/>\n<meta property=\"og:site_name\" content=\"Noticias F1 en espa\u00f1ol\" \/>\n<meta property=\"article:published_time\" content=\"2022-11-15T14:00:00+00:00\" \/>\n<meta property=\"article:modified_time\" content=\"2023-05-20T21:09:59+00:00\" \/>\n<meta name=\"author\" content=\"firstlap_admin\" \/>\n<meta name=\"twitter:card\" content=\"summary_large_image\" \/>\n<meta name=\"twitter:label1\" content=\"Written by\" \/>\n\t<meta name=\"twitter:data1\" content=\"firstlap_admin\" \/>\n\t<meta name=\"twitter:label2\" content=\"Estimated reading time\" \/>\n\t<meta name=\"twitter:data2\" content=\"3 minutes\" \/>\n<script type=\"application\/ld+json\" class=\"yoast-schema-graph\">{\"@context\":\"https:\/\/schema.org\",\"@graph\":[{\"@type\":\"Article\",\"@id\":\"https:\/\/www.firstlapf1.com\/george-russell-el-sucesor-en-mercedes\/#article\",\"isPartOf\":{\"@id\":\"https:\/\/www.firstlapf1.com\/george-russell-el-sucesor-en-mercedes\/\"},\"author\":{\"name\":\"firstlap_admin\",\"@id\":\"https:\/\/www.firstlapf1.com\/#\/schema\/person\/875f779e8ddc35d0fa99a117124b74d1\"},\"headline\":\"George Russell, el sucesor en Mercedes\",\"datePublished\":\"2022-11-15T14:00:00+00:00\",\"dateModified\":\"2023-05-20T21:09:59+00:00\",\"mainEntityOfPage\":{\"@id\":\"https:\/\/www.firstlapf1.com\/george-russell-el-sucesor-en-mercedes\/\"},\"wordCount\":432,\"image\":{\"@id\":\"https:\/\/www.firstlapf1.com\/george-russell-el-sucesor-en-mercedes\/#primaryimage\"},\"thumbnailUrl\":\"\",\"articleSection\":[\"Escuder\u00edas\",\"Mercedes-AMG PETRONAS Formula One Team\"],\"inLanguage\":\"en-GB\"},{\"@type\":\"WebPage\",\"@id\":\"https:\/\/www.firstlapf1.com\/george-russell-el-sucesor-en-mercedes\/\",\"url\":\"https:\/\/www.firstlapf1.com\/george-russell-el-sucesor-en-mercedes\/\",\"name\":\"George Russell, el sucesor en Mercedes - Noticias F1 en espa\u00f1ol\",\"isPartOf\":{\"@id\":\"https:\/\/www.firstlapf1.com\/#website\"},\"primaryImageOfPage\":{\"@id\":\"https:\/\/www.firstlapf1.com\/george-russell-el-sucesor-en-mercedes\/#primaryimage\"},\"image\":{\"@id\":\"https:\/\/www.firstlapf1.com\/george-russell-el-sucesor-en-mercedes\/#primaryimage\"},\"thumbnailUrl\":\"\",\"datePublished\":\"2022-11-15T14:00:00+00:00\",\"dateModified\":\"2023-05-20T21:09:59+00:00\",\"author\":{\"@id\":\"https:\/\/www.firstlapf1.com\/#\/schema\/person\/875f779e8ddc35d0fa99a117124b74d1\"},\"description\":\"Tras la victoria del brit\u00e1nico en Brasil se dej\u00f3 ver como Russell comienza a adquirir esa responsabilidad de comandar una carrera\",\"inLanguage\":\"en-GB\",\"potentialAction\":[{\"@type\":\"ReadAction\",\"target\":[\"https:\/\/www.firstlapf1.com\/george-russell-el-sucesor-en-mercedes\/\"]}]},{\"@type\":\"ImageObject\",\"inLanguage\":\"en-GB\",\"@id\":\"https:\/\/www.firstlapf1.com\/george-russell-el-sucesor-en-mercedes\/#primaryimage\",\"url\":\"\",\"contentUrl\":\"\"},{\"@type\":\"WebSite\",\"@id\":\"https:\/\/www.firstlapf1.com\/#website\",\"url\":\"https:\/\/www.firstlapf1.com\/\",\"name\":\"Noticias F1 en espa\u00f1ol\",\"description\":\"Noticias F1 en espa\u00f1ol\",\"potentialAction\":[{\"@type\":\"SearchAction\",\"target\":{\"@type\":\"EntryPoint\",\"urlTemplate\":\"https:\/\/www.firstlapf1.com\/?s={search_term_string}\"},\"query-input\":{\"@type\":\"PropertyValueSpecification\",\"valueRequired\":true,\"valueName\":\"search_term_string\"}}],\"inLanguage\":\"en-GB\"},{\"@type\":\"Person\",\"@id\":\"https:\/\/www.firstlapf1.com\/#\/schema\/person\/875f779e8ddc35d0fa99a117124b74d1\",\"name\":\"firstlap_admin\",\"image\":{\"@type\":\"ImageObject\",\"inLanguage\":\"en-GB\",\"@id\":\"https:\/\/www.firstlapf1.com\/#\/schema\/person\/image\/\",\"url\":\"https:\/\/secure.gravatar.com\/avatar\/84be0310c4060e415ae8a26c2500f614a7a109a82dc35ca0486653ff5039956b?s=96&d=mm&r=g\",\"contentUrl\":\"https:\/\/secure.gravatar.com\/avatar\/84be0310c4060e415ae8a26c2500f614a7a109a82dc35ca0486653ff5039956b?s=96&d=mm&r=g\",\"caption\":\"firstlap_admin\"},\"sameAs\":[\"https:\/\/www.firstlapf1.com\"],\"url\":\"https:\/\/www.firstlapf1.com\/en\/author\/firstlap_admin\/\"}]}<\/script>\n<!-- \/ Yoast SEO plugin. -->","yoast_head_json":{"title":"George Russell, el sucesor en Mercedes - Noticias F1 en espa\u00f1ol","description":"Tras la victoria del brit\u00e1nico en Brasil se dej\u00f3 ver como Russell comienza a adquirir esa responsabilidad de comandar una carrera","robots":{"index":"index","follow":"follow","max-snippet":"max-snippet:-1","max-image-preview":"max-image-preview:large","max-video-preview":"max-video-preview:-1"},"canonical":"https:\/\/www.firstlapf1.com\/en\/george-russell-el-sucesor-en-mercedes\/","og_locale":"en_GB","og_type":"article","og_title":"George Russell, el sucesor en Mercedes - Noticias F1 en espa\u00f1ol","og_description":"Tras la victoria del brit\u00e1nico en Brasil se dej\u00f3 ver como Russell comienza a adquirir esa responsabilidad de comandar una carrera","og_url":"https:\/\/www.firstlapf1.com\/en\/george-russell-el-sucesor-en-mercedes\/","og_site_name":"Noticias F1 en espa\u00f1ol","article_published_time":"2022-11-15T14:00:00+00:00","article_modified_time":"2023-05-20T21:09:59+00:00","author":"firstlap_admin","twitter_card":"summary_large_image","twitter_misc":{"Written by":"firstlap_admin","Estimated reading time":"3 minutes"},"schema":{"@context":"https:\/\/schema.org","@graph":[{"@type":"Article","@id":"https:\/\/www.firstlapf1.com\/george-russell-el-sucesor-en-mercedes\/#article","isPartOf":{"@id":"https:\/\/www.firstlapf1.com\/george-russell-el-sucesor-en-mercedes\/"},"author":{"name":"firstlap_admin","@id":"https:\/\/www.firstlapf1.com\/#\/schema\/person\/875f779e8ddc35d0fa99a117124b74d1"},"headline":"George Russell, el sucesor en Mercedes","datePublished":"2022-11-15T14:00:00+00:00","dateModified":"2023-05-20T21:09:59+00:00","mainEntityOfPage":{"@id":"https:\/\/www.firstlapf1.com\/george-russell-el-sucesor-en-mercedes\/"},"wordCount":432,"image":{"@id":"https:\/\/www.firstlapf1.com\/george-russell-el-sucesor-en-mercedes\/#primaryimage"},"thumbnailUrl":"","articleSection":["Escuder\u00edas","Mercedes-AMG PETRONAS Formula One Team"],"inLanguage":"en-GB"},{"@type":"WebPage","@id":"https:\/\/www.firstlapf1.com\/george-russell-el-sucesor-en-mercedes\/","url":"https:\/\/www.firstlapf1.com\/george-russell-el-sucesor-en-mercedes\/","name":"George Russell, el sucesor en Mercedes - Noticias F1 en espa\u00f1ol","isPartOf":{"@id":"https:\/\/www.firstlapf1.com\/#website"},"primaryImageOfPage":{"@id":"https:\/\/www.firstlapf1.com\/george-russell-el-sucesor-en-mercedes\/#primaryimage"},"image":{"@id":"https:\/\/www.firstlapf1.com\/george-russell-el-sucesor-en-mercedes\/#primaryimage"},"thumbnailUrl":"","datePublished":"2022-11-15T14:00:00+00:00","dateModified":"2023-05-20T21:09:59+00:00","author":{"@id":"https:\/\/www.firstlapf1.com\/#\/schema\/person\/875f779e8ddc35d0fa99a117124b74d1"},"description":"Tras la victoria del brit\u00e1nico en Brasil se dej\u00f3 ver como Russell comienza a adquirir esa responsabilidad de comandar una carrera","inLanguage":"en-GB","potentialAction":[{"@type":"ReadAction","target":["https:\/\/www.firstlapf1.com\/george-russell-el-sucesor-en-mercedes\/"]}]},{"@type":"ImageObject","inLanguage":"en-GB","@id":"https:\/\/www.firstlapf1.com\/george-russell-el-sucesor-en-mercedes\/#primaryimage","url":"","contentUrl":""},{"@type":"WebSite","@id":"https:\/\/www.firstlapf1.com\/#website","url":"https:\/\/www.firstlapf1.com\/","name":"Noticias F1 en espa\u00f1ol","description":"Noticias F1 en espa\u00f1ol","potentialAction":[{"@type":"SearchAction","target":{"@type":"EntryPoint","urlTemplate":"https:\/\/www.firstlapf1.com\/?s={search_term_string}"},"query-input":{"@type":"PropertyValueSpecification","valueRequired":true,"valueName":"search_term_string"}}],"inLanguage":"en-GB"},{"@type":"Person","@id":"https:\/\/www.firstlapf1.com\/#\/schema\/person\/875f779e8ddc35d0fa99a117124b74d1","name":"firstlap_admin","image":{"@type":"ImageObject","inLanguage":"en-GB","@id":"https:\/\/www.firstlapf1.com\/#\/schema\/person\/image\/","url":"https:\/\/secure.gravatar.com\/avatar\/84be0310c4060e415ae8a26c2500f614a7a109a82dc35ca0486653ff5039956b?s=96&d=mm&r=g","contentUrl":"https:\/\/secure.gravatar.com\/avatar\/84be0310c4060e415ae8a26c2500f614a7a109a82dc35ca0486653ff5039956b?s=96&d=mm&r=g","caption":"firstlap_admin"},"sameAs":["https:\/\/www.firstlapf1.com"],"url":"https:\/\/www.firstlapf1.com\/en\/author\/firstlap_admin\/"}]}},"jetpack_featured_media_url":"","jetpack_sharing_enabled":true,"_links":{"self":[{"href":"https:\/\/www.firstlapf1.com\/en\/wp-json\/wp\/v2\/posts\/897","targetHints":{"allow":["GET"]}}],"collection":[{"href":"https:\/\/www.firstlapf1.com\/en\/wp-json\/wp\/v2\/posts"}],"about":[{"href":"https:\/\/www.firstlapf1.com\/en\/wp-json\/wp\/v2\/types\/post"}],"author":[{"embeddable":true,"href":"https:\/\/www.firstlapf1.com\/en\/wp-json\/wp\/v2\/users\/1"}],"replies":[{"embeddable":true,"href":"https:\/\/www.firstlapf1.com\/en\/wp-json\/wp\/v2\/comments?post=897"}],"version-history":[{"count":1,"href":"https:\/\/www.firstlapf1.com\/en\/wp-json\/wp\/v2\/posts\/897\/revisions"}],"predecessor-version":[{"id":3083,"href":"https:\/\/www.firstlapf1.com\/en\/wp-json\/wp\/v2\/posts\/897\/revisions\/3083"}],"wp:featuredmedia":[{"embeddable":true,"href":"https:\/\/www.firstlapf1.com\/en\/wp-json\/"}],"wp:attachment":[{"href":"https:\/\/www.firstlapf1.com\/en\/wp-json\/wp\/v2\/media?parent=897"}],"wp:term":[{"taxonomy":"category","embeddable":true,"href":"https:\/\/www.firstlapf1.com\/en\/wp-json\/wp\/v2\/categories?post=897"},{"taxonomy":"post_tag","embeddable":true,"href":"https:\/\/www.firstlapf1.com\/en\/wp-json\/wp\/v2\/tags?post=897"}],"curies":[{"name":"wp","href":"https:\/\/api.w.org\/{rel}","templated":true}]}}