{"id":8868,"date":"2024-06-27T19:24:51","date_gmt":"2024-06-27T19:24:51","guid":{"rendered":"https:\/\/www.firstlapf1.com\/?p=8868"},"modified":"2024-06-27T19:24:53","modified_gmt":"2024-06-27T19:24:53","slug":"horario-y-donde-ver-el-tt-de-assen","status":"publish","type":"post","link":"https:\/\/www.firstlapf1.com\/en\/horario-y-donde-ver-el-tt-de-assen\/","title":{"rendered":"Horario y d\u00f3nde ver el TT de Assen"},"content":{"rendered":"<h2 class=\"wp-block-heading\">Tras el par\u00f3n primaveral, MotoGP vuelve y lo hace a lo grande con el TT de Assen, por lo que sepamos los horarios<\/h2>\n\n\n\n<p>La <a href=\"https:\/\/www.firstlapf1.com\/en\/category\/paises-bajos-2\/\" target=\"_blank\" rel=\"noreferrer noopener\">Catedral de la Velocidad<\/a> acoge este fin de semana el Mundial de Motociclismo, siendo una de las carreras imprescindibles de cada a\u00f1o. La acci\u00f3n se reanuda tras el aplazamiento del GP de Kazajist\u00e1n, que se disputar\u00e1 los d\u00edas 20-22 de septiembre, en lugar del GP de India, que fue cancelado. Veamos los horarios del TT de Assen.<\/p>\n\n\n\n<p>El pasado GP de Italia nos dej\u00f3 un doblete <em>in extremis <\/em>de Ducati. Bastianini se dio el lujo de adelantar a Jorge Mart\u00edn en la \u00faltima curva, en la \u00faltima vuelta para sellar el doblete del equipo italiano en casa. Anteriormente, Enea adelant\u00f3 a M\u00e1rquez a 3 vueltas del final, ya que el espa\u00f1ol le adelant\u00f3 previamente. La victoria de Bagnaia apret\u00f3 el mundial, pues Jorge Mart\u00edn tiene 171 puntos y Bagnaia 153.<\/p>\n\n\n\n<p>Dejando el top 4 aparte, Pedro Acosta sell\u00f3 un gran fin de semana. Parti\u00f3 en la 7\u00ba posici\u00f3n y logr\u00f3 el podio en la Sprint y una 5\u00ba posici\u00f3n en la carrera. <\/p>\n\n\n\n<figure class=\"wp-block-image size-large\"><img loading=\"lazy\" decoding=\"async\" width=\"1024\" height=\"683\" src=\"https:\/\/www.firstlapf1.com\/wp-content\/uploads\/2024\/06\/20240627_211853-1024x683.jpg\" alt=\"\" class=\"wp-image-8890\" srcset=\"https:\/\/www.firstlapf1.com\/wp-content\/uploads\/2024\/06\/20240627_211853-1024x683.jpg 1024w, https:\/\/www.firstlapf1.com\/wp-content\/uploads\/2024\/06\/20240627_211853-300x200.jpg 300w, https:\/\/www.firstlapf1.com\/wp-content\/uploads\/2024\/06\/20240627_211853-768x512.jpg 768w, https:\/\/www.firstlapf1.com\/wp-content\/uploads\/2024\/06\/20240627_211853-1536x1024.jpg 1536w, https:\/\/www.firstlapf1.com\/wp-content\/uploads\/2024\/06\/20240627_211853-2048x1366.jpg 2048w, https:\/\/www.firstlapf1.com\/wp-content\/uploads\/2024\/06\/20240627_211853-18x12.jpg 18w\" sizes=\"auto, (max-width: 1024px) 100vw, 1024px\" \/><\/figure>\n\n\n\n<h2 class=\"wp-block-heading has-normal-font-size\">Horarios del <a href=\"https:\/\/www.motogp.com\/es\/calendar\/2024\/event\/netherlands\/5405fac7-b6a4-47a9-b2bf-37e1f22551e3\" target=\"_blank\" rel=\"noreferrer noopener\">TT de Assen<\/a><\/h2>\n\n\n\n<p><strong>MotoGP (Espa\u00f1a)<\/strong><\/p>\n\n\n\n<p>Viernes 28\/6<\/p>\n\n\n\n<ul class=\"wp-block-list\">\n<li>Libres 1 (10:45-11:30)<\/li>\n\n\n\n<li>Libres (15:00-16:00)<\/li>\n<\/ul>\n\n\n\n<p>S\u00e1bado 29\/6<\/p>\n\n\n\n<ul class=\"wp-block-list\">\n<li>Libres 2 (10:10-10:40)<\/li>\n\n\n\n<li>Q1 (10:50-11:05)<\/li>\n\n\n\n<li>Q2 (11:15-11:30)<\/li>\n\n\n\n<li>Sprint (15:00)<\/li>\n<\/ul>\n\n\n\n<p>Domingo 30\/6<\/p>\n\n\n\n<ul class=\"wp-block-list\">\n<li>Warm Up (9:40-9:50)<\/li>\n\n\n\n<li>Carrera (14:00)<\/li>\n<\/ul>\n\n\n\n<p><strong>MotoGP (Reino Unido)<\/strong><\/p>\n\n\n\n<p>Viernes 28\/6<\/p>\n\n\n\n<ul class=\"wp-block-list\">\n<li>Libres 1 (9:45-10:30)<\/li>\n\n\n\n<li>Libres (14:00-15:00)<\/li>\n<\/ul>\n\n\n\n<p>S\u00e1bado 29\/6<\/p>\n\n\n\n<ul class=\"wp-block-list\">\n<li>Libres 2 (9:10-9:40)<\/li>\n\n\n\n<li>Q1 (9:50-10:05)<\/li>\n\n\n\n<li>Q2 (10:15-10:30)<\/li>\n\n\n\n<li>Sprint (14:00)<\/li>\n<\/ul>\n\n\n\n<p>Domingo 30\/6<\/p>\n\n\n\n<ul class=\"wp-block-list\">\n<li>Warm Up (8:40-8:50)<\/li>\n\n\n\n<li>Carrera (13:00)<\/li>\n<\/ul>\n\n\n\n<p><strong>MotoGP (M\u00e9xico)<\/strong><\/p>\n\n\n\n<p>Viernes 28\/6<\/p>\n\n\n\n<ul class=\"wp-block-list\">\n<li>Libres 1 (3:45-4:30)<\/li>\n\n\n\n<li>Libres (8:00-9:00)<\/li>\n<\/ul>\n\n\n\n<p>S\u00e1bado 29\/6<\/p>\n\n\n\n<ul class=\"wp-block-list\">\n<li>Libres 2 (3:10-3:40)<\/li>\n\n\n\n<li>Q1 (3:50-4:05)<\/li>\n\n\n\n<li>Q2 (4:15-4:30)<\/li>\n\n\n\n<li>Sprint (8:00)<\/li>\n<\/ul>\n\n\n\n<p>Domingo 30\/6<\/p>\n\n\n\n<ul class=\"wp-block-list\">\n<li>Warm Up (2:40-2:50)<\/li>\n\n\n\n<li>Carrera (6:00)<\/li>\n<\/ul>\n\n\n\n<p><strong>MotoGP (Argentina y Brasil)<\/strong><\/p>\n\n\n\n<p>Viernes 28\/6<\/p>\n\n\n\n<ul class=\"wp-block-list\">\n<li>Libres 1 (5:45-6:30)<\/li>\n\n\n\n<li>Libres (10:00-11:00)<\/li>\n<\/ul>\n\n\n\n<p>S\u00e1bado 29\/6<\/p>\n\n\n\n<ul class=\"wp-block-list\">\n<li>Libres 2 (5:10-5:40)<\/li>\n\n\n\n<li>Q1 (5:50-6:05)<\/li>\n\n\n\n<li>Q2 (6:15-6:30)<\/li>\n\n\n\n<li>Sprint (10:00)<\/li>\n<\/ul>\n\n\n\n<p>Domingo 30\/6<\/p>\n\n\n\n<ul class=\"wp-block-list\">\n<li>Warm Up (4:40-4:50)<\/li>\n\n\n\n<li>Carrera (9:00)<\/li>\n<\/ul>\n\n\n\n<h2 class=\"wp-block-heading has-normal-font-size\">\u00bfD\u00f3nde ver el TT de Assen?<\/h2>\n\n\n\n<p>Espa\u00f1a: DAZN<\/p>\n\n\n\n<p>Reino Unido: ITV y TNT Sports<\/p>\n\n\n\n<p>M\u00e9xico: ESPN<\/p>\n\n\n\n<p>Argentina: Star+ y ESPN<\/p>\n\n\n\n<p>Brasil: ESPN4<\/p>\n\n\n\n<figure class=\"wp-block-image size-large\"><img loading=\"lazy\" decoding=\"async\" width=\"1024\" height=\"683\" src=\"https:\/\/www.firstlapf1.com\/wp-content\/uploads\/2024\/06\/20240627_212206-1024x683.jpg\" alt=\"\" class=\"wp-image-8891\" srcset=\"https:\/\/www.firstlapf1.com\/wp-content\/uploads\/2024\/06\/20240627_212206-1024x683.jpg 1024w, https:\/\/www.firstlapf1.com\/wp-content\/uploads\/2024\/06\/20240627_212206-300x200.jpg 300w, https:\/\/www.firstlapf1.com\/wp-content\/uploads\/2024\/06\/20240627_212206-768x512.jpg 768w, https:\/\/www.firstlapf1.com\/wp-content\/uploads\/2024\/06\/20240627_212206-1536x1024.jpg 1536w, https:\/\/www.firstlapf1.com\/wp-content\/uploads\/2024\/06\/20240627_212206-18x12.jpg 18w, https:\/\/www.firstlapf1.com\/wp-content\/uploads\/2024\/06\/20240627_212206.jpg 2048w\" sizes=\"auto, (max-width: 1024px) 100vw, 1024px\" \/><\/figure>","protected":false},"excerpt":{"rendered":"<p>Tras el par\u00f3n primaveral, MotoGP vuelve y lo hace a lo grande con el TT de Assen, por lo que sepamos los horarios &hellip; <span class=\"more-button\"><a href=\"https:\/\/www.firstlapf1.com\/en\/horario-y-donde-ver-el-tt-de-assen\/\" class=\"more-link\">Continue reading<span class=\"screen-reader-text\">Horario y d\u00f3nde ver el TT de Assen<\/span><\/a><\/span><\/p>","protected":false},"author":2,"featured_media":8892,"comment_status":"closed","ping_status":"open","sticky":false,"template":"","format":"standard","meta":{"_jetpack_memberships_contains_paid_content":false,"footnotes":""},"categories":[113,101,121],"tags":[],"class_list":["post-8868","post","type-post","status-publish","format-standard","has-post-thumbnail","hentry","category-circuitos-motogp","category-motogp","category-paises-bajos-2"],"yoast_head":"<!-- This site is optimized with the Yoast SEO plugin v27.0 - https:\/\/yoast.com\/product\/yoast-seo-wordpress\/ -->\n<title>Horario y d\u00f3nde ver el TT de Assen - Noticias F1 en espa\u00f1ol<\/title>\n<meta name=\"description\" content=\"Tras el par\u00f3n primaveral, MotoGP vuelve y lo hace a lo grande con el TT de Assen, por lo que sepamos los horarios\" \/>\n<meta name=\"robots\" content=\"index, follow, max-snippet:-1, max-image-preview:large, max-video-preview:-1\" \/>\n<link rel=\"canonical\" href=\"https:\/\/www.firstlapf1.com\/en\/horario-y-donde-ver-el-tt-de-assen\/\" \/>\n<meta property=\"og:locale\" content=\"en_GB\" \/>\n<meta property=\"og:type\" content=\"article\" \/>\n<meta property=\"og:title\" content=\"Horario y d\u00f3nde ver el TT de Assen - Noticias F1 en espa\u00f1ol\" \/>\n<meta property=\"og:description\" content=\"Tras el par\u00f3n primaveral, MotoGP vuelve y lo hace a lo grande con el TT de Assen, por lo que sepamos los horarios\" \/>\n<meta property=\"og:url\" content=\"https:\/\/www.firstlapf1.com\/en\/horario-y-donde-ver-el-tt-de-assen\/\" \/>\n<meta property=\"og:site_name\" content=\"Noticias F1 en espa\u00f1ol\" \/>\n<meta property=\"article:published_time\" content=\"2024-06-27T19:24:51+00:00\" \/>\n<meta property=\"article:modified_time\" content=\"2024-06-27T19:24:53+00:00\" \/>\n<meta property=\"og:image\" content=\"https:\/\/www.firstlapf1.com\/wp-content\/uploads\/2024\/06\/20240627_210851.jpg\" \/>\n\t<meta property=\"og:image:width\" content=\"1638\" \/>\n\t<meta property=\"og:image:height\" content=\"2048\" \/>\n\t<meta property=\"og:image:type\" content=\"image\/jpeg\" \/>\n<meta name=\"author\" content=\"Miguel Lora-Paquet\" \/>\n<meta name=\"twitter:card\" content=\"summary_large_image\" \/>\n<meta name=\"twitter:label1\" content=\"Written by\" \/>\n\t<meta name=\"twitter:data1\" content=\"Miguel Lora-Paquet\" \/>\n\t<meta name=\"twitter:label2\" content=\"Estimated reading time\" \/>\n\t<meta name=\"twitter:data2\" content=\"3 minutes\" \/>\n<script type=\"application\/ld+json\" class=\"yoast-schema-graph\">{\"@context\":\"https:\/\/schema.org\",\"@graph\":[{\"@type\":\"Article\",\"@id\":\"https:\/\/www.firstlapf1.com\/horario-y-donde-ver-el-tt-de-assen\/#article\",\"isPartOf\":{\"@id\":\"https:\/\/www.firstlapf1.com\/horario-y-donde-ver-el-tt-de-assen\/\"},\"author\":{\"name\":\"Miguel Lora-Paquet\",\"@id\":\"https:\/\/www.firstlapf1.com\/#\/schema\/person\/9eca09873eecb6d7836bc1a0bbd78250\"},\"headline\":\"Horario y d\u00f3nde ver el TT de Assen\",\"datePublished\":\"2024-06-27T19:24:51+00:00\",\"dateModified\":\"2024-06-27T19:24:53+00:00\",\"mainEntityOfPage\":{\"@id\":\"https:\/\/www.firstlapf1.com\/horario-y-donde-ver-el-tt-de-assen\/\"},\"wordCount\":319,\"image\":{\"@id\":\"https:\/\/www.firstlapf1.com\/horario-y-donde-ver-el-tt-de-assen\/#primaryimage\"},\"thumbnailUrl\":\"https:\/\/www.firstlapf1.com\/wp-content\/uploads\/2024\/06\/20240627_210851.jpg\",\"articleSection\":[\"Circuitos MotoGP\",\"Escuder\u00edas MotoGP\",\"GP Pa\u00edses Bajos (TT Assen)\"],\"inLanguage\":\"en-GB\"},{\"@type\":\"WebPage\",\"@id\":\"https:\/\/www.firstlapf1.com\/horario-y-donde-ver-el-tt-de-assen\/\",\"url\":\"https:\/\/www.firstlapf1.com\/horario-y-donde-ver-el-tt-de-assen\/\",\"name\":\"Horario y d\u00f3nde ver el TT de Assen - Noticias F1 en espa\u00f1ol\",\"isPartOf\":{\"@id\":\"https:\/\/www.firstlapf1.com\/#website\"},\"primaryImageOfPage\":{\"@id\":\"https:\/\/www.firstlapf1.com\/horario-y-donde-ver-el-tt-de-assen\/#primaryimage\"},\"image\":{\"@id\":\"https:\/\/www.firstlapf1.com\/horario-y-donde-ver-el-tt-de-assen\/#primaryimage\"},\"thumbnailUrl\":\"https:\/\/www.firstlapf1.com\/wp-content\/uploads\/2024\/06\/20240627_210851.jpg\",\"datePublished\":\"2024-06-27T19:24:51+00:00\",\"dateModified\":\"2024-06-27T19:24:53+00:00\",\"author\":{\"@id\":\"https:\/\/www.firstlapf1.com\/#\/schema\/person\/9eca09873eecb6d7836bc1a0bbd78250\"},\"description\":\"Tras el par\u00f3n primaveral, MotoGP vuelve y lo hace a lo grande con el TT de Assen, por lo que sepamos los horarios\",\"inLanguage\":\"en-GB\",\"potentialAction\":[{\"@type\":\"ReadAction\",\"target\":[\"https:\/\/www.firstlapf1.com\/horario-y-donde-ver-el-tt-de-assen\/\"]}]},{\"@type\":\"ImageObject\",\"inLanguage\":\"en-GB\",\"@id\":\"https:\/\/www.firstlapf1.com\/horario-y-donde-ver-el-tt-de-assen\/#primaryimage\",\"url\":\"https:\/\/www.firstlapf1.com\/wp-content\/uploads\/2024\/06\/20240627_210851.jpg\",\"contentUrl\":\"https:\/\/www.firstlapf1.com\/wp-content\/uploads\/2024\/06\/20240627_210851.jpg\",\"width\":1638,\"height\":2048},{\"@type\":\"WebSite\",\"@id\":\"https:\/\/www.firstlapf1.com\/#website\",\"url\":\"https:\/\/www.firstlapf1.com\/\",\"name\":\"Noticias F1 en espa\u00f1ol\",\"description\":\"Noticias F1 en espa\u00f1ol\",\"potentialAction\":[{\"@type\":\"SearchAction\",\"target\":{\"@type\":\"EntryPoint\",\"urlTemplate\":\"https:\/\/www.firstlapf1.com\/?s={search_term_string}\"},\"query-input\":{\"@type\":\"PropertyValueSpecification\",\"valueRequired\":true,\"valueName\":\"search_term_string\"}}],\"inLanguage\":\"en-GB\"},{\"@type\":\"Person\",\"@id\":\"https:\/\/www.firstlapf1.com\/#\/schema\/person\/9eca09873eecb6d7836bc1a0bbd78250\",\"name\":\"Miguel Lora-Paquet\",\"image\":{\"@type\":\"ImageObject\",\"inLanguage\":\"en-GB\",\"@id\":\"https:\/\/www.firstlapf1.com\/#\/schema\/person\/image\/\",\"url\":\"https:\/\/www.firstlapf1.com\/wp-content\/uploads\/2022\/09\/7d393f41-126a-4a1e-bf1d-9d04e2ebc621.jpeg\",\"contentUrl\":\"https:\/\/www.firstlapf1.com\/wp-content\/uploads\/2022\/09\/7d393f41-126a-4a1e-bf1d-9d04e2ebc621.jpeg\",\"caption\":\"Miguel Lora-Paquet\"},\"url\":\"https:\/\/www.firstlapf1.com\/en\/author\/miguel\/\"}]}<\/script>\n<!-- \/ Yoast SEO plugin. -->","yoast_head_json":{"title":"Horario y d\u00f3nde ver el TT de Assen - Noticias F1 en espa\u00f1ol","description":"Tras el par\u00f3n primaveral, MotoGP vuelve y lo hace a lo grande con el TT de Assen, por lo que sepamos los horarios","robots":{"index":"index","follow":"follow","max-snippet":"max-snippet:-1","max-image-preview":"max-image-preview:large","max-video-preview":"max-video-preview:-1"},"canonical":"https:\/\/www.firstlapf1.com\/en\/horario-y-donde-ver-el-tt-de-assen\/","og_locale":"en_GB","og_type":"article","og_title":"Horario y d\u00f3nde ver el TT de Assen - Noticias F1 en espa\u00f1ol","og_description":"Tras el par\u00f3n primaveral, MotoGP vuelve y lo hace a lo grande con el TT de Assen, por lo que sepamos los horarios","og_url":"https:\/\/www.firstlapf1.com\/en\/horario-y-donde-ver-el-tt-de-assen\/","og_site_name":"Noticias F1 en espa\u00f1ol","article_published_time":"2024-06-27T19:24:51+00:00","article_modified_time":"2024-06-27T19:24:53+00:00","og_image":[{"width":1638,"height":2048,"url":"https:\/\/www.firstlapf1.com\/wp-content\/uploads\/2024\/06\/20240627_210851.jpg","type":"image\/jpeg"}],"author":"Miguel Lora-Paquet","twitter_card":"summary_large_image","twitter_misc":{"Written by":"Miguel Lora-Paquet","Estimated reading time":"3 minutes"},"schema":{"@context":"https:\/\/schema.org","@graph":[{"@type":"Article","@id":"https:\/\/www.firstlapf1.com\/horario-y-donde-ver-el-tt-de-assen\/#article","isPartOf":{"@id":"https:\/\/www.firstlapf1.com\/horario-y-donde-ver-el-tt-de-assen\/"},"author":{"name":"Miguel Lora-Paquet","@id":"https:\/\/www.firstlapf1.com\/#\/schema\/person\/9eca09873eecb6d7836bc1a0bbd78250"},"headline":"Horario y d\u00f3nde ver el TT de Assen","datePublished":"2024-06-27T19:24:51+00:00","dateModified":"2024-06-27T19:24:53+00:00","mainEntityOfPage":{"@id":"https:\/\/www.firstlapf1.com\/horario-y-donde-ver-el-tt-de-assen\/"},"wordCount":319,"image":{"@id":"https:\/\/www.firstlapf1.com\/horario-y-donde-ver-el-tt-de-assen\/#primaryimage"},"thumbnailUrl":"https:\/\/www.firstlapf1.com\/wp-content\/uploads\/2024\/06\/20240627_210851.jpg","articleSection":["Circuitos MotoGP","Escuder\u00edas MotoGP","GP Pa\u00edses Bajos (TT Assen)"],"inLanguage":"en-GB"},{"@type":"WebPage","@id":"https:\/\/www.firstlapf1.com\/horario-y-donde-ver-el-tt-de-assen\/","url":"https:\/\/www.firstlapf1.com\/horario-y-donde-ver-el-tt-de-assen\/","name":"Horario y d\u00f3nde ver el TT de Assen - Noticias F1 en espa\u00f1ol","isPartOf":{"@id":"https:\/\/www.firstlapf1.com\/#website"},"primaryImageOfPage":{"@id":"https:\/\/www.firstlapf1.com\/horario-y-donde-ver-el-tt-de-assen\/#primaryimage"},"image":{"@id":"https:\/\/www.firstlapf1.com\/horario-y-donde-ver-el-tt-de-assen\/#primaryimage"},"thumbnailUrl":"https:\/\/www.firstlapf1.com\/wp-content\/uploads\/2024\/06\/20240627_210851.jpg","datePublished":"2024-06-27T19:24:51+00:00","dateModified":"2024-06-27T19:24:53+00:00","author":{"@id":"https:\/\/www.firstlapf1.com\/#\/schema\/person\/9eca09873eecb6d7836bc1a0bbd78250"},"description":"Tras el par\u00f3n primaveral, MotoGP vuelve y lo hace a lo grande con el TT de Assen, por lo que sepamos los horarios","inLanguage":"en-GB","potentialAction":[{"@type":"ReadAction","target":["https:\/\/www.firstlapf1.com\/horario-y-donde-ver-el-tt-de-assen\/"]}]},{"@type":"ImageObject","inLanguage":"en-GB","@id":"https:\/\/www.firstlapf1.com\/horario-y-donde-ver-el-tt-de-assen\/#primaryimage","url":"https:\/\/www.firstlapf1.com\/wp-content\/uploads\/2024\/06\/20240627_210851.jpg","contentUrl":"https:\/\/www.firstlapf1.com\/wp-content\/uploads\/2024\/06\/20240627_210851.jpg","width":1638,"height":2048},{"@type":"WebSite","@id":"https:\/\/www.firstlapf1.com\/#website","url":"https:\/\/www.firstlapf1.com\/","name":"Noticias F1 en espa\u00f1ol","description":"Noticias F1 en espa\u00f1ol","potentialAction":[{"@type":"SearchAction","target":{"@type":"EntryPoint","urlTemplate":"https:\/\/www.firstlapf1.com\/?s={search_term_string}"},"query-input":{"@type":"PropertyValueSpecification","valueRequired":true,"valueName":"search_term_string"}}],"inLanguage":"en-GB"},{"@type":"Person","@id":"https:\/\/www.firstlapf1.com\/#\/schema\/person\/9eca09873eecb6d7836bc1a0bbd78250","name":"Miguel Lora-Paquet","image":{"@type":"ImageObject","inLanguage":"en-GB","@id":"https:\/\/www.firstlapf1.com\/#\/schema\/person\/image\/","url":"https:\/\/www.firstlapf1.com\/wp-content\/uploads\/2022\/09\/7d393f41-126a-4a1e-bf1d-9d04e2ebc621.jpeg","contentUrl":"https:\/\/www.firstlapf1.com\/wp-content\/uploads\/2022\/09\/7d393f41-126a-4a1e-bf1d-9d04e2ebc621.jpeg","caption":"Miguel Lora-Paquet"},"url":"https:\/\/www.firstlapf1.com\/en\/author\/miguel\/"}]}},"jetpack_featured_media_url":"https:\/\/www.firstlapf1.com\/wp-content\/uploads\/2024\/06\/20240627_210851.jpg","jetpack_sharing_enabled":true,"_links":{"self":[{"href":"https:\/\/www.firstlapf1.com\/en\/wp-json\/wp\/v2\/posts\/8868","targetHints":{"allow":["GET"]}}],"collection":[{"href":"https:\/\/www.firstlapf1.com\/en\/wp-json\/wp\/v2\/posts"}],"about":[{"href":"https:\/\/www.firstlapf1.com\/en\/wp-json\/wp\/v2\/types\/post"}],"author":[{"embeddable":true,"href":"https:\/\/www.firstlapf1.com\/en\/wp-json\/wp\/v2\/users\/2"}],"replies":[{"embeddable":true,"href":"https:\/\/www.firstlapf1.com\/en\/wp-json\/wp\/v2\/comments?post=8868"}],"version-history":[{"count":3,"href":"https:\/\/www.firstlapf1.com\/en\/wp-json\/wp\/v2\/posts\/8868\/revisions"}],"predecessor-version":[{"id":8893,"href":"https:\/\/www.firstlapf1.com\/en\/wp-json\/wp\/v2\/posts\/8868\/revisions\/8893"}],"wp:featuredmedia":[{"embeddable":true,"href":"https:\/\/www.firstlapf1.com\/en\/wp-json\/wp\/v2\/media\/8892"}],"wp:attachment":[{"href":"https:\/\/www.firstlapf1.com\/en\/wp-json\/wp\/v2\/media?parent=8868"}],"wp:term":[{"taxonomy":"category","embeddable":true,"href":"https:\/\/www.firstlapf1.com\/en\/wp-json\/wp\/v2\/categories?post=8868"},{"taxonomy":"post_tag","embeddable":true,"href":"https:\/\/www.firstlapf1.com\/en\/wp-json\/wp\/v2\/tags?post=8868"}],"curies":[{"name":"wp","href":"https:\/\/api.w.org\/{rel}","templated":true}]}}