{"id":8852,"date":"2024-06-28T14:21:08","date_gmt":"2024-06-28T14:21:08","guid":{"rendered":"https:\/\/www.firstlapf1.com\/?p=8852"},"modified":"2024-06-28T14:24:40","modified_gmt":"2024-06-28T14:24:40","slug":"resultados-clasificacion-f2-hauger-se-aferra-a-la-pole","status":"publish","type":"post","link":"https:\/\/www.firstlapf1.com\/en\/resultados-clasificacion-f2-hauger-se-aferra-a-la-pole\/","title":{"rendered":"Resultados Clasificaci\u00f3n F2: Hauger se aferra a la pole"},"content":{"rendered":"<h2 class=\"wp-block-heading\">Hauger se lleva una pole importante, en los resultados de la <a href=\"https:\/\/www.fiaformula2.com\/\" target=\"_blank\" rel=\"noreferrer noopener\">clasificaci\u00f3n<\/a> de F2, de cara al Mundial, por delante de Durksen y Bortoleto<\/h2>\n\n\n\n<p>El Campeonato de F\u00f3rmula 2 sigue en temporada alta y hace su tradicional parada veraniega en Austria. El <a href=\"https:\/\/www.firstlapf1.com\/en\/category\/austria\/\" target=\"_blank\" rel=\"noreferrer noopener\">Red Bull Ring<\/a> recibe a los pilotos de la categor\u00eda de plata en un momento clave de la temporada. Aron se ha colocado al frente de la general y se ha posicionado como favorito, por delante de Hadjar. Tambi\u00e9n, del gran dominador de este inicio de temporada, Maloney.<br><br>Aunque este circuito te permite adelantar con mayor facilidad que Montmel\u00f3 y Montecarlo, como es habitual en estas categor\u00edas soporte de la F\u00f3rmula 1, la clasificaci\u00f3n del viernes es sumamente importante.<br><br>El sem\u00e1foro se puso en verde, y r\u00e1pidamente salieron todos los pilotos a testar la pista. Tras 2 vueltas de calentamiento y pista a punto de los neum\u00e1ticos, fueron llegando los primeros tiempos. As\u00ed, Hadjar se coloc\u00f3 1\u00ba (1.15.828), delante de Aron y Bortoleto. No obstante, un golpe de mala suerte volvi\u00f3 a cebarse con el Campos de Hadjar, en pole provisional. Su motor dec\u00eda basta y ten\u00eda que dejar aparcado el coche a la entrada de boxes.<br><br>Tras los primeros intentos, todos volvieron a boxes para apurar a los \u00faltimos minutos a luchar por la pole. Despu\u00e9s de salir a pista a menos de 10 minutos del final, llegaban progresivamente los \u00faltimos intentos para robar la pole a Hadjar.<br>De esta forma, Hauger revent\u00f3 el crono (1.15.487), delante de la revelaci\u00f3n de la temporada, Durksen. M\u00e1s atr\u00e1s, Bortoleto se coloc\u00f3 3\u00ba, delante de Colapinto y el l\u00edder del Campeonato, Paul Aron, que termin\u00f3 por marcarse un trompo a 2 minutos del final.<br><br>Sin embargo, la sesi\u00f3n result\u00f3 ser muy positiva para \u00e9l, ya que sus dos grandes rivales, Hadjar (7\u00ba) y Maloney (20\u00ba), estaban detr\u00e1s en los resultados de la clasificaci\u00f3n de F2.<br><br>Esta situaci\u00f3n nos deja por delante un fin de semana m\u00e1s que interesante, con los favoritos a la remontada, sorpresas, y presumiblemente, acci\u00f3n por la victoria en ambas carreras.<\/p>\n\n\n\n<figure class=\"wp-block-image size-large\"><img loading=\"lazy\" decoding=\"async\" width=\"1024\" height=\"576\" src=\"https:\/\/www.firstlapf1.com\/wp-content\/uploads\/2024\/06\/20240628_154228-1024x576.jpg\" alt=\"\" class=\"wp-image-8926\" srcset=\"https:\/\/www.firstlapf1.com\/wp-content\/uploads\/2024\/06\/20240628_154228-1024x576.jpg 1024w, https:\/\/www.firstlapf1.com\/wp-content\/uploads\/2024\/06\/20240628_154228-300x169.jpg 300w, https:\/\/www.firstlapf1.com\/wp-content\/uploads\/2024\/06\/20240628_154228-768x432.jpg 768w, https:\/\/www.firstlapf1.com\/wp-content\/uploads\/2024\/06\/20240628_154228-1536x864.jpg 1536w, https:\/\/www.firstlapf1.com\/wp-content\/uploads\/2024\/06\/20240628_154228-18x10.jpg 18w, https:\/\/www.firstlapf1.com\/wp-content\/uploads\/2024\/06\/20240628_154228-190x107.jpg 190w, https:\/\/www.firstlapf1.com\/wp-content\/uploads\/2024\/06\/20240628_154228.jpg 1920w\" sizes=\"auto, (max-width: 1024px) 100vw, 1024px\" \/><\/figure>","protected":false},"excerpt":{"rendered":"<p>Hauger se lleva una pole importante, en los resultados de la clasificaci\u00f3n de F2,  de cara al Mundial, por delante de Durksen y Bortoleto &hellip; <span class=\"more-button\"><a href=\"https:\/\/www.firstlapf1.com\/en\/resultados-clasificacion-f2-hauger-se-aferra-a-la-pole\/\" class=\"more-link\">Continue reading<span class=\"screen-reader-text\">Resultados Clasificaci\u00f3n F2: Hauger se aferra a la pole<\/span><\/a><\/span><\/p>","protected":false},"author":1,"featured_media":8932,"comment_status":"closed","ping_status":"open","sticky":false,"template":"","format":"standard","meta":{"_jetpack_memberships_contains_paid_content":false,"footnotes":""},"categories":[6,9,13,53],"tags":[],"class_list":["post-8852","post","type-post","status-publish","format-standard","has-post-thumbnail","hentry","category-circuitos","category-f2","category-austria","category-mp-motorsport"],"yoast_head":"<!-- This site is optimized with the Yoast SEO plugin v27.0 - https:\/\/yoast.com\/product\/yoast-seo-wordpress\/ -->\n<title>Resultados Clasificaci\u00f3n F2: Hauger se aferra a la pole - Noticias F1 en espa\u00f1ol<\/title>\n<meta name=\"description\" content=\"Hauger se lleva una pole importante, en los resultados de la clasificaci\u00f3n de F2, de cara al Mundial, por delante de Durksen y Bortoleto\" \/>\n<meta name=\"robots\" content=\"index, follow, max-snippet:-1, max-image-preview:large, max-video-preview:-1\" \/>\n<link rel=\"canonical\" href=\"https:\/\/www.firstlapf1.com\/en\/resultados-clasificacion-f2-hauger-se-aferra-a-la-pole\/\" \/>\n<meta property=\"og:locale\" content=\"en_GB\" \/>\n<meta property=\"og:type\" content=\"article\" \/>\n<meta property=\"og:title\" content=\"Resultados Clasificaci\u00f3n F2: Hauger se aferra a la pole - Noticias F1 en espa\u00f1ol\" \/>\n<meta property=\"og:description\" content=\"Hauger se lleva una pole importante, en los resultados de la clasificaci\u00f3n de F2, de cara al Mundial, por delante de Durksen y Bortoleto\" \/>\n<meta property=\"og:url\" content=\"https:\/\/www.firstlapf1.com\/en\/resultados-clasificacion-f2-hauger-se-aferra-a-la-pole\/\" \/>\n<meta property=\"og:site_name\" content=\"Noticias F1 en espa\u00f1ol\" \/>\n<meta property=\"article:published_time\" content=\"2024-06-28T14:21:08+00:00\" \/>\n<meta property=\"article:modified_time\" content=\"2024-06-28T14:24:40+00:00\" \/>\n<meta property=\"og:image\" content=\"https:\/\/www.firstlapf1.com\/wp-content\/uploads\/2024\/06\/20240628_154208-1.jpg\" \/>\n\t<meta property=\"og:image:width\" content=\"1080\" \/>\n\t<meta property=\"og:image:height\" content=\"1350\" \/>\n\t<meta property=\"og:image:type\" content=\"image\/jpeg\" \/>\n<meta name=\"author\" content=\"firstlap_admin\" \/>\n<meta name=\"twitter:card\" content=\"summary_large_image\" \/>\n<meta name=\"twitter:label1\" content=\"Written by\" \/>\n\t<meta name=\"twitter:data1\" content=\"firstlap_admin\" \/>\n\t<meta name=\"twitter:label2\" content=\"Estimated reading time\" \/>\n\t<meta name=\"twitter:data2\" content=\"2 minutes\" \/>\n<script type=\"application\/ld+json\" class=\"yoast-schema-graph\">{\"@context\":\"https:\/\/schema.org\",\"@graph\":[{\"@type\":\"Article\",\"@id\":\"https:\/\/www.firstlapf1.com\/resultados-clasificacion-f2-hauger-se-aferra-a-la-pole\/#article\",\"isPartOf\":{\"@id\":\"https:\/\/www.firstlapf1.com\/resultados-clasificacion-f2-hauger-se-aferra-a-la-pole\/\"},\"author\":{\"name\":\"firstlap_admin\",\"@id\":\"https:\/\/www.firstlapf1.com\/#\/schema\/person\/875f779e8ddc35d0fa99a117124b74d1\"},\"headline\":\"Resultados Clasificaci\u00f3n F2: Hauger se aferra a la pole\",\"datePublished\":\"2024-06-28T14:21:08+00:00\",\"dateModified\":\"2024-06-28T14:24:40+00:00\",\"mainEntityOfPage\":{\"@id\":\"https:\/\/www.firstlapf1.com\/resultados-clasificacion-f2-hauger-se-aferra-a-la-pole\/\"},\"wordCount\":366,\"image\":{\"@id\":\"https:\/\/www.firstlapf1.com\/resultados-clasificacion-f2-hauger-se-aferra-a-la-pole\/#primaryimage\"},\"thumbnailUrl\":\"https:\/\/www.firstlapf1.com\/wp-content\/uploads\/2024\/06\/20240628_154208-1.jpg\",\"articleSection\":[\"Circuitos\",\"F2\",\"GP Austria (Red Bull Ring)\",\"MP Motorsport (F2)\"],\"inLanguage\":\"en-GB\"},{\"@type\":\"WebPage\",\"@id\":\"https:\/\/www.firstlapf1.com\/resultados-clasificacion-f2-hauger-se-aferra-a-la-pole\/\",\"url\":\"https:\/\/www.firstlapf1.com\/resultados-clasificacion-f2-hauger-se-aferra-a-la-pole\/\",\"name\":\"Resultados Clasificaci\u00f3n F2: Hauger se aferra a la pole - Noticias F1 en espa\u00f1ol\",\"isPartOf\":{\"@id\":\"https:\/\/www.firstlapf1.com\/#website\"},\"primaryImageOfPage\":{\"@id\":\"https:\/\/www.firstlapf1.com\/resultados-clasificacion-f2-hauger-se-aferra-a-la-pole\/#primaryimage\"},\"image\":{\"@id\":\"https:\/\/www.firstlapf1.com\/resultados-clasificacion-f2-hauger-se-aferra-a-la-pole\/#primaryimage\"},\"thumbnailUrl\":\"https:\/\/www.firstlapf1.com\/wp-content\/uploads\/2024\/06\/20240628_154208-1.jpg\",\"datePublished\":\"2024-06-28T14:21:08+00:00\",\"dateModified\":\"2024-06-28T14:24:40+00:00\",\"author\":{\"@id\":\"https:\/\/www.firstlapf1.com\/#\/schema\/person\/875f779e8ddc35d0fa99a117124b74d1\"},\"description\":\"Hauger se lleva una pole importante, en los resultados de la clasificaci\u00f3n de F2, de cara al Mundial, por delante de Durksen y Bortoleto\",\"inLanguage\":\"en-GB\",\"potentialAction\":[{\"@type\":\"ReadAction\",\"target\":[\"https:\/\/www.firstlapf1.com\/resultados-clasificacion-f2-hauger-se-aferra-a-la-pole\/\"]}]},{\"@type\":\"ImageObject\",\"inLanguage\":\"en-GB\",\"@id\":\"https:\/\/www.firstlapf1.com\/resultados-clasificacion-f2-hauger-se-aferra-a-la-pole\/#primaryimage\",\"url\":\"https:\/\/www.firstlapf1.com\/wp-content\/uploads\/2024\/06\/20240628_154208-1.jpg\",\"contentUrl\":\"https:\/\/www.firstlapf1.com\/wp-content\/uploads\/2024\/06\/20240628_154208-1.jpg\",\"width\":1080,\"height\":1350},{\"@type\":\"WebSite\",\"@id\":\"https:\/\/www.firstlapf1.com\/#website\",\"url\":\"https:\/\/www.firstlapf1.com\/\",\"name\":\"Noticias F1 en espa\u00f1ol\",\"description\":\"Noticias F1 en espa\u00f1ol\",\"potentialAction\":[{\"@type\":\"SearchAction\",\"target\":{\"@type\":\"EntryPoint\",\"urlTemplate\":\"https:\/\/www.firstlapf1.com\/?s={search_term_string}\"},\"query-input\":{\"@type\":\"PropertyValueSpecification\",\"valueRequired\":true,\"valueName\":\"search_term_string\"}}],\"inLanguage\":\"en-GB\"},{\"@type\":\"Person\",\"@id\":\"https:\/\/www.firstlapf1.com\/#\/schema\/person\/875f779e8ddc35d0fa99a117124b74d1\",\"name\":\"firstlap_admin\",\"image\":{\"@type\":\"ImageObject\",\"inLanguage\":\"en-GB\",\"@id\":\"https:\/\/www.firstlapf1.com\/#\/schema\/person\/image\/\",\"url\":\"https:\/\/secure.gravatar.com\/avatar\/84be0310c4060e415ae8a26c2500f614a7a109a82dc35ca0486653ff5039956b?s=96&d=mm&r=g\",\"contentUrl\":\"https:\/\/secure.gravatar.com\/avatar\/84be0310c4060e415ae8a26c2500f614a7a109a82dc35ca0486653ff5039956b?s=96&d=mm&r=g\",\"caption\":\"firstlap_admin\"},\"sameAs\":[\"https:\/\/www.firstlapf1.com\"],\"url\":\"https:\/\/www.firstlapf1.com\/en\/author\/firstlap_admin\/\"}]}<\/script>\n<!-- \/ Yoast SEO plugin. -->","yoast_head_json":{"title":"Resultados Clasificaci\u00f3n F2: Hauger se aferra a la pole - Noticias F1 en espa\u00f1ol","description":"Hauger se lleva una pole importante, en los resultados de la clasificaci\u00f3n de F2, de cara al Mundial, por delante de Durksen y Bortoleto","robots":{"index":"index","follow":"follow","max-snippet":"max-snippet:-1","max-image-preview":"max-image-preview:large","max-video-preview":"max-video-preview:-1"},"canonical":"https:\/\/www.firstlapf1.com\/en\/resultados-clasificacion-f2-hauger-se-aferra-a-la-pole\/","og_locale":"en_GB","og_type":"article","og_title":"Resultados Clasificaci\u00f3n F2: Hauger se aferra a la pole - Noticias F1 en espa\u00f1ol","og_description":"Hauger se lleva una pole importante, en los resultados de la clasificaci\u00f3n de F2, de cara al Mundial, por delante de Durksen y Bortoleto","og_url":"https:\/\/www.firstlapf1.com\/en\/resultados-clasificacion-f2-hauger-se-aferra-a-la-pole\/","og_site_name":"Noticias F1 en espa\u00f1ol","article_published_time":"2024-06-28T14:21:08+00:00","article_modified_time":"2024-06-28T14:24:40+00:00","og_image":[{"width":1080,"height":1350,"url":"https:\/\/www.firstlapf1.com\/wp-content\/uploads\/2024\/06\/20240628_154208-1.jpg","type":"image\/jpeg"}],"author":"firstlap_admin","twitter_card":"summary_large_image","twitter_misc":{"Written by":"firstlap_admin","Estimated reading time":"2 minutes"},"schema":{"@context":"https:\/\/schema.org","@graph":[{"@type":"Article","@id":"https:\/\/www.firstlapf1.com\/resultados-clasificacion-f2-hauger-se-aferra-a-la-pole\/#article","isPartOf":{"@id":"https:\/\/www.firstlapf1.com\/resultados-clasificacion-f2-hauger-se-aferra-a-la-pole\/"},"author":{"name":"firstlap_admin","@id":"https:\/\/www.firstlapf1.com\/#\/schema\/person\/875f779e8ddc35d0fa99a117124b74d1"},"headline":"Resultados Clasificaci\u00f3n F2: Hauger se aferra a la pole","datePublished":"2024-06-28T14:21:08+00:00","dateModified":"2024-06-28T14:24:40+00:00","mainEntityOfPage":{"@id":"https:\/\/www.firstlapf1.com\/resultados-clasificacion-f2-hauger-se-aferra-a-la-pole\/"},"wordCount":366,"image":{"@id":"https:\/\/www.firstlapf1.com\/resultados-clasificacion-f2-hauger-se-aferra-a-la-pole\/#primaryimage"},"thumbnailUrl":"https:\/\/www.firstlapf1.com\/wp-content\/uploads\/2024\/06\/20240628_154208-1.jpg","articleSection":["Circuitos","F2","GP Austria (Red Bull Ring)","MP Motorsport (F2)"],"inLanguage":"en-GB"},{"@type":"WebPage","@id":"https:\/\/www.firstlapf1.com\/resultados-clasificacion-f2-hauger-se-aferra-a-la-pole\/","url":"https:\/\/www.firstlapf1.com\/resultados-clasificacion-f2-hauger-se-aferra-a-la-pole\/","name":"Resultados Clasificaci\u00f3n F2: Hauger se aferra a la pole - Noticias F1 en espa\u00f1ol","isPartOf":{"@id":"https:\/\/www.firstlapf1.com\/#website"},"primaryImageOfPage":{"@id":"https:\/\/www.firstlapf1.com\/resultados-clasificacion-f2-hauger-se-aferra-a-la-pole\/#primaryimage"},"image":{"@id":"https:\/\/www.firstlapf1.com\/resultados-clasificacion-f2-hauger-se-aferra-a-la-pole\/#primaryimage"},"thumbnailUrl":"https:\/\/www.firstlapf1.com\/wp-content\/uploads\/2024\/06\/20240628_154208-1.jpg","datePublished":"2024-06-28T14:21:08+00:00","dateModified":"2024-06-28T14:24:40+00:00","author":{"@id":"https:\/\/www.firstlapf1.com\/#\/schema\/person\/875f779e8ddc35d0fa99a117124b74d1"},"description":"Hauger se lleva una pole importante, en los resultados de la clasificaci\u00f3n de F2, de cara al Mundial, por delante de Durksen y Bortoleto","inLanguage":"en-GB","potentialAction":[{"@type":"ReadAction","target":["https:\/\/www.firstlapf1.com\/resultados-clasificacion-f2-hauger-se-aferra-a-la-pole\/"]}]},{"@type":"ImageObject","inLanguage":"en-GB","@id":"https:\/\/www.firstlapf1.com\/resultados-clasificacion-f2-hauger-se-aferra-a-la-pole\/#primaryimage","url":"https:\/\/www.firstlapf1.com\/wp-content\/uploads\/2024\/06\/20240628_154208-1.jpg","contentUrl":"https:\/\/www.firstlapf1.com\/wp-content\/uploads\/2024\/06\/20240628_154208-1.jpg","width":1080,"height":1350},{"@type":"WebSite","@id":"https:\/\/www.firstlapf1.com\/#website","url":"https:\/\/www.firstlapf1.com\/","name":"Noticias F1 en espa\u00f1ol","description":"Noticias F1 en espa\u00f1ol","potentialAction":[{"@type":"SearchAction","target":{"@type":"EntryPoint","urlTemplate":"https:\/\/www.firstlapf1.com\/?s={search_term_string}"},"query-input":{"@type":"PropertyValueSpecification","valueRequired":true,"valueName":"search_term_string"}}],"inLanguage":"en-GB"},{"@type":"Person","@id":"https:\/\/www.firstlapf1.com\/#\/schema\/person\/875f779e8ddc35d0fa99a117124b74d1","name":"firstlap_admin","image":{"@type":"ImageObject","inLanguage":"en-GB","@id":"https:\/\/www.firstlapf1.com\/#\/schema\/person\/image\/","url":"https:\/\/secure.gravatar.com\/avatar\/84be0310c4060e415ae8a26c2500f614a7a109a82dc35ca0486653ff5039956b?s=96&d=mm&r=g","contentUrl":"https:\/\/secure.gravatar.com\/avatar\/84be0310c4060e415ae8a26c2500f614a7a109a82dc35ca0486653ff5039956b?s=96&d=mm&r=g","caption":"firstlap_admin"},"sameAs":["https:\/\/www.firstlapf1.com"],"url":"https:\/\/www.firstlapf1.com\/en\/author\/firstlap_admin\/"}]}},"jetpack_featured_media_url":"https:\/\/www.firstlapf1.com\/wp-content\/uploads\/2024\/06\/20240628_154208-1.jpg","jetpack_sharing_enabled":true,"_links":{"self":[{"href":"https:\/\/www.firstlapf1.com\/en\/wp-json\/wp\/v2\/posts\/8852","targetHints":{"allow":["GET"]}}],"collection":[{"href":"https:\/\/www.firstlapf1.com\/en\/wp-json\/wp\/v2\/posts"}],"about":[{"href":"https:\/\/www.firstlapf1.com\/en\/wp-json\/wp\/v2\/types\/post"}],"author":[{"embeddable":true,"href":"https:\/\/www.firstlapf1.com\/en\/wp-json\/wp\/v2\/users\/1"}],"replies":[{"embeddable":true,"href":"https:\/\/www.firstlapf1.com\/en\/wp-json\/wp\/v2\/comments?post=8852"}],"version-history":[{"count":5,"href":"https:\/\/www.firstlapf1.com\/en\/wp-json\/wp\/v2\/posts\/8852\/revisions"}],"predecessor-version":[{"id":8931,"href":"https:\/\/www.firstlapf1.com\/en\/wp-json\/wp\/v2\/posts\/8852\/revisions\/8931"}],"wp:featuredmedia":[{"embeddable":true,"href":"https:\/\/www.firstlapf1.com\/en\/wp-json\/wp\/v2\/media\/8932"}],"wp:attachment":[{"href":"https:\/\/www.firstlapf1.com\/en\/wp-json\/wp\/v2\/media?parent=8852"}],"wp:term":[{"taxonomy":"category","embeddable":true,"href":"https:\/\/www.firstlapf1.com\/en\/wp-json\/wp\/v2\/categories?post=8852"},{"taxonomy":"post_tag","embeddable":true,"href":"https:\/\/www.firstlapf1.com\/en\/wp-json\/wp\/v2\/tags?post=8852"}],"curies":[{"name":"wp","href":"https:\/\/api.w.org\/{rel}","templated":true}]}}