{"id":8771,"date":"2024-06-22T13:53:11","date_gmt":"2024-06-22T13:53:11","guid":{"rendered":"https:\/\/www.firstlapf1.com\/?p=8771"},"modified":"2025-10-25T10:44:30","modified_gmt":"2025-10-25T10:44:30","slug":"resultados-sprint-f2-martins-sobrevive-a-las-sanciones","status":"publish","type":"post","link":"https:\/\/www.firstlapf1.com\/en\/resultados-sprint-f2-martins-sobrevive-a-las-sanciones\/","title":{"rendered":"Resultados Sprint F2: Martins sobrevive a las sanciones"},"content":{"rendered":"<h2 class=\"wp-block-heading\">Victor Martins se alza en Barcelona, con Maini y Correa en el podio como resultados de la sprint de F2 en <a href=\"https:\/\/www.fiaformula2.com\/\" target=\"_blank\" rel=\"noreferrer noopener\">Montmel\u00f3<\/a><\/h2>\n\n\n\n<p>Salida limpia con alg\u00fan que otro roce entre los pilotos pero ning\u00fan accidente. Unas posiciones ganadas, otras perdidas y adelantamientos en torno a las quinta, sexta vuelta.<\/p>\n\n\n\n<p>Villag\u00f3mez sac\u00f3 de la pista a Bearman, ambos luchaban por conseguir remontar las posiciones bajas en las que quedaron tras la clasificaci\u00f3n en la jornada del viernes. Despu\u00e9s de la salida de pista de Oliver, no recuper\u00f3 y fue adelantado, primero por Fittipaldi y posteriormente por el resto del pelot\u00f3n. Esto le dej\u00f3 entre las \u00faltimas posiciones de la parrilla.<\/p>\n\n\n\n<h2 class=\"wp-block-heading has-normal-font-size\">Comenzaban las sanciones<\/h2>\n\n\n\n<p>Victor Martins lider\u00f3 la carrera durante gran parte de ella por lo que fue bastante tranquilo durante la sesi\u00f3n. Entre Maini y Miyata, este \u00faltimo recib\u00eda doble  penalizaci\u00f3n por tracks limits, lucharon por el segundo pelda\u00f1o del podio. Stanek recib\u00eda una sanci\u00f3n de cinco segundos. Maloney no se qued\u00f3 atr\u00e1s en cuanto a las penalizaciones y obtuvo otros 5 segundos.<\/p>\n\n\n\n<p>Hauger compet\u00eda con el PREMA Racing de Antonelli. Mantuvieron la pelea durante varias vueltas hasta que el MP Motorsport adelantaba al italiano corroborando as\u00ed el mal rendimiento de los PREMA en el GP de Espa\u00f1a.<\/p>\n\n\n\n<p>Juan Manuel Correa se acercaba a Bortoleto para intentar conseguir la cuarta posici\u00f3n y, con las sanciones de los pilotos en zona de podio, optar a subir a alg\u00fan caj\u00f3n, ya bien sea en segunda o en tercera puesto que el dominio de Victor fue imparable. Espectacular adelantamiento de Aron a Bortoleto, que fue adelantado tambi\u00e9n por Crawford, en una pelea apasionante por el podio.<\/p>\n\n\n\n<p>Finalmente, en los resultados de la sprint de F2, Martins se llev\u00f3 la victoria tras un comienzo de a\u00f1o complicado, Maini 2\u00ba y Correa entra en el podio, tras la sanci\u00f3n de 10s a Miyata por track limits. Pepe Mart\u00ed se queda en la 14\u00ba posici\u00f3n, la misma desde donde comenz\u00f3 la <a href=\"https:\/\/www.firstlapf1.com\/en\/category\/espana\/\" target=\"_blank\" rel=\"noreferrer noopener\">sprint<\/a>.<\/p>\n\n\n\n<figure class=\"wp-block-image size-large\"><img loading=\"lazy\" decoding=\"async\" width=\"1024\" height=\"576\" src=\"https:\/\/www.firstlapf1.com\/wp-content\/uploads\/2024\/06\/20240622_153813-1024x576.jpg\" alt=\"\" class=\"wp-image-8789\" srcset=\"https:\/\/www.firstlapf1.com\/wp-content\/uploads\/2024\/06\/20240622_153813-1024x576.jpg 1024w, https:\/\/www.firstlapf1.com\/wp-content\/uploads\/2024\/06\/20240622_153813-300x169.jpg 300w, https:\/\/www.firstlapf1.com\/wp-content\/uploads\/2024\/06\/20240622_153813-768x432.jpg 768w, https:\/\/www.firstlapf1.com\/wp-content\/uploads\/2024\/06\/20240622_153813-1536x864.jpg 1536w, https:\/\/www.firstlapf1.com\/wp-content\/uploads\/2024\/06\/20240622_153813-18x10.jpg 18w, https:\/\/www.firstlapf1.com\/wp-content\/uploads\/2024\/06\/20240622_153813-190x107.jpg 190w, https:\/\/www.firstlapf1.com\/wp-content\/uploads\/2024\/06\/20240622_153813.jpg 1920w\" sizes=\"auto, (max-width: 1024px) 100vw, 1024px\" \/><\/figure>","protected":false},"excerpt":{"rendered":"<p>Victor Martins se alza en Barcelona, con Maini y Correa en el podio como resultados de la sprint de F2 en Montmel\u00f3 Salida limpia con<span class=\"more-button\"><a href=\"https:\/\/www.firstlapf1.com\/en\/resultados-sprint-f2-martins-sobrevive-a-las-sanciones\/\" class=\"more-link\">Continue reading<span class=\"screen-reader-text\">Resultados Sprint F2: Martins sobrevive a las sanciones<\/span><\/a><\/span><\/p>","protected":false},"author":36,"featured_media":8790,"comment_status":"closed","ping_status":"open","sticky":false,"template":"","format":"standard","meta":{"_jetpack_memberships_contains_paid_content":false,"footnotes":""},"categories":[55,5,6,9,21],"tags":[],"class_list":["post-8771","post","type-post","status-publish","format-standard","has-post-thumbnail","hentry","category-art-grand-prix","category-alpine","category-circuitos","category-f2","category-barcelona"],"yoast_head":"<!-- This site is optimized with the Yoast SEO plugin v27.0 - https:\/\/yoast.com\/product\/yoast-seo-wordpress\/ -->\n<title>Resultados Sprint F2: Martins sobrevive a las sanciones - Noticias F1 en espa\u00f1ol<\/title>\n<meta name=\"description\" content=\"Victor Martins se alza en Barcelona, con Maini y Correa en el podio como resultados de la sprint de F2 en Montmel\u00f3\" \/>\n<meta name=\"robots\" content=\"index, follow, max-snippet:-1, max-image-preview:large, max-video-preview:-1\" \/>\n<link rel=\"canonical\" href=\"https:\/\/www.firstlapf1.com\/en\/resultados-sprint-f2-martins-sobrevive-a-las-sanciones\/\" \/>\n<meta property=\"og:locale\" content=\"en_GB\" \/>\n<meta property=\"og:type\" content=\"article\" \/>\n<meta property=\"og:title\" content=\"Resultados Sprint F2: Martins sobrevive a las sanciones - Noticias F1 en espa\u00f1ol\" \/>\n<meta property=\"og:description\" content=\"Victor Martins se alza en Barcelona, con Maini y Correa en el podio como resultados de la sprint de F2 en Montmel\u00f3\" \/>\n<meta property=\"og:url\" content=\"https:\/\/www.firstlapf1.com\/en\/resultados-sprint-f2-martins-sobrevive-a-las-sanciones\/\" \/>\n<meta property=\"og:site_name\" content=\"Noticias F1 en espa\u00f1ol\" \/>\n<meta property=\"article:published_time\" content=\"2024-06-22T13:53:11+00:00\" \/>\n<meta property=\"article:modified_time\" content=\"2025-10-25T10:44:30+00:00\" \/>\n<meta property=\"og:image\" content=\"https:\/\/www.firstlapf1.com\/wp-content\/uploads\/2024\/06\/20240622_150210.jpg\" \/>\n\t<meta property=\"og:image:width\" content=\"1080\" \/>\n\t<meta property=\"og:image:height\" content=\"1350\" \/>\n\t<meta property=\"og:image:type\" content=\"image\/jpeg\" \/>\n<meta name=\"author\" content=\"Pilar Lora-Paquet\" \/>\n<meta name=\"twitter:card\" content=\"summary_large_image\" \/>\n<meta name=\"twitter:label1\" content=\"Written by\" \/>\n\t<meta name=\"twitter:data1\" content=\"Pilar Lora-Paquet\" \/>\n\t<meta name=\"twitter:label2\" content=\"Estimated reading time\" \/>\n\t<meta name=\"twitter:data2\" content=\"2 minutes\" \/>\n<script type=\"application\/ld+json\" class=\"yoast-schema-graph\">{\"@context\":\"https:\/\/schema.org\",\"@graph\":[{\"@type\":\"Article\",\"@id\":\"https:\/\/www.firstlapf1.com\/resultados-sprint-f2-martins-sobrevive-a-las-sanciones\/#article\",\"isPartOf\":{\"@id\":\"https:\/\/www.firstlapf1.com\/resultados-sprint-f2-martins-sobrevive-a-las-sanciones\/\"},\"author\":{\"name\":\"Pilar Lora-Paquet\",\"@id\":\"https:\/\/www.firstlapf1.com\/#\/schema\/person\/d27dc1f78b39797d415074821cf43373\"},\"headline\":\"Resultados Sprint F2: Martins sobrevive a las sanciones\",\"datePublished\":\"2024-06-22T13:53:11+00:00\",\"dateModified\":\"2025-10-25T10:44:30+00:00\",\"mainEntityOfPage\":{\"@id\":\"https:\/\/www.firstlapf1.com\/resultados-sprint-f2-martins-sobrevive-a-las-sanciones\/\"},\"wordCount\":352,\"image\":{\"@id\":\"https:\/\/www.firstlapf1.com\/resultados-sprint-f2-martins-sobrevive-a-las-sanciones\/#primaryimage\"},\"thumbnailUrl\":\"https:\/\/www.firstlapf1.com\/wp-content\/uploads\/2024\/06\/20240622_150210.jpg\",\"articleSection\":[\"ART Grand Prix (F2)\",\"BWT Alpine Formula One Team\",\"Circuitos\",\"F2\",\"GP Barcelona (Circuit de Barcelona-Catalunya)\"],\"inLanguage\":\"en-GB\"},{\"@type\":\"WebPage\",\"@id\":\"https:\/\/www.firstlapf1.com\/resultados-sprint-f2-martins-sobrevive-a-las-sanciones\/\",\"url\":\"https:\/\/www.firstlapf1.com\/resultados-sprint-f2-martins-sobrevive-a-las-sanciones\/\",\"name\":\"Resultados Sprint F2: Martins sobrevive a las sanciones - Noticias F1 en espa\u00f1ol\",\"isPartOf\":{\"@id\":\"https:\/\/www.firstlapf1.com\/#website\"},\"primaryImageOfPage\":{\"@id\":\"https:\/\/www.firstlapf1.com\/resultados-sprint-f2-martins-sobrevive-a-las-sanciones\/#primaryimage\"},\"image\":{\"@id\":\"https:\/\/www.firstlapf1.com\/resultados-sprint-f2-martins-sobrevive-a-las-sanciones\/#primaryimage\"},\"thumbnailUrl\":\"https:\/\/www.firstlapf1.com\/wp-content\/uploads\/2024\/06\/20240622_150210.jpg\",\"datePublished\":\"2024-06-22T13:53:11+00:00\",\"dateModified\":\"2025-10-25T10:44:30+00:00\",\"author\":{\"@id\":\"https:\/\/www.firstlapf1.com\/#\/schema\/person\/d27dc1f78b39797d415074821cf43373\"},\"description\":\"Victor Martins se alza en Barcelona, con Maini y Correa en el podio como resultados de la sprint de F2 en Montmel\u00f3\",\"inLanguage\":\"en-GB\",\"potentialAction\":[{\"@type\":\"ReadAction\",\"target\":[\"https:\/\/www.firstlapf1.com\/resultados-sprint-f2-martins-sobrevive-a-las-sanciones\/\"]}]},{\"@type\":\"ImageObject\",\"inLanguage\":\"en-GB\",\"@id\":\"https:\/\/www.firstlapf1.com\/resultados-sprint-f2-martins-sobrevive-a-las-sanciones\/#primaryimage\",\"url\":\"https:\/\/www.firstlapf1.com\/wp-content\/uploads\/2024\/06\/20240622_150210.jpg\",\"contentUrl\":\"https:\/\/www.firstlapf1.com\/wp-content\/uploads\/2024\/06\/20240622_150210.jpg\",\"width\":1080,\"height\":1350},{\"@type\":\"WebSite\",\"@id\":\"https:\/\/www.firstlapf1.com\/#website\",\"url\":\"https:\/\/www.firstlapf1.com\/\",\"name\":\"Noticias F1 en espa\u00f1ol\",\"description\":\"Noticias F1 en espa\u00f1ol\",\"potentialAction\":[{\"@type\":\"SearchAction\",\"target\":{\"@type\":\"EntryPoint\",\"urlTemplate\":\"https:\/\/www.firstlapf1.com\/?s={search_term_string}\"},\"query-input\":{\"@type\":\"PropertyValueSpecification\",\"valueRequired\":true,\"valueName\":\"search_term_string\"}}],\"inLanguage\":\"en-GB\"},{\"@type\":\"Person\",\"@id\":\"https:\/\/www.firstlapf1.com\/#\/schema\/person\/d27dc1f78b39797d415074821cf43373\",\"name\":\"Pilar Lora-Paquet\",\"image\":{\"@type\":\"ImageObject\",\"inLanguage\":\"en-GB\",\"@id\":\"https:\/\/www.firstlapf1.com\/#\/schema\/person\/image\/\",\"url\":\"https:\/\/secure.gravatar.com\/avatar\/8387d351dae5a517ebe4af4c40d081973b3dc88bcb2265dcc2979ef0e2803131?s=96&d=mm&r=g\",\"contentUrl\":\"https:\/\/secure.gravatar.com\/avatar\/8387d351dae5a517ebe4af4c40d081973b3dc88bcb2265dcc2979ef0e2803131?s=96&d=mm&r=g\",\"caption\":\"Pilar Lora-Paquet\"},\"sameAs\":[\"http:\/\/www.firstlapf1.com\/\"],\"url\":\"https:\/\/www.firstlapf1.com\/en\/author\/plorapaquet\/\"}]}<\/script>\n<!-- \/ Yoast SEO plugin. -->","yoast_head_json":{"title":"Resultados Sprint F2: Martins sobrevive a las sanciones - Noticias F1 en espa\u00f1ol","description":"Victor Martins se alza en Barcelona, con Maini y Correa en el podio como resultados de la sprint de F2 en Montmel\u00f3","robots":{"index":"index","follow":"follow","max-snippet":"max-snippet:-1","max-image-preview":"max-image-preview:large","max-video-preview":"max-video-preview:-1"},"canonical":"https:\/\/www.firstlapf1.com\/en\/resultados-sprint-f2-martins-sobrevive-a-las-sanciones\/","og_locale":"en_GB","og_type":"article","og_title":"Resultados Sprint F2: Martins sobrevive a las sanciones - Noticias F1 en espa\u00f1ol","og_description":"Victor Martins se alza en Barcelona, con Maini y Correa en el podio como resultados de la sprint de F2 en Montmel\u00f3","og_url":"https:\/\/www.firstlapf1.com\/en\/resultados-sprint-f2-martins-sobrevive-a-las-sanciones\/","og_site_name":"Noticias F1 en espa\u00f1ol","article_published_time":"2024-06-22T13:53:11+00:00","article_modified_time":"2025-10-25T10:44:30+00:00","og_image":[{"width":1080,"height":1350,"url":"https:\/\/www.firstlapf1.com\/wp-content\/uploads\/2024\/06\/20240622_150210.jpg","type":"image\/jpeg"}],"author":"Pilar Lora-Paquet","twitter_card":"summary_large_image","twitter_misc":{"Written by":"Pilar Lora-Paquet","Estimated reading time":"2 minutes"},"schema":{"@context":"https:\/\/schema.org","@graph":[{"@type":"Article","@id":"https:\/\/www.firstlapf1.com\/resultados-sprint-f2-martins-sobrevive-a-las-sanciones\/#article","isPartOf":{"@id":"https:\/\/www.firstlapf1.com\/resultados-sprint-f2-martins-sobrevive-a-las-sanciones\/"},"author":{"name":"Pilar Lora-Paquet","@id":"https:\/\/www.firstlapf1.com\/#\/schema\/person\/d27dc1f78b39797d415074821cf43373"},"headline":"Resultados Sprint F2: Martins sobrevive a las sanciones","datePublished":"2024-06-22T13:53:11+00:00","dateModified":"2025-10-25T10:44:30+00:00","mainEntityOfPage":{"@id":"https:\/\/www.firstlapf1.com\/resultados-sprint-f2-martins-sobrevive-a-las-sanciones\/"},"wordCount":352,"image":{"@id":"https:\/\/www.firstlapf1.com\/resultados-sprint-f2-martins-sobrevive-a-las-sanciones\/#primaryimage"},"thumbnailUrl":"https:\/\/www.firstlapf1.com\/wp-content\/uploads\/2024\/06\/20240622_150210.jpg","articleSection":["ART Grand Prix (F2)","BWT Alpine Formula One Team","Circuitos","F2","GP Barcelona (Circuit de Barcelona-Catalunya)"],"inLanguage":"en-GB"},{"@type":"WebPage","@id":"https:\/\/www.firstlapf1.com\/resultados-sprint-f2-martins-sobrevive-a-las-sanciones\/","url":"https:\/\/www.firstlapf1.com\/resultados-sprint-f2-martins-sobrevive-a-las-sanciones\/","name":"Resultados Sprint F2: Martins sobrevive a las sanciones - Noticias F1 en espa\u00f1ol","isPartOf":{"@id":"https:\/\/www.firstlapf1.com\/#website"},"primaryImageOfPage":{"@id":"https:\/\/www.firstlapf1.com\/resultados-sprint-f2-martins-sobrevive-a-las-sanciones\/#primaryimage"},"image":{"@id":"https:\/\/www.firstlapf1.com\/resultados-sprint-f2-martins-sobrevive-a-las-sanciones\/#primaryimage"},"thumbnailUrl":"https:\/\/www.firstlapf1.com\/wp-content\/uploads\/2024\/06\/20240622_150210.jpg","datePublished":"2024-06-22T13:53:11+00:00","dateModified":"2025-10-25T10:44:30+00:00","author":{"@id":"https:\/\/www.firstlapf1.com\/#\/schema\/person\/d27dc1f78b39797d415074821cf43373"},"description":"Victor Martins se alza en Barcelona, con Maini y Correa en el podio como resultados de la sprint de F2 en Montmel\u00f3","inLanguage":"en-GB","potentialAction":[{"@type":"ReadAction","target":["https:\/\/www.firstlapf1.com\/resultados-sprint-f2-martins-sobrevive-a-las-sanciones\/"]}]},{"@type":"ImageObject","inLanguage":"en-GB","@id":"https:\/\/www.firstlapf1.com\/resultados-sprint-f2-martins-sobrevive-a-las-sanciones\/#primaryimage","url":"https:\/\/www.firstlapf1.com\/wp-content\/uploads\/2024\/06\/20240622_150210.jpg","contentUrl":"https:\/\/www.firstlapf1.com\/wp-content\/uploads\/2024\/06\/20240622_150210.jpg","width":1080,"height":1350},{"@type":"WebSite","@id":"https:\/\/www.firstlapf1.com\/#website","url":"https:\/\/www.firstlapf1.com\/","name":"Noticias F1 en espa\u00f1ol","description":"Noticias F1 en espa\u00f1ol","potentialAction":[{"@type":"SearchAction","target":{"@type":"EntryPoint","urlTemplate":"https:\/\/www.firstlapf1.com\/?s={search_term_string}"},"query-input":{"@type":"PropertyValueSpecification","valueRequired":true,"valueName":"search_term_string"}}],"inLanguage":"en-GB"},{"@type":"Person","@id":"https:\/\/www.firstlapf1.com\/#\/schema\/person\/d27dc1f78b39797d415074821cf43373","name":"Pilar Lora-Paquet","image":{"@type":"ImageObject","inLanguage":"en-GB","@id":"https:\/\/www.firstlapf1.com\/#\/schema\/person\/image\/","url":"https:\/\/secure.gravatar.com\/avatar\/8387d351dae5a517ebe4af4c40d081973b3dc88bcb2265dcc2979ef0e2803131?s=96&d=mm&r=g","contentUrl":"https:\/\/secure.gravatar.com\/avatar\/8387d351dae5a517ebe4af4c40d081973b3dc88bcb2265dcc2979ef0e2803131?s=96&d=mm&r=g","caption":"Pilar Lora-Paquet"},"sameAs":["http:\/\/www.firstlapf1.com\/"],"url":"https:\/\/www.firstlapf1.com\/en\/author\/plorapaquet\/"}]}},"jetpack_featured_media_url":"https:\/\/www.firstlapf1.com\/wp-content\/uploads\/2024\/06\/20240622_150210.jpg","jetpack_sharing_enabled":true,"_links":{"self":[{"href":"https:\/\/www.firstlapf1.com\/en\/wp-json\/wp\/v2\/posts\/8771","targetHints":{"allow":["GET"]}}],"collection":[{"href":"https:\/\/www.firstlapf1.com\/en\/wp-json\/wp\/v2\/posts"}],"about":[{"href":"https:\/\/www.firstlapf1.com\/en\/wp-json\/wp\/v2\/types\/post"}],"author":[{"embeddable":true,"href":"https:\/\/www.firstlapf1.com\/en\/wp-json\/wp\/v2\/users\/36"}],"replies":[{"embeddable":true,"href":"https:\/\/www.firstlapf1.com\/en\/wp-json\/wp\/v2\/comments?post=8771"}],"version-history":[{"count":4,"href":"https:\/\/www.firstlapf1.com\/en\/wp-json\/wp\/v2\/posts\/8771\/revisions"}],"predecessor-version":[{"id":8792,"href":"https:\/\/www.firstlapf1.com\/en\/wp-json\/wp\/v2\/posts\/8771\/revisions\/8792"}],"wp:featuredmedia":[{"embeddable":true,"href":"https:\/\/www.firstlapf1.com\/en\/wp-json\/wp\/v2\/media\/8790"}],"wp:attachment":[{"href":"https:\/\/www.firstlapf1.com\/en\/wp-json\/wp\/v2\/media?parent=8771"}],"wp:term":[{"taxonomy":"category","embeddable":true,"href":"https:\/\/www.firstlapf1.com\/en\/wp-json\/wp\/v2\/categories?post=8771"},{"taxonomy":"post_tag","embeddable":true,"href":"https:\/\/www.firstlapf1.com\/en\/wp-json\/wp\/v2\/tags?post=8771"}],"curies":[{"name":"wp","href":"https:\/\/api.w.org\/{rel}","templated":true}]}}