{"id":8705,"date":"2024-06-21T14:27:47","date_gmt":"2024-06-21T14:27:47","guid":{"rendered":"https:\/\/www.firstlapf1.com\/?p=8705"},"modified":"2024-06-21T14:27:51","modified_gmt":"2024-06-21T14:27:51","slug":"analisis-este-es-el-circuit-de-barcelona-catalunya","status":"publish","type":"post","link":"https:\/\/www.firstlapf1.com\/en\/analisis-este-es-el-circuit-de-barcelona-catalunya\/","title":{"rendered":"An\u00e1lisis: Este es el Circuit de Barcelona-Catalunya"},"content":{"rendered":"<h2 class=\"wp-block-heading\">Llega el Gran Circo a la ciudad condal, el circuito de Espa\u00f1a perfecto para comprobar el nivel de cada uno de los equipos<\/h2>\n\n\n\n<p>La F\u00f3rmula 1 empieza esta racha de tres semanas seguidas de Gran Premio en Espa\u00f1a, el circuito que antes serv\u00eda de test de pretemporada, <a href=\"https:\/\/www.firstlapf1.com\/en\/category\/espana\/\" target=\"_blank\" rel=\"noreferrer noopener\">Circuit de Barcelona-Catalunya<\/a> y llegamos al d\u00e9cimo fin de semana de F\u00f3rmula 1. En consecuencia, toca detallar las caracter\u00edsticas del GP.<\/p>\n\n\n\n<h2 class=\"wp-block-heading\">Estad\u00edsticas<\/h2>\n\n\n\n<h2 class=\"wp-block-heading has-normal-font-size\">\u00daltimos ganadores<\/h2>\n\n\n\n<p>2019: Lewis Hamilton (Mercedes)<br>2020: Lewis Hamilton (Mercedes)<br>2021: Lewis Hamilton (Mercedes)<br>2022: Max Verstappen (Red Bull)<br>2023: Max Verstappen (Red Bull)<\/p>\n\n\n\n<h2 class=\"wp-block-heading has-normal-font-size\">Ganadores hist\u00f3ricos<\/h2>\n\n\n\n<p>El Gran Premio de Espa\u00f1a de F\u00f3rmula 1 se mud\u00f3 al Circuit en el 1991, anteriormente se disput\u00f3 en Jerez, Montjuic, Jarama y hasta en el circuito de Pedralbes.<br>Pero nos centraremos en los ganadores hist\u00f3ricos en el Circuit. Y hay dos nombres muy destacados, los dos \u00fanico heptacampeones del mundo, Lewis Hamilton, con victorias en el 2014, 2017, 2018, 2019, 2020 y 2021, y Michael Schumacher, consigui\u00e9ndolas en 1995, 1996, 2001, 2002, 2002, 2003 y 2004. Ambos suman seis victorias en este circuito.<br>Los siguientes pilotos en la lista son Mika H\u00e4kkinen y Max Verstappen con 3 victorias cada uno. El finland\u00e9s las consigui\u00f3 con McLaren Mercedes y el neerland\u00e9s lleg\u00f3 a la cima en el podio del Circuit, las tres veces con Red Bull, siendo una de ellas la primera victoria de su carrera en la F\u00f3rmula 1.<br>Con dos victorias se encuentran en la lista Nigel Mansell, Fernando Alonso y Kimi R\u00e4ikk\u00f6nen. El brit\u00e1nico las logr\u00f3 con Williams Renault en 1991 y 1992, ganando as\u00ed los dos primero GPs de F1 que se organizaron en el circuito de Montmel\u00f3. El piloto local, Fernando Alonso, se subi\u00f3 a lo m\u00e1s alto en 2006 y 2013 con Renault y Ferrari, respectivamente, y por \u00faltimo, el piloto finland\u00e9s consigui\u00f3 sus dos triunfos con McLaren-Mercedes y Ferrari. <\/p>\n\n\n\n<p>Con una \u00fanica victoria en el Circuit de Barcelona-Catalunya nos encontramos una gran lista de pilotos: Alain Prost (1993 con Williams-Renault), Damon Hill (1994 con Williams-Renault), Jacques Villeneuve (1997 con Williams-Renault), Felipe Massa (2007 con Ferrari), Jenson Button (2009 con Brawn GP), Mark Webber (2010 con Red Bull), Sebastian Vettel (2011 con Red Bull), Pastor Maldonado (2012 con Williams-Renault) y Nico Rosberg (2015 con Mercerdes).<\/p>\n\n\n\n<h2 class=\"wp-block-heading has-normal-font-size\">Distancia del GP<\/h2>\n\n\n\n<p>El Circuito de Espa\u00f1a tiene una longitud de 4,657km de longitud, a trav\u00e9s de 14 curvas y en el cual se dar\u00e1n un total de 66 vueltas, lo que se convierten en 307.236km totales de carrera.<\/p>\n\n\n\n<h2 class=\"wp-block-heading has-normal-font-size\">Vuelta r\u00e1pida hist\u00f3rica<\/h2>\n\n\n\n<p>1:16.330 (2023, Max Verstappen)<\/p>\n\n\n\n<figure class=\"wp-block-image size-large\"><img loading=\"lazy\" decoding=\"async\" width=\"819\" height=\"1024\" src=\"https:\/\/www.firstlapf1.com\/wp-content\/uploads\/2024\/06\/20240621_002715-1-819x1024.jpg\" alt=\"\" class=\"wp-image-8730\" srcset=\"https:\/\/www.firstlapf1.com\/wp-content\/uploads\/2024\/06\/20240621_002715-1-819x1024.jpg 819w, https:\/\/www.firstlapf1.com\/wp-content\/uploads\/2024\/06\/20240621_002715-1-240x300.jpg 240w, https:\/\/www.firstlapf1.com\/wp-content\/uploads\/2024\/06\/20240621_002715-1-768x960.jpg 768w, https:\/\/www.firstlapf1.com\/wp-content\/uploads\/2024\/06\/20240621_002715-1-1229x1536.jpg 1229w, https:\/\/www.firstlapf1.com\/wp-content\/uploads\/2024\/06\/20240621_002715-1-10x12.jpg 10w, https:\/\/www.firstlapf1.com\/wp-content\/uploads\/2024\/06\/20240621_002715-1.jpg 1638w\" sizes=\"auto, (max-width: 819px) 100vw, 819px\" \/><\/figure>\n\n\n\n<h2 class=\"wp-block-heading\">Claves<\/h2>\n\n\n\n<p>El circuito de Espa\u00f1a tiene un total de 14 curvas, 8 de ellas a la derecha y las 6 restantes a la izquierda.<\/p>\n\n\n\n<p><strong>Sector 1<\/strong><\/p>\n\n\n\n<p>Al empezar la vuelta comenzamos en una recta de un poco mas de 1km (1.047m) donde se permitir\u00e1 abrir el DRS y llegaremos a una velocidad de aproximadamente 325-330km\/h, despu\u00e9s de esta recta enorme nos encontraremos la curva 1 (curva Elf) y la curva 2 , una chicane muy abierta, donde no se frena muy fuerte ya que es una zona de velocidad media, llegamos a la \u00ba3, la cual es casi a fondo y se llegan a velocidades de 280km\/h. En este sector es muy importante el agarre mediante aerodin\u00e1mica.<\/p>\n\n\n\n<h2 class=\"wp-block-heading has-normal-font-size\">Sector 2<\/h2>\n\n\n\n<p>Llegamos a la curva 4, la Repsol, una curva donde se ataca el v\u00e9rtice temprano para salir muy abierto, para que nos d\u00e9 tiempo enderezar el coche y frenar para la 5, curva clave, mas larga de lo que parece y donde es muy f\u00e1cil cometer un error en salida. Despu\u00e9s de esta curva viene una que se considera curva pero que es a fondo, se toma como una mini recta, que es la curva 6. La 7 y la 8 son una chicane que nos hace llegar a la 9 (curva Campsa) con mucha velocidad, la curva mas r\u00e1pida y,<br>crucial porque entramos a la recta de atr\u00e1s, donde se nos permitir\u00e1 abrir el DRS.<\/p>\n\n\n\n<p><strong>3\u00ba sector<\/strong><\/p>\n\n\n\n<p>Llegamos a la curva de la Caixa, la curva mas famosa del circuito, la mayor frenada de todo el circuito, donde se puede disminuir de 310km\/h a 90km\/h, es decir frenar unos 220km\/h. Seguimos a la curva 12, la del Banco Sabadell, curva con su dificultad ya que se llega con la velocidad de la salida de la Caixa y toca soltar acelerador, frenar un poquito e intentar no acelerar antes de la cuenta. Desde 2023 es una curva crucial para llegar a la 13 con mucha velocidad para terminar la vuelta con la \u00faltima curva a fondo y llegar a la recta activando el DRS.<\/p>\n\n\n\n<h2 class=\"wp-block-heading\">Neum\u00e1ticos<\/h2>\n\n\n\n<p>Este circuito destaca por su gran degradaci\u00f3n, por lo cual Pirelli ha decidido traer la gama mas dura de los compuestos, el C1 (duro), C2 (medio) y C3 (blando). Al haber categor\u00edas soporte se ver\u00e1 una gran subida de grip conforme vaya pasando el fin de semana.<\/p>\n\n\n\n<figure class=\"wp-block-image size-large\"><img loading=\"lazy\" decoding=\"async\" width=\"819\" height=\"1024\" src=\"https:\/\/www.firstlapf1.com\/wp-content\/uploads\/2024\/06\/20240617_184721-1-819x1024.jpg\" alt=\"\" class=\"wp-image-8731\" srcset=\"https:\/\/www.firstlapf1.com\/wp-content\/uploads\/2024\/06\/20240617_184721-1-819x1024.jpg 819w, https:\/\/www.firstlapf1.com\/wp-content\/uploads\/2024\/06\/20240617_184721-1-240x300.jpg 240w, https:\/\/www.firstlapf1.com\/wp-content\/uploads\/2024\/06\/20240617_184721-1-768x960.jpg 768w, https:\/\/www.firstlapf1.com\/wp-content\/uploads\/2024\/06\/20240617_184721-1-1229x1536.jpg 1229w, https:\/\/www.firstlapf1.com\/wp-content\/uploads\/2024\/06\/20240617_184721-1-10x12.jpg 10w, https:\/\/www.firstlapf1.com\/wp-content\/uploads\/2024\/06\/20240617_184721-1.jpg 1638w\" sizes=\"auto, (max-width: 819px) 100vw, 819px\" \/><\/figure>\n\n\n\n<h2 class=\"wp-block-heading\">Clima<\/h2>\n\n\n\n<p>Las previsiones dan una temperatura mas o menos normal en el <a href=\"https:\/\/www.formula1.com\/en\/racing\/2024\/spain\/circuit\" target=\"_blank\" rel=\"noreferrer noopener\">Circuit<\/a> durante las sesiones del viernes y del s\u00e1bado, pero el domingo dan un 100% de lluvia durante la ma\u00f1ana (hasta las 12:00) y a partir de ah\u00ed pronostican un 80% de probabilidad de lluvia. Habr\u00e1 que ver como avanza el clima durante el fin de semana, pero podemos estar ante dos grandes premios seguidos con la carrera en mojado.<\/p>","protected":false},"excerpt":{"rendered":"<p>Llega el Gran Circo a la ciudad condal, el circuito de Espa\u00f1a perfecto para comprobar el nivel de cada uno de los equipos &hellip; <span class=\"more-button\"><a href=\"https:\/\/www.firstlapf1.com\/en\/analisis-este-es-el-circuit-de-barcelona-catalunya\/\" class=\"more-link\">Continue reading<span class=\"screen-reader-text\">An\u00e1lisis: Este es el Circuit de Barcelona-Catalunya<\/span><\/a><\/span><\/p>","protected":false},"author":63,"featured_media":8732,"comment_status":"closed","ping_status":"open","sticky":false,"template":"","format":"standard","meta":{"_jetpack_memberships_contains_paid_content":false,"footnotes":""},"categories":[6,21],"tags":[],"class_list":["post-8705","post","type-post","status-publish","format-standard","has-post-thumbnail","hentry","category-circuitos","category-barcelona"],"yoast_head":"<!-- This site is optimized with the Yoast SEO plugin v27.0 - https:\/\/yoast.com\/product\/yoast-seo-wordpress\/ -->\n<title>An\u00e1lisis: Este es el Circuit de Barcelona-Catalunya - Noticias F1 en espa\u00f1ol<\/title>\n<meta name=\"description\" content=\"Llega el Gran Circo a la ciudad condal, el circuito de Espa\u00f1a perfecto para comprobar el nivel de cada uno de los equipos\" \/>\n<meta name=\"robots\" content=\"index, follow, max-snippet:-1, max-image-preview:large, max-video-preview:-1\" \/>\n<link rel=\"canonical\" href=\"https:\/\/www.firstlapf1.com\/en\/analisis-este-es-el-circuit-de-barcelona-catalunya\/\" \/>\n<meta property=\"og:locale\" content=\"en_GB\" \/>\n<meta property=\"og:type\" content=\"article\" \/>\n<meta property=\"og:title\" content=\"An\u00e1lisis: Este es el Circuit de Barcelona-Catalunya - Noticias F1 en espa\u00f1ol\" \/>\n<meta property=\"og:description\" content=\"Llega el Gran Circo a la ciudad condal, el circuito de Espa\u00f1a perfecto para comprobar el nivel de cada uno de los equipos\" \/>\n<meta property=\"og:url\" content=\"https:\/\/www.firstlapf1.com\/en\/analisis-este-es-el-circuit-de-barcelona-catalunya\/\" \/>\n<meta property=\"og:site_name\" content=\"Noticias F1 en espa\u00f1ol\" \/>\n<meta property=\"article:published_time\" content=\"2024-06-21T14:27:47+00:00\" \/>\n<meta property=\"article:modified_time\" content=\"2024-06-21T14:27:51+00:00\" \/>\n<meta property=\"og:image\" content=\"https:\/\/www.firstlapf1.com\/wp-content\/uploads\/2024\/06\/20240621_162450.jpg\" \/>\n\t<meta property=\"og:image:width\" content=\"2048\" \/>\n\t<meta property=\"og:image:height\" content=\"1365\" \/>\n\t<meta property=\"og:image:type\" content=\"image\/jpeg\" \/>\n<meta name=\"author\" content=\"Antonio Vila\" \/>\n<meta name=\"twitter:card\" content=\"summary_large_image\" \/>\n<meta name=\"twitter:label1\" content=\"Written by\" \/>\n\t<meta name=\"twitter:data1\" content=\"Antonio Vila\" \/>\n\t<meta name=\"twitter:label2\" content=\"Estimated reading time\" \/>\n\t<meta name=\"twitter:data2\" content=\"5 minutes\" \/>\n<script type=\"application\/ld+json\" class=\"yoast-schema-graph\">{\"@context\":\"https:\/\/schema.org\",\"@graph\":[{\"@type\":\"Article\",\"@id\":\"https:\/\/www.firstlapf1.com\/analisis-este-es-el-circuit-de-barcelona-catalunya\/#article\",\"isPartOf\":{\"@id\":\"https:\/\/www.firstlapf1.com\/analisis-este-es-el-circuit-de-barcelona-catalunya\/\"},\"author\":{\"name\":\"Antonio Vila\",\"@id\":\"https:\/\/www.firstlapf1.com\/#\/schema\/person\/836f93df382ae5b9888b485de2102948\"},\"headline\":\"An\u00e1lisis: Este es el Circuit de Barcelona-Catalunya\",\"datePublished\":\"2024-06-21T14:27:47+00:00\",\"dateModified\":\"2024-06-21T14:27:51+00:00\",\"mainEntityOfPage\":{\"@id\":\"https:\/\/www.firstlapf1.com\/analisis-este-es-el-circuit-de-barcelona-catalunya\/\"},\"wordCount\":876,\"image\":{\"@id\":\"https:\/\/www.firstlapf1.com\/analisis-este-es-el-circuit-de-barcelona-catalunya\/#primaryimage\"},\"thumbnailUrl\":\"https:\/\/www.firstlapf1.com\/wp-content\/uploads\/2024\/06\/20240621_162450.jpg\",\"articleSection\":[\"Circuitos\",\"GP Barcelona (Circuit de Barcelona-Catalunya)\"],\"inLanguage\":\"en-GB\"},{\"@type\":\"WebPage\",\"@id\":\"https:\/\/www.firstlapf1.com\/analisis-este-es-el-circuit-de-barcelona-catalunya\/\",\"url\":\"https:\/\/www.firstlapf1.com\/analisis-este-es-el-circuit-de-barcelona-catalunya\/\",\"name\":\"An\u00e1lisis: Este es el Circuit de Barcelona-Catalunya - Noticias F1 en espa\u00f1ol\",\"isPartOf\":{\"@id\":\"https:\/\/www.firstlapf1.com\/#website\"},\"primaryImageOfPage\":{\"@id\":\"https:\/\/www.firstlapf1.com\/analisis-este-es-el-circuit-de-barcelona-catalunya\/#primaryimage\"},\"image\":{\"@id\":\"https:\/\/www.firstlapf1.com\/analisis-este-es-el-circuit-de-barcelona-catalunya\/#primaryimage\"},\"thumbnailUrl\":\"https:\/\/www.firstlapf1.com\/wp-content\/uploads\/2024\/06\/20240621_162450.jpg\",\"datePublished\":\"2024-06-21T14:27:47+00:00\",\"dateModified\":\"2024-06-21T14:27:51+00:00\",\"author\":{\"@id\":\"https:\/\/www.firstlapf1.com\/#\/schema\/person\/836f93df382ae5b9888b485de2102948\"},\"description\":\"Llega el Gran Circo a la ciudad condal, el circuito de Espa\u00f1a perfecto para comprobar el nivel de cada uno de los equipos\",\"inLanguage\":\"en-GB\",\"potentialAction\":[{\"@type\":\"ReadAction\",\"target\":[\"https:\/\/www.firstlapf1.com\/analisis-este-es-el-circuit-de-barcelona-catalunya\/\"]}]},{\"@type\":\"ImageObject\",\"inLanguage\":\"en-GB\",\"@id\":\"https:\/\/www.firstlapf1.com\/analisis-este-es-el-circuit-de-barcelona-catalunya\/#primaryimage\",\"url\":\"https:\/\/www.firstlapf1.com\/wp-content\/uploads\/2024\/06\/20240621_162450.jpg\",\"contentUrl\":\"https:\/\/www.firstlapf1.com\/wp-content\/uploads\/2024\/06\/20240621_162450.jpg\",\"width\":2048,\"height\":1365},{\"@type\":\"WebSite\",\"@id\":\"https:\/\/www.firstlapf1.com\/#website\",\"url\":\"https:\/\/www.firstlapf1.com\/\",\"name\":\"Noticias F1 en espa\u00f1ol\",\"description\":\"Noticias F1 en espa\u00f1ol\",\"potentialAction\":[{\"@type\":\"SearchAction\",\"target\":{\"@type\":\"EntryPoint\",\"urlTemplate\":\"https:\/\/www.firstlapf1.com\/?s={search_term_string}\"},\"query-input\":{\"@type\":\"PropertyValueSpecification\",\"valueRequired\":true,\"valueName\":\"search_term_string\"}}],\"inLanguage\":\"en-GB\"},{\"@type\":\"Person\",\"@id\":\"https:\/\/www.firstlapf1.com\/#\/schema\/person\/836f93df382ae5b9888b485de2102948\",\"name\":\"Antonio Vila\",\"image\":{\"@type\":\"ImageObject\",\"inLanguage\":\"en-GB\",\"@id\":\"https:\/\/www.firstlapf1.com\/#\/schema\/person\/image\/\",\"url\":\"https:\/\/secure.gravatar.com\/avatar\/c880af1d90f0ed57b0aae231181829c1e33d575a403743342cd25053876ef8de?s=96&d=mm&r=g\",\"contentUrl\":\"https:\/\/secure.gravatar.com\/avatar\/c880af1d90f0ed57b0aae231181829c1e33d575a403743342cd25053876ef8de?s=96&d=mm&r=g\",\"caption\":\"Antonio Vila\"},\"sameAs\":[\"http:\/\/www.firstlapf1.com\/\"],\"url\":\"https:\/\/www.firstlapf1.com\/en\/author\/antvil\/\"}]}<\/script>\n<!-- \/ Yoast SEO plugin. -->","yoast_head_json":{"title":"An\u00e1lisis: Este es el Circuit de Barcelona-Catalunya - Noticias F1 en espa\u00f1ol","description":"Llega el Gran Circo a la ciudad condal, el circuito de Espa\u00f1a perfecto para comprobar el nivel de cada uno de los equipos","robots":{"index":"index","follow":"follow","max-snippet":"max-snippet:-1","max-image-preview":"max-image-preview:large","max-video-preview":"max-video-preview:-1"},"canonical":"https:\/\/www.firstlapf1.com\/en\/analisis-este-es-el-circuit-de-barcelona-catalunya\/","og_locale":"en_GB","og_type":"article","og_title":"An\u00e1lisis: Este es el Circuit de Barcelona-Catalunya - Noticias F1 en espa\u00f1ol","og_description":"Llega el Gran Circo a la ciudad condal, el circuito de Espa\u00f1a perfecto para comprobar el nivel de cada uno de los equipos","og_url":"https:\/\/www.firstlapf1.com\/en\/analisis-este-es-el-circuit-de-barcelona-catalunya\/","og_site_name":"Noticias F1 en espa\u00f1ol","article_published_time":"2024-06-21T14:27:47+00:00","article_modified_time":"2024-06-21T14:27:51+00:00","og_image":[{"width":2048,"height":1365,"url":"https:\/\/www.firstlapf1.com\/wp-content\/uploads\/2024\/06\/20240621_162450.jpg","type":"image\/jpeg"}],"author":"Antonio Vila","twitter_card":"summary_large_image","twitter_misc":{"Written by":"Antonio Vila","Estimated reading time":"5 minutes"},"schema":{"@context":"https:\/\/schema.org","@graph":[{"@type":"Article","@id":"https:\/\/www.firstlapf1.com\/analisis-este-es-el-circuit-de-barcelona-catalunya\/#article","isPartOf":{"@id":"https:\/\/www.firstlapf1.com\/analisis-este-es-el-circuit-de-barcelona-catalunya\/"},"author":{"name":"Antonio Vila","@id":"https:\/\/www.firstlapf1.com\/#\/schema\/person\/836f93df382ae5b9888b485de2102948"},"headline":"An\u00e1lisis: Este es el Circuit de Barcelona-Catalunya","datePublished":"2024-06-21T14:27:47+00:00","dateModified":"2024-06-21T14:27:51+00:00","mainEntityOfPage":{"@id":"https:\/\/www.firstlapf1.com\/analisis-este-es-el-circuit-de-barcelona-catalunya\/"},"wordCount":876,"image":{"@id":"https:\/\/www.firstlapf1.com\/analisis-este-es-el-circuit-de-barcelona-catalunya\/#primaryimage"},"thumbnailUrl":"https:\/\/www.firstlapf1.com\/wp-content\/uploads\/2024\/06\/20240621_162450.jpg","articleSection":["Circuitos","GP Barcelona (Circuit de Barcelona-Catalunya)"],"inLanguage":"en-GB"},{"@type":"WebPage","@id":"https:\/\/www.firstlapf1.com\/analisis-este-es-el-circuit-de-barcelona-catalunya\/","url":"https:\/\/www.firstlapf1.com\/analisis-este-es-el-circuit-de-barcelona-catalunya\/","name":"An\u00e1lisis: Este es el Circuit de Barcelona-Catalunya - Noticias F1 en espa\u00f1ol","isPartOf":{"@id":"https:\/\/www.firstlapf1.com\/#website"},"primaryImageOfPage":{"@id":"https:\/\/www.firstlapf1.com\/analisis-este-es-el-circuit-de-barcelona-catalunya\/#primaryimage"},"image":{"@id":"https:\/\/www.firstlapf1.com\/analisis-este-es-el-circuit-de-barcelona-catalunya\/#primaryimage"},"thumbnailUrl":"https:\/\/www.firstlapf1.com\/wp-content\/uploads\/2024\/06\/20240621_162450.jpg","datePublished":"2024-06-21T14:27:47+00:00","dateModified":"2024-06-21T14:27:51+00:00","author":{"@id":"https:\/\/www.firstlapf1.com\/#\/schema\/person\/836f93df382ae5b9888b485de2102948"},"description":"Llega el Gran Circo a la ciudad condal, el circuito de Espa\u00f1a perfecto para comprobar el nivel de cada uno de los equipos","inLanguage":"en-GB","potentialAction":[{"@type":"ReadAction","target":["https:\/\/www.firstlapf1.com\/analisis-este-es-el-circuit-de-barcelona-catalunya\/"]}]},{"@type":"ImageObject","inLanguage":"en-GB","@id":"https:\/\/www.firstlapf1.com\/analisis-este-es-el-circuit-de-barcelona-catalunya\/#primaryimage","url":"https:\/\/www.firstlapf1.com\/wp-content\/uploads\/2024\/06\/20240621_162450.jpg","contentUrl":"https:\/\/www.firstlapf1.com\/wp-content\/uploads\/2024\/06\/20240621_162450.jpg","width":2048,"height":1365},{"@type":"WebSite","@id":"https:\/\/www.firstlapf1.com\/#website","url":"https:\/\/www.firstlapf1.com\/","name":"Noticias F1 en espa\u00f1ol","description":"Noticias F1 en espa\u00f1ol","potentialAction":[{"@type":"SearchAction","target":{"@type":"EntryPoint","urlTemplate":"https:\/\/www.firstlapf1.com\/?s={search_term_string}"},"query-input":{"@type":"PropertyValueSpecification","valueRequired":true,"valueName":"search_term_string"}}],"inLanguage":"en-GB"},{"@type":"Person","@id":"https:\/\/www.firstlapf1.com\/#\/schema\/person\/836f93df382ae5b9888b485de2102948","name":"Antonio Vila","image":{"@type":"ImageObject","inLanguage":"en-GB","@id":"https:\/\/www.firstlapf1.com\/#\/schema\/person\/image\/","url":"https:\/\/secure.gravatar.com\/avatar\/c880af1d90f0ed57b0aae231181829c1e33d575a403743342cd25053876ef8de?s=96&d=mm&r=g","contentUrl":"https:\/\/secure.gravatar.com\/avatar\/c880af1d90f0ed57b0aae231181829c1e33d575a403743342cd25053876ef8de?s=96&d=mm&r=g","caption":"Antonio Vila"},"sameAs":["http:\/\/www.firstlapf1.com\/"],"url":"https:\/\/www.firstlapf1.com\/en\/author\/antvil\/"}]}},"jetpack_featured_media_url":"https:\/\/www.firstlapf1.com\/wp-content\/uploads\/2024\/06\/20240621_162450.jpg","jetpack_sharing_enabled":true,"_links":{"self":[{"href":"https:\/\/www.firstlapf1.com\/en\/wp-json\/wp\/v2\/posts\/8705","targetHints":{"allow":["GET"]}}],"collection":[{"href":"https:\/\/www.firstlapf1.com\/en\/wp-json\/wp\/v2\/posts"}],"about":[{"href":"https:\/\/www.firstlapf1.com\/en\/wp-json\/wp\/v2\/types\/post"}],"author":[{"embeddable":true,"href":"https:\/\/www.firstlapf1.com\/en\/wp-json\/wp\/v2\/users\/63"}],"replies":[{"embeddable":true,"href":"https:\/\/www.firstlapf1.com\/en\/wp-json\/wp\/v2\/comments?post=8705"}],"version-history":[{"count":3,"href":"https:\/\/www.firstlapf1.com\/en\/wp-json\/wp\/v2\/posts\/8705\/revisions"}],"predecessor-version":[{"id":8734,"href":"https:\/\/www.firstlapf1.com\/en\/wp-json\/wp\/v2\/posts\/8705\/revisions\/8734"}],"wp:featuredmedia":[{"embeddable":true,"href":"https:\/\/www.firstlapf1.com\/en\/wp-json\/wp\/v2\/media\/8732"}],"wp:attachment":[{"href":"https:\/\/www.firstlapf1.com\/en\/wp-json\/wp\/v2\/media?parent=8705"}],"wp:term":[{"taxonomy":"category","embeddable":true,"href":"https:\/\/www.firstlapf1.com\/en\/wp-json\/wp\/v2\/categories?post=8705"},{"taxonomy":"post_tag","embeddable":true,"href":"https:\/\/www.firstlapf1.com\/en\/wp-json\/wp\/v2\/tags?post=8705"}],"curies":[{"name":"wp","href":"https:\/\/api.w.org\/{rel}","templated":true}]}}