{"id":7348,"date":"2024-03-01T15:55:01","date_gmt":"2024-03-01T15:55:01","guid":{"rendered":"https:\/\/www.firstlapf1.com\/?p=7348"},"modified":"2024-03-01T15:55:05","modified_gmt":"2024-03-01T15:55:05","slug":"resultados-carrera-al-sprint-f3-linblad-se-alza-con-la-victoria","status":"publish","type":"post","link":"https:\/\/www.firstlapf1.com\/en\/resultados-carrera-al-sprint-f3-linblad-se-alza-con-la-victoria\/","title":{"rendered":"Resultados Carrera al Sprint F3: Linblad se alza con la victoria"},"content":{"rendered":"<h2 class=\"wp-block-heading\">Tras una gran carrera, el ingl\u00e9s consigue su primera victoria en los resultados de la <a href=\"https:\/\/www.firstlapf1.com\/en\/resultados-clasificacion-f3-beganovic-consigue-la-1o-pole-del-ano\/\" target=\"_blank\" rel=\"noreferrer noopener\">Carrera al Sprint de la F3<\/a><\/h2>\n\n\n\n<p>La primera carrera del a\u00f1o ha llegado, y con la parrilla invertida, Laurens Van Hoepen part\u00eda desde el primer lugar, seguido de Tsolov y Esterson.<\/p>\n\n\n\n<p>La <a href=\"https:\/\/www.fiaformula3.com\/\" target=\"_blank\" rel=\"noreferrer noopener\">salida<\/a> fue buena por delante, con Santiago Ramos vi\u00e9ndose trompeado en la curva 1 tras un toque con Dino Beganovic. Nikola Tsolov arrebat\u00f3 el primer lugar a su compa\u00f1ero en ART y Beganovic sufr\u00eda un pinchazo producido por el toque en la primera curva, que lo relegaba m\u00e1s atr\u00e1s. Con un buen ritmo de carrera, Mari Boya empez\u00f3 a remontar, que ya era P10 en la vuelta 3. Tsolov y Van Hoepen estuvieron peleando por el liderato. El neerland\u00e9s lo pas\u00f3 en la curva 1, pero Nikola lo volvi\u00f3 a pasar tras la primera zona de DRS de la curva 4. Beganovic fue sancionado con 10 segundos debido al toque, al que le borrar\u00edan vueltas por salirse. Laurens Van Hoepen se quejaba de que su compa\u00f1ero lo hab\u00eda echado de pista y Meguetounif y Mansell se pon\u00edan a pelear por la P7, en manos del franc\u00e9s.<\/p>\n\n\n\n<p>Luke Browning se les acercaba y el de Hitech los adelant\u00f3 en la vuelta 6. Mari Boya aprovech\u00f3 esto y pas\u00f3 a Meguetounif, era P9. El franc\u00e9s peleaba ya con Min\u00ec, que lo pudo pasar tras un error del Trident. La primera bandera amarilla lleg\u00f3 por un trompo en la curva 4 de Joseph Loake. Browning era investigado por supuestamente adelantar por fuera, lo cual acabar\u00eda en sanci\u00f3n para el brit\u00e1nico. Linblad pasaba a Esterson por la P3, con un toque ligero incluido y Fornaroli aprovechaba, pas\u00e1ndolo tambi\u00e9n. <\/p>\n\n\n\n<p>Le borraron vuelta a Cian Shields y Van Hoepen consegu\u00eda pasar a su compa\u00f1ero en la vuelta 11, aunque Tsolov no se lo pon\u00eda f\u00e1cil y recuperaba el liderato. Linblad y Fornaroli se sumaban a la pelea y Esterson tambi\u00e9n. Tramnitz ten\u00eda oportunidades de acercarse y Arvid Linblad trataba de pasar al neerland\u00e9s y en la curva 10 bloqueaba el brit\u00e1nico de PREMA. Mat\u00edas Zagazeta se sal\u00eda y Callum Voisin se tocaba con Inthraphuvasak.<\/p>\n\n\n\n<figure class=\"wp-block-image size-large\"><img loading=\"lazy\" decoding=\"async\" width=\"1024\" height=\"576\" src=\"https:\/\/www.firstlapf1.com\/wp-content\/uploads\/2024\/03\/20240301_165343-1024x576.jpg\" alt=\"\" class=\"wp-image-7367\" srcset=\"https:\/\/www.firstlapf1.com\/wp-content\/uploads\/2024\/03\/20240301_165343-1024x576.jpg 1024w, https:\/\/www.firstlapf1.com\/wp-content\/uploads\/2024\/03\/20240301_165343-300x169.jpg 300w, https:\/\/www.firstlapf1.com\/wp-content\/uploads\/2024\/03\/20240301_165343-768x432.jpg 768w, https:\/\/www.firstlapf1.com\/wp-content\/uploads\/2024\/03\/20240301_165343-1536x864.jpg 1536w, https:\/\/www.firstlapf1.com\/wp-content\/uploads\/2024\/03\/20240301_165343-18x10.jpg 18w, https:\/\/www.firstlapf1.com\/wp-content\/uploads\/2024\/03\/20240301_165343-190x107.jpg 190w, https:\/\/www.firstlapf1.com\/wp-content\/uploads\/2024\/03\/20240301_165343.jpg 1920w\" sizes=\"auto, (max-width: 1024px) 100vw, 1024px\" \/><\/figure>\n\n\n\n<p>Boya pasaba a Mansell y Goethe aprovechaba, pas\u00f3 al de ART tambi\u00e9n. Linblad se colocaba en P2, tras un fallo de Van Hoepen en la curva 11. Tramnitz tambi\u00e9n se sumaba a la pelea del liderato y a 5 vueltas del final, Linblad pasaba a Tsolov, aunque el b\u00falgaro lo recuperaba tras ser empujado fuera de pista por el PREMA. Min\u00ec consigui\u00f3 pasar a Mari Boya y sal\u00eda la segunda bandera amarilla en el S2, provocada por un toque de Tommy Smith y Zagazeta en la 11, que ser\u00eda investigado 1 vuelta despu\u00e9s y dejaba al piloto peruano fuera. Van Hoepen se lanzaba en la 1, pero no consigui\u00f3 nada. <\/p>\n\n\n\n<p>Tsolov aparentemente sin gomas y fuera del DRS de Arvid se defend\u00eda de Van Hoepen, aunque su compa\u00f1ero le pasaba. Min\u00ec adelantaba a Browning y Mansell parec\u00eda que tocaba por detr\u00e1s a Bedrin en la 10, tras ser adelantado. Linblad se escapaba a m\u00e1s de 2 segundos y Tsolov ca\u00eda al P4. Mari Boya pasaba a Browning, que ten\u00eda la sanci\u00f3n de 10s. Min\u00ec batallaba con Esterson y Boya trataba de pescar en r\u00edo revuelto. Tras una \u00faltima vuelta fren\u00e9tica, es Arvid Linblad quien se llev\u00f3 la primera victoria del a\u00f1o, con Laurens Van Hoepen y Leonardo Fornaroli detr\u00e1s, con el italiano acabando a 36 mil\u00e9simas, en un final de photofinish. Al igual que su compatriota, Min\u00ec acab\u00f3 a 4 mil\u00e9simas de Esterson, tras otra acci\u00f3n similar. Luke Browning acab\u00f3 finalmente en P15 tras su sanci\u00f3n.<\/p>\n\n\n\n<h2 class=\"wp-block-heading has-normal-font-size\">Resultados de la carrera al sprint de la F3<\/h2>\n\n\n\n<ol class=\"wp-block-list\">\n<li>Arvid Linblad<\/li>\n\n\n\n<li>Laurens Van Hoepen<\/li>\n\n\n\n<li>Leonardo Fornaroli<\/li>\n\n\n\n<li>Nikola Tsolov<\/li>\n\n\n\n<li>Tim Tramnitz<\/li>\n\n\n\n<li>Max Esterson<\/li>\n\n\n\n<li>Gabriele Min\u00ec<\/li>\n\n\n\n<li>Mari Boya<\/li>\n\n\n\n<li>Oliver Goethe<\/li>\n\n\n\n<li>Sami Meguetounif<\/li>\n\n\n\n<li>Martinius Stenshorne<\/li>\n\n\n\n<li>Alex Dunne<\/li>\n\n\n\n<li>Nikita Bedrin<\/li>\n\n\n\n<li>Christian Mansell<\/li>\n\n\n\n<li>Luke Browning<\/li>\n\n\n\n<li>Tasanapol Inthraphuvasak<\/li>\n\n\n\n<li>Callum Voisin<\/li>\n\n\n\n<li>Sebasti\u00e1n Montoya<\/li>\n\n\n\n<li>Charlie Wurz<\/li>\n\n\n\n<li>Kacper Sztuka<\/li>\n\n\n\n<li>Santiago Ramos<\/li>\n\n\n\n<li>Noel Le\u00f3n<\/li>\n\n\n\n<li>Sophia Floersch<\/li>\n\n\n\n<li>Joshua Dufek<\/li>\n\n\n\n<li>Piotr Wisnicki<\/li>\n\n\n\n<li>Cian Shields<\/li>\n\n\n\n<li>Joseph Loake<\/li>\n\n\n\n<li>Tommy Smith<\/li>\n\n\n\n<li>Dino Beganovic <\/li>\n\n\n\n<li>Matias Zagazeta &#8211; DNF<\/li>\n<\/ol>\n\n\n\n<figure class=\"wp-block-image size-large\"><img loading=\"lazy\" decoding=\"async\" width=\"1024\" height=\"576\" src=\"https:\/\/www.firstlapf1.com\/wp-content\/uploads\/2024\/03\/20240301_165338-1024x576.jpg\" alt=\"\" class=\"wp-image-7369\" srcset=\"https:\/\/www.firstlapf1.com\/wp-content\/uploads\/2024\/03\/20240301_165338-1024x576.jpg 1024w, https:\/\/www.firstlapf1.com\/wp-content\/uploads\/2024\/03\/20240301_165338-300x169.jpg 300w, https:\/\/www.firstlapf1.com\/wp-content\/uploads\/2024\/03\/20240301_165338-768x432.jpg 768w, https:\/\/www.firstlapf1.com\/wp-content\/uploads\/2024\/03\/20240301_165338-1536x864.jpg 1536w, https:\/\/www.firstlapf1.com\/wp-content\/uploads\/2024\/03\/20240301_165338-18x10.jpg 18w, https:\/\/www.firstlapf1.com\/wp-content\/uploads\/2024\/03\/20240301_165338-190x107.jpg 190w, https:\/\/www.firstlapf1.com\/wp-content\/uploads\/2024\/03\/20240301_165338.jpg 1920w\" sizes=\"auto, (max-width: 1024px) 100vw, 1024px\" \/><\/figure>","protected":false},"excerpt":{"rendered":"<p>Tras una gran carrera, el ingl\u00e9s consigue su primera victoria en los resultados de la Carrera al Sprint de la F3  &hellip; <span class=\"more-button\"><a href=\"https:\/\/www.firstlapf1.com\/en\/resultados-carrera-al-sprint-f3-linblad-se-alza-con-la-victoria\/\" class=\"more-link\">Continue reading<span class=\"screen-reader-text\">Resultados Carrera al Sprint F3: Linblad se alza con la victoria<\/span><\/a><\/span><\/p>","protected":false},"author":42,"featured_media":7370,"comment_status":"closed","ping_status":"open","sticky":false,"template":"","format":"standard","meta":{"_jetpack_memberships_contains_paid_content":false,"footnotes":""},"categories":[6,7,69,70],"tags":[],"class_list":["post-7348","post","type-post","status-publish","format-standard","has-post-thumbnail","hentry","category-circuitos","category-escuderias-f1","category-f3","category-prema"],"yoast_head":"<!-- This site is optimized with the Yoast SEO plugin v27.0 - https:\/\/yoast.com\/product\/yoast-seo-wordpress\/ -->\n<title>Resultados Carrera al Sprint F3: Linblad se alza con la victoria<\/title>\n<meta name=\"description\" content=\"Tras una gran carrera, el ingl\u00e9s consigue su primera victoria en los resultados de la Carrera al Sprint de la F3\" \/>\n<meta name=\"robots\" content=\"index, follow, max-snippet:-1, max-image-preview:large, max-video-preview:-1\" \/>\n<link rel=\"canonical\" href=\"https:\/\/www.firstlapf1.com\/en\/resultados-carrera-al-sprint-f3-linblad-se-alza-con-la-victoria\/\" \/>\n<meta property=\"og:locale\" content=\"en_GB\" \/>\n<meta property=\"og:type\" content=\"article\" \/>\n<meta property=\"og:title\" content=\"Resultados Carrera al Sprint F3: Linblad se alza con la victoria\" \/>\n<meta property=\"og:description\" content=\"Tras una gran carrera, el ingl\u00e9s consigue su primera victoria en los resultados de la Carrera al Sprint de la F3\" \/>\n<meta property=\"og:url\" content=\"https:\/\/www.firstlapf1.com\/en\/resultados-carrera-al-sprint-f3-linblad-se-alza-con-la-victoria\/\" \/>\n<meta property=\"og:site_name\" content=\"Noticias F1 en espa\u00f1ol\" \/>\n<meta property=\"article:published_time\" content=\"2024-03-01T15:55:01+00:00\" \/>\n<meta property=\"article:modified_time\" content=\"2024-03-01T15:55:05+00:00\" \/>\n<meta property=\"og:image\" content=\"https:\/\/www.firstlapf1.com\/wp-content\/uploads\/2024\/03\/20240301_144735.jpg\" \/>\n\t<meta property=\"og:image:width\" content=\"1080\" \/>\n\t<meta property=\"og:image:height\" content=\"1350\" \/>\n\t<meta property=\"og:image:type\" content=\"image\/jpeg\" \/>\n<meta name=\"author\" content=\"C\u00e9sar L\u00f3pez\" \/>\n<meta name=\"twitter:card\" content=\"summary_large_image\" \/>\n<meta name=\"twitter:label1\" content=\"Written by\" \/>\n\t<meta name=\"twitter:data1\" content=\"C\u00e9sar L\u00f3pez\" \/>\n\t<meta name=\"twitter:label2\" content=\"Estimated reading time\" \/>\n\t<meta name=\"twitter:data2\" content=\"4 minutes\" \/>\n<script type=\"application\/ld+json\" class=\"yoast-schema-graph\">{\"@context\":\"https:\/\/schema.org\",\"@graph\":[{\"@type\":\"Article\",\"@id\":\"https:\/\/www.firstlapf1.com\/resultados-carrera-al-sprint-f3-linblad-se-alza-con-la-victoria\/#article\",\"isPartOf\":{\"@id\":\"https:\/\/www.firstlapf1.com\/resultados-carrera-al-sprint-f3-linblad-se-alza-con-la-victoria\/\"},\"author\":{\"name\":\"C\u00e9sar L\u00f3pez\",\"@id\":\"https:\/\/www.firstlapf1.com\/#\/schema\/person\/eeb9aab43fc76cf781e0033e511cce1e\"},\"headline\":\"Resultados Carrera al Sprint F3: Linblad se alza con la victoria\",\"datePublished\":\"2024-03-01T15:55:01+00:00\",\"dateModified\":\"2024-03-01T15:55:05+00:00\",\"mainEntityOfPage\":{\"@id\":\"https:\/\/www.firstlapf1.com\/resultados-carrera-al-sprint-f3-linblad-se-alza-con-la-victoria\/\"},\"wordCount\":720,\"image\":{\"@id\":\"https:\/\/www.firstlapf1.com\/resultados-carrera-al-sprint-f3-linblad-se-alza-con-la-victoria\/#primaryimage\"},\"thumbnailUrl\":\"https:\/\/www.firstlapf1.com\/wp-content\/uploads\/2024\/03\/20240301_144735.jpg\",\"articleSection\":[\"Circuitos\",\"Escuder\u00edas\",\"F3\",\"PREMA Racing (F3)\"],\"inLanguage\":\"en-GB\"},{\"@type\":\"WebPage\",\"@id\":\"https:\/\/www.firstlapf1.com\/resultados-carrera-al-sprint-f3-linblad-se-alza-con-la-victoria\/\",\"url\":\"https:\/\/www.firstlapf1.com\/resultados-carrera-al-sprint-f3-linblad-se-alza-con-la-victoria\/\",\"name\":\"Resultados Carrera al Sprint F3: Linblad se alza con la victoria\",\"isPartOf\":{\"@id\":\"https:\/\/www.firstlapf1.com\/#website\"},\"primaryImageOfPage\":{\"@id\":\"https:\/\/www.firstlapf1.com\/resultados-carrera-al-sprint-f3-linblad-se-alza-con-la-victoria\/#primaryimage\"},\"image\":{\"@id\":\"https:\/\/www.firstlapf1.com\/resultados-carrera-al-sprint-f3-linblad-se-alza-con-la-victoria\/#primaryimage\"},\"thumbnailUrl\":\"https:\/\/www.firstlapf1.com\/wp-content\/uploads\/2024\/03\/20240301_144735.jpg\",\"datePublished\":\"2024-03-01T15:55:01+00:00\",\"dateModified\":\"2024-03-01T15:55:05+00:00\",\"author\":{\"@id\":\"https:\/\/www.firstlapf1.com\/#\/schema\/person\/eeb9aab43fc76cf781e0033e511cce1e\"},\"description\":\"Tras una gran carrera, el ingl\u00e9s consigue su primera victoria en los resultados de la Carrera al Sprint de la F3\",\"inLanguage\":\"en-GB\",\"potentialAction\":[{\"@type\":\"ReadAction\",\"target\":[\"https:\/\/www.firstlapf1.com\/resultados-carrera-al-sprint-f3-linblad-se-alza-con-la-victoria\/\"]}]},{\"@type\":\"ImageObject\",\"inLanguage\":\"en-GB\",\"@id\":\"https:\/\/www.firstlapf1.com\/resultados-carrera-al-sprint-f3-linblad-se-alza-con-la-victoria\/#primaryimage\",\"url\":\"https:\/\/www.firstlapf1.com\/wp-content\/uploads\/2024\/03\/20240301_144735.jpg\",\"contentUrl\":\"https:\/\/www.firstlapf1.com\/wp-content\/uploads\/2024\/03\/20240301_144735.jpg\",\"width\":1080,\"height\":1350},{\"@type\":\"WebSite\",\"@id\":\"https:\/\/www.firstlapf1.com\/#website\",\"url\":\"https:\/\/www.firstlapf1.com\/\",\"name\":\"Noticias F1 en espa\u00f1ol\",\"description\":\"Noticias F1 en espa\u00f1ol\",\"potentialAction\":[{\"@type\":\"SearchAction\",\"target\":{\"@type\":\"EntryPoint\",\"urlTemplate\":\"https:\/\/www.firstlapf1.com\/?s={search_term_string}\"},\"query-input\":{\"@type\":\"PropertyValueSpecification\",\"valueRequired\":true,\"valueName\":\"search_term_string\"}}],\"inLanguage\":\"en-GB\"},{\"@type\":\"Person\",\"@id\":\"https:\/\/www.firstlapf1.com\/#\/schema\/person\/eeb9aab43fc76cf781e0033e511cce1e\",\"name\":\"C\u00e9sar L\u00f3pez\",\"image\":{\"@type\":\"ImageObject\",\"inLanguage\":\"en-GB\",\"@id\":\"https:\/\/www.firstlapf1.com\/#\/schema\/person\/image\/\",\"url\":\"https:\/\/secure.gravatar.com\/avatar\/60cc29ae45b828887c2be3afc5bcfec0794c85b31daa8d44e4fe46c296c0873d?s=96&d=mm&r=g\",\"contentUrl\":\"https:\/\/secure.gravatar.com\/avatar\/60cc29ae45b828887c2be3afc5bcfec0794c85b31daa8d44e4fe46c296c0873d?s=96&d=mm&r=g\",\"caption\":\"C\u00e9sar L\u00f3pez\"},\"sameAs\":[\"http:\/\/www.firstlapf1.com\/\"],\"url\":\"https:\/\/www.firstlapf1.com\/en\/author\/ceslop\/\"}]}<\/script>\n<!-- \/ Yoast SEO plugin. -->","yoast_head_json":{"title":"Resultados Carrera al Sprint F3: Linblad se alza con la victoria","description":"Tras una gran carrera, el ingl\u00e9s consigue su primera victoria en los resultados de la Carrera al Sprint de la F3","robots":{"index":"index","follow":"follow","max-snippet":"max-snippet:-1","max-image-preview":"max-image-preview:large","max-video-preview":"max-video-preview:-1"},"canonical":"https:\/\/www.firstlapf1.com\/en\/resultados-carrera-al-sprint-f3-linblad-se-alza-con-la-victoria\/","og_locale":"en_GB","og_type":"article","og_title":"Resultados Carrera al Sprint F3: Linblad se alza con la victoria","og_description":"Tras una gran carrera, el ingl\u00e9s consigue su primera victoria en los resultados de la Carrera al Sprint de la F3","og_url":"https:\/\/www.firstlapf1.com\/en\/resultados-carrera-al-sprint-f3-linblad-se-alza-con-la-victoria\/","og_site_name":"Noticias F1 en espa\u00f1ol","article_published_time":"2024-03-01T15:55:01+00:00","article_modified_time":"2024-03-01T15:55:05+00:00","og_image":[{"width":1080,"height":1350,"url":"https:\/\/www.firstlapf1.com\/wp-content\/uploads\/2024\/03\/20240301_144735.jpg","type":"image\/jpeg"}],"author":"C\u00e9sar L\u00f3pez","twitter_card":"summary_large_image","twitter_misc":{"Written by":"C\u00e9sar L\u00f3pez","Estimated reading time":"4 minutes"},"schema":{"@context":"https:\/\/schema.org","@graph":[{"@type":"Article","@id":"https:\/\/www.firstlapf1.com\/resultados-carrera-al-sprint-f3-linblad-se-alza-con-la-victoria\/#article","isPartOf":{"@id":"https:\/\/www.firstlapf1.com\/resultados-carrera-al-sprint-f3-linblad-se-alza-con-la-victoria\/"},"author":{"name":"C\u00e9sar L\u00f3pez","@id":"https:\/\/www.firstlapf1.com\/#\/schema\/person\/eeb9aab43fc76cf781e0033e511cce1e"},"headline":"Resultados Carrera al Sprint F3: Linblad se alza con la victoria","datePublished":"2024-03-01T15:55:01+00:00","dateModified":"2024-03-01T15:55:05+00:00","mainEntityOfPage":{"@id":"https:\/\/www.firstlapf1.com\/resultados-carrera-al-sprint-f3-linblad-se-alza-con-la-victoria\/"},"wordCount":720,"image":{"@id":"https:\/\/www.firstlapf1.com\/resultados-carrera-al-sprint-f3-linblad-se-alza-con-la-victoria\/#primaryimage"},"thumbnailUrl":"https:\/\/www.firstlapf1.com\/wp-content\/uploads\/2024\/03\/20240301_144735.jpg","articleSection":["Circuitos","Escuder\u00edas","F3","PREMA Racing (F3)"],"inLanguage":"en-GB"},{"@type":"WebPage","@id":"https:\/\/www.firstlapf1.com\/resultados-carrera-al-sprint-f3-linblad-se-alza-con-la-victoria\/","url":"https:\/\/www.firstlapf1.com\/resultados-carrera-al-sprint-f3-linblad-se-alza-con-la-victoria\/","name":"Resultados Carrera al Sprint F3: Linblad se alza con la victoria","isPartOf":{"@id":"https:\/\/www.firstlapf1.com\/#website"},"primaryImageOfPage":{"@id":"https:\/\/www.firstlapf1.com\/resultados-carrera-al-sprint-f3-linblad-se-alza-con-la-victoria\/#primaryimage"},"image":{"@id":"https:\/\/www.firstlapf1.com\/resultados-carrera-al-sprint-f3-linblad-se-alza-con-la-victoria\/#primaryimage"},"thumbnailUrl":"https:\/\/www.firstlapf1.com\/wp-content\/uploads\/2024\/03\/20240301_144735.jpg","datePublished":"2024-03-01T15:55:01+00:00","dateModified":"2024-03-01T15:55:05+00:00","author":{"@id":"https:\/\/www.firstlapf1.com\/#\/schema\/person\/eeb9aab43fc76cf781e0033e511cce1e"},"description":"Tras una gran carrera, el ingl\u00e9s consigue su primera victoria en los resultados de la Carrera al Sprint de la F3","inLanguage":"en-GB","potentialAction":[{"@type":"ReadAction","target":["https:\/\/www.firstlapf1.com\/resultados-carrera-al-sprint-f3-linblad-se-alza-con-la-victoria\/"]}]},{"@type":"ImageObject","inLanguage":"en-GB","@id":"https:\/\/www.firstlapf1.com\/resultados-carrera-al-sprint-f3-linblad-se-alza-con-la-victoria\/#primaryimage","url":"https:\/\/www.firstlapf1.com\/wp-content\/uploads\/2024\/03\/20240301_144735.jpg","contentUrl":"https:\/\/www.firstlapf1.com\/wp-content\/uploads\/2024\/03\/20240301_144735.jpg","width":1080,"height":1350},{"@type":"WebSite","@id":"https:\/\/www.firstlapf1.com\/#website","url":"https:\/\/www.firstlapf1.com\/","name":"Noticias F1 en espa\u00f1ol","description":"Noticias F1 en espa\u00f1ol","potentialAction":[{"@type":"SearchAction","target":{"@type":"EntryPoint","urlTemplate":"https:\/\/www.firstlapf1.com\/?s={search_term_string}"},"query-input":{"@type":"PropertyValueSpecification","valueRequired":true,"valueName":"search_term_string"}}],"inLanguage":"en-GB"},{"@type":"Person","@id":"https:\/\/www.firstlapf1.com\/#\/schema\/person\/eeb9aab43fc76cf781e0033e511cce1e","name":"C\u00e9sar L\u00f3pez","image":{"@type":"ImageObject","inLanguage":"en-GB","@id":"https:\/\/www.firstlapf1.com\/#\/schema\/person\/image\/","url":"https:\/\/secure.gravatar.com\/avatar\/60cc29ae45b828887c2be3afc5bcfec0794c85b31daa8d44e4fe46c296c0873d?s=96&d=mm&r=g","contentUrl":"https:\/\/secure.gravatar.com\/avatar\/60cc29ae45b828887c2be3afc5bcfec0794c85b31daa8d44e4fe46c296c0873d?s=96&d=mm&r=g","caption":"C\u00e9sar L\u00f3pez"},"sameAs":["http:\/\/www.firstlapf1.com\/"],"url":"https:\/\/www.firstlapf1.com\/en\/author\/ceslop\/"}]}},"jetpack_featured_media_url":"https:\/\/www.firstlapf1.com\/wp-content\/uploads\/2024\/03\/20240301_144735.jpg","jetpack_sharing_enabled":true,"_links":{"self":[{"href":"https:\/\/www.firstlapf1.com\/en\/wp-json\/wp\/v2\/posts\/7348","targetHints":{"allow":["GET"]}}],"collection":[{"href":"https:\/\/www.firstlapf1.com\/en\/wp-json\/wp\/v2\/posts"}],"about":[{"href":"https:\/\/www.firstlapf1.com\/en\/wp-json\/wp\/v2\/types\/post"}],"author":[{"embeddable":true,"href":"https:\/\/www.firstlapf1.com\/en\/wp-json\/wp\/v2\/users\/42"}],"replies":[{"embeddable":true,"href":"https:\/\/www.firstlapf1.com\/en\/wp-json\/wp\/v2\/comments?post=7348"}],"version-history":[{"count":5,"href":"https:\/\/www.firstlapf1.com\/en\/wp-json\/wp\/v2\/posts\/7348\/revisions"}],"predecessor-version":[{"id":7371,"href":"https:\/\/www.firstlapf1.com\/en\/wp-json\/wp\/v2\/posts\/7348\/revisions\/7371"}],"wp:featuredmedia":[{"embeddable":true,"href":"https:\/\/www.firstlapf1.com\/en\/wp-json\/wp\/v2\/media\/7370"}],"wp:attachment":[{"href":"https:\/\/www.firstlapf1.com\/en\/wp-json\/wp\/v2\/media?parent=7348"}],"wp:term":[{"taxonomy":"category","embeddable":true,"href":"https:\/\/www.firstlapf1.com\/en\/wp-json\/wp\/v2\/categories?post=7348"},{"taxonomy":"post_tag","embeddable":true,"href":"https:\/\/www.firstlapf1.com\/en\/wp-json\/wp\/v2\/tags?post=7348"}],"curies":[{"name":"wp","href":"https:\/\/api.w.org\/{rel}","templated":true}]}}