{"id":6433,"date":"2024-01-12T19:26:18","date_gmt":"2024-01-12T19:26:18","guid":{"rendered":"https:\/\/www.firstlapf1.com\/?p=6433"},"modified":"2024-01-12T19:26:21","modified_gmt":"2024-01-12T19:26:21","slug":"oficial-frederik-vesti-competira-en-la-elms-en-2024","status":"publish","type":"post","link":"https:\/\/www.firstlapf1.com\/en\/oficial-frederik-vesti-competira-en-la-elms-en-2024\/","title":{"rendered":"OFICIAL: Frederik Vesti competir\u00e1 en la ELMS en 2024"},"content":{"rendered":"<h2 class=\"wp-block-heading\">Tras poner punto y final a su andadura en F\u00f3rmula 2, Frederik Vesti pilotar\u00e1 en la European Le Mans Series, junto a Cool Racing en 2024<\/h2>\n\n\n\n<p>Frederik Vesti se proclam\u00f3 subcampe\u00f3n del <a href=\"https:\/\/www.fiaformula2.com\/\" target=\"_blank\" rel=\"noreferrer noopener\">Campeonato de F\u00f3rmula 2<\/a> en la \u00faltima ronda de la pasada temporada, en Abu Dhabi, tras un 2023 incre\u00edble, siendo el piloto con m\u00e1s triunfos en la categor\u00eda de plata en la escalera hacia la F\u00f3rmula 1.<br>Sin embargo, tras 2 temporadas, su tiempo en F\u00f3rmula 2 ha terminado.<br><br>El piloto dan\u00e9s no pudo encontrar hueco en F\u00f3rmula 1, como ning\u00fan otro piloto de F2 de la temporada pasada. De esta forma, seguir\u00e1 trabajando junto al equipo Mercedes, academia a la que pertenece desde la temporada 2021.<br><br>Frederik consigui\u00f3 buenos resultados y grandes sensaciones en su camino a la F1. De esta forma, gan\u00f3 la F\u00f3rmula Regional Europea en 2019, ascendiendo en 2020 a F\u00f3rmula 3. Tras 4 victorias entre 2020 y 2021 y un 4\u00ba puesto como mejor resultado en el Campeonato, promocion\u00f3 a F2. <br>Fue all\u00ed donde, tras una irregular primer a\u00f1o 2022, consigui\u00f3 explotar y demostrar todo su talento en la temporada 2023.<br><br>Esta trayectoria, como viene siendo habitual, convence y mucho en otras categor\u00edas del mundo del automovilismo. Por tanto, Vesti se convertir\u00e1 en nuevo piloto de Cool Racing, para la temporada 2024 de la European Le Mans Series (ELMS). As\u00ed, pilotar\u00e1 el #47 ORECA 07 junto a Alejandro Garc\u00eda y Ferdinand Habsburg.<br><br><strong>\u00abEstamos contentos y orgullosos de haber reunido una alineaci\u00f3n de este tipo para la temporada 2024. La columna vertebral es id\u00e9ntica, con la juventud y un proyecto deportivo obvio. Ahora, solo tenemos que traducir todo esto en el buen camino, en una alineaci\u00f3n que se vuelve cada vez m\u00e1s competitiva. Hemos reforzado nuestra organizaci\u00f3n t\u00e9cnica a lo largo de las \u00faltimas temporadas y esperamos capitalizar la experiencia que hemos acumulado. 2024, con dos LMP2 \u00abPro\u00bb y un LMP3, es un a\u00f1o importante en la vida del equipo\u00bb<\/strong>, coment\u00f3 el cofundador del equipo, Nicolas Lapierre. <br><br>Por tanto, el talento y la habilidad mostrada por Frederik Vesti a lo largo de su carrera, le ha abierto las puertas de una nueva categor\u00eda, a la que intentar\u00e1 adaptarse lo m\u00e1s r\u00e1pido posible. En el mundo del automovilismo, hay mucho m\u00e1s que la F\u00f3rmula 1.<\/p>\n\n\n\n<figure class=\"wp-block-image size-large\"><img loading=\"lazy\" decoding=\"async\" width=\"1001\" height=\"1024\" src=\"https:\/\/www.firstlapf1.com\/wp-content\/uploads\/2024\/01\/IMG_20240112_173908-1001x1024.jpg\" alt=\"\" class=\"wp-image-6453\" srcset=\"https:\/\/www.firstlapf1.com\/wp-content\/uploads\/2024\/01\/IMG_20240112_173908-1001x1024.jpg 1001w, https:\/\/www.firstlapf1.com\/wp-content\/uploads\/2024\/01\/IMG_20240112_173908-293x300.jpg 293w, https:\/\/www.firstlapf1.com\/wp-content\/uploads\/2024\/01\/IMG_20240112_173908-768x786.jpg 768w, https:\/\/www.firstlapf1.com\/wp-content\/uploads\/2024\/01\/IMG_20240112_173908-50x50.jpg 50w, https:\/\/www.firstlapf1.com\/wp-content\/uploads\/2024\/01\/IMG_20240112_173908.jpg 1080w\" sizes=\"auto, (max-width: 1001px) 100vw, 1001px\" \/><\/figure>","protected":false},"excerpt":{"rendered":"<p>Tras poner punto y final a su andadura en F\u00f3rmula 2, Frederik Vesti pilotar\u00e1 en la European Le Mans Series, junto a Cool Racing en 2024 &hellip; <span class=\"more-button\"><a href=\"https:\/\/www.firstlapf1.com\/en\/oficial-frederik-vesti-competira-en-la-elms-en-2024\/\" class=\"more-link\">Continue reading<span class=\"screen-reader-text\">OFICIAL: Frederik Vesti competir\u00e1 en la ELMS en 2024<\/span><\/a><\/span><\/p>","protected":false},"author":1,"featured_media":6457,"comment_status":"closed","ping_status":"open","sticky":false,"template":"","format":"standard","meta":{"_jetpack_memberships_contains_paid_content":false,"footnotes":""},"categories":[9],"tags":[],"class_list":["post-6433","post","type-post","status-publish","format-standard","has-post-thumbnail","hentry","category-f2"],"yoast_head":"<!-- This site is optimized with the Yoast SEO plugin v27.0 - https:\/\/yoast.com\/product\/yoast-seo-wordpress\/ -->\n<title>OFICIAL: Frederik Vesti competir\u00e1 en la ELMS en 2024<\/title>\n<meta name=\"description\" content=\"Tras poner punto y final a su andadura en F\u00f3rmula 2, Frederik Vesti pilotar\u00e1 en la European Le Mans Series, junto a Cool Racing en 2024\" \/>\n<meta name=\"robots\" content=\"index, follow, max-snippet:-1, max-image-preview:large, max-video-preview:-1\" \/>\n<link rel=\"canonical\" href=\"https:\/\/www.firstlapf1.com\/en\/oficial-frederik-vesti-competira-en-la-elms-en-2024\/\" \/>\n<meta property=\"og:locale\" content=\"en_GB\" \/>\n<meta property=\"og:type\" content=\"article\" \/>\n<meta property=\"og:title\" content=\"OFICIAL: Frederik Vesti competir\u00e1 en la ELMS en 2024\" \/>\n<meta property=\"og:description\" content=\"Tras poner punto y final a su andadura en F\u00f3rmula 2, Frederik Vesti pilotar\u00e1 en la European Le Mans Series, junto a Cool Racing en 2024\" \/>\n<meta property=\"og:url\" content=\"https:\/\/www.firstlapf1.com\/en\/oficial-frederik-vesti-competira-en-la-elms-en-2024\/\" \/>\n<meta property=\"og:site_name\" content=\"Noticias F1 en espa\u00f1ol\" \/>\n<meta property=\"article:published_time\" content=\"2024-01-12T19:26:18+00:00\" \/>\n<meta property=\"article:modified_time\" content=\"2024-01-12T19:26:21+00:00\" \/>\n<meta property=\"og:image\" content=\"https:\/\/www.firstlapf1.com\/wp-content\/uploads\/2024\/01\/IMG_20240112_202446.jpg\" \/>\n\t<meta property=\"og:image:width\" content=\"1080\" \/>\n\t<meta property=\"og:image:height\" content=\"1338\" \/>\n\t<meta property=\"og:image:type\" content=\"image\/jpeg\" \/>\n<meta name=\"author\" content=\"firstlap_admin\" \/>\n<meta name=\"twitter:card\" content=\"summary_large_image\" \/>\n<meta name=\"twitter:label1\" content=\"Written by\" \/>\n\t<meta name=\"twitter:data1\" content=\"firstlap_admin\" \/>\n\t<meta name=\"twitter:label2\" content=\"Estimated reading time\" \/>\n\t<meta name=\"twitter:data2\" content=\"3 minutes\" \/>\n<script type=\"application\/ld+json\" class=\"yoast-schema-graph\">{\"@context\":\"https:\/\/schema.org\",\"@graph\":[{\"@type\":\"Article\",\"@id\":\"https:\/\/www.firstlapf1.com\/oficial-frederik-vesti-competira-en-la-elms-en-2024\/#article\",\"isPartOf\":{\"@id\":\"https:\/\/www.firstlapf1.com\/oficial-frederik-vesti-competira-en-la-elms-en-2024\/\"},\"author\":{\"name\":\"firstlap_admin\",\"@id\":\"https:\/\/www.firstlapf1.com\/#\/schema\/person\/875f779e8ddc35d0fa99a117124b74d1\"},\"headline\":\"OFICIAL: Frederik Vesti competir\u00e1 en la ELMS en 2024\",\"datePublished\":\"2024-01-12T19:26:18+00:00\",\"dateModified\":\"2024-01-12T19:26:21+00:00\",\"mainEntityOfPage\":{\"@id\":\"https:\/\/www.firstlapf1.com\/oficial-frederik-vesti-competira-en-la-elms-en-2024\/\"},\"wordCount\":392,\"image\":{\"@id\":\"https:\/\/www.firstlapf1.com\/oficial-frederik-vesti-competira-en-la-elms-en-2024\/#primaryimage\"},\"thumbnailUrl\":\"https:\/\/www.firstlapf1.com\/wp-content\/uploads\/2024\/01\/IMG_20240112_202446.jpg\",\"articleSection\":[\"F2\"],\"inLanguage\":\"en-GB\"},{\"@type\":\"WebPage\",\"@id\":\"https:\/\/www.firstlapf1.com\/oficial-frederik-vesti-competira-en-la-elms-en-2024\/\",\"url\":\"https:\/\/www.firstlapf1.com\/oficial-frederik-vesti-competira-en-la-elms-en-2024\/\",\"name\":\"OFICIAL: Frederik Vesti competir\u00e1 en la ELMS en 2024\",\"isPartOf\":{\"@id\":\"https:\/\/www.firstlapf1.com\/#website\"},\"primaryImageOfPage\":{\"@id\":\"https:\/\/www.firstlapf1.com\/oficial-frederik-vesti-competira-en-la-elms-en-2024\/#primaryimage\"},\"image\":{\"@id\":\"https:\/\/www.firstlapf1.com\/oficial-frederik-vesti-competira-en-la-elms-en-2024\/#primaryimage\"},\"thumbnailUrl\":\"https:\/\/www.firstlapf1.com\/wp-content\/uploads\/2024\/01\/IMG_20240112_202446.jpg\",\"datePublished\":\"2024-01-12T19:26:18+00:00\",\"dateModified\":\"2024-01-12T19:26:21+00:00\",\"author\":{\"@id\":\"https:\/\/www.firstlapf1.com\/#\/schema\/person\/875f779e8ddc35d0fa99a117124b74d1\"},\"description\":\"Tras poner punto y final a su andadura en F\u00f3rmula 2, Frederik Vesti pilotar\u00e1 en la European Le Mans Series, junto a Cool Racing en 2024\",\"inLanguage\":\"en-GB\",\"potentialAction\":[{\"@type\":\"ReadAction\",\"target\":[\"https:\/\/www.firstlapf1.com\/oficial-frederik-vesti-competira-en-la-elms-en-2024\/\"]}]},{\"@type\":\"ImageObject\",\"inLanguage\":\"en-GB\",\"@id\":\"https:\/\/www.firstlapf1.com\/oficial-frederik-vesti-competira-en-la-elms-en-2024\/#primaryimage\",\"url\":\"https:\/\/www.firstlapf1.com\/wp-content\/uploads\/2024\/01\/IMG_20240112_202446.jpg\",\"contentUrl\":\"https:\/\/www.firstlapf1.com\/wp-content\/uploads\/2024\/01\/IMG_20240112_202446.jpg\",\"width\":1080,\"height\":1338},{\"@type\":\"WebSite\",\"@id\":\"https:\/\/www.firstlapf1.com\/#website\",\"url\":\"https:\/\/www.firstlapf1.com\/\",\"name\":\"Noticias F1 en espa\u00f1ol\",\"description\":\"Noticias F1 en espa\u00f1ol\",\"potentialAction\":[{\"@type\":\"SearchAction\",\"target\":{\"@type\":\"EntryPoint\",\"urlTemplate\":\"https:\/\/www.firstlapf1.com\/?s={search_term_string}\"},\"query-input\":{\"@type\":\"PropertyValueSpecification\",\"valueRequired\":true,\"valueName\":\"search_term_string\"}}],\"inLanguage\":\"en-GB\"},{\"@type\":\"Person\",\"@id\":\"https:\/\/www.firstlapf1.com\/#\/schema\/person\/875f779e8ddc35d0fa99a117124b74d1\",\"name\":\"firstlap_admin\",\"image\":{\"@type\":\"ImageObject\",\"inLanguage\":\"en-GB\",\"@id\":\"https:\/\/www.firstlapf1.com\/#\/schema\/person\/image\/\",\"url\":\"https:\/\/secure.gravatar.com\/avatar\/84be0310c4060e415ae8a26c2500f614a7a109a82dc35ca0486653ff5039956b?s=96&d=mm&r=g\",\"contentUrl\":\"https:\/\/secure.gravatar.com\/avatar\/84be0310c4060e415ae8a26c2500f614a7a109a82dc35ca0486653ff5039956b?s=96&d=mm&r=g\",\"caption\":\"firstlap_admin\"},\"sameAs\":[\"https:\/\/www.firstlapf1.com\"],\"url\":\"https:\/\/www.firstlapf1.com\/en\/author\/firstlap_admin\/\"}]}<\/script>\n<!-- \/ Yoast SEO plugin. -->","yoast_head_json":{"title":"OFICIAL: Frederik Vesti competir\u00e1 en la ELMS en 2024","description":"Tras poner punto y final a su andadura en F\u00f3rmula 2, Frederik Vesti pilotar\u00e1 en la European Le Mans Series, junto a Cool Racing en 2024","robots":{"index":"index","follow":"follow","max-snippet":"max-snippet:-1","max-image-preview":"max-image-preview:large","max-video-preview":"max-video-preview:-1"},"canonical":"https:\/\/www.firstlapf1.com\/en\/oficial-frederik-vesti-competira-en-la-elms-en-2024\/","og_locale":"en_GB","og_type":"article","og_title":"OFICIAL: Frederik Vesti competir\u00e1 en la ELMS en 2024","og_description":"Tras poner punto y final a su andadura en F\u00f3rmula 2, Frederik Vesti pilotar\u00e1 en la European Le Mans Series, junto a Cool Racing en 2024","og_url":"https:\/\/www.firstlapf1.com\/en\/oficial-frederik-vesti-competira-en-la-elms-en-2024\/","og_site_name":"Noticias F1 en espa\u00f1ol","article_published_time":"2024-01-12T19:26:18+00:00","article_modified_time":"2024-01-12T19:26:21+00:00","og_image":[{"width":1080,"height":1338,"url":"https:\/\/www.firstlapf1.com\/wp-content\/uploads\/2024\/01\/IMG_20240112_202446.jpg","type":"image\/jpeg"}],"author":"firstlap_admin","twitter_card":"summary_large_image","twitter_misc":{"Written by":"firstlap_admin","Estimated reading time":"3 minutes"},"schema":{"@context":"https:\/\/schema.org","@graph":[{"@type":"Article","@id":"https:\/\/www.firstlapf1.com\/oficial-frederik-vesti-competira-en-la-elms-en-2024\/#article","isPartOf":{"@id":"https:\/\/www.firstlapf1.com\/oficial-frederik-vesti-competira-en-la-elms-en-2024\/"},"author":{"name":"firstlap_admin","@id":"https:\/\/www.firstlapf1.com\/#\/schema\/person\/875f779e8ddc35d0fa99a117124b74d1"},"headline":"OFICIAL: Frederik Vesti competir\u00e1 en la ELMS en 2024","datePublished":"2024-01-12T19:26:18+00:00","dateModified":"2024-01-12T19:26:21+00:00","mainEntityOfPage":{"@id":"https:\/\/www.firstlapf1.com\/oficial-frederik-vesti-competira-en-la-elms-en-2024\/"},"wordCount":392,"image":{"@id":"https:\/\/www.firstlapf1.com\/oficial-frederik-vesti-competira-en-la-elms-en-2024\/#primaryimage"},"thumbnailUrl":"https:\/\/www.firstlapf1.com\/wp-content\/uploads\/2024\/01\/IMG_20240112_202446.jpg","articleSection":["F2"],"inLanguage":"en-GB"},{"@type":"WebPage","@id":"https:\/\/www.firstlapf1.com\/oficial-frederik-vesti-competira-en-la-elms-en-2024\/","url":"https:\/\/www.firstlapf1.com\/oficial-frederik-vesti-competira-en-la-elms-en-2024\/","name":"OFICIAL: Frederik Vesti competir\u00e1 en la ELMS en 2024","isPartOf":{"@id":"https:\/\/www.firstlapf1.com\/#website"},"primaryImageOfPage":{"@id":"https:\/\/www.firstlapf1.com\/oficial-frederik-vesti-competira-en-la-elms-en-2024\/#primaryimage"},"image":{"@id":"https:\/\/www.firstlapf1.com\/oficial-frederik-vesti-competira-en-la-elms-en-2024\/#primaryimage"},"thumbnailUrl":"https:\/\/www.firstlapf1.com\/wp-content\/uploads\/2024\/01\/IMG_20240112_202446.jpg","datePublished":"2024-01-12T19:26:18+00:00","dateModified":"2024-01-12T19:26:21+00:00","author":{"@id":"https:\/\/www.firstlapf1.com\/#\/schema\/person\/875f779e8ddc35d0fa99a117124b74d1"},"description":"Tras poner punto y final a su andadura en F\u00f3rmula 2, Frederik Vesti pilotar\u00e1 en la European Le Mans Series, junto a Cool Racing en 2024","inLanguage":"en-GB","potentialAction":[{"@type":"ReadAction","target":["https:\/\/www.firstlapf1.com\/oficial-frederik-vesti-competira-en-la-elms-en-2024\/"]}]},{"@type":"ImageObject","inLanguage":"en-GB","@id":"https:\/\/www.firstlapf1.com\/oficial-frederik-vesti-competira-en-la-elms-en-2024\/#primaryimage","url":"https:\/\/www.firstlapf1.com\/wp-content\/uploads\/2024\/01\/IMG_20240112_202446.jpg","contentUrl":"https:\/\/www.firstlapf1.com\/wp-content\/uploads\/2024\/01\/IMG_20240112_202446.jpg","width":1080,"height":1338},{"@type":"WebSite","@id":"https:\/\/www.firstlapf1.com\/#website","url":"https:\/\/www.firstlapf1.com\/","name":"Noticias F1 en espa\u00f1ol","description":"Noticias F1 en espa\u00f1ol","potentialAction":[{"@type":"SearchAction","target":{"@type":"EntryPoint","urlTemplate":"https:\/\/www.firstlapf1.com\/?s={search_term_string}"},"query-input":{"@type":"PropertyValueSpecification","valueRequired":true,"valueName":"search_term_string"}}],"inLanguage":"en-GB"},{"@type":"Person","@id":"https:\/\/www.firstlapf1.com\/#\/schema\/person\/875f779e8ddc35d0fa99a117124b74d1","name":"firstlap_admin","image":{"@type":"ImageObject","inLanguage":"en-GB","@id":"https:\/\/www.firstlapf1.com\/#\/schema\/person\/image\/","url":"https:\/\/secure.gravatar.com\/avatar\/84be0310c4060e415ae8a26c2500f614a7a109a82dc35ca0486653ff5039956b?s=96&d=mm&r=g","contentUrl":"https:\/\/secure.gravatar.com\/avatar\/84be0310c4060e415ae8a26c2500f614a7a109a82dc35ca0486653ff5039956b?s=96&d=mm&r=g","caption":"firstlap_admin"},"sameAs":["https:\/\/www.firstlapf1.com"],"url":"https:\/\/www.firstlapf1.com\/en\/author\/firstlap_admin\/"}]}},"jetpack_featured_media_url":"https:\/\/www.firstlapf1.com\/wp-content\/uploads\/2024\/01\/IMG_20240112_202446.jpg","jetpack_sharing_enabled":true,"_links":{"self":[{"href":"https:\/\/www.firstlapf1.com\/en\/wp-json\/wp\/v2\/posts\/6433","targetHints":{"allow":["GET"]}}],"collection":[{"href":"https:\/\/www.firstlapf1.com\/en\/wp-json\/wp\/v2\/posts"}],"about":[{"href":"https:\/\/www.firstlapf1.com\/en\/wp-json\/wp\/v2\/types\/post"}],"author":[{"embeddable":true,"href":"https:\/\/www.firstlapf1.com\/en\/wp-json\/wp\/v2\/users\/1"}],"replies":[{"embeddable":true,"href":"https:\/\/www.firstlapf1.com\/en\/wp-json\/wp\/v2\/comments?post=6433"}],"version-history":[{"count":4,"href":"https:\/\/www.firstlapf1.com\/en\/wp-json\/wp\/v2\/posts\/6433\/revisions"}],"predecessor-version":[{"id":6458,"href":"https:\/\/www.firstlapf1.com\/en\/wp-json\/wp\/v2\/posts\/6433\/revisions\/6458"}],"wp:featuredmedia":[{"embeddable":true,"href":"https:\/\/www.firstlapf1.com\/en\/wp-json\/wp\/v2\/media\/6457"}],"wp:attachment":[{"href":"https:\/\/www.firstlapf1.com\/en\/wp-json\/wp\/v2\/media?parent=6433"}],"wp:term":[{"taxonomy":"category","embeddable":true,"href":"https:\/\/www.firstlapf1.com\/en\/wp-json\/wp\/v2\/categories?post=6433"},{"taxonomy":"post_tag","embeddable":true,"href":"https:\/\/www.firstlapf1.com\/en\/wp-json\/wp\/v2\/tags?post=6433"}],"curies":[{"name":"wp","href":"https:\/\/api.w.org\/{rel}","templated":true}]}}