{"id":42,"date":"2022-09-20T16:26:05","date_gmt":"2022-09-20T16:26:05","guid":{"rendered":"http:\/\/pitlanef1.com\/?p=42"},"modified":"2023-02-21T16:48:23","modified_gmt":"2023-02-21T16:48:23","slug":"mercedes-ya-se-centra-en-el-2023","status":"publish","type":"post","link":"https:\/\/www.firstlapf1.com\/en\/mercedes-ya-se-centra-en-el-2023\/","title":{"rendered":"Mercedes ya se centra en el 2023"},"content":{"rendered":"<h2 class=\"wp-block-heading\">Al no tener un coche competitivo esta temporada y viendo que Red Bull les supera, Mercedes piensa en el futuro a\u00f1o 2023<\/h2>\n\n\n\n<p>La escuder\u00eda alemana, a lo largo de la temporada, se ha dado cuenta de que el rendimiento del Mercedes W13 no es el deseado, pues han ca\u00eddo hasta la tercera posici\u00f3n en el mundial de constructores, alej\u00e1ndose de Ferrari y Red Bull.<\/p>\n\n\n\n<p>A principios de temporada apostaron por un dise\u00f1o muy peculiar e innovador con la creaci\u00f3n de unos pontones m\u00e1s finos y estilizados, pero no sali\u00f3 como se esperaba. El coche no rend\u00eda y se le a\u00f1adir\u00edan problemas en el fondo plano acompa\u00f1ado del famoso porpoising. Este \u00faltimo fue tal que la FIA (Federaci\u00f3n Internacional del Autom\u00f3vil) se meti\u00f3 por medio para mejorar la seguridad del monoplaza y la salud del piloto.<\/p>\n\n\n\n<figure class=\"wp-block-image size-large\"><img loading=\"lazy\" decoding=\"async\" width=\"1024\" height=\"678\" src=\"http:\/\/pitlanef1.com\/wp-content\/uploads\/2022\/09\/9-1024x678.jpg\" alt=\"\" class=\"wp-image-112\" srcset=\"https:\/\/www.firstlapf1.com\/wp-content\/uploads\/2022\/09\/9-1024x678.jpg 1024w, https:\/\/www.firstlapf1.com\/wp-content\/uploads\/2022\/09\/9-300x199.jpg 300w, https:\/\/www.firstlapf1.com\/wp-content\/uploads\/2022\/09\/9-768x508.jpg 768w, https:\/\/www.firstlapf1.com\/wp-content\/uploads\/2022\/09\/9-1536x1017.jpg 1536w, https:\/\/www.firstlapf1.com\/wp-content\/uploads\/2022\/09\/9.jpg 1600w\" sizes=\"auto, (max-width: 1024px) 100vw, 1024px\" \/><\/figure>\n\n\n\n<p>Toto Wolff ha comentado: \u00a8Nos faltaron recursos y tiempo. No pudimos rodar con el monoplaza tanto como quer\u00edamos y nos cost\u00f3 meses deshacer lo que hab\u00edamos hecho mal. El trabajo de estos dos meses es crucial para que el a\u00f1o que viene luchemos por podios y victorias.\u00bb<\/p>\n\n\n\n<p><a href=\"https:\/\/www.mercedesamgf1.com\/en\/\" target=\"_blank\" rel=\"noreferrer noopener\">Mercedes<\/a> ha tenido carreras muy buenas con podios y quieren volver a intentarlo con el coche del a\u00f1o que viene. A\u00f1adiendo victorias, poles y dobletes. Estuvieron fuertes en <a href=\"http:\/\/pitlanef1.com\/2022\/09\/20\/oficial-este-es-el-calendario-para-2023\/\" target=\"_blank\" rel=\"noreferrer noopener\">Montmel\u00f3<\/a>, Hungaroring y Zandvoort pero en otros circuitos estuvieron bastante por detr\u00e1s de los cabeza de carrera, Red Bull y Ferrari, como en Spa-Francorchamps y Monza.<\/p>\n\n\n\n<p>Teniendo dos grandes pilotos en su palmar\u00e9s, George Russell y Lewis Hamilton, en Mercedes quieren darle el mayor rendimiento posible y con ellos tambi\u00e9n el monoplaza. La escuder\u00eda ya piensa en victorias&#8230; y, porqu\u00e9 no, darles la oportunidad para luchar por mundiales.<\/p>\n\n\n\n<p>En el siguiente trazado se sienten fuertes y quieren poner el monoplaza a prueba de cara al siguiente a\u00f1o. Creen as\u00ed que podr\u00e1n luchar con el actual l\u00edder del campeonato, Max Emilian Verstappen.<\/p>\n\n\n\n<figure class=\"wp-block-image size-large\"><img loading=\"lazy\" decoding=\"async\" width=\"819\" height=\"1024\" src=\"http:\/\/pitlanef1.com\/wp-content\/uploads\/2022\/09\/10-819x1024.jpg\" alt=\"\" class=\"wp-image-113\" srcset=\"https:\/\/www.firstlapf1.com\/wp-content\/uploads\/2022\/09\/10-819x1024.jpg 819w, https:\/\/www.firstlapf1.com\/wp-content\/uploads\/2022\/09\/10-240x300.jpg 240w, https:\/\/www.firstlapf1.com\/wp-content\/uploads\/2022\/09\/10-768x961.jpg 768w, https:\/\/www.firstlapf1.com\/wp-content\/uploads\/2022\/09\/10-1228x1536.jpg 1228w, https:\/\/www.firstlapf1.com\/wp-content\/uploads\/2022\/09\/10.jpg 1279w\" sizes=\"auto, (max-width: 819px) 100vw, 819px\" \/><\/figure>\n\n\n\n<p> <\/p>","protected":false},"excerpt":{"rendered":"<p>Al no tener un coche competitivo esta temporada y viendo que Red Bull les supera, Mercedes piensa en el futuro a\u00f1o 2023 La escuder\u00eda alemana,<span class=\"more-button\"><a href=\"https:\/\/www.firstlapf1.com\/en\/mercedes-ya-se-centra-en-el-2023\/\" class=\"more-link\">Continue reading<span class=\"screen-reader-text\">Mercedes ya se centra en el 2023<\/span><\/a><\/span><\/p>","protected":false},"author":36,"featured_media":45,"comment_status":"closed","ping_status":"closed","sticky":false,"template":"","format":"standard","meta":{"_jetpack_memberships_contains_paid_content":false,"footnotes":""},"categories":[7,35],"tags":[],"class_list":["post-42","post","type-post","status-publish","format-standard","has-post-thumbnail","hentry","category-escuderias-f1","category-mercedes-amg"],"yoast_head":"<!-- This site is optimized with the Yoast SEO plugin v27.0 - https:\/\/yoast.com\/product\/yoast-seo-wordpress\/ -->\n<title>Mercedes ya se centra en el 2023 - Noticias F1 en espa\u00f1ol<\/title>\n<meta name=\"description\" content=\"Al no tener un coche competitivo esta temporada y viendo que Red Bull les supera, Mercedes piensa en el futuro a\u00f1o 2023\" \/>\n<meta name=\"robots\" content=\"index, follow, max-snippet:-1, max-image-preview:large, max-video-preview:-1\" \/>\n<link rel=\"canonical\" href=\"https:\/\/www.firstlapf1.com\/en\/mercedes-ya-se-centra-en-el-2023\/\" \/>\n<meta property=\"og:locale\" content=\"en_GB\" \/>\n<meta property=\"og:type\" content=\"article\" \/>\n<meta property=\"og:title\" content=\"Mercedes ya se centra en el 2023 - Noticias F1 en espa\u00f1ol\" \/>\n<meta property=\"og:description\" content=\"Al no tener un coche competitivo esta temporada y viendo que Red Bull les supera, Mercedes piensa en el futuro a\u00f1o 2023\" \/>\n<meta property=\"og:url\" content=\"https:\/\/www.firstlapf1.com\/en\/mercedes-ya-se-centra-en-el-2023\/\" \/>\n<meta property=\"og:site_name\" content=\"Noticias F1 en espa\u00f1ol\" \/>\n<meta property=\"article:published_time\" content=\"2022-09-20T16:26:05+00:00\" \/>\n<meta property=\"article:modified_time\" content=\"2023-02-21T16:48:23+00:00\" \/>\n<meta property=\"og:image\" content=\"https:\/\/www.firstlapf1.com\/wp-content\/uploads\/2022\/09\/5.jpg\" \/>\n\t<meta property=\"og:image:width\" content=\"1279\" \/>\n\t<meta property=\"og:image:height\" content=\"1600\" \/>\n\t<meta property=\"og:image:type\" content=\"image\/jpeg\" \/>\n<meta name=\"author\" content=\"Pilar Lora-Paquet\" \/>\n<meta name=\"twitter:card\" content=\"summary_large_image\" \/>\n<meta name=\"twitter:label1\" content=\"Written by\" \/>\n\t<meta name=\"twitter:data1\" content=\"Pilar Lora-Paquet\" \/>\n\t<meta name=\"twitter:label2\" content=\"Estimated reading time\" \/>\n\t<meta name=\"twitter:data2\" content=\"2 minutes\" \/>\n<script type=\"application\/ld+json\" class=\"yoast-schema-graph\">{\"@context\":\"https:\/\/schema.org\",\"@graph\":[{\"@type\":\"Article\",\"@id\":\"https:\/\/www.firstlapf1.com\/mercedes-ya-se-centra-en-el-2023\/#article\",\"isPartOf\":{\"@id\":\"https:\/\/www.firstlapf1.com\/mercedes-ya-se-centra-en-el-2023\/\"},\"author\":{\"name\":\"Pilar Lora-Paquet\",\"@id\":\"https:\/\/www.firstlapf1.com\/#\/schema\/person\/d27dc1f78b39797d415074821cf43373\"},\"headline\":\"Mercedes ya se centra en el 2023\",\"datePublished\":\"2022-09-20T16:26:05+00:00\",\"dateModified\":\"2023-02-21T16:48:23+00:00\",\"mainEntityOfPage\":{\"@id\":\"https:\/\/www.firstlapf1.com\/mercedes-ya-se-centra-en-el-2023\/\"},\"wordCount\":343,\"image\":{\"@id\":\"https:\/\/www.firstlapf1.com\/mercedes-ya-se-centra-en-el-2023\/#primaryimage\"},\"thumbnailUrl\":\"https:\/\/www.firstlapf1.com\/wp-content\/uploads\/2022\/09\/5.jpg\",\"articleSection\":[\"Escuder\u00edas\",\"Mercedes-AMG PETRONAS Formula One Team\"],\"inLanguage\":\"en-GB\"},{\"@type\":\"WebPage\",\"@id\":\"https:\/\/www.firstlapf1.com\/mercedes-ya-se-centra-en-el-2023\/\",\"url\":\"https:\/\/www.firstlapf1.com\/mercedes-ya-se-centra-en-el-2023\/\",\"name\":\"Mercedes ya se centra en el 2023 - Noticias F1 en espa\u00f1ol\",\"isPartOf\":{\"@id\":\"https:\/\/www.firstlapf1.com\/#website\"},\"primaryImageOfPage\":{\"@id\":\"https:\/\/www.firstlapf1.com\/mercedes-ya-se-centra-en-el-2023\/#primaryimage\"},\"image\":{\"@id\":\"https:\/\/www.firstlapf1.com\/mercedes-ya-se-centra-en-el-2023\/#primaryimage\"},\"thumbnailUrl\":\"https:\/\/www.firstlapf1.com\/wp-content\/uploads\/2022\/09\/5.jpg\",\"datePublished\":\"2022-09-20T16:26:05+00:00\",\"dateModified\":\"2023-02-21T16:48:23+00:00\",\"author\":{\"@id\":\"https:\/\/www.firstlapf1.com\/#\/schema\/person\/d27dc1f78b39797d415074821cf43373\"},\"description\":\"Al no tener un coche competitivo esta temporada y viendo que Red Bull les supera, Mercedes piensa en el futuro a\u00f1o 2023\",\"inLanguage\":\"en-GB\",\"potentialAction\":[{\"@type\":\"ReadAction\",\"target\":[\"https:\/\/www.firstlapf1.com\/mercedes-ya-se-centra-en-el-2023\/\"]}]},{\"@type\":\"ImageObject\",\"inLanguage\":\"en-GB\",\"@id\":\"https:\/\/www.firstlapf1.com\/mercedes-ya-se-centra-en-el-2023\/#primaryimage\",\"url\":\"https:\/\/www.firstlapf1.com\/wp-content\/uploads\/2022\/09\/5.jpg\",\"contentUrl\":\"https:\/\/www.firstlapf1.com\/wp-content\/uploads\/2022\/09\/5.jpg\",\"width\":1279,\"height\":1600},{\"@type\":\"WebSite\",\"@id\":\"https:\/\/www.firstlapf1.com\/#website\",\"url\":\"https:\/\/www.firstlapf1.com\/\",\"name\":\"Noticias F1 en espa\u00f1ol\",\"description\":\"Noticias F1 en espa\u00f1ol\",\"potentialAction\":[{\"@type\":\"SearchAction\",\"target\":{\"@type\":\"EntryPoint\",\"urlTemplate\":\"https:\/\/www.firstlapf1.com\/?s={search_term_string}\"},\"query-input\":{\"@type\":\"PropertyValueSpecification\",\"valueRequired\":true,\"valueName\":\"search_term_string\"}}],\"inLanguage\":\"en-GB\"},{\"@type\":\"Person\",\"@id\":\"https:\/\/www.firstlapf1.com\/#\/schema\/person\/d27dc1f78b39797d415074821cf43373\",\"name\":\"Pilar Lora-Paquet\",\"image\":{\"@type\":\"ImageObject\",\"inLanguage\":\"en-GB\",\"@id\":\"https:\/\/www.firstlapf1.com\/#\/schema\/person\/image\/\",\"url\":\"https:\/\/secure.gravatar.com\/avatar\/8387d351dae5a517ebe4af4c40d081973b3dc88bcb2265dcc2979ef0e2803131?s=96&d=mm&r=g\",\"contentUrl\":\"https:\/\/secure.gravatar.com\/avatar\/8387d351dae5a517ebe4af4c40d081973b3dc88bcb2265dcc2979ef0e2803131?s=96&d=mm&r=g\",\"caption\":\"Pilar Lora-Paquet\"},\"sameAs\":[\"http:\/\/www.firstlapf1.com\/\"],\"url\":\"https:\/\/www.firstlapf1.com\/en\/author\/plorapaquet\/\"}]}<\/script>\n<!-- \/ Yoast SEO plugin. -->","yoast_head_json":{"title":"Mercedes ya se centra en el 2023 - Noticias F1 en espa\u00f1ol","description":"Al no tener un coche competitivo esta temporada y viendo que Red Bull les supera, Mercedes piensa en el futuro a\u00f1o 2023","robots":{"index":"index","follow":"follow","max-snippet":"max-snippet:-1","max-image-preview":"max-image-preview:large","max-video-preview":"max-video-preview:-1"},"canonical":"https:\/\/www.firstlapf1.com\/en\/mercedes-ya-se-centra-en-el-2023\/","og_locale":"en_GB","og_type":"article","og_title":"Mercedes ya se centra en el 2023 - Noticias F1 en espa\u00f1ol","og_description":"Al no tener un coche competitivo esta temporada y viendo que Red Bull les supera, Mercedes piensa en el futuro a\u00f1o 2023","og_url":"https:\/\/www.firstlapf1.com\/en\/mercedes-ya-se-centra-en-el-2023\/","og_site_name":"Noticias F1 en espa\u00f1ol","article_published_time":"2022-09-20T16:26:05+00:00","article_modified_time":"2023-02-21T16:48:23+00:00","og_image":[{"width":1279,"height":1600,"url":"https:\/\/www.firstlapf1.com\/wp-content\/uploads\/2022\/09\/5.jpg","type":"image\/jpeg"}],"author":"Pilar Lora-Paquet","twitter_card":"summary_large_image","twitter_misc":{"Written by":"Pilar Lora-Paquet","Estimated reading time":"2 minutes"},"schema":{"@context":"https:\/\/schema.org","@graph":[{"@type":"Article","@id":"https:\/\/www.firstlapf1.com\/mercedes-ya-se-centra-en-el-2023\/#article","isPartOf":{"@id":"https:\/\/www.firstlapf1.com\/mercedes-ya-se-centra-en-el-2023\/"},"author":{"name":"Pilar Lora-Paquet","@id":"https:\/\/www.firstlapf1.com\/#\/schema\/person\/d27dc1f78b39797d415074821cf43373"},"headline":"Mercedes ya se centra en el 2023","datePublished":"2022-09-20T16:26:05+00:00","dateModified":"2023-02-21T16:48:23+00:00","mainEntityOfPage":{"@id":"https:\/\/www.firstlapf1.com\/mercedes-ya-se-centra-en-el-2023\/"},"wordCount":343,"image":{"@id":"https:\/\/www.firstlapf1.com\/mercedes-ya-se-centra-en-el-2023\/#primaryimage"},"thumbnailUrl":"https:\/\/www.firstlapf1.com\/wp-content\/uploads\/2022\/09\/5.jpg","articleSection":["Escuder\u00edas","Mercedes-AMG PETRONAS Formula One Team"],"inLanguage":"en-GB"},{"@type":"WebPage","@id":"https:\/\/www.firstlapf1.com\/mercedes-ya-se-centra-en-el-2023\/","url":"https:\/\/www.firstlapf1.com\/mercedes-ya-se-centra-en-el-2023\/","name":"Mercedes ya se centra en el 2023 - Noticias F1 en espa\u00f1ol","isPartOf":{"@id":"https:\/\/www.firstlapf1.com\/#website"},"primaryImageOfPage":{"@id":"https:\/\/www.firstlapf1.com\/mercedes-ya-se-centra-en-el-2023\/#primaryimage"},"image":{"@id":"https:\/\/www.firstlapf1.com\/mercedes-ya-se-centra-en-el-2023\/#primaryimage"},"thumbnailUrl":"https:\/\/www.firstlapf1.com\/wp-content\/uploads\/2022\/09\/5.jpg","datePublished":"2022-09-20T16:26:05+00:00","dateModified":"2023-02-21T16:48:23+00:00","author":{"@id":"https:\/\/www.firstlapf1.com\/#\/schema\/person\/d27dc1f78b39797d415074821cf43373"},"description":"Al no tener un coche competitivo esta temporada y viendo que Red Bull les supera, Mercedes piensa en el futuro a\u00f1o 2023","inLanguage":"en-GB","potentialAction":[{"@type":"ReadAction","target":["https:\/\/www.firstlapf1.com\/mercedes-ya-se-centra-en-el-2023\/"]}]},{"@type":"ImageObject","inLanguage":"en-GB","@id":"https:\/\/www.firstlapf1.com\/mercedes-ya-se-centra-en-el-2023\/#primaryimage","url":"https:\/\/www.firstlapf1.com\/wp-content\/uploads\/2022\/09\/5.jpg","contentUrl":"https:\/\/www.firstlapf1.com\/wp-content\/uploads\/2022\/09\/5.jpg","width":1279,"height":1600},{"@type":"WebSite","@id":"https:\/\/www.firstlapf1.com\/#website","url":"https:\/\/www.firstlapf1.com\/","name":"Noticias F1 en espa\u00f1ol","description":"Noticias F1 en espa\u00f1ol","potentialAction":[{"@type":"SearchAction","target":{"@type":"EntryPoint","urlTemplate":"https:\/\/www.firstlapf1.com\/?s={search_term_string}"},"query-input":{"@type":"PropertyValueSpecification","valueRequired":true,"valueName":"search_term_string"}}],"inLanguage":"en-GB"},{"@type":"Person","@id":"https:\/\/www.firstlapf1.com\/#\/schema\/person\/d27dc1f78b39797d415074821cf43373","name":"Pilar Lora-Paquet","image":{"@type":"ImageObject","inLanguage":"en-GB","@id":"https:\/\/www.firstlapf1.com\/#\/schema\/person\/image\/","url":"https:\/\/secure.gravatar.com\/avatar\/8387d351dae5a517ebe4af4c40d081973b3dc88bcb2265dcc2979ef0e2803131?s=96&d=mm&r=g","contentUrl":"https:\/\/secure.gravatar.com\/avatar\/8387d351dae5a517ebe4af4c40d081973b3dc88bcb2265dcc2979ef0e2803131?s=96&d=mm&r=g","caption":"Pilar Lora-Paquet"},"sameAs":["http:\/\/www.firstlapf1.com\/"],"url":"https:\/\/www.firstlapf1.com\/en\/author\/plorapaquet\/"}]}},"jetpack_featured_media_url":"https:\/\/www.firstlapf1.com\/wp-content\/uploads\/2022\/09\/5.jpg","jetpack_sharing_enabled":true,"_links":{"self":[{"href":"https:\/\/www.firstlapf1.com\/en\/wp-json\/wp\/v2\/posts\/42","targetHints":{"allow":["GET"]}}],"collection":[{"href":"https:\/\/www.firstlapf1.com\/en\/wp-json\/wp\/v2\/posts"}],"about":[{"href":"https:\/\/www.firstlapf1.com\/en\/wp-json\/wp\/v2\/types\/post"}],"author":[{"embeddable":true,"href":"https:\/\/www.firstlapf1.com\/en\/wp-json\/wp\/v2\/users\/36"}],"replies":[{"embeddable":true,"href":"https:\/\/www.firstlapf1.com\/en\/wp-json\/wp\/v2\/comments?post=42"}],"version-history":[{"count":1,"href":"https:\/\/www.firstlapf1.com\/en\/wp-json\/wp\/v2\/posts\/42\/revisions"}],"predecessor-version":[{"id":1953,"href":"https:\/\/www.firstlapf1.com\/en\/wp-json\/wp\/v2\/posts\/42\/revisions\/1953"}],"wp:featuredmedia":[{"embeddable":true,"href":"https:\/\/www.firstlapf1.com\/en\/wp-json\/wp\/v2\/media\/45"}],"wp:attachment":[{"href":"https:\/\/www.firstlapf1.com\/en\/wp-json\/wp\/v2\/media?parent=42"}],"wp:term":[{"taxonomy":"category","embeddable":true,"href":"https:\/\/www.firstlapf1.com\/en\/wp-json\/wp\/v2\/categories?post=42"},{"taxonomy":"post_tag","embeddable":true,"href":"https:\/\/www.firstlapf1.com\/en\/wp-json\/wp\/v2\/tags?post=42"}],"curies":[{"name":"wp","href":"https:\/\/api.w.org\/{rel}","templated":true}]}}