{"id":342,"date":"2022-10-08T07:15:29","date_gmt":"2022-10-08T07:15:29","guid":{"rendered":"http:\/\/pitlanef1.com\/?p=342"},"modified":"2023-02-21T17:00:28","modified_gmt":"2023-02-21T17:00:28","slug":"verstappen-supera-a-ferrari-en-la-pole-mas-apretada","status":"publish","type":"post","link":"https:\/\/www.firstlapf1.com\/en\/verstappen-supera-a-ferrari-en-la-pole-mas-apretada\/","title":{"rendered":"Verstappen supera a Ferrari en la pole m\u00e1s apretada"},"content":{"rendered":"<h2 class=\"wp-block-heading\">El holand\u00e9s depende de si mismo para ganar su segundo t\u00edtulo mundial en el GP de Jap\u00f3n e igualar a Fernando Alonso como bicampe\u00f3n mundial<\/h2>\n\n\n\n<p>Max Verstappen se lleva la pole en el GP de <a href=\"http:\/\/pitlanef1.com\/?s=japon\" target=\"_blank\" rel=\"noreferrer noopener\">Jap\u00f3n<\/a> superando, por muy poco, a los dos Ferrari. Leclerc ha clasificado a tan solo 10 mil\u00e9simas del holand\u00e9s, mientras que Sainz saldr\u00e1 tercero tras cerrar su vuelta a tan solo a 57 mil\u00e9simas de la pole. \u00c9sta ha sido una de las clasificaciones m\u00e1s apretadas de la temporada, aunque se ha echado de menos a los Mercedes que han terminado en sexta y octava posici\u00f3n, lejos de la pole. Fernando Alonso saldr\u00e1 desde la s\u00e9ptima, sorprendentemente superado por un Ocon que hab\u00eda sufrido mucho m\u00e1s que su compa\u00f1ero en Q2 y Q3.<\/p>\n\n\n\n<p>Albon, Gasly, <a href=\"https:\/\/kevinmagnussen.com\/\" target=\"_blank\" rel=\"noreferrer noopener\">Magnussen<\/a>, Stroll y Latifi han sido los primeros en caer. La \u00fanica sorpresa ha sido la de Gasly, uno de los protagonistas de hoy tras anunciar que correr\u00e1 para Alpine a partir de la temporada que viene. El franc\u00e9s, al igual que su compa\u00f1ero, han reportado problemas de temperatura en los frenos, y ha achacado a eso su ca\u00edda en Q3 por la radio. La diferencia entre el mas r\u00e1pido (Verstappen) y el \u00faltimo (Latifi) ha sido tan solo de +1.287 segundos de diferencia, todo muy compacto.<\/p>\n\n\n\n<figure class=\"wp-block-image size-large\"><img decoding=\"async\" src=\"http:\/\/pitlanef1.com\/wp-content\/uploads\/2022\/10\/68-1024x683.jpeg\" alt=\"\" class=\"wp-image-347\"\/><\/figure>\n\n\n\n<p>Verstappen, Sainz y Leclerc han pasado a la Q3 marcando sus tiempos de Q2 con neum\u00e1ticos usados en una sola vuelta, lo que demuestra que est\u00e1n guard\u00e1ndose neum\u00e1ticos blandos para ma\u00f1ana pese a la alta probabilidad de lluvia. Ricciardo, Bottas, Tsunoda, Zhou y Schumacher han sido los pilotos que nos han conseguido pasar el tiempo de corte en una Q2 en la que P\u00e9rez, Alonso y Verstappen han sido los m\u00e1s r\u00e1pidos. Vettel ha dado la sorpresa metiendo por cuarta vez en la temporada al Aston Martin en Q3. Tan solo +0.731 d\u00e9cimas entre el alem\u00e1n y P\u00e9rez.<\/p>\n\n\n\n<p>La parrilla de ma\u00f1ana (salvo sanciones de \u00faltima hora) es la siguiente: 1. Verstappen, 2. Leclerc, 3. Sainz, 4. P\u00e9rez, 5. Ocon, 6. Hamilton, 7. Alonso, 8. Russell, 9. Vettel, 10. Norris, 11. Ricciardo, 12. Bottas, 13. Tsunoda, 14. Zhou, 15. Schumacher, 16. Albon, 17. Gasly, 18. Magnussen, 19. Stroll, 20. Latifi.<\/p>\n\n\n\n<figure class=\"wp-block-image size-large\"><img loading=\"lazy\" decoding=\"async\" width=\"768\" height=\"1024\" src=\"http:\/\/pitlanef1.com\/wp-content\/uploads\/2022\/10\/69-768x1024.jpeg\" alt=\"\" class=\"wp-image-348\" srcset=\"https:\/\/www.firstlapf1.com\/wp-content\/uploads\/2022\/10\/69-768x1024.jpeg 768w, https:\/\/www.firstlapf1.com\/wp-content\/uploads\/2022\/10\/69-225x300.jpeg 225w, https:\/\/www.firstlapf1.com\/wp-content\/uploads\/2022\/10\/69-1152x1536.jpeg 1152w, https:\/\/www.firstlapf1.com\/wp-content\/uploads\/2022\/10\/69.jpeg 1536w\" sizes=\"auto, (max-width: 768px) 100vw, 768px\" \/><\/figure>","protected":false},"excerpt":{"rendered":"<p>El holand\u00e9s depende de si mismo para ganar su segundo t\u00edtulo mundial en el GP de Jap\u00f3n e igualar a Fernando Alonso como bicampe\u00f3n mundial<span class=\"more-button\"><a href=\"https:\/\/www.firstlapf1.com\/en\/verstappen-supera-a-ferrari-en-la-pole-mas-apretada\/\" class=\"more-link\">Continue reading<span class=\"screen-reader-text\">Verstappen supera a Ferrari en la pole m\u00e1s apretada<\/span><\/a><\/span><\/p>","protected":false},"author":1,"featured_media":346,"comment_status":"closed","ping_status":"closed","sticky":false,"template":"","format":"standard","meta":{"_jetpack_memberships_contains_paid_content":false,"footnotes":""},"categories":[6,7,26,37],"tags":[43,46,50],"class_list":["post-342","post","type-post","status-publish","format-standard","has-post-thumbnail","hentry","category-circuitos","category-escuderias-f1","category-japon","category-red-bull","tag-clasificacion","tag-japon","tag-suzuka"],"yoast_head":"<!-- This site is optimized with the Yoast SEO plugin v27.0 - https:\/\/yoast.com\/product\/yoast-seo-wordpress\/ -->\n<title>Verstappen supera a Ferrari en la pole m\u00e1s apretada - Noticias F1 en espa\u00f1ol<\/title>\n<meta name=\"description\" content=\"El holand\u00e9s depende de si mismo para ganar su segundo t\u00edtulo mundial en el GP de Jap\u00f3n e igualar a Fernando Alonso como bicampe\u00f3n mundial\" \/>\n<meta name=\"robots\" content=\"index, follow, max-snippet:-1, max-image-preview:large, max-video-preview:-1\" \/>\n<link rel=\"canonical\" href=\"https:\/\/www.firstlapf1.com\/en\/verstappen-supera-a-ferrari-en-la-pole-mas-apretada\/\" \/>\n<meta property=\"og:locale\" content=\"en_GB\" \/>\n<meta property=\"og:type\" content=\"article\" \/>\n<meta property=\"og:title\" content=\"Verstappen supera a Ferrari en la pole m\u00e1s apretada - Noticias F1 en espa\u00f1ol\" \/>\n<meta property=\"og:description\" content=\"El holand\u00e9s depende de si mismo para ganar su segundo t\u00edtulo mundial en el GP de Jap\u00f3n e igualar a Fernando Alonso como bicampe\u00f3n mundial\" \/>\n<meta property=\"og:url\" content=\"https:\/\/www.firstlapf1.com\/en\/verstappen-supera-a-ferrari-en-la-pole-mas-apretada\/\" \/>\n<meta property=\"og:site_name\" content=\"Noticias F1 en espa\u00f1ol\" \/>\n<meta property=\"article:published_time\" content=\"2022-10-08T07:15:29+00:00\" \/>\n<meta property=\"article:modified_time\" content=\"2023-02-21T17:00:28+00:00\" \/>\n<meta property=\"og:image\" content=\"https:\/\/www.firstlapf1.com\/wp-content\/uploads\/2022\/10\/67.jpeg\" \/>\n\t<meta property=\"og:image:width\" content=\"1080\" \/>\n\t<meta property=\"og:image:height\" content=\"1350\" \/>\n\t<meta property=\"og:image:type\" content=\"image\/jpeg\" \/>\n<meta name=\"author\" content=\"firstlap_admin\" \/>\n<meta name=\"twitter:card\" content=\"summary_large_image\" \/>\n<meta name=\"twitter:label1\" content=\"Written by\" \/>\n\t<meta name=\"twitter:data1\" content=\"firstlap_admin\" \/>\n\t<meta name=\"twitter:label2\" content=\"Estimated reading time\" \/>\n\t<meta name=\"twitter:data2\" content=\"3 minutes\" \/>\n<script type=\"application\/ld+json\" class=\"yoast-schema-graph\">{\"@context\":\"https:\/\/schema.org\",\"@graph\":[{\"@type\":\"Article\",\"@id\":\"https:\/\/www.firstlapf1.com\/verstappen-supera-a-ferrari-en-la-pole-mas-apretada\/#article\",\"isPartOf\":{\"@id\":\"https:\/\/www.firstlapf1.com\/verstappen-supera-a-ferrari-en-la-pole-mas-apretada\/\"},\"author\":{\"name\":\"firstlap_admin\",\"@id\":\"https:\/\/www.firstlapf1.com\/#\/schema\/person\/875f779e8ddc35d0fa99a117124b74d1\"},\"headline\":\"Verstappen supera a Ferrari en la pole m\u00e1s apretada\",\"datePublished\":\"2022-10-08T07:15:29+00:00\",\"dateModified\":\"2023-02-21T17:00:28+00:00\",\"mainEntityOfPage\":{\"@id\":\"https:\/\/www.firstlapf1.com\/verstappen-supera-a-ferrari-en-la-pole-mas-apretada\/\"},\"wordCount\":384,\"image\":{\"@id\":\"https:\/\/www.firstlapf1.com\/verstappen-supera-a-ferrari-en-la-pole-mas-apretada\/#primaryimage\"},\"thumbnailUrl\":\"https:\/\/www.firstlapf1.com\/wp-content\/uploads\/2022\/10\/67.jpeg\",\"keywords\":[\"Clasificaci\u00f3n\",\"Jap\u00f3n\",\"Suzuka\"],\"articleSection\":[\"Circuitos\",\"Escuder\u00edas\",\"GP Jap\u00f3n (Suzuka)\",\"Oracle Red Bull Racing\"],\"inLanguage\":\"en-GB\"},{\"@type\":\"WebPage\",\"@id\":\"https:\/\/www.firstlapf1.com\/verstappen-supera-a-ferrari-en-la-pole-mas-apretada\/\",\"url\":\"https:\/\/www.firstlapf1.com\/verstappen-supera-a-ferrari-en-la-pole-mas-apretada\/\",\"name\":\"Verstappen supera a Ferrari en la pole m\u00e1s apretada - Noticias F1 en espa\u00f1ol\",\"isPartOf\":{\"@id\":\"https:\/\/www.firstlapf1.com\/#website\"},\"primaryImageOfPage\":{\"@id\":\"https:\/\/www.firstlapf1.com\/verstappen-supera-a-ferrari-en-la-pole-mas-apretada\/#primaryimage\"},\"image\":{\"@id\":\"https:\/\/www.firstlapf1.com\/verstappen-supera-a-ferrari-en-la-pole-mas-apretada\/#primaryimage\"},\"thumbnailUrl\":\"https:\/\/www.firstlapf1.com\/wp-content\/uploads\/2022\/10\/67.jpeg\",\"datePublished\":\"2022-10-08T07:15:29+00:00\",\"dateModified\":\"2023-02-21T17:00:28+00:00\",\"author\":{\"@id\":\"https:\/\/www.firstlapf1.com\/#\/schema\/person\/875f779e8ddc35d0fa99a117124b74d1\"},\"description\":\"El holand\u00e9s depende de si mismo para ganar su segundo t\u00edtulo mundial en el GP de Jap\u00f3n e igualar a Fernando Alonso como bicampe\u00f3n mundial\",\"inLanguage\":\"en-GB\",\"potentialAction\":[{\"@type\":\"ReadAction\",\"target\":[\"https:\/\/www.firstlapf1.com\/verstappen-supera-a-ferrari-en-la-pole-mas-apretada\/\"]}]},{\"@type\":\"ImageObject\",\"inLanguage\":\"en-GB\",\"@id\":\"https:\/\/www.firstlapf1.com\/verstappen-supera-a-ferrari-en-la-pole-mas-apretada\/#primaryimage\",\"url\":\"https:\/\/www.firstlapf1.com\/wp-content\/uploads\/2022\/10\/67.jpeg\",\"contentUrl\":\"https:\/\/www.firstlapf1.com\/wp-content\/uploads\/2022\/10\/67.jpeg\",\"width\":1080,\"height\":1350},{\"@type\":\"WebSite\",\"@id\":\"https:\/\/www.firstlapf1.com\/#website\",\"url\":\"https:\/\/www.firstlapf1.com\/\",\"name\":\"Noticias F1 en espa\u00f1ol\",\"description\":\"Noticias F1 en espa\u00f1ol\",\"potentialAction\":[{\"@type\":\"SearchAction\",\"target\":{\"@type\":\"EntryPoint\",\"urlTemplate\":\"https:\/\/www.firstlapf1.com\/?s={search_term_string}\"},\"query-input\":{\"@type\":\"PropertyValueSpecification\",\"valueRequired\":true,\"valueName\":\"search_term_string\"}}],\"inLanguage\":\"en-GB\"},{\"@type\":\"Person\",\"@id\":\"https:\/\/www.firstlapf1.com\/#\/schema\/person\/875f779e8ddc35d0fa99a117124b74d1\",\"name\":\"firstlap_admin\",\"image\":{\"@type\":\"ImageObject\",\"inLanguage\":\"en-GB\",\"@id\":\"https:\/\/www.firstlapf1.com\/#\/schema\/person\/image\/\",\"url\":\"https:\/\/secure.gravatar.com\/avatar\/84be0310c4060e415ae8a26c2500f614a7a109a82dc35ca0486653ff5039956b?s=96&d=mm&r=g\",\"contentUrl\":\"https:\/\/secure.gravatar.com\/avatar\/84be0310c4060e415ae8a26c2500f614a7a109a82dc35ca0486653ff5039956b?s=96&d=mm&r=g\",\"caption\":\"firstlap_admin\"},\"sameAs\":[\"https:\/\/www.firstlapf1.com\"],\"url\":\"https:\/\/www.firstlapf1.com\/en\/author\/firstlap_admin\/\"}]}<\/script>\n<!-- \/ Yoast SEO plugin. -->","yoast_head_json":{"title":"Verstappen supera a Ferrari en la pole m\u00e1s apretada - Noticias F1 en espa\u00f1ol","description":"El holand\u00e9s depende de si mismo para ganar su segundo t\u00edtulo mundial en el GP de Jap\u00f3n e igualar a Fernando Alonso como bicampe\u00f3n mundial","robots":{"index":"index","follow":"follow","max-snippet":"max-snippet:-1","max-image-preview":"max-image-preview:large","max-video-preview":"max-video-preview:-1"},"canonical":"https:\/\/www.firstlapf1.com\/en\/verstappen-supera-a-ferrari-en-la-pole-mas-apretada\/","og_locale":"en_GB","og_type":"article","og_title":"Verstappen supera a Ferrari en la pole m\u00e1s apretada - Noticias F1 en espa\u00f1ol","og_description":"El holand\u00e9s depende de si mismo para ganar su segundo t\u00edtulo mundial en el GP de Jap\u00f3n e igualar a Fernando Alonso como bicampe\u00f3n mundial","og_url":"https:\/\/www.firstlapf1.com\/en\/verstappen-supera-a-ferrari-en-la-pole-mas-apretada\/","og_site_name":"Noticias F1 en espa\u00f1ol","article_published_time":"2022-10-08T07:15:29+00:00","article_modified_time":"2023-02-21T17:00:28+00:00","og_image":[{"width":1080,"height":1350,"url":"https:\/\/www.firstlapf1.com\/wp-content\/uploads\/2022\/10\/67.jpeg","type":"image\/jpeg"}],"author":"firstlap_admin","twitter_card":"summary_large_image","twitter_misc":{"Written by":"firstlap_admin","Estimated reading time":"3 minutes"},"schema":{"@context":"https:\/\/schema.org","@graph":[{"@type":"Article","@id":"https:\/\/www.firstlapf1.com\/verstappen-supera-a-ferrari-en-la-pole-mas-apretada\/#article","isPartOf":{"@id":"https:\/\/www.firstlapf1.com\/verstappen-supera-a-ferrari-en-la-pole-mas-apretada\/"},"author":{"name":"firstlap_admin","@id":"https:\/\/www.firstlapf1.com\/#\/schema\/person\/875f779e8ddc35d0fa99a117124b74d1"},"headline":"Verstappen supera a Ferrari en la pole m\u00e1s apretada","datePublished":"2022-10-08T07:15:29+00:00","dateModified":"2023-02-21T17:00:28+00:00","mainEntityOfPage":{"@id":"https:\/\/www.firstlapf1.com\/verstappen-supera-a-ferrari-en-la-pole-mas-apretada\/"},"wordCount":384,"image":{"@id":"https:\/\/www.firstlapf1.com\/verstappen-supera-a-ferrari-en-la-pole-mas-apretada\/#primaryimage"},"thumbnailUrl":"https:\/\/www.firstlapf1.com\/wp-content\/uploads\/2022\/10\/67.jpeg","keywords":["Clasificaci\u00f3n","Jap\u00f3n","Suzuka"],"articleSection":["Circuitos","Escuder\u00edas","GP Jap\u00f3n (Suzuka)","Oracle Red Bull Racing"],"inLanguage":"en-GB"},{"@type":"WebPage","@id":"https:\/\/www.firstlapf1.com\/verstappen-supera-a-ferrari-en-la-pole-mas-apretada\/","url":"https:\/\/www.firstlapf1.com\/verstappen-supera-a-ferrari-en-la-pole-mas-apretada\/","name":"Verstappen supera a Ferrari en la pole m\u00e1s apretada - Noticias F1 en espa\u00f1ol","isPartOf":{"@id":"https:\/\/www.firstlapf1.com\/#website"},"primaryImageOfPage":{"@id":"https:\/\/www.firstlapf1.com\/verstappen-supera-a-ferrari-en-la-pole-mas-apretada\/#primaryimage"},"image":{"@id":"https:\/\/www.firstlapf1.com\/verstappen-supera-a-ferrari-en-la-pole-mas-apretada\/#primaryimage"},"thumbnailUrl":"https:\/\/www.firstlapf1.com\/wp-content\/uploads\/2022\/10\/67.jpeg","datePublished":"2022-10-08T07:15:29+00:00","dateModified":"2023-02-21T17:00:28+00:00","author":{"@id":"https:\/\/www.firstlapf1.com\/#\/schema\/person\/875f779e8ddc35d0fa99a117124b74d1"},"description":"El holand\u00e9s depende de si mismo para ganar su segundo t\u00edtulo mundial en el GP de Jap\u00f3n e igualar a Fernando Alonso como bicampe\u00f3n mundial","inLanguage":"en-GB","potentialAction":[{"@type":"ReadAction","target":["https:\/\/www.firstlapf1.com\/verstappen-supera-a-ferrari-en-la-pole-mas-apretada\/"]}]},{"@type":"ImageObject","inLanguage":"en-GB","@id":"https:\/\/www.firstlapf1.com\/verstappen-supera-a-ferrari-en-la-pole-mas-apretada\/#primaryimage","url":"https:\/\/www.firstlapf1.com\/wp-content\/uploads\/2022\/10\/67.jpeg","contentUrl":"https:\/\/www.firstlapf1.com\/wp-content\/uploads\/2022\/10\/67.jpeg","width":1080,"height":1350},{"@type":"WebSite","@id":"https:\/\/www.firstlapf1.com\/#website","url":"https:\/\/www.firstlapf1.com\/","name":"Noticias F1 en espa\u00f1ol","description":"Noticias F1 en espa\u00f1ol","potentialAction":[{"@type":"SearchAction","target":{"@type":"EntryPoint","urlTemplate":"https:\/\/www.firstlapf1.com\/?s={search_term_string}"},"query-input":{"@type":"PropertyValueSpecification","valueRequired":true,"valueName":"search_term_string"}}],"inLanguage":"en-GB"},{"@type":"Person","@id":"https:\/\/www.firstlapf1.com\/#\/schema\/person\/875f779e8ddc35d0fa99a117124b74d1","name":"firstlap_admin","image":{"@type":"ImageObject","inLanguage":"en-GB","@id":"https:\/\/www.firstlapf1.com\/#\/schema\/person\/image\/","url":"https:\/\/secure.gravatar.com\/avatar\/84be0310c4060e415ae8a26c2500f614a7a109a82dc35ca0486653ff5039956b?s=96&d=mm&r=g","contentUrl":"https:\/\/secure.gravatar.com\/avatar\/84be0310c4060e415ae8a26c2500f614a7a109a82dc35ca0486653ff5039956b?s=96&d=mm&r=g","caption":"firstlap_admin"},"sameAs":["https:\/\/www.firstlapf1.com"],"url":"https:\/\/www.firstlapf1.com\/en\/author\/firstlap_admin\/"}]}},"jetpack_featured_media_url":"https:\/\/www.firstlapf1.com\/wp-content\/uploads\/2022\/10\/67.jpeg","jetpack_sharing_enabled":true,"_links":{"self":[{"href":"https:\/\/www.firstlapf1.com\/en\/wp-json\/wp\/v2\/posts\/342","targetHints":{"allow":["GET"]}}],"collection":[{"href":"https:\/\/www.firstlapf1.com\/en\/wp-json\/wp\/v2\/posts"}],"about":[{"href":"https:\/\/www.firstlapf1.com\/en\/wp-json\/wp\/v2\/types\/post"}],"author":[{"embeddable":true,"href":"https:\/\/www.firstlapf1.com\/en\/wp-json\/wp\/v2\/users\/1"}],"replies":[{"embeddable":true,"href":"https:\/\/www.firstlapf1.com\/en\/wp-json\/wp\/v2\/comments?post=342"}],"version-history":[{"count":1,"href":"https:\/\/www.firstlapf1.com\/en\/wp-json\/wp\/v2\/posts\/342\/revisions"}],"predecessor-version":[{"id":1975,"href":"https:\/\/www.firstlapf1.com\/en\/wp-json\/wp\/v2\/posts\/342\/revisions\/1975"}],"wp:featuredmedia":[{"embeddable":true,"href":"https:\/\/www.firstlapf1.com\/en\/wp-json\/wp\/v2\/media\/346"}],"wp:attachment":[{"href":"https:\/\/www.firstlapf1.com\/en\/wp-json\/wp\/v2\/media?parent=342"}],"wp:term":[{"taxonomy":"category","embeddable":true,"href":"https:\/\/www.firstlapf1.com\/en\/wp-json\/wp\/v2\/categories?post=342"},{"taxonomy":"post_tag","embeddable":true,"href":"https:\/\/www.firstlapf1.com\/en\/wp-json\/wp\/v2\/tags?post=342"}],"curies":[{"name":"wp","href":"https:\/\/api.w.org\/{rel}","templated":true}]}}