{"id":323,"date":"2022-10-08T04:15:30","date_gmt":"2022-10-08T04:15:30","guid":{"rendered":"http:\/\/pitlanef1.com\/?p=323"},"modified":"2023-02-21T16:59:20","modified_gmt":"2023-02-21T16:59:20","slug":"resultados-libres-3-verstappen-en-modo-mundial-lidera-delante-de-los-ferrari","status":"publish","type":"post","link":"https:\/\/www.firstlapf1.com\/en\/resultados-libres-3-verstappen-en-modo-mundial-lidera-delante-de-los-ferrari\/","title":{"rendered":"Resultados Libres 3: Verstappen, en modo mundial, lidera delante de los Ferrari"},"content":{"rendered":"<h2 class=\"wp-block-heading\">Verstappen lidera los \u00faltimos entrenamientos libres antes de la clasificaci\u00f3n del Gran Premio de Jap\u00f3n por delante de los Ferrari<\/h2>\n\n\n\n<p>Max Verstappen ha liderado los \u00faltimos entrenamientos libres, tras la vuelta del Gran Premio de Jap\u00f3n, de un s\u00e1bado muy activo. Debido a que ayer ambas sesiones fueron sobre mojado, todos han querido rodar el m\u00e1ximo posible para preparar la <a href=\"https:\/\/www.formula1.com\/\" target=\"_blank\" rel=\"noreferrer noopener\">clasificaci\u00f3n<\/a> de hoy.<\/p>\n\n\n\n<p>El holand\u00e9s ha marcado el mejor tiempo, con un tiempo de 1:30.671. Segundo, a +0.294 tenemos al espa\u00f1ol Carlos Sainz, seguido de un Charles Leclerc que ha terminado a +0.309 de Verstappen. Fernando Alonso se ha colocado en cuarto lugar a tan solo seis d\u00e9cimas y media del mas r\u00e1pido.<\/p>\n\n\n\n<figure class=\"wp-block-image size-large\"><img loading=\"lazy\" decoding=\"async\" width=\"819\" height=\"1024\" src=\"http:\/\/pitlanef1.com\/wp-content\/uploads\/2022\/10\/62-819x1024.jpeg\" alt=\"\" class=\"wp-image-332\" srcset=\"https:\/\/www.firstlapf1.com\/wp-content\/uploads\/2022\/10\/62-819x1024.jpeg 819w, https:\/\/www.firstlapf1.com\/wp-content\/uploads\/2022\/10\/62-240x300.jpeg 240w, https:\/\/www.firstlapf1.com\/wp-content\/uploads\/2022\/10\/62-768x960.jpeg 768w, https:\/\/www.firstlapf1.com\/wp-content\/uploads\/2022\/10\/62-1229x1536.jpeg 1229w, https:\/\/www.firstlapf1.com\/wp-content\/uploads\/2022\/10\/62.jpeg 1638w\" sizes=\"auto, (max-width: 819px) 100vw, 819px\" \/><\/figure>\n\n\n\n<p>A falta de menos de dos horas para que arranque la clasificaci\u00f3n en Suzuka, Max Verstappen ha demostrado estar en \u00abmodo mundial\u00bb, ya que puede conquistar el bicampeonato ma\u00f1ana. Ser\u00e1 hoy, en la clasificaci\u00f3n, donde tendr\u00e1 la oportunidad de encarrilar su segundo t\u00edtulo mundial. Por otro lado, a los Ferrari les tocar\u00e1 centrarse en vencer a una Mercedes que amenaza el segundo lugar en el mundial de constructores.<\/p>\n\n\n\n<p>Los Mercedes no han supuesto una gran amenaza hasta ahora, pero se espera que den un paso adelante en la clasificaci\u00f3n. En estos libres 3 han terminado sexto y s\u00e9ptimo, con Russell por delante, a mas de medio segundo que los Ferrari.<\/p>\n\n\n\n<p>La sesi\u00f3n ha sido bastante limpia, ya que a penas hemos tenido una fugaz bandera amarilla. Tambi\u00e9n, sabiendo que la clasificaci\u00f3n es en poco m\u00e1s de una hora han estado bastante conservadores, ya que se estima una mejora notable de aqu\u00ed hasta la Q3 del Gran Premio de Jap\u00f3n.<\/p>\n\n\n\n<p>Al margen de lo sucedido en la pista, el d\u00eda de hoy hemos despertado con la confirmaci\u00f3n de los fuertes rumores que circulaban durante la silly season. <a href=\"http:\/\/pitlanef1.com\/2022\/10\/08\/pierre-gasly-deja-alphatauri-para-entrar-en-alpine\/\" target=\"_blank\" rel=\"noreferrer noopener\">Pierre Gasly<\/a> pilotar\u00e1 para Alpine en 2023, escuder\u00eda con la que ha firmado un contrato multianual. Ocupando el lugar del franc\u00e9s tendremos a Nyck de Vries, que ha firmado con Alpha Tauri para el a\u00f1o que viene.<\/p>\n\n\n\n<figure class=\"wp-block-image size-large\"><img loading=\"lazy\" decoding=\"async\" width=\"1024\" height=\"683\" src=\"http:\/\/pitlanef1.com\/wp-content\/uploads\/2022\/10\/61-1024x683.jpeg\" alt=\"\" class=\"wp-image-333\" srcset=\"https:\/\/www.firstlapf1.com\/wp-content\/uploads\/2022\/10\/61-1024x683.jpeg 1024w, https:\/\/www.firstlapf1.com\/wp-content\/uploads\/2022\/10\/61-300x200.jpeg 300w, https:\/\/www.firstlapf1.com\/wp-content\/uploads\/2022\/10\/61-768x512.jpeg 768w, https:\/\/www.firstlapf1.com\/wp-content\/uploads\/2022\/10\/61-1536x1025.jpeg 1536w, https:\/\/www.firstlapf1.com\/wp-content\/uploads\/2022\/10\/61.jpeg 2048w\" sizes=\"auto, (max-width: 1024px) 100vw, 1024px\" \/><\/figure>","protected":false},"excerpt":{"rendered":"<p>Verstappen lidera los \u00faltimos entrenamientos libres antes de la clasificaci\u00f3n del Gran Premio de Jap\u00f3n por delante de los Ferrari Max Verstappen ha liderado los<span class=\"more-button\"><a href=\"https:\/\/www.firstlapf1.com\/en\/resultados-libres-3-verstappen-en-modo-mundial-lidera-delante-de-los-ferrari\/\" class=\"more-link\">Continue reading<span class=\"screen-reader-text\">Resultados Libres 3: Verstappen, en modo mundial, lidera delante de los Ferrari<\/span><\/a><\/span><\/p>","protected":false},"author":1,"featured_media":334,"comment_status":"closed","ping_status":"closed","sticky":false,"template":"","format":"standard","meta":{"_jetpack_memberships_contains_paid_content":false,"footnotes":""},"categories":[6,26],"tags":[],"class_list":["post-323","post","type-post","status-publish","format-standard","has-post-thumbnail","hentry","category-circuitos","category-japon"],"yoast_head":"<!-- This site is optimized with the Yoast SEO plugin v27.0 - https:\/\/yoast.com\/product\/yoast-seo-wordpress\/ -->\n<title>Verstappen al frente de los libres 3<\/title>\n<meta name=\"description\" content=\"Verstappen lidera los \u00faltimos entrenamientos libres antes de la clasificaci\u00f3n del Gran Premio de Jap\u00f3n por delante de los Ferrari\" \/>\n<meta name=\"robots\" content=\"index, follow, max-snippet:-1, max-image-preview:large, max-video-preview:-1\" \/>\n<link rel=\"canonical\" href=\"https:\/\/www.firstlapf1.com\/en\/resultados-libres-3-verstappen-en-modo-mundial-lidera-delante-de-los-ferrari\/\" \/>\n<meta property=\"og:locale\" content=\"en_GB\" \/>\n<meta property=\"og:type\" content=\"article\" \/>\n<meta property=\"og:title\" content=\"Verstappen al frente de los libres 3\" \/>\n<meta property=\"og:description\" content=\"Verstappen lidera los \u00faltimos entrenamientos libres antes de la clasificaci\u00f3n del Gran Premio de Jap\u00f3n por delante de los Ferrari\" \/>\n<meta property=\"og:url\" content=\"https:\/\/www.firstlapf1.com\/en\/resultados-libres-3-verstappen-en-modo-mundial-lidera-delante-de-los-ferrari\/\" \/>\n<meta property=\"og:site_name\" content=\"Noticias F1 en espa\u00f1ol\" \/>\n<meta property=\"article:published_time\" content=\"2022-10-08T04:15:30+00:00\" \/>\n<meta property=\"article:modified_time\" content=\"2023-02-21T16:59:20+00:00\" \/>\n<meta property=\"og:image\" content=\"https:\/\/www.firstlapf1.com\/wp-content\/uploads\/2022\/10\/60-scaled-1.jpeg\" \/>\n\t<meta property=\"og:image:width\" content=\"2560\" \/>\n\t<meta property=\"og:image:height\" content=\"1709\" \/>\n\t<meta property=\"og:image:type\" content=\"image\/jpeg\" \/>\n<meta name=\"author\" content=\"firstlap_admin\" \/>\n<meta name=\"twitter:card\" content=\"summary_large_image\" \/>\n<meta name=\"twitter:label1\" content=\"Written by\" \/>\n\t<meta name=\"twitter:data1\" content=\"firstlap_admin\" \/>\n\t<meta name=\"twitter:label2\" content=\"Estimated reading time\" \/>\n\t<meta name=\"twitter:data2\" content=\"2 minutes\" \/>\n<script type=\"application\/ld+json\" class=\"yoast-schema-graph\">{\"@context\":\"https:\/\/schema.org\",\"@graph\":[{\"@type\":\"Article\",\"@id\":\"https:\/\/www.firstlapf1.com\/resultados-libres-3-verstappen-en-modo-mundial-lidera-delante-de-los-ferrari\/#article\",\"isPartOf\":{\"@id\":\"https:\/\/www.firstlapf1.com\/resultados-libres-3-verstappen-en-modo-mundial-lidera-delante-de-los-ferrari\/\"},\"author\":{\"name\":\"firstlap_admin\",\"@id\":\"https:\/\/www.firstlapf1.com\/#\/schema\/person\/875f779e8ddc35d0fa99a117124b74d1\"},\"headline\":\"Resultados Libres 3: Verstappen, en modo mundial, lidera delante de los Ferrari\",\"datePublished\":\"2022-10-08T04:15:30+00:00\",\"dateModified\":\"2023-02-21T16:59:20+00:00\",\"mainEntityOfPage\":{\"@id\":\"https:\/\/www.firstlapf1.com\/resultados-libres-3-verstappen-en-modo-mundial-lidera-delante-de-los-ferrari\/\"},\"wordCount\":368,\"image\":{\"@id\":\"https:\/\/www.firstlapf1.com\/resultados-libres-3-verstappen-en-modo-mundial-lidera-delante-de-los-ferrari\/#primaryimage\"},\"thumbnailUrl\":\"https:\/\/www.firstlapf1.com\/wp-content\/uploads\/2022\/10\/60-scaled-1.jpeg\",\"articleSection\":[\"Circuitos\",\"GP Jap\u00f3n (Suzuka)\"],\"inLanguage\":\"en-GB\"},{\"@type\":\"WebPage\",\"@id\":\"https:\/\/www.firstlapf1.com\/resultados-libres-3-verstappen-en-modo-mundial-lidera-delante-de-los-ferrari\/\",\"url\":\"https:\/\/www.firstlapf1.com\/resultados-libres-3-verstappen-en-modo-mundial-lidera-delante-de-los-ferrari\/\",\"name\":\"Verstappen al frente de los libres 3\",\"isPartOf\":{\"@id\":\"https:\/\/www.firstlapf1.com\/#website\"},\"primaryImageOfPage\":{\"@id\":\"https:\/\/www.firstlapf1.com\/resultados-libres-3-verstappen-en-modo-mundial-lidera-delante-de-los-ferrari\/#primaryimage\"},\"image\":{\"@id\":\"https:\/\/www.firstlapf1.com\/resultados-libres-3-verstappen-en-modo-mundial-lidera-delante-de-los-ferrari\/#primaryimage\"},\"thumbnailUrl\":\"https:\/\/www.firstlapf1.com\/wp-content\/uploads\/2022\/10\/60-scaled-1.jpeg\",\"datePublished\":\"2022-10-08T04:15:30+00:00\",\"dateModified\":\"2023-02-21T16:59:20+00:00\",\"author\":{\"@id\":\"https:\/\/www.firstlapf1.com\/#\/schema\/person\/875f779e8ddc35d0fa99a117124b74d1\"},\"description\":\"Verstappen lidera los \u00faltimos entrenamientos libres antes de la clasificaci\u00f3n del Gran Premio de Jap\u00f3n por delante de los Ferrari\",\"inLanguage\":\"en-GB\",\"potentialAction\":[{\"@type\":\"ReadAction\",\"target\":[\"https:\/\/www.firstlapf1.com\/resultados-libres-3-verstappen-en-modo-mundial-lidera-delante-de-los-ferrari\/\"]}]},{\"@type\":\"ImageObject\",\"inLanguage\":\"en-GB\",\"@id\":\"https:\/\/www.firstlapf1.com\/resultados-libres-3-verstappen-en-modo-mundial-lidera-delante-de-los-ferrari\/#primaryimage\",\"url\":\"https:\/\/www.firstlapf1.com\/wp-content\/uploads\/2022\/10\/60-scaled-1.jpeg\",\"contentUrl\":\"https:\/\/www.firstlapf1.com\/wp-content\/uploads\/2022\/10\/60-scaled-1.jpeg\",\"width\":2560,\"height\":1709},{\"@type\":\"WebSite\",\"@id\":\"https:\/\/www.firstlapf1.com\/#website\",\"url\":\"https:\/\/www.firstlapf1.com\/\",\"name\":\"Noticias F1 en espa\u00f1ol\",\"description\":\"Noticias F1 en espa\u00f1ol\",\"potentialAction\":[{\"@type\":\"SearchAction\",\"target\":{\"@type\":\"EntryPoint\",\"urlTemplate\":\"https:\/\/www.firstlapf1.com\/?s={search_term_string}\"},\"query-input\":{\"@type\":\"PropertyValueSpecification\",\"valueRequired\":true,\"valueName\":\"search_term_string\"}}],\"inLanguage\":\"en-GB\"},{\"@type\":\"Person\",\"@id\":\"https:\/\/www.firstlapf1.com\/#\/schema\/person\/875f779e8ddc35d0fa99a117124b74d1\",\"name\":\"firstlap_admin\",\"image\":{\"@type\":\"ImageObject\",\"inLanguage\":\"en-GB\",\"@id\":\"https:\/\/www.firstlapf1.com\/#\/schema\/person\/image\/\",\"url\":\"https:\/\/secure.gravatar.com\/avatar\/84be0310c4060e415ae8a26c2500f614a7a109a82dc35ca0486653ff5039956b?s=96&d=mm&r=g\",\"contentUrl\":\"https:\/\/secure.gravatar.com\/avatar\/84be0310c4060e415ae8a26c2500f614a7a109a82dc35ca0486653ff5039956b?s=96&d=mm&r=g\",\"caption\":\"firstlap_admin\"},\"sameAs\":[\"https:\/\/www.firstlapf1.com\"],\"url\":\"https:\/\/www.firstlapf1.com\/en\/author\/firstlap_admin\/\"}]}<\/script>\n<!-- \/ Yoast SEO plugin. -->","yoast_head_json":{"title":"Verstappen al frente de los libres 3","description":"Verstappen lidera los \u00faltimos entrenamientos libres antes de la clasificaci\u00f3n del Gran Premio de Jap\u00f3n por delante de los Ferrari","robots":{"index":"index","follow":"follow","max-snippet":"max-snippet:-1","max-image-preview":"max-image-preview:large","max-video-preview":"max-video-preview:-1"},"canonical":"https:\/\/www.firstlapf1.com\/en\/resultados-libres-3-verstappen-en-modo-mundial-lidera-delante-de-los-ferrari\/","og_locale":"en_GB","og_type":"article","og_title":"Verstappen al frente de los libres 3","og_description":"Verstappen lidera los \u00faltimos entrenamientos libres antes de la clasificaci\u00f3n del Gran Premio de Jap\u00f3n por delante de los Ferrari","og_url":"https:\/\/www.firstlapf1.com\/en\/resultados-libres-3-verstappen-en-modo-mundial-lidera-delante-de-los-ferrari\/","og_site_name":"Noticias F1 en espa\u00f1ol","article_published_time":"2022-10-08T04:15:30+00:00","article_modified_time":"2023-02-21T16:59:20+00:00","og_image":[{"width":2560,"height":1709,"url":"https:\/\/www.firstlapf1.com\/wp-content\/uploads\/2022\/10\/60-scaled-1.jpeg","type":"image\/jpeg"}],"author":"firstlap_admin","twitter_card":"summary_large_image","twitter_misc":{"Written by":"firstlap_admin","Estimated reading time":"2 minutes"},"schema":{"@context":"https:\/\/schema.org","@graph":[{"@type":"Article","@id":"https:\/\/www.firstlapf1.com\/resultados-libres-3-verstappen-en-modo-mundial-lidera-delante-de-los-ferrari\/#article","isPartOf":{"@id":"https:\/\/www.firstlapf1.com\/resultados-libres-3-verstappen-en-modo-mundial-lidera-delante-de-los-ferrari\/"},"author":{"name":"firstlap_admin","@id":"https:\/\/www.firstlapf1.com\/#\/schema\/person\/875f779e8ddc35d0fa99a117124b74d1"},"headline":"Resultados Libres 3: Verstappen, en modo mundial, lidera delante de los Ferrari","datePublished":"2022-10-08T04:15:30+00:00","dateModified":"2023-02-21T16:59:20+00:00","mainEntityOfPage":{"@id":"https:\/\/www.firstlapf1.com\/resultados-libres-3-verstappen-en-modo-mundial-lidera-delante-de-los-ferrari\/"},"wordCount":368,"image":{"@id":"https:\/\/www.firstlapf1.com\/resultados-libres-3-verstappen-en-modo-mundial-lidera-delante-de-los-ferrari\/#primaryimage"},"thumbnailUrl":"https:\/\/www.firstlapf1.com\/wp-content\/uploads\/2022\/10\/60-scaled-1.jpeg","articleSection":["Circuitos","GP Jap\u00f3n (Suzuka)"],"inLanguage":"en-GB"},{"@type":"WebPage","@id":"https:\/\/www.firstlapf1.com\/resultados-libres-3-verstappen-en-modo-mundial-lidera-delante-de-los-ferrari\/","url":"https:\/\/www.firstlapf1.com\/resultados-libres-3-verstappen-en-modo-mundial-lidera-delante-de-los-ferrari\/","name":"Verstappen al frente de los libres 3","isPartOf":{"@id":"https:\/\/www.firstlapf1.com\/#website"},"primaryImageOfPage":{"@id":"https:\/\/www.firstlapf1.com\/resultados-libres-3-verstappen-en-modo-mundial-lidera-delante-de-los-ferrari\/#primaryimage"},"image":{"@id":"https:\/\/www.firstlapf1.com\/resultados-libres-3-verstappen-en-modo-mundial-lidera-delante-de-los-ferrari\/#primaryimage"},"thumbnailUrl":"https:\/\/www.firstlapf1.com\/wp-content\/uploads\/2022\/10\/60-scaled-1.jpeg","datePublished":"2022-10-08T04:15:30+00:00","dateModified":"2023-02-21T16:59:20+00:00","author":{"@id":"https:\/\/www.firstlapf1.com\/#\/schema\/person\/875f779e8ddc35d0fa99a117124b74d1"},"description":"Verstappen lidera los \u00faltimos entrenamientos libres antes de la clasificaci\u00f3n del Gran Premio de Jap\u00f3n por delante de los Ferrari","inLanguage":"en-GB","potentialAction":[{"@type":"ReadAction","target":["https:\/\/www.firstlapf1.com\/resultados-libres-3-verstappen-en-modo-mundial-lidera-delante-de-los-ferrari\/"]}]},{"@type":"ImageObject","inLanguage":"en-GB","@id":"https:\/\/www.firstlapf1.com\/resultados-libres-3-verstappen-en-modo-mundial-lidera-delante-de-los-ferrari\/#primaryimage","url":"https:\/\/www.firstlapf1.com\/wp-content\/uploads\/2022\/10\/60-scaled-1.jpeg","contentUrl":"https:\/\/www.firstlapf1.com\/wp-content\/uploads\/2022\/10\/60-scaled-1.jpeg","width":2560,"height":1709},{"@type":"WebSite","@id":"https:\/\/www.firstlapf1.com\/#website","url":"https:\/\/www.firstlapf1.com\/","name":"Noticias F1 en espa\u00f1ol","description":"Noticias F1 en espa\u00f1ol","potentialAction":[{"@type":"SearchAction","target":{"@type":"EntryPoint","urlTemplate":"https:\/\/www.firstlapf1.com\/?s={search_term_string}"},"query-input":{"@type":"PropertyValueSpecification","valueRequired":true,"valueName":"search_term_string"}}],"inLanguage":"en-GB"},{"@type":"Person","@id":"https:\/\/www.firstlapf1.com\/#\/schema\/person\/875f779e8ddc35d0fa99a117124b74d1","name":"firstlap_admin","image":{"@type":"ImageObject","inLanguage":"en-GB","@id":"https:\/\/www.firstlapf1.com\/#\/schema\/person\/image\/","url":"https:\/\/secure.gravatar.com\/avatar\/84be0310c4060e415ae8a26c2500f614a7a109a82dc35ca0486653ff5039956b?s=96&d=mm&r=g","contentUrl":"https:\/\/secure.gravatar.com\/avatar\/84be0310c4060e415ae8a26c2500f614a7a109a82dc35ca0486653ff5039956b?s=96&d=mm&r=g","caption":"firstlap_admin"},"sameAs":["https:\/\/www.firstlapf1.com"],"url":"https:\/\/www.firstlapf1.com\/en\/author\/firstlap_admin\/"}]}},"jetpack_featured_media_url":"https:\/\/www.firstlapf1.com\/wp-content\/uploads\/2022\/10\/60-scaled-1.jpeg","jetpack_sharing_enabled":true,"_links":{"self":[{"href":"https:\/\/www.firstlapf1.com\/en\/wp-json\/wp\/v2\/posts\/323","targetHints":{"allow":["GET"]}}],"collection":[{"href":"https:\/\/www.firstlapf1.com\/en\/wp-json\/wp\/v2\/posts"}],"about":[{"href":"https:\/\/www.firstlapf1.com\/en\/wp-json\/wp\/v2\/types\/post"}],"author":[{"embeddable":true,"href":"https:\/\/www.firstlapf1.com\/en\/wp-json\/wp\/v2\/users\/1"}],"replies":[{"embeddable":true,"href":"https:\/\/www.firstlapf1.com\/en\/wp-json\/wp\/v2\/comments?post=323"}],"version-history":[{"count":1,"href":"https:\/\/www.firstlapf1.com\/en\/wp-json\/wp\/v2\/posts\/323\/revisions"}],"predecessor-version":[{"id":1972,"href":"https:\/\/www.firstlapf1.com\/en\/wp-json\/wp\/v2\/posts\/323\/revisions\/1972"}],"wp:featuredmedia":[{"embeddable":true,"href":"https:\/\/www.firstlapf1.com\/en\/wp-json\/wp\/v2\/media\/334"}],"wp:attachment":[{"href":"https:\/\/www.firstlapf1.com\/en\/wp-json\/wp\/v2\/media?parent=323"}],"wp:term":[{"taxonomy":"category","embeddable":true,"href":"https:\/\/www.firstlapf1.com\/en\/wp-json\/wp\/v2\/categories?post=323"},{"taxonomy":"post_tag","embeddable":true,"href":"https:\/\/www.firstlapf1.com\/en\/wp-json\/wp\/v2\/tags?post=323"}],"curies":[{"name":"wp","href":"https:\/\/api.w.org\/{rel}","templated":true}]}}