{"id":316,"date":"2022-10-08T04:37:59","date_gmt":"2022-10-08T04:37:59","guid":{"rendered":"http:\/\/pitlanef1.com\/?p=316"},"modified":"2023-02-21T16:59:49","modified_gmt":"2023-02-21T16:59:49","slug":"pierre-gasly-deja-alphatauri-para-entrar-en-alpine","status":"publish","type":"post","link":"https:\/\/www.firstlapf1.com\/en\/pierre-gasly-deja-alphatauri-para-entrar-en-alpine\/","title":{"rendered":"OFICIAL: Pierre Gasly ficha por Alpine"},"content":{"rendered":"<h2 class=\"wp-block-heading\">Tras muchos rumores, se confirma que el piloto franc\u00e9s Pierre Gasly se unir\u00e1 a Esteban Ocon como piloto para el equipo franc\u00e9s Alpine<\/h2>\n\n\n\n<p>Alpine es el destino de Pierre Gasly en 2023. El piloto de AlphaTauri dejar\u00e1 su actual escuder\u00eda para ir al equipo anglofranc\u00e9s. Era el secreto peor guardado del paddock. Despu\u00e9s de la inc\u00f3gnita y los rumores que dejaron en torno a la escuder\u00eda francesa la salida de Fernando Alonso y la p\u00e9rdida de la joven promesa Oscar Piastri ya sabemos por fin qui\u00e9n ocupar\u00eda el asiento liberado por el bicampe\u00f3n.<\/p>\n\n\n\n<figure class=\"wp-block-image size-large\"><img loading=\"lazy\" decoding=\"async\" width=\"1024\" height=\"683\" src=\"http:\/\/pitlanef1.com\/wp-content\/uploads\/2022\/10\/58-1024x683.jpeg\" alt=\"\" class=\"wp-image-320\" srcset=\"https:\/\/www.firstlapf1.com\/wp-content\/uploads\/2022\/10\/58-1024x683.jpeg 1024w, https:\/\/www.firstlapf1.com\/wp-content\/uploads\/2022\/10\/58-300x200.jpeg 300w, https:\/\/www.firstlapf1.com\/wp-content\/uploads\/2022\/10\/58-768x512.jpeg 768w, https:\/\/www.firstlapf1.com\/wp-content\/uploads\/2022\/10\/58-1536x1025.jpeg 1536w, https:\/\/www.firstlapf1.com\/wp-content\/uploads\/2022\/10\/58.jpeg 2048w\" sizes=\"auto, (max-width: 1024px) 100vw, 1024px\" \/><\/figure>\n\n\n\n<p>Tras las declaraciones del pasado 24 de septiembre, Laurent Rossi, director ejecutivo de Alpine, afirmaban que ten\u00edan el mejor asiento libre de la categor\u00eda.  Por eso \u00abno quer\u00edan cometer un error\u00bb a la hora de elegir sustituto para Fernando Alonso y Oscar Piastri. Tras la marcha del australiano a McLaren, Laurent Rossi a\u00f1ad\u00eda que <em>\u00absab\u00edamos que iba a ser una especie de telenovela. Sab\u00edamos que iba a haber drama y estamos listos para la pr\u00f3xima vez: nuestra piel se vuelve m\u00e1s y m\u00e1s gruesa, pero el proyecto contin\u00faa\u00bb.<\/em> Y esa piel es de los mismos colores que el monoplaza y la bandera francesa, convirtiendo as\u00ed Alpine en un equipo enteramente franc\u00e9s.<\/p>\n\n\n\n<figure class=\"wp-block-image size-large\"><img loading=\"lazy\" decoding=\"async\" width=\"820\" height=\"1024\" src=\"http:\/\/pitlanef1.com\/wp-content\/uploads\/2022\/10\/59-820x1024.jpeg\" alt=\"\" class=\"wp-image-321\" srcset=\"https:\/\/www.firstlapf1.com\/wp-content\/uploads\/2022\/10\/59-820x1024.jpeg 820w, https:\/\/www.firstlapf1.com\/wp-content\/uploads\/2022\/10\/59-240x300.jpeg 240w, https:\/\/www.firstlapf1.com\/wp-content\/uploads\/2022\/10\/59-768x960.jpeg 768w, https:\/\/www.firstlapf1.com\/wp-content\/uploads\/2022\/10\/59.jpeg 854w\" sizes=\"auto, (max-width: 820px) 100vw, 820px\" \/><\/figure>\n\n\n\n<p>Daniel Ricciardo era el principal piloto a ocupar el asiento de Alpine, aunque sus relaciones con Renault no acabaron bien durante su primera estancia. Otros candidatos al monoplaza franc\u00e9s eran Antonio Giovinazzi, Jack Doohan o Nyck de Vries, pero el equipo franc\u00e9s ha decidido tener a Pierre Gasly como compa\u00f1ero para Esteban Ocon en la temporada 2023.<\/p>\n\n\n\n<p>\u00bfQui\u00e9n ser\u00e1 el compa\u00f1ero de Yuki Tsunoda en Alphatauri en 2023? \u00bfLlegar\u00e1 Daniel Ricciardo a la escuder\u00eda filial del que fue su equipo? \u00bfFuncionar\u00e1 la dupla Ocon-Gasly? Seg\u00fan algunos rumores, la relaci\u00f3n entre los franceses no es la mejor del paddock debido a varios choques durante su juventud. Poco a poco se van desvelando los misterios que nos ofrece el gran circo. Veremos si hay alguna declaraci\u00f3n al respecto durante el <a href=\"http:\/\/pitlanef1.com\/2022\/10\/03\/horario-y-donde-ver-el-gp-de-japon\/\" target=\"_blank\" rel=\"noreferrer noopener\">GP de Jap\u00f3n<\/a>.<\/p>","protected":false},"excerpt":{"rendered":"<p>Tras muchos rumores, se confirma que el piloto franc\u00e9s Pierre Gasly se unir\u00e1 a Esteban Ocon como piloto para el equipo franc\u00e9s Alpine Alpine es<span class=\"more-button\"><a href=\"https:\/\/www.firstlapf1.com\/en\/pierre-gasly-deja-alphatauri-para-entrar-en-alpine\/\" class=\"more-link\">Continue reading<span class=\"screen-reader-text\">OFICIAL: Pierre Gasly ficha por Alpine<\/span><\/a><\/span><\/p>","protected":false},"author":1,"featured_media":0,"comment_status":"closed","ping_status":"closed","sticky":false,"template":"","format":"standard","meta":{"_jetpack_memberships_contains_paid_content":false,"footnotes":""},"categories":[5,7,38],"tags":[],"class_list":["post-316","post","type-post","status-publish","format-standard","hentry","category-alpine","category-escuderias-f1","category-visa-cash-app-rb"],"yoast_head":"<!-- This site is optimized with the Yoast SEO plugin v27.0 - https:\/\/yoast.com\/product\/yoast-seo-wordpress\/ -->\n<title>Pierre Gasly sale de Alphatauri para ir a Alpine<\/title>\n<meta name=\"description\" content=\"Tras muchos rumores, se confirma que el piloto franc\u00e9s Pierre Gasly se unir\u00e1 a Esteban Ocon como piloto para el equipo franc\u00e9s Alpine.\" \/>\n<meta name=\"robots\" content=\"index, follow, max-snippet:-1, max-image-preview:large, max-video-preview:-1\" \/>\n<link rel=\"canonical\" href=\"https:\/\/www.firstlapf1.com\/en\/pierre-gasly-deja-alphatauri-para-entrar-en-alpine\/\" \/>\n<meta property=\"og:locale\" content=\"en_GB\" \/>\n<meta property=\"og:type\" content=\"article\" \/>\n<meta property=\"og:title\" content=\"Pierre Gasly sale de Alphatauri para ir a Alpine\" \/>\n<meta property=\"og:description\" content=\"Tras muchos rumores, se confirma que el piloto franc\u00e9s Pierre Gasly se unir\u00e1 a Esteban Ocon como piloto para el equipo franc\u00e9s Alpine.\" \/>\n<meta property=\"og:url\" content=\"https:\/\/www.firstlapf1.com\/en\/pierre-gasly-deja-alphatauri-para-entrar-en-alpine\/\" \/>\n<meta property=\"og:site_name\" content=\"Noticias F1 en espa\u00f1ol\" \/>\n<meta property=\"article:published_time\" content=\"2022-10-08T04:37:59+00:00\" \/>\n<meta property=\"article:modified_time\" content=\"2023-02-21T16:59:49+00:00\" \/>\n<meta property=\"og:image\" content=\"http:\/\/pitlanef1.com\/wp-content\/uploads\/2022\/10\/58-1024x683.jpeg\" \/>\n<meta name=\"author\" content=\"firstlap_admin\" \/>\n<meta name=\"twitter:card\" content=\"summary_large_image\" \/>\n<meta name=\"twitter:label1\" content=\"Written by\" \/>\n\t<meta name=\"twitter:data1\" content=\"firstlap_admin\" \/>\n\t<meta name=\"twitter:label2\" content=\"Estimated reading time\" \/>\n\t<meta name=\"twitter:data2\" content=\"2 minutes\" \/>\n<script type=\"application\/ld+json\" class=\"yoast-schema-graph\">{\"@context\":\"https:\/\/schema.org\",\"@graph\":[{\"@type\":\"Article\",\"@id\":\"https:\/\/www.firstlapf1.com\/pierre-gasly-deja-alphatauri-para-entrar-en-alpine\/#article\",\"isPartOf\":{\"@id\":\"https:\/\/www.firstlapf1.com\/pierre-gasly-deja-alphatauri-para-entrar-en-alpine\/\"},\"author\":{\"name\":\"firstlap_admin\",\"@id\":\"https:\/\/www.firstlapf1.com\/#\/schema\/person\/875f779e8ddc35d0fa99a117124b74d1\"},\"headline\":\"OFICIAL: Pierre Gasly ficha por Alpine\",\"datePublished\":\"2022-10-08T04:37:59+00:00\",\"dateModified\":\"2023-02-21T16:59:49+00:00\",\"mainEntityOfPage\":{\"@id\":\"https:\/\/www.firstlapf1.com\/pierre-gasly-deja-alphatauri-para-entrar-en-alpine\/\"},\"wordCount\":370,\"image\":{\"@id\":\"https:\/\/www.firstlapf1.com\/pierre-gasly-deja-alphatauri-para-entrar-en-alpine\/#primaryimage\"},\"thumbnailUrl\":\"http:\/\/pitlanef1.com\/wp-content\/uploads\/2022\/10\/58-1024x683.jpeg\",\"articleSection\":[\"BWT Alpine Formula One Team\",\"Escuder\u00edas\",\"Visa Cash App Racing Bulls Formula One Team\"],\"inLanguage\":\"en-GB\"},{\"@type\":\"WebPage\",\"@id\":\"https:\/\/www.firstlapf1.com\/pierre-gasly-deja-alphatauri-para-entrar-en-alpine\/\",\"url\":\"https:\/\/www.firstlapf1.com\/pierre-gasly-deja-alphatauri-para-entrar-en-alpine\/\",\"name\":\"Pierre Gasly sale de Alphatauri para ir a Alpine\",\"isPartOf\":{\"@id\":\"https:\/\/www.firstlapf1.com\/#website\"},\"primaryImageOfPage\":{\"@id\":\"https:\/\/www.firstlapf1.com\/pierre-gasly-deja-alphatauri-para-entrar-en-alpine\/#primaryimage\"},\"image\":{\"@id\":\"https:\/\/www.firstlapf1.com\/pierre-gasly-deja-alphatauri-para-entrar-en-alpine\/#primaryimage\"},\"thumbnailUrl\":\"http:\/\/pitlanef1.com\/wp-content\/uploads\/2022\/10\/58-1024x683.jpeg\",\"datePublished\":\"2022-10-08T04:37:59+00:00\",\"dateModified\":\"2023-02-21T16:59:49+00:00\",\"author\":{\"@id\":\"https:\/\/www.firstlapf1.com\/#\/schema\/person\/875f779e8ddc35d0fa99a117124b74d1\"},\"description\":\"Tras muchos rumores, se confirma que el piloto franc\u00e9s Pierre Gasly se unir\u00e1 a Esteban Ocon como piloto para el equipo franc\u00e9s Alpine.\",\"inLanguage\":\"en-GB\",\"potentialAction\":[{\"@type\":\"ReadAction\",\"target\":[\"https:\/\/www.firstlapf1.com\/pierre-gasly-deja-alphatauri-para-entrar-en-alpine\/\"]}]},{\"@type\":\"ImageObject\",\"inLanguage\":\"en-GB\",\"@id\":\"https:\/\/www.firstlapf1.com\/pierre-gasly-deja-alphatauri-para-entrar-en-alpine\/#primaryimage\",\"url\":\"http:\/\/pitlanef1.com\/wp-content\/uploads\/2022\/10\/58-1024x683.jpeg\",\"contentUrl\":\"http:\/\/pitlanef1.com\/wp-content\/uploads\/2022\/10\/58-1024x683.jpeg\"},{\"@type\":\"WebSite\",\"@id\":\"https:\/\/www.firstlapf1.com\/#website\",\"url\":\"https:\/\/www.firstlapf1.com\/\",\"name\":\"Noticias F1 en espa\u00f1ol\",\"description\":\"Noticias F1 en espa\u00f1ol\",\"potentialAction\":[{\"@type\":\"SearchAction\",\"target\":{\"@type\":\"EntryPoint\",\"urlTemplate\":\"https:\/\/www.firstlapf1.com\/?s={search_term_string}\"},\"query-input\":{\"@type\":\"PropertyValueSpecification\",\"valueRequired\":true,\"valueName\":\"search_term_string\"}}],\"inLanguage\":\"en-GB\"},{\"@type\":\"Person\",\"@id\":\"https:\/\/www.firstlapf1.com\/#\/schema\/person\/875f779e8ddc35d0fa99a117124b74d1\",\"name\":\"firstlap_admin\",\"image\":{\"@type\":\"ImageObject\",\"inLanguage\":\"en-GB\",\"@id\":\"https:\/\/www.firstlapf1.com\/#\/schema\/person\/image\/\",\"url\":\"https:\/\/secure.gravatar.com\/avatar\/84be0310c4060e415ae8a26c2500f614a7a109a82dc35ca0486653ff5039956b?s=96&d=mm&r=g\",\"contentUrl\":\"https:\/\/secure.gravatar.com\/avatar\/84be0310c4060e415ae8a26c2500f614a7a109a82dc35ca0486653ff5039956b?s=96&d=mm&r=g\",\"caption\":\"firstlap_admin\"},\"sameAs\":[\"https:\/\/www.firstlapf1.com\"],\"url\":\"https:\/\/www.firstlapf1.com\/en\/author\/firstlap_admin\/\"}]}<\/script>\n<!-- \/ Yoast SEO plugin. -->","yoast_head_json":{"title":"Pierre Gasly sale de Alphatauri para ir a Alpine","description":"Tras muchos rumores, se confirma que el piloto franc\u00e9s Pierre Gasly se unir\u00e1 a Esteban Ocon como piloto para el equipo franc\u00e9s Alpine.","robots":{"index":"index","follow":"follow","max-snippet":"max-snippet:-1","max-image-preview":"max-image-preview:large","max-video-preview":"max-video-preview:-1"},"canonical":"https:\/\/www.firstlapf1.com\/en\/pierre-gasly-deja-alphatauri-para-entrar-en-alpine\/","og_locale":"en_GB","og_type":"article","og_title":"Pierre Gasly sale de Alphatauri para ir a Alpine","og_description":"Tras muchos rumores, se confirma que el piloto franc\u00e9s Pierre Gasly se unir\u00e1 a Esteban Ocon como piloto para el equipo franc\u00e9s Alpine.","og_url":"https:\/\/www.firstlapf1.com\/en\/pierre-gasly-deja-alphatauri-para-entrar-en-alpine\/","og_site_name":"Noticias F1 en espa\u00f1ol","article_published_time":"2022-10-08T04:37:59+00:00","article_modified_time":"2023-02-21T16:59:49+00:00","og_image":[{"url":"http:\/\/pitlanef1.com\/wp-content\/uploads\/2022\/10\/58-1024x683.jpeg","type":"","width":"","height":""}],"author":"firstlap_admin","twitter_card":"summary_large_image","twitter_misc":{"Written by":"firstlap_admin","Estimated reading time":"2 minutes"},"schema":{"@context":"https:\/\/schema.org","@graph":[{"@type":"Article","@id":"https:\/\/www.firstlapf1.com\/pierre-gasly-deja-alphatauri-para-entrar-en-alpine\/#article","isPartOf":{"@id":"https:\/\/www.firstlapf1.com\/pierre-gasly-deja-alphatauri-para-entrar-en-alpine\/"},"author":{"name":"firstlap_admin","@id":"https:\/\/www.firstlapf1.com\/#\/schema\/person\/875f779e8ddc35d0fa99a117124b74d1"},"headline":"OFICIAL: Pierre Gasly ficha por Alpine","datePublished":"2022-10-08T04:37:59+00:00","dateModified":"2023-02-21T16:59:49+00:00","mainEntityOfPage":{"@id":"https:\/\/www.firstlapf1.com\/pierre-gasly-deja-alphatauri-para-entrar-en-alpine\/"},"wordCount":370,"image":{"@id":"https:\/\/www.firstlapf1.com\/pierre-gasly-deja-alphatauri-para-entrar-en-alpine\/#primaryimage"},"thumbnailUrl":"http:\/\/pitlanef1.com\/wp-content\/uploads\/2022\/10\/58-1024x683.jpeg","articleSection":["BWT Alpine Formula One Team","Escuder\u00edas","Visa Cash App Racing Bulls Formula One Team"],"inLanguage":"en-GB"},{"@type":"WebPage","@id":"https:\/\/www.firstlapf1.com\/pierre-gasly-deja-alphatauri-para-entrar-en-alpine\/","url":"https:\/\/www.firstlapf1.com\/pierre-gasly-deja-alphatauri-para-entrar-en-alpine\/","name":"Pierre Gasly sale de Alphatauri para ir a Alpine","isPartOf":{"@id":"https:\/\/www.firstlapf1.com\/#website"},"primaryImageOfPage":{"@id":"https:\/\/www.firstlapf1.com\/pierre-gasly-deja-alphatauri-para-entrar-en-alpine\/#primaryimage"},"image":{"@id":"https:\/\/www.firstlapf1.com\/pierre-gasly-deja-alphatauri-para-entrar-en-alpine\/#primaryimage"},"thumbnailUrl":"http:\/\/pitlanef1.com\/wp-content\/uploads\/2022\/10\/58-1024x683.jpeg","datePublished":"2022-10-08T04:37:59+00:00","dateModified":"2023-02-21T16:59:49+00:00","author":{"@id":"https:\/\/www.firstlapf1.com\/#\/schema\/person\/875f779e8ddc35d0fa99a117124b74d1"},"description":"Tras muchos rumores, se confirma que el piloto franc\u00e9s Pierre Gasly se unir\u00e1 a Esteban Ocon como piloto para el equipo franc\u00e9s Alpine.","inLanguage":"en-GB","potentialAction":[{"@type":"ReadAction","target":["https:\/\/www.firstlapf1.com\/pierre-gasly-deja-alphatauri-para-entrar-en-alpine\/"]}]},{"@type":"ImageObject","inLanguage":"en-GB","@id":"https:\/\/www.firstlapf1.com\/pierre-gasly-deja-alphatauri-para-entrar-en-alpine\/#primaryimage","url":"http:\/\/pitlanef1.com\/wp-content\/uploads\/2022\/10\/58-1024x683.jpeg","contentUrl":"http:\/\/pitlanef1.com\/wp-content\/uploads\/2022\/10\/58-1024x683.jpeg"},{"@type":"WebSite","@id":"https:\/\/www.firstlapf1.com\/#website","url":"https:\/\/www.firstlapf1.com\/","name":"Noticias F1 en espa\u00f1ol","description":"Noticias F1 en espa\u00f1ol","potentialAction":[{"@type":"SearchAction","target":{"@type":"EntryPoint","urlTemplate":"https:\/\/www.firstlapf1.com\/?s={search_term_string}"},"query-input":{"@type":"PropertyValueSpecification","valueRequired":true,"valueName":"search_term_string"}}],"inLanguage":"en-GB"},{"@type":"Person","@id":"https:\/\/www.firstlapf1.com\/#\/schema\/person\/875f779e8ddc35d0fa99a117124b74d1","name":"firstlap_admin","image":{"@type":"ImageObject","inLanguage":"en-GB","@id":"https:\/\/www.firstlapf1.com\/#\/schema\/person\/image\/","url":"https:\/\/secure.gravatar.com\/avatar\/84be0310c4060e415ae8a26c2500f614a7a109a82dc35ca0486653ff5039956b?s=96&d=mm&r=g","contentUrl":"https:\/\/secure.gravatar.com\/avatar\/84be0310c4060e415ae8a26c2500f614a7a109a82dc35ca0486653ff5039956b?s=96&d=mm&r=g","caption":"firstlap_admin"},"sameAs":["https:\/\/www.firstlapf1.com"],"url":"https:\/\/www.firstlapf1.com\/en\/author\/firstlap_admin\/"}]}},"jetpack_featured_media_url":"","jetpack_sharing_enabled":true,"_links":{"self":[{"href":"https:\/\/www.firstlapf1.com\/en\/wp-json\/wp\/v2\/posts\/316","targetHints":{"allow":["GET"]}}],"collection":[{"href":"https:\/\/www.firstlapf1.com\/en\/wp-json\/wp\/v2\/posts"}],"about":[{"href":"https:\/\/www.firstlapf1.com\/en\/wp-json\/wp\/v2\/types\/post"}],"author":[{"embeddable":true,"href":"https:\/\/www.firstlapf1.com\/en\/wp-json\/wp\/v2\/users\/1"}],"replies":[{"embeddable":true,"href":"https:\/\/www.firstlapf1.com\/en\/wp-json\/wp\/v2\/comments?post=316"}],"version-history":[{"count":1,"href":"https:\/\/www.firstlapf1.com\/en\/wp-json\/wp\/v2\/posts\/316\/revisions"}],"predecessor-version":[{"id":1973,"href":"https:\/\/www.firstlapf1.com\/en\/wp-json\/wp\/v2\/posts\/316\/revisions\/1973"}],"wp:attachment":[{"href":"https:\/\/www.firstlapf1.com\/en\/wp-json\/wp\/v2\/media?parent=316"}],"wp:term":[{"taxonomy":"category","embeddable":true,"href":"https:\/\/www.firstlapf1.com\/en\/wp-json\/wp\/v2\/categories?post=316"},{"taxonomy":"post_tag","embeddable":true,"href":"https:\/\/www.firstlapf1.com\/en\/wp-json\/wp\/v2\/tags?post=316"}],"curies":[{"name":"wp","href":"https:\/\/api.w.org\/{rel}","templated":true}]}}