{"id":18368,"date":"2026-04-30T21:58:34","date_gmt":"2026-04-30T21:58:34","guid":{"rendered":"https:\/\/www.firstlapf1.com\/?p=18368"},"modified":"2026-04-30T21:58:37","modified_gmt":"2026-04-30T21:58:37","slug":"oficial-racing-bulls-pone-el-modo-verano-on-en-miami","status":"publish","type":"post","link":"https:\/\/www.firstlapf1.com\/en\/oficial-racing-bulls-pone-el-modo-verano-on-en-miami\/","title":{"rendered":"OFICIAL: Racing Bulls pone el modo verano ON en Miami"},"content":{"rendered":"<h2 class=\"wp-block-heading\">Con inspiraci\u00f3n en la nueva lata de Red Bull Summer Edition, Racing Bulls revoluciona su livery para este fin de semana<\/h2>\n\n\n\n<p>Por tercer a\u00f1o consecutivo en <a href=\"https:\/\/www.formula1.com\/\" target=\"_blank\" rel=\"noreferrer noopener\">Miami<\/a>, los de Faenza alteran su decoraci\u00f3n habitual, pues llegar al <a href=\"https:\/\/www.firstlapf1.com\/en\/category\/miami\/\" target=\"_blank\" rel=\"noreferrer noopener\">305<\/a> es sin\u00f3nimo de promocionar merchandising especial. Racing Bulls contin\u00faa con la difusi\u00f3n de los nuevos sabores de Red Bull. Si en Jap\u00f3n fue el sabor cereza, ahora es el turno de la lima y el sudachi en la edici\u00f3n verano de la marca de bebidas energ\u00e9ticas.<\/p>\n\n\n\n<h2 class=\"wp-block-heading has-normal-font-size\">Colores<\/h2>\n\n\n\n<p>Los colores son id\u00e9nticos a los de la lata. El predominante es el amarillo, que luce por todo el monoplaza. Como color complementario, se encuentra el gris plata, presente en el aler\u00f3n delantero, endplates, lateral del morro, pontones y la aleta de tibur\u00f3n en la tapa motor. El blanco tambi\u00e9n hace acto de presencia, bordeando al gris, ganando protagonismo en el cockpit y la tapa motor. Por \u00faltimo, el halo, retrovisores y parte baja de la tapa motor est\u00e1n coloreadas de negro.<\/p>\n\n\n\n<h2 class=\"wp-block-heading has-normal-font-size\">Declaraciones<\/h2>\n\n\n\n<p>Peter Bayer, CEO de Racing Bulls:<\/p>\n\n\n\n<p><strong>\u00bbMiami se ha convertido en un lugar para que el equipo exprese su identidad. Durante los dos \u00faltimos a\u00f1os, hemos aprovechado la ocasi\u00f3n para mostrar algo \u00fanico y audaz y, esta nueva decoraci\u00f3n, no iba a ser menos. La livery Red Bull Summer Edition Sudachi Lime transmite una energ\u00eda vibrante que refleja qui\u00e9nes somos como equipo: creativos y dispuestos a superar los l\u00edmites. Estamos muy emocionados por dar rienda suelta a nuestra creatividad y llevar este nuevo dise\u00f1o a la pista este fin de semana.\u00bb<\/strong><\/p>\n\n\n\n<p>Los monos de Liam Lawson y Arvid Lindblad, as\u00ed como la colecci\u00f3n de Miami, ir\u00e1n a juego con esta nueva livery de Racing Bulls.<\/p>\n\n\n\n<figure class=\"wp-block-image size-large\"><img loading=\"lazy\" decoding=\"async\" width=\"838\" height=\"1024\" src=\"https:\/\/www.firstlapf1.com\/wp-content\/uploads\/2026\/04\/1000098737-838x1024.jpg\" alt=\"\" class=\"wp-image-18372\" srcset=\"https:\/\/www.firstlapf1.com\/wp-content\/uploads\/2026\/04\/1000098737-838x1024.jpg 838w, https:\/\/www.firstlapf1.com\/wp-content\/uploads\/2026\/04\/1000098737-245x300.jpg 245w, https:\/\/www.firstlapf1.com\/wp-content\/uploads\/2026\/04\/1000098737-768x939.jpg 768w, https:\/\/www.firstlapf1.com\/wp-content\/uploads\/2026\/04\/1000098737-10x12.jpg 10w, https:\/\/www.firstlapf1.com\/wp-content\/uploads\/2026\/04\/1000098737.jpg 1220w\" sizes=\"auto, (max-width: 838px) 100vw, 838px\" \/><figcaption class=\"wp-element-caption\">Fuente: Visa Cash App Racing Bulls en X (fuente portada: Visa Cash App Racing Bulls en X)<\/figcaption><\/figure>\n\n\n\n<p><\/p>","protected":false},"excerpt":{"rendered":"<p>Con inspiraci\u00f3n en la nueva lata de Red Bull Summer Edition, Racing Bulls revoluciona su livery para este fin de semana &hellip; <span class=\"more-button\"><a href=\"https:\/\/www.firstlapf1.com\/en\/oficial-racing-bulls-pone-el-modo-verano-on-en-miami\/\" class=\"more-link\">Continue reading<span class=\"screen-reader-text\">OFICIAL: Racing Bulls pone el modo verano ON en Miami<\/span><\/a><\/span><\/p>","protected":false},"author":2,"featured_media":18373,"comment_status":"closed","ping_status":"open","sticky":false,"template":"","format":"standard","meta":{"_jetpack_memberships_contains_paid_content":false,"footnotes":""},"categories":[29,38],"tags":[],"class_list":["post-18368","post","type-post","status-publish","format-standard","has-post-thumbnail","hentry","category-miami","category-visa-cash-app-rb"],"yoast_head":"<!-- This site is optimized with the Yoast SEO plugin v27.0 - https:\/\/yoast.com\/product\/yoast-seo-wordpress\/ -->\n<title>OFICIAL: Racing Bulls pone el modo verano ON en Miami - Noticias F1 en espa\u00f1ol<\/title>\n<meta name=\"description\" content=\"Con inspiraci\u00f3n en la nueva lata de Red Bull Summer Edition, Racing Bulls revoluciona su livery para este fin de semana\" \/>\n<meta name=\"robots\" content=\"index, follow, max-snippet:-1, max-image-preview:large, max-video-preview:-1\" \/>\n<link rel=\"canonical\" href=\"https:\/\/www.firstlapf1.com\/en\/oficial-racing-bulls-pone-el-modo-verano-on-en-miami\/\" \/>\n<meta property=\"og:locale\" content=\"en_GB\" \/>\n<meta property=\"og:type\" content=\"article\" \/>\n<meta property=\"og:title\" content=\"OFICIAL: Racing Bulls pone el modo verano ON en Miami - Noticias F1 en espa\u00f1ol\" \/>\n<meta property=\"og:description\" content=\"Con inspiraci\u00f3n en la nueva lata de Red Bull Summer Edition, Racing Bulls revoluciona su livery para este fin de semana\" \/>\n<meta property=\"og:url\" content=\"https:\/\/www.firstlapf1.com\/en\/oficial-racing-bulls-pone-el-modo-verano-on-en-miami\/\" \/>\n<meta property=\"og:site_name\" content=\"Noticias F1 en espa\u00f1ol\" \/>\n<meta property=\"article:published_time\" content=\"2026-04-30T21:58:34+00:00\" \/>\n<meta property=\"article:modified_time\" content=\"2026-04-30T21:58:37+00:00\" \/>\n<meta property=\"og:image\" content=\"https:\/\/www.firstlapf1.com\/wp-content\/uploads\/2026\/04\/Screenshot_2026-04-30-06-33-24-085_com.instagram.android-edit.jpg\" \/>\n\t<meta property=\"og:image:width\" content=\"1220\" \/>\n\t<meta property=\"og:image:height\" content=\"1381\" \/>\n\t<meta property=\"og:image:type\" content=\"image\/jpeg\" \/>\n<meta name=\"author\" content=\"Miguel Lora-Paquet\" \/>\n<meta name=\"twitter:card\" content=\"summary_large_image\" \/>\n<meta name=\"twitter:label1\" content=\"Written by\" \/>\n\t<meta name=\"twitter:data1\" content=\"Miguel Lora-Paquet\" \/>\n\t<meta name=\"twitter:label2\" content=\"Estimated reading time\" \/>\n\t<meta name=\"twitter:data2\" content=\"2 minutes\" \/>\n<script type=\"application\/ld+json\" class=\"yoast-schema-graph\">{\"@context\":\"https:\/\/schema.org\",\"@graph\":[{\"@type\":\"Article\",\"@id\":\"https:\/\/www.firstlapf1.com\/oficial-racing-bulls-pone-el-modo-verano-on-en-miami\/#article\",\"isPartOf\":{\"@id\":\"https:\/\/www.firstlapf1.com\/oficial-racing-bulls-pone-el-modo-verano-on-en-miami\/\"},\"author\":{\"name\":\"Miguel Lora-Paquet\",\"@id\":\"https:\/\/www.firstlapf1.com\/#\/schema\/person\/9eca09873eecb6d7836bc1a0bbd78250\"},\"headline\":\"OFICIAL: Racing Bulls pone el modo verano ON en Miami\",\"datePublished\":\"2026-04-30T21:58:34+00:00\",\"dateModified\":\"2026-04-30T21:58:37+00:00\",\"mainEntityOfPage\":{\"@id\":\"https:\/\/www.firstlapf1.com\/oficial-racing-bulls-pone-el-modo-verano-on-en-miami\/\"},\"wordCount\":333,\"image\":{\"@id\":\"https:\/\/www.firstlapf1.com\/oficial-racing-bulls-pone-el-modo-verano-on-en-miami\/#primaryimage\"},\"thumbnailUrl\":\"https:\/\/www.firstlapf1.com\/wp-content\/uploads\/2026\/04\/Screenshot_2026-04-30-06-33-24-085_com.instagram.android-edit.jpg\",\"articleSection\":[\"GP Miami (Aut\u00f3dromo Internacional de Miami)\",\"Visa Cash App Racing Bulls Formula One Team\"],\"inLanguage\":\"en-GB\"},{\"@type\":\"WebPage\",\"@id\":\"https:\/\/www.firstlapf1.com\/oficial-racing-bulls-pone-el-modo-verano-on-en-miami\/\",\"url\":\"https:\/\/www.firstlapf1.com\/oficial-racing-bulls-pone-el-modo-verano-on-en-miami\/\",\"name\":\"OFICIAL: Racing Bulls pone el modo verano ON en Miami - Noticias F1 en espa\u00f1ol\",\"isPartOf\":{\"@id\":\"https:\/\/www.firstlapf1.com\/#website\"},\"primaryImageOfPage\":{\"@id\":\"https:\/\/www.firstlapf1.com\/oficial-racing-bulls-pone-el-modo-verano-on-en-miami\/#primaryimage\"},\"image\":{\"@id\":\"https:\/\/www.firstlapf1.com\/oficial-racing-bulls-pone-el-modo-verano-on-en-miami\/#primaryimage\"},\"thumbnailUrl\":\"https:\/\/www.firstlapf1.com\/wp-content\/uploads\/2026\/04\/Screenshot_2026-04-30-06-33-24-085_com.instagram.android-edit.jpg\",\"datePublished\":\"2026-04-30T21:58:34+00:00\",\"dateModified\":\"2026-04-30T21:58:37+00:00\",\"author\":{\"@id\":\"https:\/\/www.firstlapf1.com\/#\/schema\/person\/9eca09873eecb6d7836bc1a0bbd78250\"},\"description\":\"Con inspiraci\u00f3n en la nueva lata de Red Bull Summer Edition, Racing Bulls revoluciona su livery para este fin de semana\",\"inLanguage\":\"en-GB\",\"potentialAction\":[{\"@type\":\"ReadAction\",\"target\":[\"https:\/\/www.firstlapf1.com\/oficial-racing-bulls-pone-el-modo-verano-on-en-miami\/\"]}]},{\"@type\":\"ImageObject\",\"inLanguage\":\"en-GB\",\"@id\":\"https:\/\/www.firstlapf1.com\/oficial-racing-bulls-pone-el-modo-verano-on-en-miami\/#primaryimage\",\"url\":\"https:\/\/www.firstlapf1.com\/wp-content\/uploads\/2026\/04\/Screenshot_2026-04-30-06-33-24-085_com.instagram.android-edit.jpg\",\"contentUrl\":\"https:\/\/www.firstlapf1.com\/wp-content\/uploads\/2026\/04\/Screenshot_2026-04-30-06-33-24-085_com.instagram.android-edit.jpg\",\"width\":1220,\"height\":1381},{\"@type\":\"WebSite\",\"@id\":\"https:\/\/www.firstlapf1.com\/#website\",\"url\":\"https:\/\/www.firstlapf1.com\/\",\"name\":\"Noticias F1 en espa\u00f1ol\",\"description\":\"Noticias F1 en espa\u00f1ol\",\"potentialAction\":[{\"@type\":\"SearchAction\",\"target\":{\"@type\":\"EntryPoint\",\"urlTemplate\":\"https:\/\/www.firstlapf1.com\/?s={search_term_string}\"},\"query-input\":{\"@type\":\"PropertyValueSpecification\",\"valueRequired\":true,\"valueName\":\"search_term_string\"}}],\"inLanguage\":\"en-GB\"},{\"@type\":\"Person\",\"@id\":\"https:\/\/www.firstlapf1.com\/#\/schema\/person\/9eca09873eecb6d7836bc1a0bbd78250\",\"name\":\"Miguel Lora-Paquet\",\"image\":{\"@type\":\"ImageObject\",\"inLanguage\":\"en-GB\",\"@id\":\"https:\/\/www.firstlapf1.com\/#\/schema\/person\/image\/\",\"url\":\"https:\/\/www.firstlapf1.com\/wp-content\/uploads\/2022\/09\/7d393f41-126a-4a1e-bf1d-9d04e2ebc621.jpeg\",\"contentUrl\":\"https:\/\/www.firstlapf1.com\/wp-content\/uploads\/2022\/09\/7d393f41-126a-4a1e-bf1d-9d04e2ebc621.jpeg\",\"caption\":\"Miguel Lora-Paquet\"},\"url\":\"https:\/\/www.firstlapf1.com\/en\/author\/miguel\/\"}]}<\/script>\n<!-- \/ Yoast SEO plugin. -->","yoast_head_json":{"title":"OFICIAL: Racing Bulls pone el modo verano ON en Miami - Noticias F1 en espa\u00f1ol","description":"Con inspiraci\u00f3n en la nueva lata de Red Bull Summer Edition, Racing Bulls revoluciona su livery para este fin de semana","robots":{"index":"index","follow":"follow","max-snippet":"max-snippet:-1","max-image-preview":"max-image-preview:large","max-video-preview":"max-video-preview:-1"},"canonical":"https:\/\/www.firstlapf1.com\/en\/oficial-racing-bulls-pone-el-modo-verano-on-en-miami\/","og_locale":"en_GB","og_type":"article","og_title":"OFICIAL: Racing Bulls pone el modo verano ON en Miami - Noticias F1 en espa\u00f1ol","og_description":"Con inspiraci\u00f3n en la nueva lata de Red Bull Summer Edition, Racing Bulls revoluciona su livery para este fin de semana","og_url":"https:\/\/www.firstlapf1.com\/en\/oficial-racing-bulls-pone-el-modo-verano-on-en-miami\/","og_site_name":"Noticias F1 en espa\u00f1ol","article_published_time":"2026-04-30T21:58:34+00:00","article_modified_time":"2026-04-30T21:58:37+00:00","og_image":[{"width":1220,"height":1381,"url":"https:\/\/www.firstlapf1.com\/wp-content\/uploads\/2026\/04\/Screenshot_2026-04-30-06-33-24-085_com.instagram.android-edit.jpg","type":"image\/jpeg"}],"author":"Miguel Lora-Paquet","twitter_card":"summary_large_image","twitter_misc":{"Written by":"Miguel Lora-Paquet","Estimated reading time":"2 minutes"},"schema":{"@context":"https:\/\/schema.org","@graph":[{"@type":"Article","@id":"https:\/\/www.firstlapf1.com\/oficial-racing-bulls-pone-el-modo-verano-on-en-miami\/#article","isPartOf":{"@id":"https:\/\/www.firstlapf1.com\/oficial-racing-bulls-pone-el-modo-verano-on-en-miami\/"},"author":{"name":"Miguel Lora-Paquet","@id":"https:\/\/www.firstlapf1.com\/#\/schema\/person\/9eca09873eecb6d7836bc1a0bbd78250"},"headline":"OFICIAL: Racing Bulls pone el modo verano ON en Miami","datePublished":"2026-04-30T21:58:34+00:00","dateModified":"2026-04-30T21:58:37+00:00","mainEntityOfPage":{"@id":"https:\/\/www.firstlapf1.com\/oficial-racing-bulls-pone-el-modo-verano-on-en-miami\/"},"wordCount":333,"image":{"@id":"https:\/\/www.firstlapf1.com\/oficial-racing-bulls-pone-el-modo-verano-on-en-miami\/#primaryimage"},"thumbnailUrl":"https:\/\/www.firstlapf1.com\/wp-content\/uploads\/2026\/04\/Screenshot_2026-04-30-06-33-24-085_com.instagram.android-edit.jpg","articleSection":["GP Miami (Aut\u00f3dromo Internacional de Miami)","Visa Cash App Racing Bulls Formula One Team"],"inLanguage":"en-GB"},{"@type":"WebPage","@id":"https:\/\/www.firstlapf1.com\/oficial-racing-bulls-pone-el-modo-verano-on-en-miami\/","url":"https:\/\/www.firstlapf1.com\/oficial-racing-bulls-pone-el-modo-verano-on-en-miami\/","name":"OFICIAL: Racing Bulls pone el modo verano ON en Miami - Noticias F1 en espa\u00f1ol","isPartOf":{"@id":"https:\/\/www.firstlapf1.com\/#website"},"primaryImageOfPage":{"@id":"https:\/\/www.firstlapf1.com\/oficial-racing-bulls-pone-el-modo-verano-on-en-miami\/#primaryimage"},"image":{"@id":"https:\/\/www.firstlapf1.com\/oficial-racing-bulls-pone-el-modo-verano-on-en-miami\/#primaryimage"},"thumbnailUrl":"https:\/\/www.firstlapf1.com\/wp-content\/uploads\/2026\/04\/Screenshot_2026-04-30-06-33-24-085_com.instagram.android-edit.jpg","datePublished":"2026-04-30T21:58:34+00:00","dateModified":"2026-04-30T21:58:37+00:00","author":{"@id":"https:\/\/www.firstlapf1.com\/#\/schema\/person\/9eca09873eecb6d7836bc1a0bbd78250"},"description":"Con inspiraci\u00f3n en la nueva lata de Red Bull Summer Edition, Racing Bulls revoluciona su livery para este fin de semana","inLanguage":"en-GB","potentialAction":[{"@type":"ReadAction","target":["https:\/\/www.firstlapf1.com\/oficial-racing-bulls-pone-el-modo-verano-on-en-miami\/"]}]},{"@type":"ImageObject","inLanguage":"en-GB","@id":"https:\/\/www.firstlapf1.com\/oficial-racing-bulls-pone-el-modo-verano-on-en-miami\/#primaryimage","url":"https:\/\/www.firstlapf1.com\/wp-content\/uploads\/2026\/04\/Screenshot_2026-04-30-06-33-24-085_com.instagram.android-edit.jpg","contentUrl":"https:\/\/www.firstlapf1.com\/wp-content\/uploads\/2026\/04\/Screenshot_2026-04-30-06-33-24-085_com.instagram.android-edit.jpg","width":1220,"height":1381},{"@type":"WebSite","@id":"https:\/\/www.firstlapf1.com\/#website","url":"https:\/\/www.firstlapf1.com\/","name":"Noticias F1 en espa\u00f1ol","description":"Noticias F1 en espa\u00f1ol","potentialAction":[{"@type":"SearchAction","target":{"@type":"EntryPoint","urlTemplate":"https:\/\/www.firstlapf1.com\/?s={search_term_string}"},"query-input":{"@type":"PropertyValueSpecification","valueRequired":true,"valueName":"search_term_string"}}],"inLanguage":"en-GB"},{"@type":"Person","@id":"https:\/\/www.firstlapf1.com\/#\/schema\/person\/9eca09873eecb6d7836bc1a0bbd78250","name":"Miguel Lora-Paquet","image":{"@type":"ImageObject","inLanguage":"en-GB","@id":"https:\/\/www.firstlapf1.com\/#\/schema\/person\/image\/","url":"https:\/\/www.firstlapf1.com\/wp-content\/uploads\/2022\/09\/7d393f41-126a-4a1e-bf1d-9d04e2ebc621.jpeg","contentUrl":"https:\/\/www.firstlapf1.com\/wp-content\/uploads\/2022\/09\/7d393f41-126a-4a1e-bf1d-9d04e2ebc621.jpeg","caption":"Miguel Lora-Paquet"},"url":"https:\/\/www.firstlapf1.com\/en\/author\/miguel\/"}]}},"jetpack_featured_media_url":"https:\/\/www.firstlapf1.com\/wp-content\/uploads\/2026\/04\/Screenshot_2026-04-30-06-33-24-085_com.instagram.android-edit.jpg","jetpack_sharing_enabled":true,"_links":{"self":[{"href":"https:\/\/www.firstlapf1.com\/en\/wp-json\/wp\/v2\/posts\/18368","targetHints":{"allow":["GET"]}}],"collection":[{"href":"https:\/\/www.firstlapf1.com\/en\/wp-json\/wp\/v2\/posts"}],"about":[{"href":"https:\/\/www.firstlapf1.com\/en\/wp-json\/wp\/v2\/types\/post"}],"author":[{"embeddable":true,"href":"https:\/\/www.firstlapf1.com\/en\/wp-json\/wp\/v2\/users\/2"}],"replies":[{"embeddable":true,"href":"https:\/\/www.firstlapf1.com\/en\/wp-json\/wp\/v2\/comments?post=18368"}],"version-history":[{"count":3,"href":"https:\/\/www.firstlapf1.com\/en\/wp-json\/wp\/v2\/posts\/18368\/revisions"}],"predecessor-version":[{"id":18374,"href":"https:\/\/www.firstlapf1.com\/en\/wp-json\/wp\/v2\/posts\/18368\/revisions\/18374"}],"wp:featuredmedia":[{"embeddable":true,"href":"https:\/\/www.firstlapf1.com\/en\/wp-json\/wp\/v2\/media\/18373"}],"wp:attachment":[{"href":"https:\/\/www.firstlapf1.com\/en\/wp-json\/wp\/v2\/media?parent=18368"}],"wp:term":[{"taxonomy":"category","embeddable":true,"href":"https:\/\/www.firstlapf1.com\/en\/wp-json\/wp\/v2\/categories?post=18368"},{"taxonomy":"post_tag","embeddable":true,"href":"https:\/\/www.firstlapf1.com\/en\/wp-json\/wp\/v2\/tags?post=18368"}],"curies":[{"name":"wp","href":"https:\/\/api.w.org\/{rel}","templated":true}]}}