{"id":18362,"date":"2026-04-29T18:16:37","date_gmt":"2026-04-29T18:16:37","guid":{"rendered":"https:\/\/www.firstlapf1.com\/?p=18362"},"modified":"2026-04-29T18:16:41","modified_gmt":"2026-04-29T18:16:41","slug":"oficial-mercado-libre-vuelve-con-su-amarillo-a-alpine","status":"publish","type":"post","link":"https:\/\/www.firstlapf1.com\/en\/oficial-mercado-libre-vuelve-con-su-amarillo-a-alpine\/","title":{"rendered":"OFICIAL: Mercado Libre vuelve con su amarillo a Alpine"},"content":{"rendered":"<h2 class=\"wp-block-heading\">La livery del equipo Alpine se ver\u00e1 ligeramente modificada en los dos pr\u00f3ximos Grandes Premios: Miami y Canad\u00e1<\/h2>\n\n\n\n<p>La exhibici\u00f3n que ha realizado recientemente Franco Colapinto en Buenos Aires no ha pasado desapercibida. M\u00e1s de medio mill\u00f3n de personas asistieron a ver al piloto argentino dar vueltas con el Lotus E20 camuflado con los colores actuales del equipo franc\u00e9s, adem\u00e1s del Mercedes de <a href=\"https:\/\/www.formula1.com\/\" target=\"_blank\" rel=\"noreferrer noopener\">Fangio<\/a>. La afici\u00f3n respondi\u00f3 y, hoy, Alpine regresa con el patrocinio de Mercado Libre a su decoraci\u00f3n.<\/p>\n\n\n\n<h2 class=\"wp-block-heading has-normal-font-size\">Colores<\/h2>\n\n\n\n<p>El azul y el rosa mantiene sus lugares, cambiando la parte final de la tapa motor, que incorpora el amarillo y el logo de Mercado Libre. La marca tambi\u00e9n est\u00e1 presente en la parte trasera del aler\u00f3n trasero. Adem\u00e1s, los tapacubos adquieren una est\u00e9tica diferente, con diferentes tonos de azules y rosas, y la frase \u00bbModo Casino\u00bb.<\/p>\n\n\n\n<h2 class=\"wp-block-heading has-normal-font-size\">Declaraciones<\/h2>\n\n\n\n<p>Sean Summers, Vicepresidente Ejecutivo y Director de Marketing de Mercado Libre:<\/p>\n\n\n\n<p><strong>\u00bbEstamos muy emocionados de volver a ver el amarillo de Mercado Libre en la pista. Es nuestro tercer a\u00f1o en la F1 y estamos viviendo un momento incre\u00edble, conectando con millones de aficionados. Es muy especial formar parte de esta cultura y la emoci\u00f3n que genera esta categor\u00eda.\u00bb<\/strong><\/p>\n\n\n\n<p>Guy Martin, Director Global de Marketing de Alpine:<\/p>\n\n\n\n<p><strong>\u00bbMercado Libre ha sido un socio esencial al apoyar el Road Show de Franco Colapinto en Buenos Aires este pasado fin de semana, al que se dieron una cifra r\u00e9cord de asistentes. Nuestra alianza con Mercado Libre nos ha brindado una oportunidad \u00fanica para conectar con el p\u00fablico de Latinoam\u00e9rica, que hist\u00f3ricamente ha tenido un fuerte v\u00ednculo con la F1.\u00bb<\/strong><\/p>\n\n\n\n<p>Franco Colapinto, Piloto titular de Alpine:<\/p>\n\n\n\n<p><strong>\u00bbVengo de una experiencia inolvidable, como es conducir un F1 en casa. Ahora estoy totalmente concentrado en <a href=\"https:\/\/www.firstlapf1.com\/en\/category\/miami\/\" target=\"_blank\" rel=\"noreferrer noopener\">Miami<\/a>. Ser\u00e1 un fin de semana muy exigente pero volver a correr con Mercado Libre en el monoplaza lo hace m\u00e1s especial.\u00bb<\/strong><\/p>\n\n\n\n<figure class=\"wp-block-image size-large\"><img loading=\"lazy\" decoding=\"async\" width=\"768\" height=\"1024\" src=\"https:\/\/www.firstlapf1.com\/wp-content\/uploads\/2026\/04\/1000098654-768x1024.jpg\" alt=\"\" class=\"wp-image-18364\" srcset=\"https:\/\/www.firstlapf1.com\/wp-content\/uploads\/2026\/04\/1000098654-768x1024.jpg 768w, https:\/\/www.firstlapf1.com\/wp-content\/uploads\/2026\/04\/1000098654-225x300.jpg 225w, https:\/\/www.firstlapf1.com\/wp-content\/uploads\/2026\/04\/1000098654-1152x1536.jpg 1152w, https:\/\/www.firstlapf1.com\/wp-content\/uploads\/2026\/04\/1000098654-9x12.jpg 9w, https:\/\/www.firstlapf1.com\/wp-content\/uploads\/2026\/04\/1000098654-606x808.jpg 606w, https:\/\/www.firstlapf1.com\/wp-content\/uploads\/2026\/04\/1000098654.jpg 1536w\" sizes=\"auto, (max-width: 768px) 100vw, 768px\" \/><figcaption class=\"wp-element-caption\">Fuente: BWT Alpine F1 Team en X (fuente portada: BWT Alpine F1 Team en X)<\/figcaption><\/figure>","protected":false},"excerpt":{"rendered":"<p>La livery del equipo Alpine se ver\u00e1 ligeramente modificada en los dos pr\u00f3ximos Grandes Premios: Miami y Canad\u00e1 &hellip; <span class=\"more-button\"><a href=\"https:\/\/www.firstlapf1.com\/en\/oficial-mercado-libre-vuelve-con-su-amarillo-a-alpine\/\" class=\"more-link\">Continue reading<span class=\"screen-reader-text\">OFICIAL: Mercado Libre vuelve con su amarillo a Alpine<\/span><\/a><\/span><\/p>","protected":false},"author":2,"featured_media":18366,"comment_status":"closed","ping_status":"open","sticky":false,"template":"","format":"standard","meta":{"_jetpack_memberships_contains_paid_content":false,"footnotes":""},"categories":[5,18,29],"tags":[],"class_list":["post-18362","post","type-post","status-publish","format-standard","has-post-thumbnail","hentry","category-alpine","category-canada","category-miami"],"yoast_head":"<!-- This site is optimized with the Yoast SEO plugin v27.0 - https:\/\/yoast.com\/product\/yoast-seo-wordpress\/ -->\n<title>OFICIAL: Mercado Libre vuelve con su amarillo a Alpine - Noticias F1 en espa\u00f1ol<\/title>\n<meta name=\"description\" content=\"La livery del equipo Alpine se ver\u00e1 ligeramente modificada en los dos pr\u00f3ximos Grandes Premios: Miami y Canad\u00e1\" \/>\n<meta name=\"robots\" content=\"index, follow, max-snippet:-1, max-image-preview:large, max-video-preview:-1\" \/>\n<link rel=\"canonical\" href=\"https:\/\/www.firstlapf1.com\/en\/oficial-mercado-libre-vuelve-con-su-amarillo-a-alpine\/\" \/>\n<meta property=\"og:locale\" content=\"en_GB\" \/>\n<meta property=\"og:type\" content=\"article\" \/>\n<meta property=\"og:title\" content=\"OFICIAL: Mercado Libre vuelve con su amarillo a Alpine - Noticias F1 en espa\u00f1ol\" \/>\n<meta property=\"og:description\" content=\"La livery del equipo Alpine se ver\u00e1 ligeramente modificada en los dos pr\u00f3ximos Grandes Premios: Miami y Canad\u00e1\" \/>\n<meta property=\"og:url\" content=\"https:\/\/www.firstlapf1.com\/en\/oficial-mercado-libre-vuelve-con-su-amarillo-a-alpine\/\" \/>\n<meta property=\"og:site_name\" content=\"Noticias F1 en espa\u00f1ol\" \/>\n<meta property=\"article:published_time\" content=\"2026-04-29T18:16:37+00:00\" \/>\n<meta property=\"article:modified_time\" content=\"2026-04-29T18:16:41+00:00\" \/>\n<meta property=\"og:image\" content=\"https:\/\/www.firstlapf1.com\/wp-content\/uploads\/2026\/04\/20260429_201545.jpg\" \/>\n\t<meta property=\"og:image:width\" content=\"1536\" \/>\n\t<meta property=\"og:image:height\" content=\"2048\" \/>\n\t<meta property=\"og:image:type\" content=\"image\/jpeg\" \/>\n<meta name=\"author\" content=\"Miguel Lora-Paquet\" \/>\n<meta name=\"twitter:card\" content=\"summary_large_image\" \/>\n<meta name=\"twitter:label1\" content=\"Written by\" \/>\n\t<meta name=\"twitter:data1\" content=\"Miguel Lora-Paquet\" \/>\n\t<meta name=\"twitter:label2\" content=\"Estimated reading time\" \/>\n\t<meta name=\"twitter:data2\" content=\"2 minutes\" \/>\n<script type=\"application\/ld+json\" class=\"yoast-schema-graph\">{\"@context\":\"https:\/\/schema.org\",\"@graph\":[{\"@type\":\"Article\",\"@id\":\"https:\/\/www.firstlapf1.com\/oficial-mercado-libre-vuelve-con-su-amarillo-a-alpine\/#article\",\"isPartOf\":{\"@id\":\"https:\/\/www.firstlapf1.com\/oficial-mercado-libre-vuelve-con-su-amarillo-a-alpine\/\"},\"author\":{\"name\":\"Miguel Lora-Paquet\",\"@id\":\"https:\/\/www.firstlapf1.com\/#\/schema\/person\/9eca09873eecb6d7836bc1a0bbd78250\"},\"headline\":\"OFICIAL: Mercado Libre vuelve con su amarillo a Alpine\",\"datePublished\":\"2026-04-29T18:16:37+00:00\",\"dateModified\":\"2026-04-29T18:16:41+00:00\",\"mainEntityOfPage\":{\"@id\":\"https:\/\/www.firstlapf1.com\/oficial-mercado-libre-vuelve-con-su-amarillo-a-alpine\/\"},\"wordCount\":360,\"image\":{\"@id\":\"https:\/\/www.firstlapf1.com\/oficial-mercado-libre-vuelve-con-su-amarillo-a-alpine\/#primaryimage\"},\"thumbnailUrl\":\"https:\/\/www.firstlapf1.com\/wp-content\/uploads\/2026\/04\/20260429_201545.jpg\",\"articleSection\":[\"BWT Alpine Formula One Team\",\"GP Canad\u00e1 (Circuito Gilles Villeneuve)\",\"GP Miami (Aut\u00f3dromo Internacional de Miami)\"],\"inLanguage\":\"en-GB\"},{\"@type\":\"WebPage\",\"@id\":\"https:\/\/www.firstlapf1.com\/oficial-mercado-libre-vuelve-con-su-amarillo-a-alpine\/\",\"url\":\"https:\/\/www.firstlapf1.com\/oficial-mercado-libre-vuelve-con-su-amarillo-a-alpine\/\",\"name\":\"OFICIAL: Mercado Libre vuelve con su amarillo a Alpine - Noticias F1 en espa\u00f1ol\",\"isPartOf\":{\"@id\":\"https:\/\/www.firstlapf1.com\/#website\"},\"primaryImageOfPage\":{\"@id\":\"https:\/\/www.firstlapf1.com\/oficial-mercado-libre-vuelve-con-su-amarillo-a-alpine\/#primaryimage\"},\"image\":{\"@id\":\"https:\/\/www.firstlapf1.com\/oficial-mercado-libre-vuelve-con-su-amarillo-a-alpine\/#primaryimage\"},\"thumbnailUrl\":\"https:\/\/www.firstlapf1.com\/wp-content\/uploads\/2026\/04\/20260429_201545.jpg\",\"datePublished\":\"2026-04-29T18:16:37+00:00\",\"dateModified\":\"2026-04-29T18:16:41+00:00\",\"author\":{\"@id\":\"https:\/\/www.firstlapf1.com\/#\/schema\/person\/9eca09873eecb6d7836bc1a0bbd78250\"},\"description\":\"La livery del equipo Alpine se ver\u00e1 ligeramente modificada en los dos pr\u00f3ximos Grandes Premios: Miami y Canad\u00e1\",\"inLanguage\":\"en-GB\",\"potentialAction\":[{\"@type\":\"ReadAction\",\"target\":[\"https:\/\/www.firstlapf1.com\/oficial-mercado-libre-vuelve-con-su-amarillo-a-alpine\/\"]}]},{\"@type\":\"ImageObject\",\"inLanguage\":\"en-GB\",\"@id\":\"https:\/\/www.firstlapf1.com\/oficial-mercado-libre-vuelve-con-su-amarillo-a-alpine\/#primaryimage\",\"url\":\"https:\/\/www.firstlapf1.com\/wp-content\/uploads\/2026\/04\/20260429_201545.jpg\",\"contentUrl\":\"https:\/\/www.firstlapf1.com\/wp-content\/uploads\/2026\/04\/20260429_201545.jpg\",\"width\":1536,\"height\":2048},{\"@type\":\"WebSite\",\"@id\":\"https:\/\/www.firstlapf1.com\/#website\",\"url\":\"https:\/\/www.firstlapf1.com\/\",\"name\":\"Noticias F1 en espa\u00f1ol\",\"description\":\"Noticias F1 en espa\u00f1ol\",\"potentialAction\":[{\"@type\":\"SearchAction\",\"target\":{\"@type\":\"EntryPoint\",\"urlTemplate\":\"https:\/\/www.firstlapf1.com\/?s={search_term_string}\"},\"query-input\":{\"@type\":\"PropertyValueSpecification\",\"valueRequired\":true,\"valueName\":\"search_term_string\"}}],\"inLanguage\":\"en-GB\"},{\"@type\":\"Person\",\"@id\":\"https:\/\/www.firstlapf1.com\/#\/schema\/person\/9eca09873eecb6d7836bc1a0bbd78250\",\"name\":\"Miguel Lora-Paquet\",\"image\":{\"@type\":\"ImageObject\",\"inLanguage\":\"en-GB\",\"@id\":\"https:\/\/www.firstlapf1.com\/#\/schema\/person\/image\/\",\"url\":\"https:\/\/www.firstlapf1.com\/wp-content\/uploads\/2022\/09\/7d393f41-126a-4a1e-bf1d-9d04e2ebc621.jpeg\",\"contentUrl\":\"https:\/\/www.firstlapf1.com\/wp-content\/uploads\/2022\/09\/7d393f41-126a-4a1e-bf1d-9d04e2ebc621.jpeg\",\"caption\":\"Miguel Lora-Paquet\"},\"url\":\"https:\/\/www.firstlapf1.com\/en\/author\/miguel\/\"}]}<\/script>\n<!-- \/ Yoast SEO plugin. -->","yoast_head_json":{"title":"OFICIAL: Mercado Libre vuelve con su amarillo a Alpine - Noticias F1 en espa\u00f1ol","description":"La livery del equipo Alpine se ver\u00e1 ligeramente modificada en los dos pr\u00f3ximos Grandes Premios: Miami y Canad\u00e1","robots":{"index":"index","follow":"follow","max-snippet":"max-snippet:-1","max-image-preview":"max-image-preview:large","max-video-preview":"max-video-preview:-1"},"canonical":"https:\/\/www.firstlapf1.com\/en\/oficial-mercado-libre-vuelve-con-su-amarillo-a-alpine\/","og_locale":"en_GB","og_type":"article","og_title":"OFICIAL: Mercado Libre vuelve con su amarillo a Alpine - Noticias F1 en espa\u00f1ol","og_description":"La livery del equipo Alpine se ver\u00e1 ligeramente modificada en los dos pr\u00f3ximos Grandes Premios: Miami y Canad\u00e1","og_url":"https:\/\/www.firstlapf1.com\/en\/oficial-mercado-libre-vuelve-con-su-amarillo-a-alpine\/","og_site_name":"Noticias F1 en espa\u00f1ol","article_published_time":"2026-04-29T18:16:37+00:00","article_modified_time":"2026-04-29T18:16:41+00:00","og_image":[{"width":1536,"height":2048,"url":"https:\/\/www.firstlapf1.com\/wp-content\/uploads\/2026\/04\/20260429_201545.jpg","type":"image\/jpeg"}],"author":"Miguel Lora-Paquet","twitter_card":"summary_large_image","twitter_misc":{"Written by":"Miguel Lora-Paquet","Estimated reading time":"2 minutes"},"schema":{"@context":"https:\/\/schema.org","@graph":[{"@type":"Article","@id":"https:\/\/www.firstlapf1.com\/oficial-mercado-libre-vuelve-con-su-amarillo-a-alpine\/#article","isPartOf":{"@id":"https:\/\/www.firstlapf1.com\/oficial-mercado-libre-vuelve-con-su-amarillo-a-alpine\/"},"author":{"name":"Miguel Lora-Paquet","@id":"https:\/\/www.firstlapf1.com\/#\/schema\/person\/9eca09873eecb6d7836bc1a0bbd78250"},"headline":"OFICIAL: Mercado Libre vuelve con su amarillo a Alpine","datePublished":"2026-04-29T18:16:37+00:00","dateModified":"2026-04-29T18:16:41+00:00","mainEntityOfPage":{"@id":"https:\/\/www.firstlapf1.com\/oficial-mercado-libre-vuelve-con-su-amarillo-a-alpine\/"},"wordCount":360,"image":{"@id":"https:\/\/www.firstlapf1.com\/oficial-mercado-libre-vuelve-con-su-amarillo-a-alpine\/#primaryimage"},"thumbnailUrl":"https:\/\/www.firstlapf1.com\/wp-content\/uploads\/2026\/04\/20260429_201545.jpg","articleSection":["BWT Alpine Formula One Team","GP Canad\u00e1 (Circuito Gilles Villeneuve)","GP Miami (Aut\u00f3dromo Internacional de Miami)"],"inLanguage":"en-GB"},{"@type":"WebPage","@id":"https:\/\/www.firstlapf1.com\/oficial-mercado-libre-vuelve-con-su-amarillo-a-alpine\/","url":"https:\/\/www.firstlapf1.com\/oficial-mercado-libre-vuelve-con-su-amarillo-a-alpine\/","name":"OFICIAL: Mercado Libre vuelve con su amarillo a Alpine - Noticias F1 en espa\u00f1ol","isPartOf":{"@id":"https:\/\/www.firstlapf1.com\/#website"},"primaryImageOfPage":{"@id":"https:\/\/www.firstlapf1.com\/oficial-mercado-libre-vuelve-con-su-amarillo-a-alpine\/#primaryimage"},"image":{"@id":"https:\/\/www.firstlapf1.com\/oficial-mercado-libre-vuelve-con-su-amarillo-a-alpine\/#primaryimage"},"thumbnailUrl":"https:\/\/www.firstlapf1.com\/wp-content\/uploads\/2026\/04\/20260429_201545.jpg","datePublished":"2026-04-29T18:16:37+00:00","dateModified":"2026-04-29T18:16:41+00:00","author":{"@id":"https:\/\/www.firstlapf1.com\/#\/schema\/person\/9eca09873eecb6d7836bc1a0bbd78250"},"description":"La livery del equipo Alpine se ver\u00e1 ligeramente modificada en los dos pr\u00f3ximos Grandes Premios: Miami y Canad\u00e1","inLanguage":"en-GB","potentialAction":[{"@type":"ReadAction","target":["https:\/\/www.firstlapf1.com\/oficial-mercado-libre-vuelve-con-su-amarillo-a-alpine\/"]}]},{"@type":"ImageObject","inLanguage":"en-GB","@id":"https:\/\/www.firstlapf1.com\/oficial-mercado-libre-vuelve-con-su-amarillo-a-alpine\/#primaryimage","url":"https:\/\/www.firstlapf1.com\/wp-content\/uploads\/2026\/04\/20260429_201545.jpg","contentUrl":"https:\/\/www.firstlapf1.com\/wp-content\/uploads\/2026\/04\/20260429_201545.jpg","width":1536,"height":2048},{"@type":"WebSite","@id":"https:\/\/www.firstlapf1.com\/#website","url":"https:\/\/www.firstlapf1.com\/","name":"Noticias F1 en espa\u00f1ol","description":"Noticias F1 en espa\u00f1ol","potentialAction":[{"@type":"SearchAction","target":{"@type":"EntryPoint","urlTemplate":"https:\/\/www.firstlapf1.com\/?s={search_term_string}"},"query-input":{"@type":"PropertyValueSpecification","valueRequired":true,"valueName":"search_term_string"}}],"inLanguage":"en-GB"},{"@type":"Person","@id":"https:\/\/www.firstlapf1.com\/#\/schema\/person\/9eca09873eecb6d7836bc1a0bbd78250","name":"Miguel Lora-Paquet","image":{"@type":"ImageObject","inLanguage":"en-GB","@id":"https:\/\/www.firstlapf1.com\/#\/schema\/person\/image\/","url":"https:\/\/www.firstlapf1.com\/wp-content\/uploads\/2022\/09\/7d393f41-126a-4a1e-bf1d-9d04e2ebc621.jpeg","contentUrl":"https:\/\/www.firstlapf1.com\/wp-content\/uploads\/2022\/09\/7d393f41-126a-4a1e-bf1d-9d04e2ebc621.jpeg","caption":"Miguel Lora-Paquet"},"url":"https:\/\/www.firstlapf1.com\/en\/author\/miguel\/"}]}},"jetpack_featured_media_url":"https:\/\/www.firstlapf1.com\/wp-content\/uploads\/2026\/04\/20260429_201545.jpg","jetpack_sharing_enabled":true,"_links":{"self":[{"href":"https:\/\/www.firstlapf1.com\/en\/wp-json\/wp\/v2\/posts\/18362","targetHints":{"allow":["GET"]}}],"collection":[{"href":"https:\/\/www.firstlapf1.com\/en\/wp-json\/wp\/v2\/posts"}],"about":[{"href":"https:\/\/www.firstlapf1.com\/en\/wp-json\/wp\/v2\/types\/post"}],"author":[{"embeddable":true,"href":"https:\/\/www.firstlapf1.com\/en\/wp-json\/wp\/v2\/users\/2"}],"replies":[{"embeddable":true,"href":"https:\/\/www.firstlapf1.com\/en\/wp-json\/wp\/v2\/comments?post=18362"}],"version-history":[{"count":2,"href":"https:\/\/www.firstlapf1.com\/en\/wp-json\/wp\/v2\/posts\/18362\/revisions"}],"predecessor-version":[{"id":18367,"href":"https:\/\/www.firstlapf1.com\/en\/wp-json\/wp\/v2\/posts\/18362\/revisions\/18367"}],"wp:featuredmedia":[{"embeddable":true,"href":"https:\/\/www.firstlapf1.com\/en\/wp-json\/wp\/v2\/media\/18366"}],"wp:attachment":[{"href":"https:\/\/www.firstlapf1.com\/en\/wp-json\/wp\/v2\/media?parent=18362"}],"wp:term":[{"taxonomy":"category","embeddable":true,"href":"https:\/\/www.firstlapf1.com\/en\/wp-json\/wp\/v2\/categories?post=18362"},{"taxonomy":"post_tag","embeddable":true,"href":"https:\/\/www.firstlapf1.com\/en\/wp-json\/wp\/v2\/tags?post=18362"}],"curies":[{"name":"wp","href":"https:\/\/api.w.org\/{rel}","templated":true}]}}