{"id":18352,"date":"2026-04-28T18:50:13","date_gmt":"2026-04-28T18:50:13","guid":{"rendered":"https:\/\/www.firstlapf1.com\/?p=18352"},"modified":"2026-04-28T18:50:16","modified_gmt":"2026-04-28T18:50:16","slug":"oficial-cadillac-estrena-su-primera-livery-especial","status":"publish","type":"post","link":"https:\/\/www.firstlapf1.com\/en\/oficial-cadillac-estrena-su-primera-livery-especial\/","title":{"rendered":"OFICIAL: Cadillac estrena su primera livery especial"},"content":{"rendered":"<h2 class=\"wp-block-heading\">El equipo estadounidense Cadillac llega a su primera carrera de casa y lo hace con una livery especial para Miami<\/h2>\n\n\n\n<p>Como viene siendo habitual desde que Miami entrase en la F1, por primera vez, en 2022, la parrilla se transforma en multitud de colores y objetos simb\u00f3licos para recordar el ambiente de Miami y su poblaci\u00f3n. De esta manera, no es extra\u00f1o que veamos liveries, merchandising y actividades especiales con ocasi\u00f3n del <a href=\"https:\/\/www.firstlapf1.com\/en\/category\/miami\/\" target=\"_blank\" rel=\"noreferrer noopener\">GP de Miami<\/a>.<\/p>\n\n\n\n<h2 class=\"wp-block-heading has-normal-font-size\">Colores<\/h2>\n\n\n\n<p>El MAC-26 de Cadillac lucir\u00e1 diferente en cuanto a dise\u00f1o, manteniendo la esencia en blanco y negro. Esta vez, el monoplaza no ser\u00e1 de un color diferente por un lado y por el otro, de otro, sino que han apostado por hacer ambos lados iguales. Los detalles m\u00e1s llamativos son las barras y las estrellas, insignia de la bandera estadounidense, colocadas en la parte trasera del coche, concretamente en la tapa motor. Tambi\u00e9n se pueden observar las estrellas en el aler\u00f3n delantero. La \u00fanica tonalidad de colores que existe es en la parte posterior del aler\u00f3n trasero, donde estrellas azules se van difuminando en estrellas rojas, divididas por la palabra \u00bbUSA\u00bb.<\/p>\n\n\n\n<p>Como hemos mencionado antes, la marca americana llevar\u00e1 a cabo actividades de forma paralelas a la acci\u00f3n en el circuito. A trav\u00e9s de la denominaci\u00f3n \u00bbCadillac Formula One Team Miami Headquarters\u00bb, el equipo ha dispuesto una <a href=\"https:\/\/www.formula1.com\/\" target=\"_blank\" rel=\"noreferrer noopener\">fanzone<\/a> donde se expondr\u00e1n los \u00faltimos modelos de los Cadillac de calle, habr\u00e1 simuladores, restauraci\u00f3n, colecciones de Tommy Hilfiger&#8230; los pr\u00f3ximos d\u00edas 2 y 3 de mayo.<\/p>\n\n\n\n<h2 class=\"wp-block-heading has-normal-font-size\">Declaraciones<\/h2>\n\n\n\n<p>Tyler Epp, Jefe General de la Estrategia Comercial de Cadillac:<\/p>\n\n\n\n<p><strong>\u00bbNo hay mejor sitio que Miami para celebrar la primera carrera de Cadillac en Estados Unidos. Como equipo de casa, tenemos el objetivo de llevar la acci\u00f3n al coraz\u00f3n de Miami. Cadillac Formula One Team Miami Headquarters no s\u00f3lo se trata de coches en pista, sino de la cultura y la emoci\u00f3n compartida del equipo.\u00bb<\/strong><\/p>\n\n\n\n<figure class=\"wp-block-image size-large\"><img loading=\"lazy\" decoding=\"async\" width=\"1024\" height=\"576\" src=\"https:\/\/www.firstlapf1.com\/wp-content\/uploads\/2026\/04\/1000098547-1024x576.jpg\" alt=\"\" class=\"wp-image-18354\" srcset=\"https:\/\/www.firstlapf1.com\/wp-content\/uploads\/2026\/04\/1000098547-1024x576.jpg 1024w, https:\/\/www.firstlapf1.com\/wp-content\/uploads\/2026\/04\/1000098547-300x169.jpg 300w, https:\/\/www.firstlapf1.com\/wp-content\/uploads\/2026\/04\/1000098547-768x432.jpg 768w, https:\/\/www.firstlapf1.com\/wp-content\/uploads\/2026\/04\/1000098547-18x10.jpg 18w, https:\/\/www.firstlapf1.com\/wp-content\/uploads\/2026\/04\/1000098547-190x107.jpg 190w, https:\/\/www.firstlapf1.com\/wp-content\/uploads\/2026\/04\/1000098547.jpg 1080w\" sizes=\"auto, (max-width: 1024px) 100vw, 1024px\" \/><figcaption class=\"wp-element-caption\">Fuente: Cadillac Formula 1 Team en X (fuente portada: Cadillac Formula 1 Team en X)<\/figcaption><\/figure>\n\n\n\n<p><\/p>","protected":false},"excerpt":{"rendered":"<p>El equipo estadounidense Cadillac llega a su primera carrera de casa y lo hace con una livery especial para Miami &hellip; <span class=\"more-button\"><a href=\"https:\/\/www.firstlapf1.com\/en\/oficial-cadillac-estrena-su-primera-livery-especial\/\" class=\"more-link\">Continue reading<span class=\"screen-reader-text\">OFICIAL: Cadillac estrena su primera livery especial<\/span><\/a><\/span><\/p>","protected":false},"author":2,"featured_media":18355,"comment_status":"closed","ping_status":"open","sticky":false,"template":"","format":"standard","meta":{"_jetpack_memberships_contains_paid_content":false,"footnotes":""},"categories":[146,29],"tags":[],"class_list":["post-18352","post","type-post","status-publish","format-standard","has-post-thumbnail","hentry","category-cadillac","category-miami"],"yoast_head":"<!-- This site is optimized with the Yoast SEO plugin v27.0 - https:\/\/yoast.com\/product\/yoast-seo-wordpress\/ -->\n<title>OFICIAL: Cadillac estrena su primera livery especial - Noticias F1 en espa\u00f1ol<\/title>\n<meta name=\"description\" content=\"El equipo estadounidense Cadillac llega a su primera carrera de casa y lo hace con una livery especial para Miami\" \/>\n<meta name=\"robots\" content=\"index, follow, max-snippet:-1, max-image-preview:large, max-video-preview:-1\" \/>\n<link rel=\"canonical\" href=\"https:\/\/www.firstlapf1.com\/en\/oficial-cadillac-estrena-su-primera-livery-especial\/\" \/>\n<meta property=\"og:locale\" content=\"en_GB\" \/>\n<meta property=\"og:type\" content=\"article\" \/>\n<meta property=\"og:title\" content=\"OFICIAL: Cadillac estrena su primera livery especial - Noticias F1 en espa\u00f1ol\" \/>\n<meta property=\"og:description\" content=\"El equipo estadounidense Cadillac llega a su primera carrera de casa y lo hace con una livery especial para Miami\" \/>\n<meta property=\"og:url\" content=\"https:\/\/www.firstlapf1.com\/en\/oficial-cadillac-estrena-su-primera-livery-especial\/\" \/>\n<meta property=\"og:site_name\" content=\"Noticias F1 en espa\u00f1ol\" \/>\n<meta property=\"article:published_time\" content=\"2026-04-28T18:50:13+00:00\" \/>\n<meta property=\"article:modified_time\" content=\"2026-04-28T18:50:16+00:00\" \/>\n<meta property=\"og:image\" content=\"https:\/\/www.firstlapf1.com\/wp-content\/uploads\/2026\/04\/20260428_184144.jpg\" \/>\n\t<meta property=\"og:image:width\" content=\"1080\" \/>\n\t<meta property=\"og:image:height\" content=\"1350\" \/>\n\t<meta property=\"og:image:type\" content=\"image\/jpeg\" \/>\n<meta name=\"author\" content=\"Miguel Lora-Paquet\" \/>\n<meta name=\"twitter:card\" content=\"summary_large_image\" \/>\n<meta name=\"twitter:label1\" content=\"Written by\" \/>\n\t<meta name=\"twitter:data1\" content=\"Miguel Lora-Paquet\" \/>\n\t<meta name=\"twitter:label2\" content=\"Estimated reading time\" \/>\n\t<meta name=\"twitter:data2\" content=\"2 minutes\" \/>\n<script type=\"application\/ld+json\" class=\"yoast-schema-graph\">{\"@context\":\"https:\/\/schema.org\",\"@graph\":[{\"@type\":\"Article\",\"@id\":\"https:\/\/www.firstlapf1.com\/oficial-cadillac-estrena-su-primera-livery-especial\/#article\",\"isPartOf\":{\"@id\":\"https:\/\/www.firstlapf1.com\/oficial-cadillac-estrena-su-primera-livery-especial\/\"},\"author\":{\"name\":\"Miguel Lora-Paquet\",\"@id\":\"https:\/\/www.firstlapf1.com\/#\/schema\/person\/9eca09873eecb6d7836bc1a0bbd78250\"},\"headline\":\"OFICIAL: Cadillac estrena su primera livery especial\",\"datePublished\":\"2026-04-28T18:50:13+00:00\",\"dateModified\":\"2026-04-28T18:50:16+00:00\",\"mainEntityOfPage\":{\"@id\":\"https:\/\/www.firstlapf1.com\/oficial-cadillac-estrena-su-primera-livery-especial\/\"},\"wordCount\":354,\"image\":{\"@id\":\"https:\/\/www.firstlapf1.com\/oficial-cadillac-estrena-su-primera-livery-especial\/#primaryimage\"},\"thumbnailUrl\":\"https:\/\/www.firstlapf1.com\/wp-content\/uploads\/2026\/04\/20260428_184144.jpg\",\"articleSection\":[\"Cadillac Formula 1 Team\",\"GP Miami (Aut\u00f3dromo Internacional de Miami)\"],\"inLanguage\":\"en-GB\"},{\"@type\":\"WebPage\",\"@id\":\"https:\/\/www.firstlapf1.com\/oficial-cadillac-estrena-su-primera-livery-especial\/\",\"url\":\"https:\/\/www.firstlapf1.com\/oficial-cadillac-estrena-su-primera-livery-especial\/\",\"name\":\"OFICIAL: Cadillac estrena su primera livery especial - Noticias F1 en espa\u00f1ol\",\"isPartOf\":{\"@id\":\"https:\/\/www.firstlapf1.com\/#website\"},\"primaryImageOfPage\":{\"@id\":\"https:\/\/www.firstlapf1.com\/oficial-cadillac-estrena-su-primera-livery-especial\/#primaryimage\"},\"image\":{\"@id\":\"https:\/\/www.firstlapf1.com\/oficial-cadillac-estrena-su-primera-livery-especial\/#primaryimage\"},\"thumbnailUrl\":\"https:\/\/www.firstlapf1.com\/wp-content\/uploads\/2026\/04\/20260428_184144.jpg\",\"datePublished\":\"2026-04-28T18:50:13+00:00\",\"dateModified\":\"2026-04-28T18:50:16+00:00\",\"author\":{\"@id\":\"https:\/\/www.firstlapf1.com\/#\/schema\/person\/9eca09873eecb6d7836bc1a0bbd78250\"},\"description\":\"El equipo estadounidense Cadillac llega a su primera carrera de casa y lo hace con una livery especial para Miami\",\"inLanguage\":\"en-GB\",\"potentialAction\":[{\"@type\":\"ReadAction\",\"target\":[\"https:\/\/www.firstlapf1.com\/oficial-cadillac-estrena-su-primera-livery-especial\/\"]}]},{\"@type\":\"ImageObject\",\"inLanguage\":\"en-GB\",\"@id\":\"https:\/\/www.firstlapf1.com\/oficial-cadillac-estrena-su-primera-livery-especial\/#primaryimage\",\"url\":\"https:\/\/www.firstlapf1.com\/wp-content\/uploads\/2026\/04\/20260428_184144.jpg\",\"contentUrl\":\"https:\/\/www.firstlapf1.com\/wp-content\/uploads\/2026\/04\/20260428_184144.jpg\",\"width\":1080,\"height\":1350},{\"@type\":\"WebSite\",\"@id\":\"https:\/\/www.firstlapf1.com\/#website\",\"url\":\"https:\/\/www.firstlapf1.com\/\",\"name\":\"Noticias F1 en espa\u00f1ol\",\"description\":\"Noticias F1 en espa\u00f1ol\",\"potentialAction\":[{\"@type\":\"SearchAction\",\"target\":{\"@type\":\"EntryPoint\",\"urlTemplate\":\"https:\/\/www.firstlapf1.com\/?s={search_term_string}\"},\"query-input\":{\"@type\":\"PropertyValueSpecification\",\"valueRequired\":true,\"valueName\":\"search_term_string\"}}],\"inLanguage\":\"en-GB\"},{\"@type\":\"Person\",\"@id\":\"https:\/\/www.firstlapf1.com\/#\/schema\/person\/9eca09873eecb6d7836bc1a0bbd78250\",\"name\":\"Miguel Lora-Paquet\",\"image\":{\"@type\":\"ImageObject\",\"inLanguage\":\"en-GB\",\"@id\":\"https:\/\/www.firstlapf1.com\/#\/schema\/person\/image\/\",\"url\":\"https:\/\/www.firstlapf1.com\/wp-content\/uploads\/2022\/09\/7d393f41-126a-4a1e-bf1d-9d04e2ebc621.jpeg\",\"contentUrl\":\"https:\/\/www.firstlapf1.com\/wp-content\/uploads\/2022\/09\/7d393f41-126a-4a1e-bf1d-9d04e2ebc621.jpeg\",\"caption\":\"Miguel Lora-Paquet\"},\"url\":\"https:\/\/www.firstlapf1.com\/en\/author\/miguel\/\"}]}<\/script>\n<!-- \/ Yoast SEO plugin. -->","yoast_head_json":{"title":"OFICIAL: Cadillac estrena su primera livery especial - Noticias F1 en espa\u00f1ol","description":"El equipo estadounidense Cadillac llega a su primera carrera de casa y lo hace con una livery especial para Miami","robots":{"index":"index","follow":"follow","max-snippet":"max-snippet:-1","max-image-preview":"max-image-preview:large","max-video-preview":"max-video-preview:-1"},"canonical":"https:\/\/www.firstlapf1.com\/en\/oficial-cadillac-estrena-su-primera-livery-especial\/","og_locale":"en_GB","og_type":"article","og_title":"OFICIAL: Cadillac estrena su primera livery especial - Noticias F1 en espa\u00f1ol","og_description":"El equipo estadounidense Cadillac llega a su primera carrera de casa y lo hace con una livery especial para Miami","og_url":"https:\/\/www.firstlapf1.com\/en\/oficial-cadillac-estrena-su-primera-livery-especial\/","og_site_name":"Noticias F1 en espa\u00f1ol","article_published_time":"2026-04-28T18:50:13+00:00","article_modified_time":"2026-04-28T18:50:16+00:00","og_image":[{"width":1080,"height":1350,"url":"https:\/\/www.firstlapf1.com\/wp-content\/uploads\/2026\/04\/20260428_184144.jpg","type":"image\/jpeg"}],"author":"Miguel Lora-Paquet","twitter_card":"summary_large_image","twitter_misc":{"Written by":"Miguel Lora-Paquet","Estimated reading time":"2 minutes"},"schema":{"@context":"https:\/\/schema.org","@graph":[{"@type":"Article","@id":"https:\/\/www.firstlapf1.com\/oficial-cadillac-estrena-su-primera-livery-especial\/#article","isPartOf":{"@id":"https:\/\/www.firstlapf1.com\/oficial-cadillac-estrena-su-primera-livery-especial\/"},"author":{"name":"Miguel Lora-Paquet","@id":"https:\/\/www.firstlapf1.com\/#\/schema\/person\/9eca09873eecb6d7836bc1a0bbd78250"},"headline":"OFICIAL: Cadillac estrena su primera livery especial","datePublished":"2026-04-28T18:50:13+00:00","dateModified":"2026-04-28T18:50:16+00:00","mainEntityOfPage":{"@id":"https:\/\/www.firstlapf1.com\/oficial-cadillac-estrena-su-primera-livery-especial\/"},"wordCount":354,"image":{"@id":"https:\/\/www.firstlapf1.com\/oficial-cadillac-estrena-su-primera-livery-especial\/#primaryimage"},"thumbnailUrl":"https:\/\/www.firstlapf1.com\/wp-content\/uploads\/2026\/04\/20260428_184144.jpg","articleSection":["Cadillac Formula 1 Team","GP Miami (Aut\u00f3dromo Internacional de Miami)"],"inLanguage":"en-GB"},{"@type":"WebPage","@id":"https:\/\/www.firstlapf1.com\/oficial-cadillac-estrena-su-primera-livery-especial\/","url":"https:\/\/www.firstlapf1.com\/oficial-cadillac-estrena-su-primera-livery-especial\/","name":"OFICIAL: Cadillac estrena su primera livery especial - Noticias F1 en espa\u00f1ol","isPartOf":{"@id":"https:\/\/www.firstlapf1.com\/#website"},"primaryImageOfPage":{"@id":"https:\/\/www.firstlapf1.com\/oficial-cadillac-estrena-su-primera-livery-especial\/#primaryimage"},"image":{"@id":"https:\/\/www.firstlapf1.com\/oficial-cadillac-estrena-su-primera-livery-especial\/#primaryimage"},"thumbnailUrl":"https:\/\/www.firstlapf1.com\/wp-content\/uploads\/2026\/04\/20260428_184144.jpg","datePublished":"2026-04-28T18:50:13+00:00","dateModified":"2026-04-28T18:50:16+00:00","author":{"@id":"https:\/\/www.firstlapf1.com\/#\/schema\/person\/9eca09873eecb6d7836bc1a0bbd78250"},"description":"El equipo estadounidense Cadillac llega a su primera carrera de casa y lo hace con una livery especial para Miami","inLanguage":"en-GB","potentialAction":[{"@type":"ReadAction","target":["https:\/\/www.firstlapf1.com\/oficial-cadillac-estrena-su-primera-livery-especial\/"]}]},{"@type":"ImageObject","inLanguage":"en-GB","@id":"https:\/\/www.firstlapf1.com\/oficial-cadillac-estrena-su-primera-livery-especial\/#primaryimage","url":"https:\/\/www.firstlapf1.com\/wp-content\/uploads\/2026\/04\/20260428_184144.jpg","contentUrl":"https:\/\/www.firstlapf1.com\/wp-content\/uploads\/2026\/04\/20260428_184144.jpg","width":1080,"height":1350},{"@type":"WebSite","@id":"https:\/\/www.firstlapf1.com\/#website","url":"https:\/\/www.firstlapf1.com\/","name":"Noticias F1 en espa\u00f1ol","description":"Noticias F1 en espa\u00f1ol","potentialAction":[{"@type":"SearchAction","target":{"@type":"EntryPoint","urlTemplate":"https:\/\/www.firstlapf1.com\/?s={search_term_string}"},"query-input":{"@type":"PropertyValueSpecification","valueRequired":true,"valueName":"search_term_string"}}],"inLanguage":"en-GB"},{"@type":"Person","@id":"https:\/\/www.firstlapf1.com\/#\/schema\/person\/9eca09873eecb6d7836bc1a0bbd78250","name":"Miguel Lora-Paquet","image":{"@type":"ImageObject","inLanguage":"en-GB","@id":"https:\/\/www.firstlapf1.com\/#\/schema\/person\/image\/","url":"https:\/\/www.firstlapf1.com\/wp-content\/uploads\/2022\/09\/7d393f41-126a-4a1e-bf1d-9d04e2ebc621.jpeg","contentUrl":"https:\/\/www.firstlapf1.com\/wp-content\/uploads\/2022\/09\/7d393f41-126a-4a1e-bf1d-9d04e2ebc621.jpeg","caption":"Miguel Lora-Paquet"},"url":"https:\/\/www.firstlapf1.com\/en\/author\/miguel\/"}]}},"jetpack_featured_media_url":"https:\/\/www.firstlapf1.com\/wp-content\/uploads\/2026\/04\/20260428_184144.jpg","jetpack_sharing_enabled":true,"_links":{"self":[{"href":"https:\/\/www.firstlapf1.com\/en\/wp-json\/wp\/v2\/posts\/18352","targetHints":{"allow":["GET"]}}],"collection":[{"href":"https:\/\/www.firstlapf1.com\/en\/wp-json\/wp\/v2\/posts"}],"about":[{"href":"https:\/\/www.firstlapf1.com\/en\/wp-json\/wp\/v2\/types\/post"}],"author":[{"embeddable":true,"href":"https:\/\/www.firstlapf1.com\/en\/wp-json\/wp\/v2\/users\/2"}],"replies":[{"embeddable":true,"href":"https:\/\/www.firstlapf1.com\/en\/wp-json\/wp\/v2\/comments?post=18352"}],"version-history":[{"count":2,"href":"https:\/\/www.firstlapf1.com\/en\/wp-json\/wp\/v2\/posts\/18352\/revisions"}],"predecessor-version":[{"id":18357,"href":"https:\/\/www.firstlapf1.com\/en\/wp-json\/wp\/v2\/posts\/18352\/revisions\/18357"}],"wp:featuredmedia":[{"embeddable":true,"href":"https:\/\/www.firstlapf1.com\/en\/wp-json\/wp\/v2\/media\/18355"}],"wp:attachment":[{"href":"https:\/\/www.firstlapf1.com\/en\/wp-json\/wp\/v2\/media?parent=18352"}],"wp:term":[{"taxonomy":"category","embeddable":true,"href":"https:\/\/www.firstlapf1.com\/en\/wp-json\/wp\/v2\/categories?post=18352"},{"taxonomy":"post_tag","embeddable":true,"href":"https:\/\/www.firstlapf1.com\/en\/wp-json\/wp\/v2\/tags?post=18352"}],"curies":[{"name":"wp","href":"https:\/\/api.w.org\/{rel}","templated":true}]}}