{"id":18349,"date":"2026-04-28T10:54:09","date_gmt":"2026-04-28T10:54:09","guid":{"rendered":"https:\/\/www.firstlapf1.com\/?p=18349"},"modified":"2026-04-28T10:54:11","modified_gmt":"2026-04-28T10:54:11","slug":"responsabilidad-social-corporativa-de-firstlap-f1","status":"publish","type":"post","link":"https:\/\/www.firstlapf1.com\/en\/responsabilidad-social-corporativa-de-firstlap-f1\/","title":{"rendered":"Responsabilidad Social Corporativa de FirstLap F1"},"content":{"rendered":"<p>FirstLap F1 est\u00e1 comprometido con todas las causas sociales que afectan a nuestra audiencia:<\/p>\n\n\n\n<p>\u2013 Desde el equipo de trabajo, fomentamos la visibilidad de las categor\u00edas femeninas en el motorsport, por esta raz\u00f3n, tenemos una categor\u00eda exclusiva para ello.<\/p>\n\n\n\n<p>\u2013 Nuestras oficinas cuentan con todo el equipamiento necesario para que los redactores desempe\u00f1en su puesto de trabajo de forma \u00f3ptima.<\/p>\n\n\n\n<p>\u2013 Nos adaptamos a las nuevas tecnolog\u00edas, por lo que priorizamos el uso digital en nuestros posts antes que en papel, adem\u00e1s de informar por nuestras redes sociales. De esta manera, protegemos los ecosistemas.<\/p>\n\n\n\n<p>&#8211; El trato con nuestros redactores es el ideal para trabajar de forma conjunta. Realizamos reuniones telem\u00e1ticas y los horarios son flexibles, atendiendo a motivos familiares para su prioridad.<\/p>\n\n\n\n<p><\/p>","protected":false},"excerpt":{"rendered":"<p>FirstLap F1 est\u00e1 comprometido con todas las causas sociales que afectan a nuestra audiencia: \u2013 Desde el equipo de trabajo, fomentamos la visibilidad de las<span class=\"more-button\"><a href=\"https:\/\/www.firstlapf1.com\/en\/responsabilidad-social-corporativa-de-firstlap-f1\/\" class=\"more-link\">Continue reading<span class=\"screen-reader-text\">Responsabilidad Social Corporativa de FirstLap F1<\/span><\/a><\/span><\/p>","protected":false},"author":2,"featured_media":18351,"comment_status":"closed","ping_status":"open","sticky":false,"template":"","format":"standard","meta":{"_jetpack_memberships_contains_paid_content":false,"footnotes":""},"categories":[173],"tags":[],"class_list":["post-18349","post","type-post","status-publish","format-standard","has-post-thumbnail","hentry","category-rsc"],"yoast_head":"<!-- This site is optimized with the Yoast SEO plugin v27.0 - https:\/\/yoast.com\/product\/yoast-seo-wordpress\/ -->\n<title>Responsabilidad Social Corporativa de FirstLap F1 - Noticias F1 en espa\u00f1ol<\/title>\n<meta name=\"robots\" content=\"index, follow, max-snippet:-1, max-image-preview:large, max-video-preview:-1\" \/>\n<link rel=\"canonical\" href=\"https:\/\/www.firstlapf1.com\/en\/responsabilidad-social-corporativa-de-firstlap-f1\/\" \/>\n<meta property=\"og:locale\" content=\"en_GB\" \/>\n<meta property=\"og:type\" content=\"article\" \/>\n<meta property=\"og:title\" content=\"Responsabilidad Social Corporativa de FirstLap F1 - Noticias F1 en espa\u00f1ol\" \/>\n<meta property=\"og:description\" content=\"FirstLap F1 est\u00e1 comprometido con todas las causas sociales que afectan a nuestra audiencia: \u2013 Desde el equipo de trabajo, fomentamos la visibilidad de lasContinue readingResponsabilidad Social Corporativa de FirstLap F1\" \/>\n<meta property=\"og:url\" content=\"https:\/\/www.firstlapf1.com\/en\/responsabilidad-social-corporativa-de-firstlap-f1\/\" \/>\n<meta property=\"og:site_name\" content=\"Noticias F1 en espa\u00f1ol\" \/>\n<meta property=\"article:published_time\" content=\"2026-04-28T10:54:09+00:00\" \/>\n<meta property=\"article:modified_time\" content=\"2026-04-28T10:54:11+00:00\" \/>\n<meta property=\"og:image\" content=\"https:\/\/www.firstlapf1.com\/wp-content\/uploads\/2026\/04\/20260428_124859.jpg\" \/>\n\t<meta property=\"og:image:width\" content=\"400\" \/>\n\t<meta property=\"og:image:height\" content=\"400\" \/>\n\t<meta property=\"og:image:type\" content=\"image\/jpeg\" \/>\n<meta name=\"author\" content=\"Miguel Lora-Paquet\" \/>\n<meta name=\"twitter:card\" content=\"summary_large_image\" \/>\n<meta name=\"twitter:label1\" content=\"Written by\" \/>\n\t<meta name=\"twitter:data1\" content=\"Miguel Lora-Paquet\" \/>\n\t<meta name=\"twitter:label2\" content=\"Estimated reading time\" \/>\n\t<meta name=\"twitter:data2\" content=\"1 minute\" \/>\n<script type=\"application\/ld+json\" class=\"yoast-schema-graph\">{\"@context\":\"https:\/\/schema.org\",\"@graph\":[{\"@type\":\"Article\",\"@id\":\"https:\/\/www.firstlapf1.com\/responsabilidad-social-corporativa-de-firstlap-f1\/#article\",\"isPartOf\":{\"@id\":\"https:\/\/www.firstlapf1.com\/responsabilidad-social-corporativa-de-firstlap-f1\/\"},\"author\":{\"name\":\"Miguel Lora-Paquet\",\"@id\":\"https:\/\/www.firstlapf1.com\/#\/schema\/person\/9eca09873eecb6d7836bc1a0bbd78250\"},\"headline\":\"Responsabilidad Social Corporativa de FirstLap F1\",\"datePublished\":\"2026-04-28T10:54:09+00:00\",\"dateModified\":\"2026-04-28T10:54:11+00:00\",\"mainEntityOfPage\":{\"@id\":\"https:\/\/www.firstlapf1.com\/responsabilidad-social-corporativa-de-firstlap-f1\/\"},\"wordCount\":133,\"image\":{\"@id\":\"https:\/\/www.firstlapf1.com\/responsabilidad-social-corporativa-de-firstlap-f1\/#primaryimage\"},\"thumbnailUrl\":\"https:\/\/www.firstlapf1.com\/wp-content\/uploads\/2026\/04\/20260428_124859.jpg\",\"articleSection\":[\"RSC\"],\"inLanguage\":\"en-GB\"},{\"@type\":\"WebPage\",\"@id\":\"https:\/\/www.firstlapf1.com\/responsabilidad-social-corporativa-de-firstlap-f1\/\",\"url\":\"https:\/\/www.firstlapf1.com\/responsabilidad-social-corporativa-de-firstlap-f1\/\",\"name\":\"Responsabilidad Social Corporativa de FirstLap F1 - Noticias F1 en espa\u00f1ol\",\"isPartOf\":{\"@id\":\"https:\/\/www.firstlapf1.com\/#website\"},\"primaryImageOfPage\":{\"@id\":\"https:\/\/www.firstlapf1.com\/responsabilidad-social-corporativa-de-firstlap-f1\/#primaryimage\"},\"image\":{\"@id\":\"https:\/\/www.firstlapf1.com\/responsabilidad-social-corporativa-de-firstlap-f1\/#primaryimage\"},\"thumbnailUrl\":\"https:\/\/www.firstlapf1.com\/wp-content\/uploads\/2026\/04\/20260428_124859.jpg\",\"datePublished\":\"2026-04-28T10:54:09+00:00\",\"dateModified\":\"2026-04-28T10:54:11+00:00\",\"author\":{\"@id\":\"https:\/\/www.firstlapf1.com\/#\/schema\/person\/9eca09873eecb6d7836bc1a0bbd78250\"},\"inLanguage\":\"en-GB\",\"potentialAction\":[{\"@type\":\"ReadAction\",\"target\":[\"https:\/\/www.firstlapf1.com\/responsabilidad-social-corporativa-de-firstlap-f1\/\"]}]},{\"@type\":\"ImageObject\",\"inLanguage\":\"en-GB\",\"@id\":\"https:\/\/www.firstlapf1.com\/responsabilidad-social-corporativa-de-firstlap-f1\/#primaryimage\",\"url\":\"https:\/\/www.firstlapf1.com\/wp-content\/uploads\/2026\/04\/20260428_124859.jpg\",\"contentUrl\":\"https:\/\/www.firstlapf1.com\/wp-content\/uploads\/2026\/04\/20260428_124859.jpg\",\"width\":400,\"height\":400},{\"@type\":\"WebSite\",\"@id\":\"https:\/\/www.firstlapf1.com\/#website\",\"url\":\"https:\/\/www.firstlapf1.com\/\",\"name\":\"Noticias F1 en espa\u00f1ol\",\"description\":\"Noticias F1 en espa\u00f1ol\",\"potentialAction\":[{\"@type\":\"SearchAction\",\"target\":{\"@type\":\"EntryPoint\",\"urlTemplate\":\"https:\/\/www.firstlapf1.com\/?s={search_term_string}\"},\"query-input\":{\"@type\":\"PropertyValueSpecification\",\"valueRequired\":true,\"valueName\":\"search_term_string\"}}],\"inLanguage\":\"en-GB\"},{\"@type\":\"Person\",\"@id\":\"https:\/\/www.firstlapf1.com\/#\/schema\/person\/9eca09873eecb6d7836bc1a0bbd78250\",\"name\":\"Miguel Lora-Paquet\",\"image\":{\"@type\":\"ImageObject\",\"inLanguage\":\"en-GB\",\"@id\":\"https:\/\/www.firstlapf1.com\/#\/schema\/person\/image\/\",\"url\":\"https:\/\/www.firstlapf1.com\/wp-content\/uploads\/2022\/09\/7d393f41-126a-4a1e-bf1d-9d04e2ebc621.jpeg\",\"contentUrl\":\"https:\/\/www.firstlapf1.com\/wp-content\/uploads\/2022\/09\/7d393f41-126a-4a1e-bf1d-9d04e2ebc621.jpeg\",\"caption\":\"Miguel Lora-Paquet\"},\"url\":\"https:\/\/www.firstlapf1.com\/en\/author\/miguel\/\"}]}<\/script>\n<!-- \/ Yoast SEO plugin. -->","yoast_head_json":{"title":"Responsabilidad Social Corporativa de FirstLap F1 - Noticias F1 en espa\u00f1ol","robots":{"index":"index","follow":"follow","max-snippet":"max-snippet:-1","max-image-preview":"max-image-preview:large","max-video-preview":"max-video-preview:-1"},"canonical":"https:\/\/www.firstlapf1.com\/en\/responsabilidad-social-corporativa-de-firstlap-f1\/","og_locale":"en_GB","og_type":"article","og_title":"Responsabilidad Social Corporativa de FirstLap F1 - Noticias F1 en espa\u00f1ol","og_description":"FirstLap F1 est\u00e1 comprometido con todas las causas sociales que afectan a nuestra audiencia: \u2013 Desde el equipo de trabajo, fomentamos la visibilidad de lasContinue readingResponsabilidad Social Corporativa de FirstLap F1","og_url":"https:\/\/www.firstlapf1.com\/en\/responsabilidad-social-corporativa-de-firstlap-f1\/","og_site_name":"Noticias F1 en espa\u00f1ol","article_published_time":"2026-04-28T10:54:09+00:00","article_modified_time":"2026-04-28T10:54:11+00:00","og_image":[{"width":400,"height":400,"url":"https:\/\/www.firstlapf1.com\/wp-content\/uploads\/2026\/04\/20260428_124859.jpg","type":"image\/jpeg"}],"author":"Miguel Lora-Paquet","twitter_card":"summary_large_image","twitter_misc":{"Written by":"Miguel Lora-Paquet","Estimated reading time":"1 minute"},"schema":{"@context":"https:\/\/schema.org","@graph":[{"@type":"Article","@id":"https:\/\/www.firstlapf1.com\/responsabilidad-social-corporativa-de-firstlap-f1\/#article","isPartOf":{"@id":"https:\/\/www.firstlapf1.com\/responsabilidad-social-corporativa-de-firstlap-f1\/"},"author":{"name":"Miguel Lora-Paquet","@id":"https:\/\/www.firstlapf1.com\/#\/schema\/person\/9eca09873eecb6d7836bc1a0bbd78250"},"headline":"Responsabilidad Social Corporativa de FirstLap F1","datePublished":"2026-04-28T10:54:09+00:00","dateModified":"2026-04-28T10:54:11+00:00","mainEntityOfPage":{"@id":"https:\/\/www.firstlapf1.com\/responsabilidad-social-corporativa-de-firstlap-f1\/"},"wordCount":133,"image":{"@id":"https:\/\/www.firstlapf1.com\/responsabilidad-social-corporativa-de-firstlap-f1\/#primaryimage"},"thumbnailUrl":"https:\/\/www.firstlapf1.com\/wp-content\/uploads\/2026\/04\/20260428_124859.jpg","articleSection":["RSC"],"inLanguage":"en-GB"},{"@type":"WebPage","@id":"https:\/\/www.firstlapf1.com\/responsabilidad-social-corporativa-de-firstlap-f1\/","url":"https:\/\/www.firstlapf1.com\/responsabilidad-social-corporativa-de-firstlap-f1\/","name":"Responsabilidad Social Corporativa de FirstLap F1 - Noticias F1 en espa\u00f1ol","isPartOf":{"@id":"https:\/\/www.firstlapf1.com\/#website"},"primaryImageOfPage":{"@id":"https:\/\/www.firstlapf1.com\/responsabilidad-social-corporativa-de-firstlap-f1\/#primaryimage"},"image":{"@id":"https:\/\/www.firstlapf1.com\/responsabilidad-social-corporativa-de-firstlap-f1\/#primaryimage"},"thumbnailUrl":"https:\/\/www.firstlapf1.com\/wp-content\/uploads\/2026\/04\/20260428_124859.jpg","datePublished":"2026-04-28T10:54:09+00:00","dateModified":"2026-04-28T10:54:11+00:00","author":{"@id":"https:\/\/www.firstlapf1.com\/#\/schema\/person\/9eca09873eecb6d7836bc1a0bbd78250"},"inLanguage":"en-GB","potentialAction":[{"@type":"ReadAction","target":["https:\/\/www.firstlapf1.com\/responsabilidad-social-corporativa-de-firstlap-f1\/"]}]},{"@type":"ImageObject","inLanguage":"en-GB","@id":"https:\/\/www.firstlapf1.com\/responsabilidad-social-corporativa-de-firstlap-f1\/#primaryimage","url":"https:\/\/www.firstlapf1.com\/wp-content\/uploads\/2026\/04\/20260428_124859.jpg","contentUrl":"https:\/\/www.firstlapf1.com\/wp-content\/uploads\/2026\/04\/20260428_124859.jpg","width":400,"height":400},{"@type":"WebSite","@id":"https:\/\/www.firstlapf1.com\/#website","url":"https:\/\/www.firstlapf1.com\/","name":"Noticias F1 en espa\u00f1ol","description":"Noticias F1 en espa\u00f1ol","potentialAction":[{"@type":"SearchAction","target":{"@type":"EntryPoint","urlTemplate":"https:\/\/www.firstlapf1.com\/?s={search_term_string}"},"query-input":{"@type":"PropertyValueSpecification","valueRequired":true,"valueName":"search_term_string"}}],"inLanguage":"en-GB"},{"@type":"Person","@id":"https:\/\/www.firstlapf1.com\/#\/schema\/person\/9eca09873eecb6d7836bc1a0bbd78250","name":"Miguel Lora-Paquet","image":{"@type":"ImageObject","inLanguage":"en-GB","@id":"https:\/\/www.firstlapf1.com\/#\/schema\/person\/image\/","url":"https:\/\/www.firstlapf1.com\/wp-content\/uploads\/2022\/09\/7d393f41-126a-4a1e-bf1d-9d04e2ebc621.jpeg","contentUrl":"https:\/\/www.firstlapf1.com\/wp-content\/uploads\/2022\/09\/7d393f41-126a-4a1e-bf1d-9d04e2ebc621.jpeg","caption":"Miguel Lora-Paquet"},"url":"https:\/\/www.firstlapf1.com\/en\/author\/miguel\/"}]}},"jetpack_featured_media_url":"https:\/\/www.firstlapf1.com\/wp-content\/uploads\/2026\/04\/20260428_124859.jpg","jetpack_sharing_enabled":true,"_links":{"self":[{"href":"https:\/\/www.firstlapf1.com\/en\/wp-json\/wp\/v2\/posts\/18349","targetHints":{"allow":["GET"]}}],"collection":[{"href":"https:\/\/www.firstlapf1.com\/en\/wp-json\/wp\/v2\/posts"}],"about":[{"href":"https:\/\/www.firstlapf1.com\/en\/wp-json\/wp\/v2\/types\/post"}],"author":[{"embeddable":true,"href":"https:\/\/www.firstlapf1.com\/en\/wp-json\/wp\/v2\/users\/2"}],"replies":[{"embeddable":true,"href":"https:\/\/www.firstlapf1.com\/en\/wp-json\/wp\/v2\/comments?post=18349"}],"version-history":[{"count":1,"href":"https:\/\/www.firstlapf1.com\/en\/wp-json\/wp\/v2\/posts\/18349\/revisions"}],"predecessor-version":[{"id":18350,"href":"https:\/\/www.firstlapf1.com\/en\/wp-json\/wp\/v2\/posts\/18349\/revisions\/18350"}],"wp:featuredmedia":[{"embeddable":true,"href":"https:\/\/www.firstlapf1.com\/en\/wp-json\/wp\/v2\/media\/18351"}],"wp:attachment":[{"href":"https:\/\/www.firstlapf1.com\/en\/wp-json\/wp\/v2\/media?parent=18349"}],"wp:term":[{"taxonomy":"category","embeddable":true,"href":"https:\/\/www.firstlapf1.com\/en\/wp-json\/wp\/v2\/categories?post=18349"},{"taxonomy":"post_tag","embeddable":true,"href":"https:\/\/www.firstlapf1.com\/en\/wp-json\/wp\/v2\/tags?post=18349"}],"curies":[{"name":"wp","href":"https:\/\/api.w.org\/{rel}","templated":true}]}}