{"id":18297,"date":"2026-04-25T22:29:08","date_gmt":"2026-04-25T22:29:08","guid":{"rendered":"https:\/\/www.firstlapf1.com\/?p=18297"},"modified":"2026-04-25T22:29:11","modified_gmt":"2026-04-25T22:29:11","slug":"analisis-el-circuito-de-jerez-bajo-el-detallado-analisis-de-firstlap-f1","status":"publish","type":"post","link":"https:\/\/www.firstlapf1.com\/en\/analisis-el-circuito-de-jerez-bajo-el-detallado-analisis-de-firstlap-f1\/","title":{"rendered":"An\u00e1lisis: El circuito de Jerez, bajo el detallado an\u00e1lisis de FirstLap F1"},"content":{"rendered":"<h2 class=\"wp-block-heading\">MotoGP llega a una de las carreras m\u00e1s esperadas por los aficionados locales: es el primero del a\u00f1o en nuestro pa\u00eds, en el circuito de Jerez<\/h2>\n\n\n\n<p><strong>Introducci\u00f3n:&nbsp;<\/strong>El&nbsp;<a href=\"https:\/\/www.motogp.com\/en\" target=\"_blank\" rel=\"noreferrer noopener\">campeonato de MotoGP<\/a>&nbsp;aterriza en Europa para disputar, en la Catedral del Motociclismo, el Gran Premio de Espa\u00f1a. Esta ser\u00e1 la 38\u00ba que Jerez albergue de manera ininterrumpida el&nbsp;<a href=\"https:\/\/www.firstlapf1.com\/en\/category\/espana-motogp\/\" target=\"_blank\" rel=\"noreferrer noopener\">GP de Espa\u00f1a<\/a>. (1986-)<\/p>\n\n\n\n<h2 class=\"wp-block-heading\">Estad\u00edsticas<\/h2>\n\n\n\n<h2 class=\"wp-block-heading has-normal-font-size\">\u00daltimos ganadores<\/h2>\n\n\n\n<p>2021: Jack Miller (Ducati)<\/p>\n\n\n\n<p>2022: Francesco Bagnaia (Ducati)<\/p>\n\n\n\n<p>2023: Francesco Bagnaia (Ducati)<\/p>\n\n\n\n<p>2024: Francesco Bagnaia (Ducati)<\/p>\n\n\n\n<p>2025: Alex M\u00e1rquez (Ducati)<\/p>\n\n\n\n<h2 class=\"wp-block-heading has-normal-font-size\">Ganadores hist\u00f3ricos<\/h2>\n\n\n\n<p>El piloto m\u00e1s laureado en este trazado en Valentino Rossi con 7 triunfos en su haber.<\/p>\n\n\n\n<p>7: Valentino Rossi 2001-2003 (Honda), 2005, 2007, 2009, 2016 (Yamaha).<\/p>\n\n\n\n<p>4: Mick Doohan 1992, 1994-1996 (Honda).<\/p>\n\n\n\n<p>3: Jorge Lorenzo 2010, 2011, 2015 (Yamaha), Francesco Bagnaia 2022-2024 (Ducati) Marc M\u00e1rquez 2014, 2018, 2019 (Honda).<\/p>\n\n\n\n<p>2: Alex Crivill\u00e9 1997, 1998 (Honda), Wayne Rainey 1989, 1991 (Yamaha), Fabio Quartararo 2020 (Espa\u00f1a y Andaluc\u00eda, Yamaha).<\/p>\n\n\n\n<p>1: Dani Pedrosa 2008 (Honda), Casey Stoner 2012 (Honda), Jack Miller 2021 (Ducati), Kevin Schwantz 1990 (Suzuki), Kenny Roberts Jr 2000 (Suzuki), Sete Gibernau 2004 (Honda), Loris Capirossi 2006 (Ducati) y Alex M\u00e1rquez 2025 (Ducati)<\/p>\n\n\n\n<h2 class=\"wp-block-heading has-normal-font-size\">Vueltas y Kms del circuito<\/h2>\n\n\n\n<p>El circuito de Jerez cuenta con 4,423 kilomteros de longitud con 13 curvas, 8 a la derecha y 5 a la izquierda. En la carrera del domingo se dar\u00e1n un total de 25 vueltas al trazado andaluz.<\/p>\n\n\n\n<h2 class=\"wp-block-heading has-normal-font-size\">Vuelta r\u00e1pida hist\u00f3rica<\/h2>\n\n\n\n<p>La vuelta m\u00e1s r\u00e1pida al circuito de Jerez la tiene Alex M\u00e1rquez a bordo de su Ducati GP24 con un 1:35.991 en el a\u00f1o 2025.<\/p>\n\n\n\n<figure class=\"wp-block-image size-large\"><img loading=\"lazy\" decoding=\"async\" width=\"836\" height=\"1024\" src=\"https:\/\/www.firstlapf1.com\/wp-content\/uploads\/2026\/04\/1000098034-836x1024.jpg\" alt=\"\" class=\"wp-image-18326\" srcset=\"https:\/\/www.firstlapf1.com\/wp-content\/uploads\/2026\/04\/1000098034-836x1024.jpg 836w, https:\/\/www.firstlapf1.com\/wp-content\/uploads\/2026\/04\/1000098034-245x300.jpg 245w, https:\/\/www.firstlapf1.com\/wp-content\/uploads\/2026\/04\/1000098034-768x941.jpg 768w, https:\/\/www.firstlapf1.com\/wp-content\/uploads\/2026\/04\/1000098034-10x12.jpg 10w, https:\/\/www.firstlapf1.com\/wp-content\/uploads\/2026\/04\/1000098034.jpg 1220w\" sizes=\"auto, (max-width: 836px) 100vw, 836px\" \/><figcaption class=\"wp-element-caption\">Fuente: Gresini Racing en Instagram<\/figcaption><\/figure>\n\n\n\n<h2 class=\"wp-block-heading\">Claves<\/h2>\n\n\n\n<h2 class=\"wp-block-heading has-normal-font-size\">Sector 1<\/h2>\n\n\n\n<p>Arrancamos una vuelta al circuito de Jerez \u00c1ngel Nieto, calle de boxes a la izquierda, llegamos a unos 290 KM\/H antes de frenar en el cartel de 150 metros para encarar la curva 1. Esta curva cerrada de derechas se reduce hasta 90 KM\/H. Tras esto, se vuelve a dar gas en esa peque\u00f1a recta que hay hasta la curva 2.<\/p>\n\n\n\n<p>Tras salir de la curva 1, abrimos gas y nos pegamos lo m\u00e1s posible, sin pisar el verde, a la izquierda para instantes despu\u00e9s tomar la curva 2 que es muy similar a la primera, aunque un poco mas cerrada y lenta. Esta, al contrario que la 1, hay que mantenerse a la salida en la parte derecha del trazado porque instantes despu\u00e9s tendremos que realizar un cambio de direcci\u00f3n para la curva 3 (Sito Pons).<\/p>\n\n\n\n<p>Tras la curva 3 mantenemos la moto en inclinaci\u00f3n (unos 50\u00ba) para la curva 4. Esta es una curva larga de izquierdas, la forma m\u00e1s r\u00e1pida en moto de coger esta curva es dejando de dar gas durante unos pocos segundos en mitad de la curva, pero sin tocar el freno ya que al estar en m\u00e1xima inclinaci\u00f3n es muy f\u00e1cil perder la rueda delantera y acabar en una ca\u00edda a alta velocidad, tras eso llegamos a una peque\u00f1a recta que nos lleva a la curva 5.<\/p>\n\n\n\n<h2 class=\"wp-block-heading has-normal-font-size\">Sector 2<\/h2>\n\n\n\n<p>Esta curva 5 tiene un parecido a la curva 4, con la diferencia que esta es hacia la derecha. Esta curva es muy importante tomarla correctamente ya que despu\u00e9s viene una recta una de las mas largas del circuito, de las pocas que tiene el trazado andaluz, y uno de los pocos sitios de adelantamientos de todo el circuito por lo que es conveniente abrirnos en la entrada para intentar salir con la m\u00e1xima aceleraci\u00f3n posible. En la salida se utiliza todo el v\u00e9rtice exterior posible.<\/p>\n\n\n\n<p>Despu\u00e9s de recorrer la recta llegamos a la curva 6 (Dani Pedrosa). Alcanzamos unos 300 KM\/H y reducimos hasta 70 KM\/H, en esta curva cerrada de derechas. En esta hay que abrirse en la curva para dar la m\u00e1xima salida posible hacia la siguiente curva. Hay que tener mucho cuidado cuando vamos abriendo gas porque al estar en inclinaci\u00f3n cuando vamos accion\u00e1ndolo nos puede producir un highside si no se realiza de la manera correcta.<\/p>\n\n\n\n<h2 class=\"wp-block-heading has-normal-font-size\">Sector 3<\/h2>\n\n\n\n<p>Tras esto llegamos a las curvas 7 y 8 que se toman de manera independiente, pero son practicamente iguales. La 7 es m\u00e1s r\u00e1pida y se toma el v\u00e9rtice a unos 160 KM\/H. En la salida de esta nos pegamos lo m\u00e1ximo posible a la izquierda subi\u00e9ndonos por el piano para tirarnos al v\u00e9rtice de la curva 8, esta se toma ligeramente m\u00e1s lenta, sobre los 125 KM\/H. Tras pasar estas 2 curvas r\u00e1pidas a izquierdas llegamos a la parte m\u00e1s especial del circuito para los aficionados, el \u00faltimo sector con curvas como Nieto, Peluqui o la famosa \u00faltima curva. &nbsp;&nbsp;<\/p>\n\n\n\n<h2 class=\"wp-block-heading has-normal-font-size\">Sector 4<\/h2>\n\n\n\n<p>Llegamos a las curvas 9 y 10, las curvas que tienen nombres de leyendas del motociclismo espa\u00f1ol. Estas 2 son curvas que se realizan de manera consecutiva a una velocidad de aproximada de 100 KM\/h. La dificultad de estas curvas es tener cuidado con el neum\u00e1tico delantero ya que el flanco izquierdo hace bastante que no se utiliza y nos puede provocar una ca\u00edda en Peluqui (curva 9) o en la curva \u00c1ngel Nieto (curva 10).<\/p>\n\n\n\n<p>Tras pasar estas 2 curvas llegamos a la curva 11 y 12. Estas son 2 curvas rapid\u00edsimas a izquierdas que se toman a 160 y 180 KM\/H respectivamente. Aqu\u00ed al igual que en la curva 3 hay que tener mucho tacto con el freno, ya que al estar en inclinaci\u00f3n una mala aplicaci\u00f3n de este nos puede provocar una ca\u00edda. Tras pasar estas 2 rapid\u00edsimas curvas apurando tanto el v\u00e9rtice como el exterior llegamos a la \u00faltima curva, la curva Jorge Lorenzo.<\/p>\n\n\n\n<p>La curva 13 de Jerez es una de las m\u00e1s famosas de todo el motociclismo, aqu\u00ed se han vivido momentos inolvidables como el duelo entre Gibernau y Rossi en el a\u00f1o 2005 o M\u00e1rquez y Lorenzo en 2013. Para tomar esta curva hace falta reducir desde los 230 KM\/H que alcanzamos tras salir de la 11 y 12 hasta los 75 KM\/H. Al contrario de la mayor\u00eda de las curvas esta no hay que pegarse lo m\u00e1ximo al exterior en la entrada ya que es m\u00e1s eficiente hacerla en forma de V. Tras pasar el v\u00e9rtice, vamos dando gas progresivamente y utilizamos todo el piano exterior sin pisar el verde ya que nos invalidar\u00edan esa vuelta y la siguiente. Con esto se acaba una vuelta al circuito de Jerez.<\/p>\n\n\n\n<h2 class=\"wp-block-heading\">Predicci\u00f3n Meteorol\u00f3gica<\/h2>\n\n\n\n<p>Tanto el viernes como el s\u00e1bado fueron lluviosos, especialmente el d\u00eda de ayer. Hoy, domingo, se espera un sol radiante y temperaturas medianamente altas.<\/p>\n\n\n\n<figure class=\"wp-block-image size-large\"><img loading=\"lazy\" decoding=\"async\" width=\"1024\" height=\"683\" src=\"https:\/\/www.firstlapf1.com\/wp-content\/uploads\/2026\/04\/1000098032-1-1024x683.jpg\" alt=\"\" class=\"wp-image-18328\" srcset=\"https:\/\/www.firstlapf1.com\/wp-content\/uploads\/2026\/04\/1000098032-1-1024x683.jpg 1024w, https:\/\/www.firstlapf1.com\/wp-content\/uploads\/2026\/04\/1000098032-1-300x200.jpg 300w, https:\/\/www.firstlapf1.com\/wp-content\/uploads\/2026\/04\/1000098032-1-768x512.jpg 768w, https:\/\/www.firstlapf1.com\/wp-content\/uploads\/2026\/04\/1000098032-1-1536x1024.jpg 1536w, https:\/\/www.firstlapf1.com\/wp-content\/uploads\/2026\/04\/1000098032-1-18x12.jpg 18w, https:\/\/www.firstlapf1.com\/wp-content\/uploads\/2026\/04\/1000098032-1.jpg 2048w\" sizes=\"auto, (max-width: 1024px) 100vw, 1024px\" \/><figcaption class=\"wp-element-caption\">Fuente: Honda HRC Castrol en X (fuente portada: Yamaha MotoGP en X)<\/figcaption><\/figure>","protected":false},"excerpt":{"rendered":"<p>MotoGP llega a una de las carreras m\u00e1s esperadas por los aficionados locales: es el primero del a\u00f1o en nuestro pa\u00eds, en el circuito de Jerez &hellip; <span class=\"more-button\"><a href=\"https:\/\/www.firstlapf1.com\/en\/analisis-el-circuito-de-jerez-bajo-el-detallado-analisis-de-firstlap-f1\/\" class=\"more-link\">Continue reading<span class=\"screen-reader-text\">An\u00e1lisis: El circuito de Jerez, bajo el detallado an\u00e1lisis de FirstLap F1<\/span><\/a><\/span><\/p>","protected":false},"author":54,"featured_media":18330,"comment_status":"closed","ping_status":"open","sticky":false,"template":"","format":"standard","meta":{"_jetpack_memberships_contains_paid_content":false,"footnotes":""},"categories":[113,117],"tags":[],"class_list":["post-18297","post","type-post","status-publish","format-standard","has-post-thumbnail","hentry","category-circuitos-motogp","category-espana-motogp"],"yoast_head":"<!-- This site is optimized with the Yoast SEO plugin v27.0 - https:\/\/yoast.com\/product\/yoast-seo-wordpress\/ -->\n<title>An\u00e1lisis: El circuito de Jerez, bajo el detallado an\u00e1lisis de FirstLap F1 - Noticias F1 en espa\u00f1ol<\/title>\n<meta name=\"description\" content=\"MotoGP llega a una de las carreras m\u00e1s esperadas por los aficionados locales: es el primero del a\u00f1o en nuestro pa\u00eds, en el circuito de Jerez\" \/>\n<meta name=\"robots\" content=\"index, follow, max-snippet:-1, max-image-preview:large, max-video-preview:-1\" \/>\n<link rel=\"canonical\" href=\"https:\/\/www.firstlapf1.com\/en\/analisis-el-circuito-de-jerez-bajo-el-detallado-analisis-de-firstlap-f1\/\" \/>\n<meta property=\"og:locale\" content=\"en_GB\" \/>\n<meta property=\"og:type\" content=\"article\" \/>\n<meta property=\"og:title\" content=\"An\u00e1lisis: El circuito de Jerez, bajo el detallado an\u00e1lisis de FirstLap F1 - Noticias F1 en espa\u00f1ol\" \/>\n<meta property=\"og:description\" content=\"MotoGP llega a una de las carreras m\u00e1s esperadas por los aficionados locales: es el primero del a\u00f1o en nuestro pa\u00eds, en el circuito de Jerez\" \/>\n<meta property=\"og:url\" content=\"https:\/\/www.firstlapf1.com\/en\/analisis-el-circuito-de-jerez-bajo-el-detallado-analisis-de-firstlap-f1\/\" \/>\n<meta property=\"og:site_name\" content=\"Noticias F1 en espa\u00f1ol\" \/>\n<meta property=\"article:published_time\" content=\"2026-04-25T22:29:08+00:00\" \/>\n<meta property=\"article:modified_time\" content=\"2026-04-25T22:29:11+00:00\" \/>\n<meta property=\"og:image\" content=\"https:\/\/www.firstlapf1.com\/wp-content\/uploads\/2026\/04\/20260426_002425.jpg\" \/>\n\t<meta property=\"og:image:width\" content=\"2048\" \/>\n\t<meta property=\"og:image:height\" content=\"2048\" \/>\n\t<meta property=\"og:image:type\" content=\"image\/jpeg\" \/>\n<meta name=\"author\" content=\"Emilio Vidal\" \/>\n<meta name=\"twitter:card\" content=\"summary_large_image\" \/>\n<meta name=\"twitter:label1\" content=\"Written by\" \/>\n\t<meta name=\"twitter:data1\" content=\"Emilio Vidal\" \/>\n\t<meta name=\"twitter:label2\" content=\"Estimated reading time\" \/>\n\t<meta name=\"twitter:data2\" content=\"6 minutes\" \/>\n<script type=\"application\/ld+json\" class=\"yoast-schema-graph\">{\"@context\":\"https:\/\/schema.org\",\"@graph\":[{\"@type\":\"Article\",\"@id\":\"https:\/\/www.firstlapf1.com\/analisis-el-circuito-de-jerez-bajo-el-detallado-analisis-de-firstlap-f1\/#article\",\"isPartOf\":{\"@id\":\"https:\/\/www.firstlapf1.com\/analisis-el-circuito-de-jerez-bajo-el-detallado-analisis-de-firstlap-f1\/\"},\"author\":{\"name\":\"Emilio Vidal\",\"@id\":\"https:\/\/www.firstlapf1.com\/#\/schema\/person\/b3f44954eee35ec79ae873a99fd15201\"},\"headline\":\"An\u00e1lisis: El circuito de Jerez, bajo el detallado an\u00e1lisis de FirstLap F1\",\"datePublished\":\"2026-04-25T22:29:08+00:00\",\"dateModified\":\"2026-04-25T22:29:11+00:00\",\"mainEntityOfPage\":{\"@id\":\"https:\/\/www.firstlapf1.com\/analisis-el-circuito-de-jerez-bajo-el-detallado-analisis-de-firstlap-f1\/\"},\"wordCount\":1091,\"image\":{\"@id\":\"https:\/\/www.firstlapf1.com\/analisis-el-circuito-de-jerez-bajo-el-detallado-analisis-de-firstlap-f1\/#primaryimage\"},\"thumbnailUrl\":\"https:\/\/www.firstlapf1.com\/wp-content\/uploads\/2026\/04\/20260426_002425.jpg\",\"articleSection\":[\"Circuitos MotoGP\",\"GP Espa\u00f1a (Circuito de Jerez-\u00c1ngel Nieto)\"],\"inLanguage\":\"en-GB\"},{\"@type\":\"WebPage\",\"@id\":\"https:\/\/www.firstlapf1.com\/analisis-el-circuito-de-jerez-bajo-el-detallado-analisis-de-firstlap-f1\/\",\"url\":\"https:\/\/www.firstlapf1.com\/analisis-el-circuito-de-jerez-bajo-el-detallado-analisis-de-firstlap-f1\/\",\"name\":\"An\u00e1lisis: El circuito de Jerez, bajo el detallado an\u00e1lisis de FirstLap F1 - Noticias F1 en espa\u00f1ol\",\"isPartOf\":{\"@id\":\"https:\/\/www.firstlapf1.com\/#website\"},\"primaryImageOfPage\":{\"@id\":\"https:\/\/www.firstlapf1.com\/analisis-el-circuito-de-jerez-bajo-el-detallado-analisis-de-firstlap-f1\/#primaryimage\"},\"image\":{\"@id\":\"https:\/\/www.firstlapf1.com\/analisis-el-circuito-de-jerez-bajo-el-detallado-analisis-de-firstlap-f1\/#primaryimage\"},\"thumbnailUrl\":\"https:\/\/www.firstlapf1.com\/wp-content\/uploads\/2026\/04\/20260426_002425.jpg\",\"datePublished\":\"2026-04-25T22:29:08+00:00\",\"dateModified\":\"2026-04-25T22:29:11+00:00\",\"author\":{\"@id\":\"https:\/\/www.firstlapf1.com\/#\/schema\/person\/b3f44954eee35ec79ae873a99fd15201\"},\"description\":\"MotoGP llega a una de las carreras m\u00e1s esperadas por los aficionados locales: es el primero del a\u00f1o en nuestro pa\u00eds, en el circuito de Jerez\",\"inLanguage\":\"en-GB\",\"potentialAction\":[{\"@type\":\"ReadAction\",\"target\":[\"https:\/\/www.firstlapf1.com\/analisis-el-circuito-de-jerez-bajo-el-detallado-analisis-de-firstlap-f1\/\"]}]},{\"@type\":\"ImageObject\",\"inLanguage\":\"en-GB\",\"@id\":\"https:\/\/www.firstlapf1.com\/analisis-el-circuito-de-jerez-bajo-el-detallado-analisis-de-firstlap-f1\/#primaryimage\",\"url\":\"https:\/\/www.firstlapf1.com\/wp-content\/uploads\/2026\/04\/20260426_002425.jpg\",\"contentUrl\":\"https:\/\/www.firstlapf1.com\/wp-content\/uploads\/2026\/04\/20260426_002425.jpg\",\"width\":2048,\"height\":2048},{\"@type\":\"WebSite\",\"@id\":\"https:\/\/www.firstlapf1.com\/#website\",\"url\":\"https:\/\/www.firstlapf1.com\/\",\"name\":\"Noticias F1 en espa\u00f1ol\",\"description\":\"Noticias F1 en espa\u00f1ol\",\"potentialAction\":[{\"@type\":\"SearchAction\",\"target\":{\"@type\":\"EntryPoint\",\"urlTemplate\":\"https:\/\/www.firstlapf1.com\/?s={search_term_string}\"},\"query-input\":{\"@type\":\"PropertyValueSpecification\",\"valueRequired\":true,\"valueName\":\"search_term_string\"}}],\"inLanguage\":\"en-GB\"},{\"@type\":\"Person\",\"@id\":\"https:\/\/www.firstlapf1.com\/#\/schema\/person\/b3f44954eee35ec79ae873a99fd15201\",\"name\":\"Emilio Vidal\",\"image\":{\"@type\":\"ImageObject\",\"inLanguage\":\"en-GB\",\"@id\":\"https:\/\/www.firstlapf1.com\/#\/schema\/person\/image\/\",\"url\":\"https:\/\/secure.gravatar.com\/avatar\/7f0b60d361ebab6f787ad91e8b4ba3d6a324048b1498f524f1e938b313ff9859?s=96&d=mm&r=g\",\"contentUrl\":\"https:\/\/secure.gravatar.com\/avatar\/7f0b60d361ebab6f787ad91e8b4ba3d6a324048b1498f524f1e938b313ff9859?s=96&d=mm&r=g\",\"caption\":\"Emilio Vidal\"},\"sameAs\":[\"http:\/\/www.firstlapf1.com\/\"],\"url\":\"https:\/\/www.firstlapf1.com\/en\/author\/emivid\/\"}]}<\/script>\n<!-- \/ Yoast SEO plugin. -->","yoast_head_json":{"title":"An\u00e1lisis: El circuito de Jerez, bajo el detallado an\u00e1lisis de FirstLap F1 - Noticias F1 en espa\u00f1ol","description":"MotoGP llega a una de las carreras m\u00e1s esperadas por los aficionados locales: es el primero del a\u00f1o en nuestro pa\u00eds, en el circuito de Jerez","robots":{"index":"index","follow":"follow","max-snippet":"max-snippet:-1","max-image-preview":"max-image-preview:large","max-video-preview":"max-video-preview:-1"},"canonical":"https:\/\/www.firstlapf1.com\/en\/analisis-el-circuito-de-jerez-bajo-el-detallado-analisis-de-firstlap-f1\/","og_locale":"en_GB","og_type":"article","og_title":"An\u00e1lisis: El circuito de Jerez, bajo el detallado an\u00e1lisis de FirstLap F1 - Noticias F1 en espa\u00f1ol","og_description":"MotoGP llega a una de las carreras m\u00e1s esperadas por los aficionados locales: es el primero del a\u00f1o en nuestro pa\u00eds, en el circuito de Jerez","og_url":"https:\/\/www.firstlapf1.com\/en\/analisis-el-circuito-de-jerez-bajo-el-detallado-analisis-de-firstlap-f1\/","og_site_name":"Noticias F1 en espa\u00f1ol","article_published_time":"2026-04-25T22:29:08+00:00","article_modified_time":"2026-04-25T22:29:11+00:00","og_image":[{"width":2048,"height":2048,"url":"https:\/\/www.firstlapf1.com\/wp-content\/uploads\/2026\/04\/20260426_002425.jpg","type":"image\/jpeg"}],"author":"Emilio Vidal","twitter_card":"summary_large_image","twitter_misc":{"Written by":"Emilio Vidal","Estimated reading time":"6 minutes"},"schema":{"@context":"https:\/\/schema.org","@graph":[{"@type":"Article","@id":"https:\/\/www.firstlapf1.com\/analisis-el-circuito-de-jerez-bajo-el-detallado-analisis-de-firstlap-f1\/#article","isPartOf":{"@id":"https:\/\/www.firstlapf1.com\/analisis-el-circuito-de-jerez-bajo-el-detallado-analisis-de-firstlap-f1\/"},"author":{"name":"Emilio Vidal","@id":"https:\/\/www.firstlapf1.com\/#\/schema\/person\/b3f44954eee35ec79ae873a99fd15201"},"headline":"An\u00e1lisis: El circuito de Jerez, bajo el detallado an\u00e1lisis de FirstLap F1","datePublished":"2026-04-25T22:29:08+00:00","dateModified":"2026-04-25T22:29:11+00:00","mainEntityOfPage":{"@id":"https:\/\/www.firstlapf1.com\/analisis-el-circuito-de-jerez-bajo-el-detallado-analisis-de-firstlap-f1\/"},"wordCount":1091,"image":{"@id":"https:\/\/www.firstlapf1.com\/analisis-el-circuito-de-jerez-bajo-el-detallado-analisis-de-firstlap-f1\/#primaryimage"},"thumbnailUrl":"https:\/\/www.firstlapf1.com\/wp-content\/uploads\/2026\/04\/20260426_002425.jpg","articleSection":["Circuitos MotoGP","GP Espa\u00f1a (Circuito de Jerez-\u00c1ngel Nieto)"],"inLanguage":"en-GB"},{"@type":"WebPage","@id":"https:\/\/www.firstlapf1.com\/analisis-el-circuito-de-jerez-bajo-el-detallado-analisis-de-firstlap-f1\/","url":"https:\/\/www.firstlapf1.com\/analisis-el-circuito-de-jerez-bajo-el-detallado-analisis-de-firstlap-f1\/","name":"An\u00e1lisis: El circuito de Jerez, bajo el detallado an\u00e1lisis de FirstLap F1 - Noticias F1 en espa\u00f1ol","isPartOf":{"@id":"https:\/\/www.firstlapf1.com\/#website"},"primaryImageOfPage":{"@id":"https:\/\/www.firstlapf1.com\/analisis-el-circuito-de-jerez-bajo-el-detallado-analisis-de-firstlap-f1\/#primaryimage"},"image":{"@id":"https:\/\/www.firstlapf1.com\/analisis-el-circuito-de-jerez-bajo-el-detallado-analisis-de-firstlap-f1\/#primaryimage"},"thumbnailUrl":"https:\/\/www.firstlapf1.com\/wp-content\/uploads\/2026\/04\/20260426_002425.jpg","datePublished":"2026-04-25T22:29:08+00:00","dateModified":"2026-04-25T22:29:11+00:00","author":{"@id":"https:\/\/www.firstlapf1.com\/#\/schema\/person\/b3f44954eee35ec79ae873a99fd15201"},"description":"MotoGP llega a una de las carreras m\u00e1s esperadas por los aficionados locales: es el primero del a\u00f1o en nuestro pa\u00eds, en el circuito de Jerez","inLanguage":"en-GB","potentialAction":[{"@type":"ReadAction","target":["https:\/\/www.firstlapf1.com\/analisis-el-circuito-de-jerez-bajo-el-detallado-analisis-de-firstlap-f1\/"]}]},{"@type":"ImageObject","inLanguage":"en-GB","@id":"https:\/\/www.firstlapf1.com\/analisis-el-circuito-de-jerez-bajo-el-detallado-analisis-de-firstlap-f1\/#primaryimage","url":"https:\/\/www.firstlapf1.com\/wp-content\/uploads\/2026\/04\/20260426_002425.jpg","contentUrl":"https:\/\/www.firstlapf1.com\/wp-content\/uploads\/2026\/04\/20260426_002425.jpg","width":2048,"height":2048},{"@type":"WebSite","@id":"https:\/\/www.firstlapf1.com\/#website","url":"https:\/\/www.firstlapf1.com\/","name":"Noticias F1 en espa\u00f1ol","description":"Noticias F1 en espa\u00f1ol","potentialAction":[{"@type":"SearchAction","target":{"@type":"EntryPoint","urlTemplate":"https:\/\/www.firstlapf1.com\/?s={search_term_string}"},"query-input":{"@type":"PropertyValueSpecification","valueRequired":true,"valueName":"search_term_string"}}],"inLanguage":"en-GB"},{"@type":"Person","@id":"https:\/\/www.firstlapf1.com\/#\/schema\/person\/b3f44954eee35ec79ae873a99fd15201","name":"Emilio Vidal","image":{"@type":"ImageObject","inLanguage":"en-GB","@id":"https:\/\/www.firstlapf1.com\/#\/schema\/person\/image\/","url":"https:\/\/secure.gravatar.com\/avatar\/7f0b60d361ebab6f787ad91e8b4ba3d6a324048b1498f524f1e938b313ff9859?s=96&d=mm&r=g","contentUrl":"https:\/\/secure.gravatar.com\/avatar\/7f0b60d361ebab6f787ad91e8b4ba3d6a324048b1498f524f1e938b313ff9859?s=96&d=mm&r=g","caption":"Emilio Vidal"},"sameAs":["http:\/\/www.firstlapf1.com\/"],"url":"https:\/\/www.firstlapf1.com\/en\/author\/emivid\/"}]}},"jetpack_featured_media_url":"https:\/\/www.firstlapf1.com\/wp-content\/uploads\/2026\/04\/20260426_002425.jpg","jetpack_sharing_enabled":true,"_links":{"self":[{"href":"https:\/\/www.firstlapf1.com\/en\/wp-json\/wp\/v2\/posts\/18297","targetHints":{"allow":["GET"]}}],"collection":[{"href":"https:\/\/www.firstlapf1.com\/en\/wp-json\/wp\/v2\/posts"}],"about":[{"href":"https:\/\/www.firstlapf1.com\/en\/wp-json\/wp\/v2\/types\/post"}],"author":[{"embeddable":true,"href":"https:\/\/www.firstlapf1.com\/en\/wp-json\/wp\/v2\/users\/54"}],"replies":[{"embeddable":true,"href":"https:\/\/www.firstlapf1.com\/en\/wp-json\/wp\/v2\/comments?post=18297"}],"version-history":[{"count":3,"href":"https:\/\/www.firstlapf1.com\/en\/wp-json\/wp\/v2\/posts\/18297\/revisions"}],"predecessor-version":[{"id":18331,"href":"https:\/\/www.firstlapf1.com\/en\/wp-json\/wp\/v2\/posts\/18297\/revisions\/18331"}],"wp:featuredmedia":[{"embeddable":true,"href":"https:\/\/www.firstlapf1.com\/en\/wp-json\/wp\/v2\/media\/18330"}],"wp:attachment":[{"href":"https:\/\/www.firstlapf1.com\/en\/wp-json\/wp\/v2\/media?parent=18297"}],"wp:term":[{"taxonomy":"category","embeddable":true,"href":"https:\/\/www.firstlapf1.com\/en\/wp-json\/wp\/v2\/categories?post=18297"},{"taxonomy":"post_tag","embeddable":true,"href":"https:\/\/www.firstlapf1.com\/en\/wp-json\/wp\/v2\/tags?post=18297"}],"curies":[{"name":"wp","href":"https:\/\/api.w.org\/{rel}","templated":true}]}}