{"id":18104,"date":"2026-03-15T22:39:55","date_gmt":"2026-03-15T22:39:55","guid":{"rendered":"https:\/\/www.firstlapf1.com\/?p=18104"},"modified":"2026-03-15T22:42:54","modified_gmt":"2026-03-15T22:42:54","slug":"oficial-motogp-pospone-el-gp-de-qatar","status":"publish","type":"post","link":"https:\/\/www.firstlapf1.com\/en\/oficial-motogp-pospone-el-gp-de-qatar\/","title":{"rendered":"OFICIAL: MotoGP pospone el GP de Qatar"},"content":{"rendered":"<h2 class=\"wp-block-heading\">La situaci\u00f3n en Oriente Medio obliga a la FIM a posponer a principios de noviembre la cita del GP de Qatar<\/h2>\n\n\n\n<p>El conflicto geopol\u00edtico entre Ir\u00e1n, Israel, Estados Unidos y dem\u00e1s pa\u00edses de Oriente Pr\u00f3ximo est\u00e1n dejando muchas consecuencias negativas. Una de ellas es la no celebraci\u00f3n de los Grandes Premios seg\u00fan lo establecido. La F1 mantiene la postura de no correr en abril en Bar\u00e9in y Arabia Saud\u00ed, mientras que MotoGP opta por reorganizar el calendario. De esta manera, el GP de Qatar tendr\u00e1 lugar el 8 de noviembre, obligando al GP de Portugal y al GP de la Comunidad Valenciana a cambiar su fecha original. La carrera en el trazado portugu\u00e9s ser\u00e1 el 22 de noviembre y la \u00faltima cita de la temporada 2026 se har\u00e1 el 29 del mismo mes.<\/p>\n\n\n\n<h2 class=\"wp-block-heading has-normal-font-size\">Declaraciones<\/h2>\n\n\n\n<p>Carmelo Ezpeleta, CEO de MotoGP:<\/p>\n\n\n\n<p><strong>\u00bbEsta decisi\u00f3n se ha tomado con mucho cuidado y en coordinaci\u00f3n con los patrocinadores de Qatar y todo el paddock. Nuestra prioridad es la seguridad y el bienestar de todas las personas que trabajan en MotoGP, por lo que la principal garant\u00eda es que cada Gran Premio se celebre con la mayor calidad posible. Somos conscientes de la importancia de ser claros a los aficionados, por lo que las entradas las podr\u00e1n canjear para el pr\u00f3ximo evento. Me gustar\u00eda agradecer tambi\u00e9n a los promotores de Portimao y Valencia por su flexibilidad. Confiamos en que el nuevo calendario ofrezca la misma calidad de siempre y sea una temporada excepcional.\u00bb<\/strong><\/p>\n\n\n\n<p>Abdulrahman bin Abdullatif Al Mannai, Presidente de la Qatar Motor &amp; Motorcycle Federation y del Lusail International Circuit (LIC):<\/p>\n\n\n\n<p><strong>\u00bbRespetamos y apoyamos la decisi\u00f3n de MotoGP Entertainment Group de aplazar el GP de Qatar al 6-8 de noviembre de 2026. Agradecemos a los aficionados, equipos y patrocinadores por su comprensi\u00f3n y esperamos verlos de nuevo en el Circuito de Losail.\u00bb<\/strong><\/p>\n\n\n\n<p>Jorge Viegas, Presidente de la FIM:<\/p>\n\n\n\n<p><strong>\u00bbLa FIM respalda de forma total la decisi\u00f3n de aplazar el GP de Qatar. Dada la situaci\u00f3n geopol\u00edtica actual, nuestra prioridad es garantizar la seguridad de nuestros pilotos, equipos y aficionados. Estamos convencidos que la modificaci\u00f3n del calendario permitir\u00e1 al GP de Qatar celebrarse en condiciones seguras y profesionales.\u00bb<\/strong> <\/p>\n\n\n\n<figure class=\"wp-block-image size-large\"><img loading=\"lazy\" decoding=\"async\" width=\"819\" height=\"1024\" src=\"https:\/\/www.firstlapf1.com\/wp-content\/uploads\/2026\/03\/1000090257-819x1024.jpg\" alt=\"\" class=\"wp-image-18106\" srcset=\"https:\/\/www.firstlapf1.com\/wp-content\/uploads\/2026\/03\/1000090257-819x1024.jpg 819w, https:\/\/www.firstlapf1.com\/wp-content\/uploads\/2026\/03\/1000090257-240x300.jpg 240w, https:\/\/www.firstlapf1.com\/wp-content\/uploads\/2026\/03\/1000090257-768x960.jpg 768w, https:\/\/www.firstlapf1.com\/wp-content\/uploads\/2026\/03\/1000090257-10x12.jpg 10w, https:\/\/www.firstlapf1.com\/wp-content\/uploads\/2026\/03\/1000090257.jpg 1080w\" sizes=\"auto, (max-width: 819px) 100vw, 819px\" \/><figcaption class=\"wp-element-caption\">Fuente: MotoGP en X (fuente portada: MotoGP en X)<\/figcaption><\/figure>\n\n\n\n<p><\/p>","protected":false},"excerpt":{"rendered":"<p>La situaci\u00f3n en Oriente Medio obliga a la FIM a posponer a principios de noviembre la cita del GP de Qatar &hellip; <span class=\"more-button\"><a href=\"https:\/\/www.firstlapf1.com\/en\/oficial-motogp-pospone-el-gp-de-qatar\/\" class=\"more-link\">Continue reading<span class=\"screen-reader-text\">OFICIAL: MotoGP pospone el GP de Qatar<\/span><\/a><\/span><\/p>","protected":false},"author":2,"featured_media":18110,"comment_status":"closed","ping_status":"open","sticky":false,"template":"","format":"standard","meta":{"_jetpack_memberships_contains_paid_content":false,"footnotes":""},"categories":[135,133,115,114],"tags":[],"class_list":["post-18104","post","type-post","status-publish","format-standard","has-post-thumbnail","hentry","category-fim","category-valencia","category-portugal","category-qatar-motogp"],"yoast_head":"<!-- This site is optimized with the Yoast SEO plugin v27.0 - https:\/\/yoast.com\/product\/yoast-seo-wordpress\/ -->\n<title>OFICIAL: MotoGP pospone el GP de Qatar - Noticias F1 en espa\u00f1ol<\/title>\n<meta name=\"description\" content=\"La situaci\u00f3n en Oriente Medio obliga a la FIM a posponer a principios de noviembre la cita del GP de Qatar\" \/>\n<meta name=\"robots\" content=\"index, follow, max-snippet:-1, max-image-preview:large, max-video-preview:-1\" \/>\n<link rel=\"canonical\" href=\"https:\/\/www.firstlapf1.com\/en\/oficial-motogp-pospone-el-gp-de-qatar\/\" \/>\n<meta property=\"og:locale\" content=\"en_GB\" \/>\n<meta property=\"og:type\" content=\"article\" \/>\n<meta property=\"og:title\" content=\"OFICIAL: MotoGP pospone el GP de Qatar - Noticias F1 en espa\u00f1ol\" \/>\n<meta property=\"og:description\" content=\"La situaci\u00f3n en Oriente Medio obliga a la FIM a posponer a principios de noviembre la cita del GP de Qatar\" \/>\n<meta property=\"og:url\" content=\"https:\/\/www.firstlapf1.com\/en\/oficial-motogp-pospone-el-gp-de-qatar\/\" \/>\n<meta property=\"og:site_name\" content=\"Noticias F1 en espa\u00f1ol\" \/>\n<meta property=\"article:published_time\" content=\"2026-03-15T22:39:55+00:00\" \/>\n<meta property=\"article:modified_time\" content=\"2026-03-15T22:42:54+00:00\" \/>\n<meta property=\"og:image\" content=\"https:\/\/www.firstlapf1.com\/wp-content\/uploads\/2026\/03\/20260315_094318-1.jpg\" \/>\n\t<meta property=\"og:image:width\" content=\"1080\" \/>\n\t<meta property=\"og:image:height\" content=\"1440\" \/>\n\t<meta property=\"og:image:type\" content=\"image\/jpeg\" \/>\n<meta name=\"author\" content=\"Miguel Lora-Paquet\" \/>\n<meta name=\"twitter:card\" content=\"summary_large_image\" \/>\n<meta name=\"twitter:label1\" content=\"Written by\" \/>\n\t<meta name=\"twitter:data1\" content=\"Miguel Lora-Paquet\" \/>\n\t<meta name=\"twitter:label2\" content=\"Estimated reading time\" \/>\n\t<meta name=\"twitter:data2\" content=\"3 minutes\" \/>\n<script type=\"application\/ld+json\" class=\"yoast-schema-graph\">{\"@context\":\"https:\/\/schema.org\",\"@graph\":[{\"@type\":\"Article\",\"@id\":\"https:\/\/www.firstlapf1.com\/oficial-motogp-pospone-el-gp-de-qatar\/#article\",\"isPartOf\":{\"@id\":\"https:\/\/www.firstlapf1.com\/oficial-motogp-pospone-el-gp-de-qatar\/\"},\"author\":{\"name\":\"Miguel Lora-Paquet\",\"@id\":\"https:\/\/www.firstlapf1.com\/#\/schema\/person\/9eca09873eecb6d7836bc1a0bbd78250\"},\"headline\":\"OFICIAL: MotoGP pospone el GP de Qatar\",\"datePublished\":\"2026-03-15T22:39:55+00:00\",\"dateModified\":\"2026-03-15T22:42:54+00:00\",\"mainEntityOfPage\":{\"@id\":\"https:\/\/www.firstlapf1.com\/oficial-motogp-pospone-el-gp-de-qatar\/\"},\"wordCount\":400,\"image\":{\"@id\":\"https:\/\/www.firstlapf1.com\/oficial-motogp-pospone-el-gp-de-qatar\/#primaryimage\"},\"thumbnailUrl\":\"https:\/\/www.firstlapf1.com\/wp-content\/uploads\/2026\/03\/20260315_094318-1.jpg\",\"articleSection\":[\"FIM\",\"GP Comunidad Valenciana (Circuit Ricardo Tormo)\",\"GP Portugal (Aut\u00f3dromo Internacional de Algarve, MGP)\",\"GP Qatar (Circuito Internacional de Lusail, MGP)\"],\"inLanguage\":\"en-GB\"},{\"@type\":\"WebPage\",\"@id\":\"https:\/\/www.firstlapf1.com\/oficial-motogp-pospone-el-gp-de-qatar\/\",\"url\":\"https:\/\/www.firstlapf1.com\/oficial-motogp-pospone-el-gp-de-qatar\/\",\"name\":\"OFICIAL: MotoGP pospone el GP de Qatar - Noticias F1 en espa\u00f1ol\",\"isPartOf\":{\"@id\":\"https:\/\/www.firstlapf1.com\/#website\"},\"primaryImageOfPage\":{\"@id\":\"https:\/\/www.firstlapf1.com\/oficial-motogp-pospone-el-gp-de-qatar\/#primaryimage\"},\"image\":{\"@id\":\"https:\/\/www.firstlapf1.com\/oficial-motogp-pospone-el-gp-de-qatar\/#primaryimage\"},\"thumbnailUrl\":\"https:\/\/www.firstlapf1.com\/wp-content\/uploads\/2026\/03\/20260315_094318-1.jpg\",\"datePublished\":\"2026-03-15T22:39:55+00:00\",\"dateModified\":\"2026-03-15T22:42:54+00:00\",\"author\":{\"@id\":\"https:\/\/www.firstlapf1.com\/#\/schema\/person\/9eca09873eecb6d7836bc1a0bbd78250\"},\"description\":\"La situaci\u00f3n en Oriente Medio obliga a la FIM a posponer a principios de noviembre la cita del GP de Qatar\",\"inLanguage\":\"en-GB\",\"potentialAction\":[{\"@type\":\"ReadAction\",\"target\":[\"https:\/\/www.firstlapf1.com\/oficial-motogp-pospone-el-gp-de-qatar\/\"]}]},{\"@type\":\"ImageObject\",\"inLanguage\":\"en-GB\",\"@id\":\"https:\/\/www.firstlapf1.com\/oficial-motogp-pospone-el-gp-de-qatar\/#primaryimage\",\"url\":\"https:\/\/www.firstlapf1.com\/wp-content\/uploads\/2026\/03\/20260315_094318-1.jpg\",\"contentUrl\":\"https:\/\/www.firstlapf1.com\/wp-content\/uploads\/2026\/03\/20260315_094318-1.jpg\",\"width\":1080,\"height\":1440},{\"@type\":\"WebSite\",\"@id\":\"https:\/\/www.firstlapf1.com\/#website\",\"url\":\"https:\/\/www.firstlapf1.com\/\",\"name\":\"Noticias F1 en espa\u00f1ol\",\"description\":\"Noticias F1 en espa\u00f1ol\",\"potentialAction\":[{\"@type\":\"SearchAction\",\"target\":{\"@type\":\"EntryPoint\",\"urlTemplate\":\"https:\/\/www.firstlapf1.com\/?s={search_term_string}\"},\"query-input\":{\"@type\":\"PropertyValueSpecification\",\"valueRequired\":true,\"valueName\":\"search_term_string\"}}],\"inLanguage\":\"en-GB\"},{\"@type\":\"Person\",\"@id\":\"https:\/\/www.firstlapf1.com\/#\/schema\/person\/9eca09873eecb6d7836bc1a0bbd78250\",\"name\":\"Miguel Lora-Paquet\",\"image\":{\"@type\":\"ImageObject\",\"inLanguage\":\"en-GB\",\"@id\":\"https:\/\/www.firstlapf1.com\/#\/schema\/person\/image\/\",\"url\":\"https:\/\/www.firstlapf1.com\/wp-content\/uploads\/2022\/09\/7d393f41-126a-4a1e-bf1d-9d04e2ebc621.jpeg\",\"contentUrl\":\"https:\/\/www.firstlapf1.com\/wp-content\/uploads\/2022\/09\/7d393f41-126a-4a1e-bf1d-9d04e2ebc621.jpeg\",\"caption\":\"Miguel Lora-Paquet\"},\"url\":\"https:\/\/www.firstlapf1.com\/en\/author\/miguel\/\"}]}<\/script>\n<!-- \/ Yoast SEO plugin. -->","yoast_head_json":{"title":"OFICIAL: MotoGP pospone el GP de Qatar - Noticias F1 en espa\u00f1ol","description":"La situaci\u00f3n en Oriente Medio obliga a la FIM a posponer a principios de noviembre la cita del GP de Qatar","robots":{"index":"index","follow":"follow","max-snippet":"max-snippet:-1","max-image-preview":"max-image-preview:large","max-video-preview":"max-video-preview:-1"},"canonical":"https:\/\/www.firstlapf1.com\/en\/oficial-motogp-pospone-el-gp-de-qatar\/","og_locale":"en_GB","og_type":"article","og_title":"OFICIAL: MotoGP pospone el GP de Qatar - Noticias F1 en espa\u00f1ol","og_description":"La situaci\u00f3n en Oriente Medio obliga a la FIM a posponer a principios de noviembre la cita del GP de Qatar","og_url":"https:\/\/www.firstlapf1.com\/en\/oficial-motogp-pospone-el-gp-de-qatar\/","og_site_name":"Noticias F1 en espa\u00f1ol","article_published_time":"2026-03-15T22:39:55+00:00","article_modified_time":"2026-03-15T22:42:54+00:00","og_image":[{"width":1080,"height":1440,"url":"https:\/\/www.firstlapf1.com\/wp-content\/uploads\/2026\/03\/20260315_094318-1.jpg","type":"image\/jpeg"}],"author":"Miguel Lora-Paquet","twitter_card":"summary_large_image","twitter_misc":{"Written by":"Miguel Lora-Paquet","Estimated reading time":"3 minutes"},"schema":{"@context":"https:\/\/schema.org","@graph":[{"@type":"Article","@id":"https:\/\/www.firstlapf1.com\/oficial-motogp-pospone-el-gp-de-qatar\/#article","isPartOf":{"@id":"https:\/\/www.firstlapf1.com\/oficial-motogp-pospone-el-gp-de-qatar\/"},"author":{"name":"Miguel Lora-Paquet","@id":"https:\/\/www.firstlapf1.com\/#\/schema\/person\/9eca09873eecb6d7836bc1a0bbd78250"},"headline":"OFICIAL: MotoGP pospone el GP de Qatar","datePublished":"2026-03-15T22:39:55+00:00","dateModified":"2026-03-15T22:42:54+00:00","mainEntityOfPage":{"@id":"https:\/\/www.firstlapf1.com\/oficial-motogp-pospone-el-gp-de-qatar\/"},"wordCount":400,"image":{"@id":"https:\/\/www.firstlapf1.com\/oficial-motogp-pospone-el-gp-de-qatar\/#primaryimage"},"thumbnailUrl":"https:\/\/www.firstlapf1.com\/wp-content\/uploads\/2026\/03\/20260315_094318-1.jpg","articleSection":["FIM","GP Comunidad Valenciana (Circuit Ricardo Tormo)","GP Portugal (Aut\u00f3dromo Internacional de Algarve, MGP)","GP Qatar (Circuito Internacional de Lusail, MGP)"],"inLanguage":"en-GB"},{"@type":"WebPage","@id":"https:\/\/www.firstlapf1.com\/oficial-motogp-pospone-el-gp-de-qatar\/","url":"https:\/\/www.firstlapf1.com\/oficial-motogp-pospone-el-gp-de-qatar\/","name":"OFICIAL: MotoGP pospone el GP de Qatar - Noticias F1 en espa\u00f1ol","isPartOf":{"@id":"https:\/\/www.firstlapf1.com\/#website"},"primaryImageOfPage":{"@id":"https:\/\/www.firstlapf1.com\/oficial-motogp-pospone-el-gp-de-qatar\/#primaryimage"},"image":{"@id":"https:\/\/www.firstlapf1.com\/oficial-motogp-pospone-el-gp-de-qatar\/#primaryimage"},"thumbnailUrl":"https:\/\/www.firstlapf1.com\/wp-content\/uploads\/2026\/03\/20260315_094318-1.jpg","datePublished":"2026-03-15T22:39:55+00:00","dateModified":"2026-03-15T22:42:54+00:00","author":{"@id":"https:\/\/www.firstlapf1.com\/#\/schema\/person\/9eca09873eecb6d7836bc1a0bbd78250"},"description":"La situaci\u00f3n en Oriente Medio obliga a la FIM a posponer a principios de noviembre la cita del GP de Qatar","inLanguage":"en-GB","potentialAction":[{"@type":"ReadAction","target":["https:\/\/www.firstlapf1.com\/oficial-motogp-pospone-el-gp-de-qatar\/"]}]},{"@type":"ImageObject","inLanguage":"en-GB","@id":"https:\/\/www.firstlapf1.com\/oficial-motogp-pospone-el-gp-de-qatar\/#primaryimage","url":"https:\/\/www.firstlapf1.com\/wp-content\/uploads\/2026\/03\/20260315_094318-1.jpg","contentUrl":"https:\/\/www.firstlapf1.com\/wp-content\/uploads\/2026\/03\/20260315_094318-1.jpg","width":1080,"height":1440},{"@type":"WebSite","@id":"https:\/\/www.firstlapf1.com\/#website","url":"https:\/\/www.firstlapf1.com\/","name":"Noticias F1 en espa\u00f1ol","description":"Noticias F1 en espa\u00f1ol","potentialAction":[{"@type":"SearchAction","target":{"@type":"EntryPoint","urlTemplate":"https:\/\/www.firstlapf1.com\/?s={search_term_string}"},"query-input":{"@type":"PropertyValueSpecification","valueRequired":true,"valueName":"search_term_string"}}],"inLanguage":"en-GB"},{"@type":"Person","@id":"https:\/\/www.firstlapf1.com\/#\/schema\/person\/9eca09873eecb6d7836bc1a0bbd78250","name":"Miguel Lora-Paquet","image":{"@type":"ImageObject","inLanguage":"en-GB","@id":"https:\/\/www.firstlapf1.com\/#\/schema\/person\/image\/","url":"https:\/\/www.firstlapf1.com\/wp-content\/uploads\/2022\/09\/7d393f41-126a-4a1e-bf1d-9d04e2ebc621.jpeg","contentUrl":"https:\/\/www.firstlapf1.com\/wp-content\/uploads\/2022\/09\/7d393f41-126a-4a1e-bf1d-9d04e2ebc621.jpeg","caption":"Miguel Lora-Paquet"},"url":"https:\/\/www.firstlapf1.com\/en\/author\/miguel\/"}]}},"jetpack_featured_media_url":"https:\/\/www.firstlapf1.com\/wp-content\/uploads\/2026\/03\/20260315_094318-1.jpg","jetpack_sharing_enabled":true,"_links":{"self":[{"href":"https:\/\/www.firstlapf1.com\/en\/wp-json\/wp\/v2\/posts\/18104","targetHints":{"allow":["GET"]}}],"collection":[{"href":"https:\/\/www.firstlapf1.com\/en\/wp-json\/wp\/v2\/posts"}],"about":[{"href":"https:\/\/www.firstlapf1.com\/en\/wp-json\/wp\/v2\/types\/post"}],"author":[{"embeddable":true,"href":"https:\/\/www.firstlapf1.com\/en\/wp-json\/wp\/v2\/users\/2"}],"replies":[{"embeddable":true,"href":"https:\/\/www.firstlapf1.com\/en\/wp-json\/wp\/v2\/comments?post=18104"}],"version-history":[{"count":2,"href":"https:\/\/www.firstlapf1.com\/en\/wp-json\/wp\/v2\/posts\/18104\/revisions"}],"predecessor-version":[{"id":18108,"href":"https:\/\/www.firstlapf1.com\/en\/wp-json\/wp\/v2\/posts\/18104\/revisions\/18108"}],"wp:featuredmedia":[{"embeddable":true,"href":"https:\/\/www.firstlapf1.com\/en\/wp-json\/wp\/v2\/media\/18110"}],"wp:attachment":[{"href":"https:\/\/www.firstlapf1.com\/en\/wp-json\/wp\/v2\/media?parent=18104"}],"wp:term":[{"taxonomy":"category","embeddable":true,"href":"https:\/\/www.firstlapf1.com\/en\/wp-json\/wp\/v2\/categories?post=18104"},{"taxonomy":"post_tag","embeddable":true,"href":"https:\/\/www.firstlapf1.com\/en\/wp-json\/wp\/v2\/tags?post=18104"}],"curies":[{"name":"wp","href":"https:\/\/api.w.org\/{rel}","templated":true}]}}