{"id":18081,"date":"2026-03-14T11:12:17","date_gmt":"2026-03-14T11:12:17","guid":{"rendered":"https:\/\/www.firstlapf1.com\/?p=18081"},"modified":"2026-03-14T23:10:22","modified_gmt":"2026-03-14T23:10:22","slug":"resultados-clasificacion-antonelli-pole-de-record","status":"publish","type":"post","link":"https:\/\/www.firstlapf1.com\/en\/resultados-clasificacion-antonelli-pole-de-record\/","title":{"rendered":"Resultados Clasificaci\u00f3n: Antonelli, pole de r\u00e9cord"},"content":{"rendered":"<h2 class=\"wp-block-heading\">El italiano logra la pole y es el m\u00e1s joven con 19 a\u00f1os, 6 meses, 17 d\u00edas. 2\u00b0 Russell, 3\u00b0 Hamilton en los resultados de la clasificaci\u00f3n<\/h2>\n\n\n\n<h2 class=\"wp-block-heading has-normal-font-size\">Q1<\/h2>\n\n\n\n<p>15:00 en los relojes de China y la clasificaci\u00f3n en Shangh\u00e1i comenzaba. Todos sal\u00edan a pista, el blando como la opci\u00f3n favorita en el primer run, algunos con medios. Los tiempos eran discretos. Ni los Mercedes ni P\u00e9rez saldr\u00edan en los primeros minutos. En cuanto pisaron el asfalto, las flechas plateadas ven\u00edan para colocarse P1 y P2.<\/p>\n\n\n\n<p>Arvid Lindblad reportaba fallos en su RB a 5 minutos del final. Leclerc sorprend\u00eda y superaba el tiempo de Russell. Verstappen se encontraba en riesgo, pero pondr\u00eda su dif\u00edcil Red Bull en P4, ya que ahora s\u00ed puso los blandos. Sainz parec\u00eda que se met\u00eda en la Q2, pero le faltaron 2 d\u00e9cimas al madrile\u00f1o para pasar. La pista mejor\u00f3 mucho, por lo que la tarea de pasar de ronda se les complic\u00f3 a varios por momentos.<\/p>\n\n\n\n<p>Los ca\u00eddos en Q1 son: P17 Carlos Sainz, P18 Alexander Albon, P19 Fernando Alonso, P20 Valtteri Bottas, P21 Lance Stroll, P22 Sergio P\u00e9rez.<\/p>\n\n\n\n<figure class=\"wp-block-image size-large\"><img loading=\"lazy\" decoding=\"async\" width=\"819\" height=\"1024\" src=\"https:\/\/www.firstlapf1.com\/wp-content\/uploads\/2026\/03\/1000090079-819x1024.jpg\" alt=\"\" class=\"wp-image-18086\" srcset=\"https:\/\/www.firstlapf1.com\/wp-content\/uploads\/2026\/03\/1000090079-819x1024.jpg 819w, https:\/\/www.firstlapf1.com\/wp-content\/uploads\/2026\/03\/1000090079-240x300.jpg 240w, https:\/\/www.firstlapf1.com\/wp-content\/uploads\/2026\/03\/1000090079-768x960.jpg 768w, https:\/\/www.firstlapf1.com\/wp-content\/uploads\/2026\/03\/1000090079-10x12.jpg 10w, https:\/\/www.firstlapf1.com\/wp-content\/uploads\/2026\/03\/1000090079.jpg 1080w\" sizes=\"auto, (max-width: 819px) 100vw, 819px\" \/><figcaption class=\"wp-element-caption\">Fuente: F1 en X<\/figcaption><\/figure>\n\n\n\n<h2 class=\"wp-block-heading has-normal-font-size\">Q2<\/h2>\n\n\n\n<p>Q2 en marcha. Ambos Mercedes ser\u00edan los primeros en salir, con blandos usados. Russell marcaba un 1:32.523, pr\u00e1cticamente en la Q3 con un neum\u00e1tico ya usado. Por detr\u00e1s, Hamilton se pon\u00eda segundo. Gasly met\u00eda la octava y met\u00eda el Alpine en una incre\u00edble octava posici\u00f3n. Red Bull y McLaren sufr\u00edan, y tuvieron que meter otro juego de blandos para pasar de ronda.<\/p>\n\n\n\n<p>Los papaya lograban la tarea con 4 minutos restantes. Isack Hadjar quedaba ahora con la tarea de salir de la zona de peligro, pero Bortoleto, que tambi\u00e9n ven\u00eda en vuelta y pod\u00eda sacarlo, cometer\u00eda un error en la \u00faltima curva, perdiendo el control de la parte trasera y llegando al muro exterior de la pista. Pudo volver a boxes, s\u00ed, pero no pudo pasar el corte. Bandera amarilla que dej\u00f3 a algunos pilotos sin poder completar su \u00faltima vuelta, por lo que la Q2 ya era historia.<\/p>\n\n\n\n<p>Caen en Q2: P11 Nico H\u00fclkenberg, P12 Franco Colapinto, P13 Esteban Ocon, P14 Liam Lawson, P15 Arvid Lindblad, P16 Gabriel Bortoleto en los resultados de la clasificaci\u00f3n.<\/p>\n\n\n\n<figure class=\"wp-block-image size-large\"><img loading=\"lazy\" decoding=\"async\" width=\"819\" height=\"1024\" src=\"https:\/\/www.firstlapf1.com\/wp-content\/uploads\/2026\/03\/1000090080-819x1024.jpg\" alt=\"\" class=\"wp-image-18085\" srcset=\"https:\/\/www.firstlapf1.com\/wp-content\/uploads\/2026\/03\/1000090080-819x1024.jpg 819w, https:\/\/www.firstlapf1.com\/wp-content\/uploads\/2026\/03\/1000090080-240x300.jpg 240w, https:\/\/www.firstlapf1.com\/wp-content\/uploads\/2026\/03\/1000090080-768x960.jpg 768w, https:\/\/www.firstlapf1.com\/wp-content\/uploads\/2026\/03\/1000090080-10x12.jpg 10w, https:\/\/www.firstlapf1.com\/wp-content\/uploads\/2026\/03\/1000090080.jpg 1080w\" sizes=\"auto, (max-width: 819px) 100vw, 819px\" \/><figcaption class=\"wp-element-caption\">Fuente: F1 en X<\/figcaption><\/figure>\n\n\n\n<h2 class=\"wp-block-heading has-normal-font-size\">Q3<\/h2>\n\n\n\n<p>Q3, hora de la verdad. Russell se quedaba parado, reportando que tuvo el freno motor alt\u00edsimo. Cuando todos pens\u00e1bamos que saldr\u00eda la bandera roja, el ingl\u00e9s arranc\u00f3 su Mercedes, aunque no podr\u00eda subir m\u00e1s all\u00e1 de la primera marcha, por lo que se le abr\u00eda una oportunidad a Antonelli. El italiano marc\u00f3 un 1:32.322, dejando al Ferrari de Charles Leclerc a 3 d\u00e9cimas. Hamilton en su primera vuelta comet\u00eda un error que le hac\u00eda quedarse a 6 d\u00e9cimas del mejor tiempo.<\/p>\n\n\n\n<p>McLaren aparec\u00eda a falta de unos 6 minutos para el final, ambos a 2 d\u00e9cimas. Mercedes parec\u00eda no poder solucionar el problema de Russell, faltaban ya 3 minutos, tarea dif\u00edcil, pero no imposible. A falta de 2 minutos, George Russell sal\u00eda a pista, aunque el tiempo no corr\u00eda a su favor. Antonelli perd\u00eda tiempo en el primer sector, aunque como sus siguientes sectores fueron mejores, baj\u00f3 dos d\u00e9cimas el tiempo de pole provisional.<\/p>\n\n\n\n<p>Norris no pudo mejorar la apuesta del italiano, cosa que los Ferrari si pudieron, con Hamilton delante por unas mil\u00e9simas. Red Bull sorprendi\u00f3 pero para mal, ya que acababan sus vueltas detr\u00e1s de Pierre Gasly, que finaliz\u00f3 s\u00e9ptimo su vuelta cronometrada. Russell arriesgaba, pero tras una vuelta suficiente, se colocaba segundo, a 2 d\u00e9cimas, por lo que Andrea Kimi Antonelli logra su primera pole position en la F\u00f3rmula 1, el m\u00e1s joven de la historia en hacerla y primera de un italiano desde Fisichella en 2009. Segunda posici\u00f3n de George Russell, al l\u00edmite, pero de nuevo un doblete de las flechas plateadas. Tercero Lewis Hamilton, bastante cerca, 3 d\u00e9cimas.<\/p>\n\n\n\n<h2 class=\"wp-block-heading has-normal-font-size\">Resultados clasificaci\u00f3n <\/h2>\n\n\n\n<p>La parrilla para el GP de China luce as\u00ed:<\/p>\n\n\n\n<ol class=\"wp-block-list\">\n<li>Andrea Kimi Antonelli<\/li>\n\n\n\n<li>George Russell<\/li>\n\n\n\n<li>Lewis Hamilton<\/li>\n\n\n\n<li>Charles Leclerc<\/li>\n\n\n\n<li>Oscar Piastri<\/li>\n\n\n\n<li>Lando Norris<\/li>\n\n\n\n<li>Pierre Gasly<\/li>\n\n\n\n<li>Max Verstappen<\/li>\n\n\n\n<li>Isack Hadjar<\/li>\n\n\n\n<li>Oliver Bearman<\/li>\n\n\n\n<li>Nico H\u00fclkenberg<\/li>\n\n\n\n<li>Franco Colapinto<\/li>\n\n\n\n<li>Esteban Ocon<\/li>\n\n\n\n<li>Liam Lawson<\/li>\n\n\n\n<li>Arvid Linblad<\/li>\n\n\n\n<li>Gabriel Bortoleto<\/li>\n\n\n\n<li>Carlos Sainz<\/li>\n\n\n\n<li>Alexander Albon<\/li>\n\n\n\n<li>Fernando Alonso<\/li>\n\n\n\n<li>Valtteri Bottas<\/li>\n\n\n\n<li>Lance Stroll<\/li>\n\n\n\n<li>Sergio P\u00e9rez<\/li>\n<\/ol>\n\n\n\n<figure class=\"wp-block-image size-large\"><img loading=\"lazy\" decoding=\"async\" width=\"1024\" height=\"576\" src=\"https:\/\/www.firstlapf1.com\/wp-content\/uploads\/2026\/03\/1000090095-1024x576.jpg\" alt=\"\" class=\"wp-image-18084\" srcset=\"https:\/\/www.firstlapf1.com\/wp-content\/uploads\/2026\/03\/1000090095-1024x576.jpg 1024w, https:\/\/www.firstlapf1.com\/wp-content\/uploads\/2026\/03\/1000090095-300x169.jpg 300w, https:\/\/www.firstlapf1.com\/wp-content\/uploads\/2026\/03\/1000090095-768x432.jpg 768w, https:\/\/www.firstlapf1.com\/wp-content\/uploads\/2026\/03\/1000090095-1536x864.jpg 1536w, https:\/\/www.firstlapf1.com\/wp-content\/uploads\/2026\/03\/1000090095-18x10.jpg 18w, https:\/\/www.firstlapf1.com\/wp-content\/uploads\/2026\/03\/1000090095-190x107.jpg 190w, https:\/\/www.firstlapf1.com\/wp-content\/uploads\/2026\/03\/1000090095.jpg 1920w\" sizes=\"auto, (max-width: 1024px) 100vw, 1024px\" \/><figcaption class=\"wp-element-caption\">Fuente: F1 en X (fuente portada: F1 en X)<\/figcaption><\/figure>","protected":false},"excerpt":{"rendered":"<p>El italiano logra la pole y es el m\u00e1s joven con 19 a\u00f1os, 6 meses, 17 d\u00edas. 2\u00b0 Russell, 3\u00b0 Hamilton en los resultados de la clasificaci\u00f3n  &hellip; <span class=\"more-button\"><a href=\"https:\/\/www.firstlapf1.com\/en\/resultados-clasificacion-antonelli-pole-de-record\/\" class=\"more-link\">Continue reading<span class=\"screen-reader-text\">Resultados Clasificaci\u00f3n: Antonelli, pole de r\u00e9cord<\/span><\/a><\/span><\/p>","protected":false},"author":42,"featured_media":18087,"comment_status":"closed","ping_status":"open","sticky":false,"template":"","format":"standard","meta":{"_jetpack_memberships_contains_paid_content":false,"footnotes":""},"categories":[6,7,19,35,1],"tags":[],"class_list":["post-18081","post","type-post","status-publish","format-standard","has-post-thumbnail","hentry","category-circuitos","category-escuderias-f1","category-china","category-mercedes-amg","category-sin-categoria"],"yoast_head":"<!-- This site is optimized with the Yoast SEO plugin v27.0 - https:\/\/yoast.com\/product\/yoast-seo-wordpress\/ -->\n<title>Resultados Clasificaci\u00f3n: Antonelli, pole de r\u00e9cord - Noticias F1 en espa\u00f1ol<\/title>\n<meta name=\"description\" content=\"El italiano logra la pole y es el m\u00e1s joven con 19 a\u00f1os, 6 meses, 17 d\u00edas. 2\u00b0 Russell, 3\u00b0 Hamilton en los resultados de la clasificaci\u00f3n\" \/>\n<meta name=\"robots\" content=\"index, follow, max-snippet:-1, max-image-preview:large, max-video-preview:-1\" \/>\n<link rel=\"canonical\" href=\"https:\/\/www.firstlapf1.com\/en\/resultados-clasificacion-antonelli-pole-de-record\/\" \/>\n<meta property=\"og:locale\" content=\"en_GB\" \/>\n<meta property=\"og:type\" content=\"article\" \/>\n<meta property=\"og:title\" content=\"Resultados Clasificaci\u00f3n: Antonelli, pole de r\u00e9cord - Noticias F1 en espa\u00f1ol\" \/>\n<meta property=\"og:description\" content=\"El italiano logra la pole y es el m\u00e1s joven con 19 a\u00f1os, 6 meses, 17 d\u00edas. 2\u00b0 Russell, 3\u00b0 Hamilton en los resultados de la clasificaci\u00f3n\" \/>\n<meta property=\"og:url\" content=\"https:\/\/www.firstlapf1.com\/en\/resultados-clasificacion-antonelli-pole-de-record\/\" \/>\n<meta property=\"og:site_name\" content=\"Noticias F1 en espa\u00f1ol\" \/>\n<meta property=\"article:published_time\" content=\"2026-03-14T11:12:17+00:00\" \/>\n<meta property=\"article:modified_time\" content=\"2026-03-14T23:10:22+00:00\" \/>\n<meta property=\"og:image\" content=\"https:\/\/www.firstlapf1.com\/wp-content\/uploads\/2026\/03\/20260314_090504.jpg\" \/>\n\t<meta property=\"og:image:width\" content=\"1638\" \/>\n\t<meta property=\"og:image:height\" content=\"2048\" \/>\n\t<meta property=\"og:image:type\" content=\"image\/jpeg\" \/>\n<meta name=\"author\" content=\"C\u00e9sar L\u00f3pez\" \/>\n<meta name=\"twitter:card\" content=\"summary_large_image\" \/>\n<meta name=\"twitter:label1\" content=\"Written by\" \/>\n\t<meta name=\"twitter:data1\" content=\"C\u00e9sar L\u00f3pez\" \/>\n\t<meta name=\"twitter:label2\" content=\"Estimated reading time\" \/>\n\t<meta name=\"twitter:data2\" content=\"5 minutes\" \/>\n<script type=\"application\/ld+json\" class=\"yoast-schema-graph\">{\"@context\":\"https:\/\/schema.org\",\"@graph\":[{\"@type\":\"Article\",\"@id\":\"https:\/\/www.firstlapf1.com\/resultados-clasificacion-antonelli-pole-de-record\/#article\",\"isPartOf\":{\"@id\":\"https:\/\/www.firstlapf1.com\/resultados-clasificacion-antonelli-pole-de-record\/\"},\"author\":{\"name\":\"C\u00e9sar L\u00f3pez\",\"@id\":\"https:\/\/www.firstlapf1.com\/#\/schema\/person\/eeb9aab43fc76cf781e0033e511cce1e\"},\"headline\":\"Resultados Clasificaci\u00f3n: Antonelli, pole de r\u00e9cord\",\"datePublished\":\"2026-03-14T11:12:17+00:00\",\"dateModified\":\"2026-03-14T23:10:22+00:00\",\"mainEntityOfPage\":{\"@id\":\"https:\/\/www.firstlapf1.com\/resultados-clasificacion-antonelli-pole-de-record\/\"},\"wordCount\":753,\"image\":{\"@id\":\"https:\/\/www.firstlapf1.com\/resultados-clasificacion-antonelli-pole-de-record\/#primaryimage\"},\"thumbnailUrl\":\"https:\/\/www.firstlapf1.com\/wp-content\/uploads\/2026\/03\/20260314_090504.jpg\",\"articleSection\":[\"Circuitos\",\"Escuder\u00edas\",\"GP China (Circuito Internacional de Shangh\u00e1i)\",\"Mercedes-AMG PETRONAS Formula One Team\",\"Sin categor\u00eda\"],\"inLanguage\":\"en-GB\"},{\"@type\":\"WebPage\",\"@id\":\"https:\/\/www.firstlapf1.com\/resultados-clasificacion-antonelli-pole-de-record\/\",\"url\":\"https:\/\/www.firstlapf1.com\/resultados-clasificacion-antonelli-pole-de-record\/\",\"name\":\"Resultados Clasificaci\u00f3n: Antonelli, pole de r\u00e9cord - Noticias F1 en espa\u00f1ol\",\"isPartOf\":{\"@id\":\"https:\/\/www.firstlapf1.com\/#website\"},\"primaryImageOfPage\":{\"@id\":\"https:\/\/www.firstlapf1.com\/resultados-clasificacion-antonelli-pole-de-record\/#primaryimage\"},\"image\":{\"@id\":\"https:\/\/www.firstlapf1.com\/resultados-clasificacion-antonelli-pole-de-record\/#primaryimage\"},\"thumbnailUrl\":\"https:\/\/www.firstlapf1.com\/wp-content\/uploads\/2026\/03\/20260314_090504.jpg\",\"datePublished\":\"2026-03-14T11:12:17+00:00\",\"dateModified\":\"2026-03-14T23:10:22+00:00\",\"author\":{\"@id\":\"https:\/\/www.firstlapf1.com\/#\/schema\/person\/eeb9aab43fc76cf781e0033e511cce1e\"},\"description\":\"El italiano logra la pole y es el m\u00e1s joven con 19 a\u00f1os, 6 meses, 17 d\u00edas. 2\u00b0 Russell, 3\u00b0 Hamilton en los resultados de la clasificaci\u00f3n\",\"inLanguage\":\"en-GB\",\"potentialAction\":[{\"@type\":\"ReadAction\",\"target\":[\"https:\/\/www.firstlapf1.com\/resultados-clasificacion-antonelli-pole-de-record\/\"]}]},{\"@type\":\"ImageObject\",\"inLanguage\":\"en-GB\",\"@id\":\"https:\/\/www.firstlapf1.com\/resultados-clasificacion-antonelli-pole-de-record\/#primaryimage\",\"url\":\"https:\/\/www.firstlapf1.com\/wp-content\/uploads\/2026\/03\/20260314_090504.jpg\",\"contentUrl\":\"https:\/\/www.firstlapf1.com\/wp-content\/uploads\/2026\/03\/20260314_090504.jpg\",\"width\":1638,\"height\":2048},{\"@type\":\"WebSite\",\"@id\":\"https:\/\/www.firstlapf1.com\/#website\",\"url\":\"https:\/\/www.firstlapf1.com\/\",\"name\":\"Noticias F1 en espa\u00f1ol\",\"description\":\"Noticias F1 en espa\u00f1ol\",\"potentialAction\":[{\"@type\":\"SearchAction\",\"target\":{\"@type\":\"EntryPoint\",\"urlTemplate\":\"https:\/\/www.firstlapf1.com\/?s={search_term_string}\"},\"query-input\":{\"@type\":\"PropertyValueSpecification\",\"valueRequired\":true,\"valueName\":\"search_term_string\"}}],\"inLanguage\":\"en-GB\"},{\"@type\":\"Person\",\"@id\":\"https:\/\/www.firstlapf1.com\/#\/schema\/person\/eeb9aab43fc76cf781e0033e511cce1e\",\"name\":\"C\u00e9sar L\u00f3pez\",\"image\":{\"@type\":\"ImageObject\",\"inLanguage\":\"en-GB\",\"@id\":\"https:\/\/www.firstlapf1.com\/#\/schema\/person\/image\/\",\"url\":\"https:\/\/secure.gravatar.com\/avatar\/60cc29ae45b828887c2be3afc5bcfec0794c85b31daa8d44e4fe46c296c0873d?s=96&d=mm&r=g\",\"contentUrl\":\"https:\/\/secure.gravatar.com\/avatar\/60cc29ae45b828887c2be3afc5bcfec0794c85b31daa8d44e4fe46c296c0873d?s=96&d=mm&r=g\",\"caption\":\"C\u00e9sar L\u00f3pez\"},\"sameAs\":[\"http:\/\/www.firstlapf1.com\/\"],\"url\":\"https:\/\/www.firstlapf1.com\/en\/author\/ceslop\/\"}]}<\/script>\n<!-- \/ Yoast SEO plugin. -->","yoast_head_json":{"title":"Resultados Clasificaci\u00f3n: Antonelli, pole de r\u00e9cord - Noticias F1 en espa\u00f1ol","description":"El italiano logra la pole y es el m\u00e1s joven con 19 a\u00f1os, 6 meses, 17 d\u00edas. 2\u00b0 Russell, 3\u00b0 Hamilton en los resultados de la clasificaci\u00f3n","robots":{"index":"index","follow":"follow","max-snippet":"max-snippet:-1","max-image-preview":"max-image-preview:large","max-video-preview":"max-video-preview:-1"},"canonical":"https:\/\/www.firstlapf1.com\/en\/resultados-clasificacion-antonelli-pole-de-record\/","og_locale":"en_GB","og_type":"article","og_title":"Resultados Clasificaci\u00f3n: Antonelli, pole de r\u00e9cord - Noticias F1 en espa\u00f1ol","og_description":"El italiano logra la pole y es el m\u00e1s joven con 19 a\u00f1os, 6 meses, 17 d\u00edas. 2\u00b0 Russell, 3\u00b0 Hamilton en los resultados de la clasificaci\u00f3n","og_url":"https:\/\/www.firstlapf1.com\/en\/resultados-clasificacion-antonelli-pole-de-record\/","og_site_name":"Noticias F1 en espa\u00f1ol","article_published_time":"2026-03-14T11:12:17+00:00","article_modified_time":"2026-03-14T23:10:22+00:00","og_image":[{"width":1638,"height":2048,"url":"https:\/\/www.firstlapf1.com\/wp-content\/uploads\/2026\/03\/20260314_090504.jpg","type":"image\/jpeg"}],"author":"C\u00e9sar L\u00f3pez","twitter_card":"summary_large_image","twitter_misc":{"Written by":"C\u00e9sar L\u00f3pez","Estimated reading time":"5 minutes"},"schema":{"@context":"https:\/\/schema.org","@graph":[{"@type":"Article","@id":"https:\/\/www.firstlapf1.com\/resultados-clasificacion-antonelli-pole-de-record\/#article","isPartOf":{"@id":"https:\/\/www.firstlapf1.com\/resultados-clasificacion-antonelli-pole-de-record\/"},"author":{"name":"C\u00e9sar L\u00f3pez","@id":"https:\/\/www.firstlapf1.com\/#\/schema\/person\/eeb9aab43fc76cf781e0033e511cce1e"},"headline":"Resultados Clasificaci\u00f3n: Antonelli, pole de r\u00e9cord","datePublished":"2026-03-14T11:12:17+00:00","dateModified":"2026-03-14T23:10:22+00:00","mainEntityOfPage":{"@id":"https:\/\/www.firstlapf1.com\/resultados-clasificacion-antonelli-pole-de-record\/"},"wordCount":753,"image":{"@id":"https:\/\/www.firstlapf1.com\/resultados-clasificacion-antonelli-pole-de-record\/#primaryimage"},"thumbnailUrl":"https:\/\/www.firstlapf1.com\/wp-content\/uploads\/2026\/03\/20260314_090504.jpg","articleSection":["Circuitos","Escuder\u00edas","GP China (Circuito Internacional de Shangh\u00e1i)","Mercedes-AMG PETRONAS Formula One Team","Sin categor\u00eda"],"inLanguage":"en-GB"},{"@type":"WebPage","@id":"https:\/\/www.firstlapf1.com\/resultados-clasificacion-antonelli-pole-de-record\/","url":"https:\/\/www.firstlapf1.com\/resultados-clasificacion-antonelli-pole-de-record\/","name":"Resultados Clasificaci\u00f3n: Antonelli, pole de r\u00e9cord - Noticias F1 en espa\u00f1ol","isPartOf":{"@id":"https:\/\/www.firstlapf1.com\/#website"},"primaryImageOfPage":{"@id":"https:\/\/www.firstlapf1.com\/resultados-clasificacion-antonelli-pole-de-record\/#primaryimage"},"image":{"@id":"https:\/\/www.firstlapf1.com\/resultados-clasificacion-antonelli-pole-de-record\/#primaryimage"},"thumbnailUrl":"https:\/\/www.firstlapf1.com\/wp-content\/uploads\/2026\/03\/20260314_090504.jpg","datePublished":"2026-03-14T11:12:17+00:00","dateModified":"2026-03-14T23:10:22+00:00","author":{"@id":"https:\/\/www.firstlapf1.com\/#\/schema\/person\/eeb9aab43fc76cf781e0033e511cce1e"},"description":"El italiano logra la pole y es el m\u00e1s joven con 19 a\u00f1os, 6 meses, 17 d\u00edas. 2\u00b0 Russell, 3\u00b0 Hamilton en los resultados de la clasificaci\u00f3n","inLanguage":"en-GB","potentialAction":[{"@type":"ReadAction","target":["https:\/\/www.firstlapf1.com\/resultados-clasificacion-antonelli-pole-de-record\/"]}]},{"@type":"ImageObject","inLanguage":"en-GB","@id":"https:\/\/www.firstlapf1.com\/resultados-clasificacion-antonelli-pole-de-record\/#primaryimage","url":"https:\/\/www.firstlapf1.com\/wp-content\/uploads\/2026\/03\/20260314_090504.jpg","contentUrl":"https:\/\/www.firstlapf1.com\/wp-content\/uploads\/2026\/03\/20260314_090504.jpg","width":1638,"height":2048},{"@type":"WebSite","@id":"https:\/\/www.firstlapf1.com\/#website","url":"https:\/\/www.firstlapf1.com\/","name":"Noticias F1 en espa\u00f1ol","description":"Noticias F1 en espa\u00f1ol","potentialAction":[{"@type":"SearchAction","target":{"@type":"EntryPoint","urlTemplate":"https:\/\/www.firstlapf1.com\/?s={search_term_string}"},"query-input":{"@type":"PropertyValueSpecification","valueRequired":true,"valueName":"search_term_string"}}],"inLanguage":"en-GB"},{"@type":"Person","@id":"https:\/\/www.firstlapf1.com\/#\/schema\/person\/eeb9aab43fc76cf781e0033e511cce1e","name":"C\u00e9sar L\u00f3pez","image":{"@type":"ImageObject","inLanguage":"en-GB","@id":"https:\/\/www.firstlapf1.com\/#\/schema\/person\/image\/","url":"https:\/\/secure.gravatar.com\/avatar\/60cc29ae45b828887c2be3afc5bcfec0794c85b31daa8d44e4fe46c296c0873d?s=96&d=mm&r=g","contentUrl":"https:\/\/secure.gravatar.com\/avatar\/60cc29ae45b828887c2be3afc5bcfec0794c85b31daa8d44e4fe46c296c0873d?s=96&d=mm&r=g","caption":"C\u00e9sar L\u00f3pez"},"sameAs":["http:\/\/www.firstlapf1.com\/"],"url":"https:\/\/www.firstlapf1.com\/en\/author\/ceslop\/"}]}},"jetpack_featured_media_url":"https:\/\/www.firstlapf1.com\/wp-content\/uploads\/2026\/03\/20260314_090504.jpg","jetpack_sharing_enabled":true,"_links":{"self":[{"href":"https:\/\/www.firstlapf1.com\/en\/wp-json\/wp\/v2\/posts\/18081","targetHints":{"allow":["GET"]}}],"collection":[{"href":"https:\/\/www.firstlapf1.com\/en\/wp-json\/wp\/v2\/posts"}],"about":[{"href":"https:\/\/www.firstlapf1.com\/en\/wp-json\/wp\/v2\/types\/post"}],"author":[{"embeddable":true,"href":"https:\/\/www.firstlapf1.com\/en\/wp-json\/wp\/v2\/users\/42"}],"replies":[{"embeddable":true,"href":"https:\/\/www.firstlapf1.com\/en\/wp-json\/wp\/v2\/comments?post=18081"}],"version-history":[{"count":2,"href":"https:\/\/www.firstlapf1.com\/en\/wp-json\/wp\/v2\/posts\/18081\/revisions"}],"predecessor-version":[{"id":18088,"href":"https:\/\/www.firstlapf1.com\/en\/wp-json\/wp\/v2\/posts\/18081\/revisions\/18088"}],"wp:featuredmedia":[{"embeddable":true,"href":"https:\/\/www.firstlapf1.com\/en\/wp-json\/wp\/v2\/media\/18087"}],"wp:attachment":[{"href":"https:\/\/www.firstlapf1.com\/en\/wp-json\/wp\/v2\/media?parent=18081"}],"wp:term":[{"taxonomy":"category","embeddable":true,"href":"https:\/\/www.firstlapf1.com\/en\/wp-json\/wp\/v2\/categories?post=18081"},{"taxonomy":"post_tag","embeddable":true,"href":"https:\/\/www.firstlapf1.com\/en\/wp-json\/wp\/v2\/tags?post=18081"}],"curies":[{"name":"wp","href":"https:\/\/api.w.org\/{rel}","templated":true}]}}