{"id":18052,"date":"2026-03-12T08:50:06","date_gmt":"2026-03-12T08:50:06","guid":{"rendered":"https:\/\/www.firstlapf1.com\/?p=18052"},"modified":"2026-03-12T08:50:09","modified_gmt":"2026-03-12T08:50:09","slug":"oficial-natalia-granada-debutara-con-sephora","status":"publish","type":"post","link":"https:\/\/www.firstlapf1.com\/en\/oficial-natalia-granada-debutara-con-sephora\/","title":{"rendered":"OFICIAL: Natalia Granada debutar\u00e1 con Sephora"},"content":{"rendered":"<h2 class=\"wp-block-heading\">La piloto espa\u00f1ola Natalia Granada correr\u00e1 por primera vez en la F1 Academy y lo har\u00e1 de la mano de Sephora y PREMA<\/h2>\n\n\n\n<p>A falta de escasas horas para que la F1 Academy debute, PREMA no hab\u00eda confirmado el asiento vacante que ten\u00edan para esta misma temporada 2026. Por ello, han elegido a Natalia Granada, quien acompa\u00f1ar\u00e1 a Mathilda Paatz (Aston Martin) y Payton Westcott (Mercedes) en las filas del equipo italiano.<\/p>\n\n\n\n<h2 class=\"wp-block-heading has-normal-font-size\">Declaraciones<\/h2>\n\n\n\n<p>Natalia Granada:<\/p>\n\n\n\n<p><strong>\u00bbTengo much\u00edsimas ganas de empezar la F1 Academy 2026 con el apoyo de Sephora. Es un gran privilegio colaborar con ellos y es todo un honor llevar este patrocinio global. La belleza y el deporte pueden parecer mundos distintos pero ambos se refuerzan en la confianza y en la expresi\u00f3n. Tengo muchas ganas de ver lo que podemos lograr juntos.\u00bb<\/strong><\/p>\n\n\n\n<p>Susie Wolff, CEO de la F1 Academy:<\/p>\n\n\n\n<p><strong>\u00bbSephora es una marca global, con una apasionada comunidad que defiende la individualidad y la confianza. Unir fuerzas con ellos es muy poderoso. Esto es mucho m\u00e1s que un acuerdo que va m\u00e1s all\u00e1 de la belleza; estamos eliminando estereotipos obsoletos y redefiniendo qui\u00e9n pertenece al automovilismo.<\/strong>\u00bb<\/p>\n\n\n\n<p>Emily Prazer, Directora Comercial de la F1:<\/p>\n\n\n\n<p><strong>\u00bbNos complace anunciar a Sephora como patrocinador de la F1 Academy y del F1 Paddock Club. Es una marca aut\u00e9ntica de cara al p\u00fablico, desaf\u00eda a las percepciones y une a todo su p\u00fablico. Integraremos sus glam bars en el Paddock Club, de tal manera que mejoraremos la experiencia en el hospitality.\u00bb<\/strong><\/p>\n\n\n\n<p>Deborah Yeh, Directora Global de Marketing de Sephora:<\/p>\n\n\n\n<p><strong>\u00bbNos entusiasma convertirnos en el patrocinador oficial de belleza de la F1 Academy. Esta colaboraci\u00f3n nos permitir\u00e1 una oportunidad incre\u00edble para conectar con el p\u00fablico desde Shangh\u00e1i hasta Austin, apoyando los sue\u00f1os de las pilotos y mejorando nuestra experiencia con los clientes.\u00bb<\/strong><\/p>\n\n\n\n<figure class=\"wp-block-image size-full\"><img loading=\"lazy\" decoding=\"async\" width=\"1000\" height=\"563\" src=\"https:\/\/www.firstlapf1.com\/wp-content\/uploads\/2026\/03\/1000089778.jpg\" alt=\"\" class=\"wp-image-18055\" srcset=\"https:\/\/www.firstlapf1.com\/wp-content\/uploads\/2026\/03\/1000089778.jpg 1000w, https:\/\/www.firstlapf1.com\/wp-content\/uploads\/2026\/03\/1000089778-300x169.jpg 300w, https:\/\/www.firstlapf1.com\/wp-content\/uploads\/2026\/03\/1000089778-768x432.jpg 768w, https:\/\/www.firstlapf1.com\/wp-content\/uploads\/2026\/03\/1000089778-18x10.jpg 18w, https:\/\/www.firstlapf1.com\/wp-content\/uploads\/2026\/03\/1000089778-190x107.jpg 190w\" sizes=\"auto, (max-width: 1000px) 100vw, 1000px\" \/><figcaption class=\"wp-element-caption\">Fuente: Web F1 Academy (fuente portada: F1 Academy en X)<\/figcaption><\/figure>\n\n\n\n<p><\/p>","protected":false},"excerpt":{"rendered":"<p>La piloto espa\u00f1ola Natalia Granada correr\u00e1 por primera vez en la F1 Academy y lo har\u00e1 de la mano de Sephora y PREMA &hellip; <span class=\"more-button\"><a href=\"https:\/\/www.firstlapf1.com\/en\/oficial-natalia-granada-debutara-con-sephora\/\" class=\"more-link\">Continue reading<span class=\"screen-reader-text\">OFICIAL: Natalia Granada debutar\u00e1 con Sephora<\/span><\/a><\/span><\/p>","protected":false},"author":2,"featured_media":18056,"comment_status":"closed","ping_status":"open","sticky":false,"template":"","format":"standard","meta":{"_jetpack_memberships_contains_paid_content":false,"footnotes":""},"categories":[8,81],"tags":[],"class_list":["post-18052","post","type-post","status-publish","format-standard","has-post-thumbnail","hentry","category-f1-academy","category-prema-2"],"yoast_head":"<!-- This site is optimized with the Yoast SEO plugin v27.0 - https:\/\/yoast.com\/product\/yoast-seo-wordpress\/ -->\n<title>OFICIAL: Natalia Granada debutar\u00e1 con Sephora - Noticias F1 en espa\u00f1ol<\/title>\n<meta name=\"description\" content=\"La piloto espa\u00f1ola Natalia Granada correr\u00e1 por primera vez en la F1 Academy y lo har\u00e1 de la mano de Sephora y PREMA\" \/>\n<meta name=\"robots\" content=\"index, follow, max-snippet:-1, max-image-preview:large, max-video-preview:-1\" \/>\n<link rel=\"canonical\" href=\"https:\/\/www.firstlapf1.com\/en\/oficial-natalia-granada-debutara-con-sephora\/\" \/>\n<meta property=\"og:locale\" content=\"en_GB\" \/>\n<meta property=\"og:type\" content=\"article\" \/>\n<meta property=\"og:title\" content=\"OFICIAL: Natalia Granada debutar\u00e1 con Sephora - Noticias F1 en espa\u00f1ol\" \/>\n<meta property=\"og:description\" content=\"La piloto espa\u00f1ola Natalia Granada correr\u00e1 por primera vez en la F1 Academy y lo har\u00e1 de la mano de Sephora y PREMA\" \/>\n<meta property=\"og:url\" content=\"https:\/\/www.firstlapf1.com\/en\/oficial-natalia-granada-debutara-con-sephora\/\" \/>\n<meta property=\"og:site_name\" content=\"Noticias F1 en espa\u00f1ol\" \/>\n<meta property=\"article:published_time\" content=\"2026-03-12T08:50:06+00:00\" \/>\n<meta property=\"article:modified_time\" content=\"2026-03-12T08:50:09+00:00\" \/>\n<meta property=\"og:image\" content=\"https:\/\/www.firstlapf1.com\/wp-content\/uploads\/2026\/03\/20260312_073637.jpg\" \/>\n\t<meta property=\"og:image:width\" content=\"1080\" \/>\n\t<meta property=\"og:image:height\" content=\"1350\" \/>\n\t<meta property=\"og:image:type\" content=\"image\/jpeg\" \/>\n<meta name=\"author\" content=\"Miguel Lora-Paquet\" \/>\n<meta name=\"twitter:card\" content=\"summary_large_image\" \/>\n<meta name=\"twitter:label1\" content=\"Written by\" \/>\n\t<meta name=\"twitter:data1\" content=\"Miguel Lora-Paquet\" \/>\n\t<meta name=\"twitter:label2\" content=\"Estimated reading time\" \/>\n\t<meta name=\"twitter:data2\" content=\"2 minutes\" \/>\n<script type=\"application\/ld+json\" class=\"yoast-schema-graph\">{\"@context\":\"https:\/\/schema.org\",\"@graph\":[{\"@type\":\"Article\",\"@id\":\"https:\/\/www.firstlapf1.com\/oficial-natalia-granada-debutara-con-sephora\/#article\",\"isPartOf\":{\"@id\":\"https:\/\/www.firstlapf1.com\/oficial-natalia-granada-debutara-con-sephora\/\"},\"author\":{\"name\":\"Miguel Lora-Paquet\",\"@id\":\"https:\/\/www.firstlapf1.com\/#\/schema\/person\/9eca09873eecb6d7836bc1a0bbd78250\"},\"headline\":\"OFICIAL: Natalia Granada debutar\u00e1 con Sephora\",\"datePublished\":\"2026-03-12T08:50:06+00:00\",\"dateModified\":\"2026-03-12T08:50:09+00:00\",\"mainEntityOfPage\":{\"@id\":\"https:\/\/www.firstlapf1.com\/oficial-natalia-granada-debutara-con-sephora\/\"},\"wordCount\":334,\"image\":{\"@id\":\"https:\/\/www.firstlapf1.com\/oficial-natalia-granada-debutara-con-sephora\/#primaryimage\"},\"thumbnailUrl\":\"https:\/\/www.firstlapf1.com\/wp-content\/uploads\/2026\/03\/20260312_073637.jpg\",\"articleSection\":[\"F1 Academy\",\"PREMA Racing (F1 Academy)\"],\"inLanguage\":\"en-GB\"},{\"@type\":\"WebPage\",\"@id\":\"https:\/\/www.firstlapf1.com\/oficial-natalia-granada-debutara-con-sephora\/\",\"url\":\"https:\/\/www.firstlapf1.com\/oficial-natalia-granada-debutara-con-sephora\/\",\"name\":\"OFICIAL: Natalia Granada debutar\u00e1 con Sephora - Noticias F1 en espa\u00f1ol\",\"isPartOf\":{\"@id\":\"https:\/\/www.firstlapf1.com\/#website\"},\"primaryImageOfPage\":{\"@id\":\"https:\/\/www.firstlapf1.com\/oficial-natalia-granada-debutara-con-sephora\/#primaryimage\"},\"image\":{\"@id\":\"https:\/\/www.firstlapf1.com\/oficial-natalia-granada-debutara-con-sephora\/#primaryimage\"},\"thumbnailUrl\":\"https:\/\/www.firstlapf1.com\/wp-content\/uploads\/2026\/03\/20260312_073637.jpg\",\"datePublished\":\"2026-03-12T08:50:06+00:00\",\"dateModified\":\"2026-03-12T08:50:09+00:00\",\"author\":{\"@id\":\"https:\/\/www.firstlapf1.com\/#\/schema\/person\/9eca09873eecb6d7836bc1a0bbd78250\"},\"description\":\"La piloto espa\u00f1ola Natalia Granada correr\u00e1 por primera vez en la F1 Academy y lo har\u00e1 de la mano de Sephora y PREMA\",\"inLanguage\":\"en-GB\",\"potentialAction\":[{\"@type\":\"ReadAction\",\"target\":[\"https:\/\/www.firstlapf1.com\/oficial-natalia-granada-debutara-con-sephora\/\"]}]},{\"@type\":\"ImageObject\",\"inLanguage\":\"en-GB\",\"@id\":\"https:\/\/www.firstlapf1.com\/oficial-natalia-granada-debutara-con-sephora\/#primaryimage\",\"url\":\"https:\/\/www.firstlapf1.com\/wp-content\/uploads\/2026\/03\/20260312_073637.jpg\",\"contentUrl\":\"https:\/\/www.firstlapf1.com\/wp-content\/uploads\/2026\/03\/20260312_073637.jpg\",\"width\":1080,\"height\":1350},{\"@type\":\"WebSite\",\"@id\":\"https:\/\/www.firstlapf1.com\/#website\",\"url\":\"https:\/\/www.firstlapf1.com\/\",\"name\":\"Noticias F1 en espa\u00f1ol\",\"description\":\"Noticias F1 en espa\u00f1ol\",\"potentialAction\":[{\"@type\":\"SearchAction\",\"target\":{\"@type\":\"EntryPoint\",\"urlTemplate\":\"https:\/\/www.firstlapf1.com\/?s={search_term_string}\"},\"query-input\":{\"@type\":\"PropertyValueSpecification\",\"valueRequired\":true,\"valueName\":\"search_term_string\"}}],\"inLanguage\":\"en-GB\"},{\"@type\":\"Person\",\"@id\":\"https:\/\/www.firstlapf1.com\/#\/schema\/person\/9eca09873eecb6d7836bc1a0bbd78250\",\"name\":\"Miguel Lora-Paquet\",\"image\":{\"@type\":\"ImageObject\",\"inLanguage\":\"en-GB\",\"@id\":\"https:\/\/www.firstlapf1.com\/#\/schema\/person\/image\/\",\"url\":\"https:\/\/www.firstlapf1.com\/wp-content\/uploads\/2022\/09\/7d393f41-126a-4a1e-bf1d-9d04e2ebc621.jpeg\",\"contentUrl\":\"https:\/\/www.firstlapf1.com\/wp-content\/uploads\/2022\/09\/7d393f41-126a-4a1e-bf1d-9d04e2ebc621.jpeg\",\"caption\":\"Miguel Lora-Paquet\"},\"url\":\"https:\/\/www.firstlapf1.com\/en\/author\/miguel\/\"}]}<\/script>\n<!-- \/ Yoast SEO plugin. -->","yoast_head_json":{"title":"OFICIAL: Natalia Granada debutar\u00e1 con Sephora - Noticias F1 en espa\u00f1ol","description":"La piloto espa\u00f1ola Natalia Granada correr\u00e1 por primera vez en la F1 Academy y lo har\u00e1 de la mano de Sephora y PREMA","robots":{"index":"index","follow":"follow","max-snippet":"max-snippet:-1","max-image-preview":"max-image-preview:large","max-video-preview":"max-video-preview:-1"},"canonical":"https:\/\/www.firstlapf1.com\/en\/oficial-natalia-granada-debutara-con-sephora\/","og_locale":"en_GB","og_type":"article","og_title":"OFICIAL: Natalia Granada debutar\u00e1 con Sephora - Noticias F1 en espa\u00f1ol","og_description":"La piloto espa\u00f1ola Natalia Granada correr\u00e1 por primera vez en la F1 Academy y lo har\u00e1 de la mano de Sephora y PREMA","og_url":"https:\/\/www.firstlapf1.com\/en\/oficial-natalia-granada-debutara-con-sephora\/","og_site_name":"Noticias F1 en espa\u00f1ol","article_published_time":"2026-03-12T08:50:06+00:00","article_modified_time":"2026-03-12T08:50:09+00:00","og_image":[{"width":1080,"height":1350,"url":"https:\/\/www.firstlapf1.com\/wp-content\/uploads\/2026\/03\/20260312_073637.jpg","type":"image\/jpeg"}],"author":"Miguel Lora-Paquet","twitter_card":"summary_large_image","twitter_misc":{"Written by":"Miguel Lora-Paquet","Estimated reading time":"2 minutes"},"schema":{"@context":"https:\/\/schema.org","@graph":[{"@type":"Article","@id":"https:\/\/www.firstlapf1.com\/oficial-natalia-granada-debutara-con-sephora\/#article","isPartOf":{"@id":"https:\/\/www.firstlapf1.com\/oficial-natalia-granada-debutara-con-sephora\/"},"author":{"name":"Miguel Lora-Paquet","@id":"https:\/\/www.firstlapf1.com\/#\/schema\/person\/9eca09873eecb6d7836bc1a0bbd78250"},"headline":"OFICIAL: Natalia Granada debutar\u00e1 con Sephora","datePublished":"2026-03-12T08:50:06+00:00","dateModified":"2026-03-12T08:50:09+00:00","mainEntityOfPage":{"@id":"https:\/\/www.firstlapf1.com\/oficial-natalia-granada-debutara-con-sephora\/"},"wordCount":334,"image":{"@id":"https:\/\/www.firstlapf1.com\/oficial-natalia-granada-debutara-con-sephora\/#primaryimage"},"thumbnailUrl":"https:\/\/www.firstlapf1.com\/wp-content\/uploads\/2026\/03\/20260312_073637.jpg","articleSection":["F1 Academy","PREMA Racing (F1 Academy)"],"inLanguage":"en-GB"},{"@type":"WebPage","@id":"https:\/\/www.firstlapf1.com\/oficial-natalia-granada-debutara-con-sephora\/","url":"https:\/\/www.firstlapf1.com\/oficial-natalia-granada-debutara-con-sephora\/","name":"OFICIAL: Natalia Granada debutar\u00e1 con Sephora - Noticias F1 en espa\u00f1ol","isPartOf":{"@id":"https:\/\/www.firstlapf1.com\/#website"},"primaryImageOfPage":{"@id":"https:\/\/www.firstlapf1.com\/oficial-natalia-granada-debutara-con-sephora\/#primaryimage"},"image":{"@id":"https:\/\/www.firstlapf1.com\/oficial-natalia-granada-debutara-con-sephora\/#primaryimage"},"thumbnailUrl":"https:\/\/www.firstlapf1.com\/wp-content\/uploads\/2026\/03\/20260312_073637.jpg","datePublished":"2026-03-12T08:50:06+00:00","dateModified":"2026-03-12T08:50:09+00:00","author":{"@id":"https:\/\/www.firstlapf1.com\/#\/schema\/person\/9eca09873eecb6d7836bc1a0bbd78250"},"description":"La piloto espa\u00f1ola Natalia Granada correr\u00e1 por primera vez en la F1 Academy y lo har\u00e1 de la mano de Sephora y PREMA","inLanguage":"en-GB","potentialAction":[{"@type":"ReadAction","target":["https:\/\/www.firstlapf1.com\/oficial-natalia-granada-debutara-con-sephora\/"]}]},{"@type":"ImageObject","inLanguage":"en-GB","@id":"https:\/\/www.firstlapf1.com\/oficial-natalia-granada-debutara-con-sephora\/#primaryimage","url":"https:\/\/www.firstlapf1.com\/wp-content\/uploads\/2026\/03\/20260312_073637.jpg","contentUrl":"https:\/\/www.firstlapf1.com\/wp-content\/uploads\/2026\/03\/20260312_073637.jpg","width":1080,"height":1350},{"@type":"WebSite","@id":"https:\/\/www.firstlapf1.com\/#website","url":"https:\/\/www.firstlapf1.com\/","name":"Noticias F1 en espa\u00f1ol","description":"Noticias F1 en espa\u00f1ol","potentialAction":[{"@type":"SearchAction","target":{"@type":"EntryPoint","urlTemplate":"https:\/\/www.firstlapf1.com\/?s={search_term_string}"},"query-input":{"@type":"PropertyValueSpecification","valueRequired":true,"valueName":"search_term_string"}}],"inLanguage":"en-GB"},{"@type":"Person","@id":"https:\/\/www.firstlapf1.com\/#\/schema\/person\/9eca09873eecb6d7836bc1a0bbd78250","name":"Miguel Lora-Paquet","image":{"@type":"ImageObject","inLanguage":"en-GB","@id":"https:\/\/www.firstlapf1.com\/#\/schema\/person\/image\/","url":"https:\/\/www.firstlapf1.com\/wp-content\/uploads\/2022\/09\/7d393f41-126a-4a1e-bf1d-9d04e2ebc621.jpeg","contentUrl":"https:\/\/www.firstlapf1.com\/wp-content\/uploads\/2022\/09\/7d393f41-126a-4a1e-bf1d-9d04e2ebc621.jpeg","caption":"Miguel Lora-Paquet"},"url":"https:\/\/www.firstlapf1.com\/en\/author\/miguel\/"}]}},"jetpack_featured_media_url":"https:\/\/www.firstlapf1.com\/wp-content\/uploads\/2026\/03\/20260312_073637.jpg","jetpack_sharing_enabled":true,"_links":{"self":[{"href":"https:\/\/www.firstlapf1.com\/en\/wp-json\/wp\/v2\/posts\/18052","targetHints":{"allow":["GET"]}}],"collection":[{"href":"https:\/\/www.firstlapf1.com\/en\/wp-json\/wp\/v2\/posts"}],"about":[{"href":"https:\/\/www.firstlapf1.com\/en\/wp-json\/wp\/v2\/types\/post"}],"author":[{"embeddable":true,"href":"https:\/\/www.firstlapf1.com\/en\/wp-json\/wp\/v2\/users\/2"}],"replies":[{"embeddable":true,"href":"https:\/\/www.firstlapf1.com\/en\/wp-json\/wp\/v2\/comments?post=18052"}],"version-history":[{"count":2,"href":"https:\/\/www.firstlapf1.com\/en\/wp-json\/wp\/v2\/posts\/18052\/revisions"}],"predecessor-version":[{"id":18057,"href":"https:\/\/www.firstlapf1.com\/en\/wp-json\/wp\/v2\/posts\/18052\/revisions\/18057"}],"wp:featuredmedia":[{"embeddable":true,"href":"https:\/\/www.firstlapf1.com\/en\/wp-json\/wp\/v2\/media\/18056"}],"wp:attachment":[{"href":"https:\/\/www.firstlapf1.com\/en\/wp-json\/wp\/v2\/media?parent=18052"}],"wp:term":[{"taxonomy":"category","embeddable":true,"href":"https:\/\/www.firstlapf1.com\/en\/wp-json\/wp\/v2\/categories?post=18052"},{"taxonomy":"post_tag","embeddable":true,"href":"https:\/\/www.firstlapf1.com\/en\/wp-json\/wp\/v2\/tags?post=18052"}],"curies":[{"name":"wp","href":"https:\/\/api.w.org\/{rel}","templated":true}]}}