{"id":17944,"date":"2026-03-14T23:28:41","date_gmt":"2026-03-14T23:28:41","guid":{"rendered":"https:\/\/www.firstlapf1.com\/?p=17944"},"modified":"2026-03-14T23:30:58","modified_gmt":"2026-03-14T23:30:58","slug":"oficial-los-gps-de-barein-y-arabia-saudi-no-se-correran-en-abril","status":"publish","type":"post","link":"https:\/\/www.firstlapf1.com\/en\/oficial-los-gps-de-barein-y-arabia-saudi-no-se-correran-en-abril\/","title":{"rendered":"OFICIAL: Los GPs de Bar\u00e9in y Arabia Saud\u00ed no se correr\u00e1n en abril"},"content":{"rendered":"<h2 class=\"wp-block-heading\">Bar\u00e9in y Arabia Saud\u00ed no formar\u00e1n parte de la temporada 2026 en abril por motivos b\u00e9licos en la zona de Oriente Medio<\/h2>\n\n\n\n<p>El <a href=\"https:\/\/www.firstlapf1.com\/en\/category\/fia\/\" target=\"_blank\" rel=\"noreferrer noopener\">conflicto geopol\u00edtico<\/a> que involucra a Israel, EEUU y varios pa\u00edses de Oriente Medio ha desencadenado en la suspensi\u00f3n de la cuarta y quinta prueba del <a href=\"https:\/\/www.formula1.com\/\" target=\"_blank\" rel=\"noreferrer noopener\">mundial de F1<\/a>, entre otros pr\u00f3ximos eventos deportivos como la Finalissima de F\u00fatbol entre Espa\u00f1a y Argentina y la tambi\u00e9n posible suspensi\u00f3n del GP de Qatar de MotoGP. Adem\u00e1s, el GP de Bar\u00e9in de F2 y F3; el GP de Arabia Saud\u00ed de F2 y F1 Academy y los tests en plena temporada de la F2 y F3 no se celebrar\u00e1n. En este caso, se har\u00e1 todo lo posible para buscar remplazos.<\/p>\n\n\n\n<h2 class=\"wp-block-heading has-normal-font-size\">Declaraciones<\/h2>\n\n\n\n<p>Stefano Domenicali, CEO y Presidente de la F1:<\/p>\n\n\n\n<p><strong>\u00bbFue una decisi\u00f3n dif\u00edcil de tomar pero, lamentablemente, es la correcta, teniendo en cuenta la situaci\u00f3n en Oriente Medio. Aprovecho la ocasi\u00f3n para agradecer a la FIA y a los promotores su apoyo y compresi\u00f3n, ya que nos esperaban con la pasi\u00f3n habitual. Esperamos volver con ellos lo antes posible.\u00bb<\/strong><\/p>\n\n\n\n<p>Mohammed Ben Sulayem, Presidente de la FIA:<\/p>\n\n\n\n<p><strong>\u00bbLa FIA siempre priorizar\u00e1 la seguridad y el bienestar de nuestra comunidad, por lo que hemos tomado esta decisi\u00f3n atendiendo a nuestra responsabilidad. Seguimos esperando a que regrese la normalidad y la estabilidad en la regi\u00f3n; mis pensamientos est\u00e1n con todos los afectados.\u00bb<\/strong><\/p>\n\n\n\n<p>Salman bin Isa Al Khalifa, Jeque y CEO del Circuito Internacional de Bar\u00e9in:<\/p>\n\n\n\n<p><strong>\u00bbApoyamos plenamente la decisi\u00f3n de la F1 y agradecemos el apoyo y colaboraci\u00f3n por su parte y por la FIA. Esperemos acoger pronto a los aficionados cuando regrese la F1. Aprovecho para agradecer a toda la comunidad de la F1 por los mensajes de apoyo.\u00bb<\/strong><\/p>\n\n\n\n<p>Su Alteza Real el Pr\u00edncipe Khalid bin Sultan Al-Abdullah Al-Faisal, Presidente de la Federaci\u00f3n Saud\u00ed de Automovilismo y Motociclismo (SAMF) y Presidente de la Compa\u00f1\u00eda Saud\u00ed de Automovilismo (SMC):<\/p>\n\n\n\n<p><strong>\u00bbLa Federaci\u00f3n Saud\u00ed de Automovilismo y Motociclismo respeta la decisi\u00f3n tomada por la F1 con respecto al calendario de 2026. Los aficionados del Reino esperaban con muchas ganas el GP de Arabia Saud\u00ed que se iba a celebrar a finales de abril pero entendemos la situaci\u00f3n.\u00bb<\/strong><\/p>\n\n\n\n<h2 class=\"wp-block-heading has-normal-font-size\">Antecedentes<\/h2>\n\n\n\n<p>Ser\u00e1 la primera vez que no se corra en el desierto de Sakhir desde 2011, tambi\u00e9n por motivos geopol\u00edticos. En Jeddah ser\u00e1 la primera vez desde su inauguraci\u00f3n en 2021, Gran Premio que ya sufri\u00f3 una controversia similar durante el fin de semana de 2022, cuando se produjeron bombardeos cerca del circuito y se continu\u00f3 corriendo de todas formas.<\/p>\n\n\n\n<p>Veremos c\u00f3mo afecta esto a largo plazo en los Grandes Premios de Qatar y Abu Dhabi que se disputan a final de temporada. Asimismo, la F1 y la FIA han insistido varias veces que no se correr\u00e1 en abril, dejando la puerta abierta a reubicar los Grandes Premios a lo largo del calendario.<\/p>\n\n\n\n<figure class=\"wp-block-image size-large\"><img loading=\"lazy\" decoding=\"async\" width=\"1024\" height=\"576\" src=\"https:\/\/www.firstlapf1.com\/wp-content\/uploads\/2026\/03\/1000090228-1024x576.webp\" alt=\"\" class=\"wp-image-18093\" srcset=\"https:\/\/www.firstlapf1.com\/wp-content\/uploads\/2026\/03\/1000090228-1024x576.webp 1024w, https:\/\/www.firstlapf1.com\/wp-content\/uploads\/2026\/03\/1000090228-300x169.webp 300w, https:\/\/www.firstlapf1.com\/wp-content\/uploads\/2026\/03\/1000090228-768x432.webp 768w, https:\/\/www.firstlapf1.com\/wp-content\/uploads\/2026\/03\/1000090228-1536x864.webp 1536w, https:\/\/www.firstlapf1.com\/wp-content\/uploads\/2026\/03\/1000090228-2048x1152.webp 2048w, https:\/\/www.firstlapf1.com\/wp-content\/uploads\/2026\/03\/1000090228-18x10.webp 18w, https:\/\/www.firstlapf1.com\/wp-content\/uploads\/2026\/03\/1000090228-1920x1080.webp 1920w, https:\/\/www.firstlapf1.com\/wp-content\/uploads\/2026\/03\/1000090228-190x107.webp 190w\" sizes=\"auto, (max-width: 1024px) 100vw, 1024px\" \/><figcaption class=\"wp-element-caption\">Fuente: Web F1 (fuente portada: F1 en X)<\/figcaption><\/figure>","protected":false},"excerpt":{"rendered":"<p>Bar\u00e9in y Arabia Saud\u00ed no formar\u00e1n parte de la temporada 2026 por motivos b\u00e9licos en la zona de Oriente Medio &hellip; <span class=\"more-button\"><a href=\"https:\/\/www.firstlapf1.com\/en\/oficial-los-gps-de-barein-y-arabia-saudi-no-se-correran-en-abril\/\" class=\"more-link\">Continue reading<span class=\"screen-reader-text\">OFICIAL: Los GPs de Bar\u00e9in y Arabia Saud\u00ed no se correr\u00e1n en abril<\/span><\/a><\/span><\/p>","protected":false},"author":55,"featured_media":18094,"comment_status":"closed","ping_status":"open","sticky":false,"template":"","format":"standard","meta":{"_jetpack_memberships_contains_paid_content":false,"footnotes":""},"categories":[8,9,69,90,11,15],"tags":[],"class_list":["post-17944","post","type-post","status-publish","format-standard","has-post-thumbnail","hentry","category-f1-academy","category-f2","category-f3","category-fia","category-arabia-saudi","category-barein"],"yoast_head":"<!-- This site is optimized with the Yoast SEO plugin v27.0 - https:\/\/yoast.com\/product\/yoast-seo-wordpress\/ -->\n<title>OFICIAL: Los GPs de Bar\u00e9in y Arabia Saud\u00ed no se correr\u00e1n en abril - Noticias F1 en espa\u00f1ol<\/title>\n<meta name=\"description\" content=\"Bar\u00e9in y Arabia Saud\u00ed no formar\u00e1n parte de la temporada 2026 en abril por motivos b\u00e9licos en la zona de Oriente Medio\" \/>\n<meta name=\"robots\" content=\"index, follow, max-snippet:-1, max-image-preview:large, max-video-preview:-1\" \/>\n<link rel=\"canonical\" href=\"https:\/\/www.firstlapf1.com\/en\/oficial-los-gps-de-barein-y-arabia-saudi-no-se-correran-en-abril\/\" \/>\n<meta property=\"og:locale\" content=\"en_GB\" \/>\n<meta property=\"og:type\" content=\"article\" \/>\n<meta property=\"og:title\" content=\"OFICIAL: Los GPs de Bar\u00e9in y Arabia Saud\u00ed no se correr\u00e1n en abril - Noticias F1 en espa\u00f1ol\" \/>\n<meta property=\"og:description\" content=\"Bar\u00e9in y Arabia Saud\u00ed no formar\u00e1n parte de la temporada 2026 en abril por motivos b\u00e9licos en la zona de Oriente Medio\" \/>\n<meta property=\"og:url\" content=\"https:\/\/www.firstlapf1.com\/en\/oficial-los-gps-de-barein-y-arabia-saudi-no-se-correran-en-abril\/\" \/>\n<meta property=\"og:site_name\" content=\"Noticias F1 en espa\u00f1ol\" \/>\n<meta property=\"article:published_time\" content=\"2026-03-14T23:28:41+00:00\" \/>\n<meta property=\"article:modified_time\" content=\"2026-03-14T23:30:58+00:00\" \/>\n<meta property=\"og:image\" content=\"https:\/\/www.firstlapf1.com\/wp-content\/uploads\/2026\/03\/20260314_233201.jpg\" \/>\n\t<meta property=\"og:image:width\" content=\"1638\" \/>\n\t<meta property=\"og:image:height\" content=\"2048\" \/>\n\t<meta property=\"og:image:type\" content=\"image\/jpeg\" \/>\n<meta name=\"author\" content=\"Emilio Dual\" \/>\n<meta name=\"twitter:card\" content=\"summary_large_image\" \/>\n<meta name=\"twitter:label1\" content=\"Written by\" \/>\n\t<meta name=\"twitter:data1\" content=\"Emilio Dual\" \/>\n\t<meta name=\"twitter:label2\" content=\"Estimated reading time\" \/>\n\t<meta name=\"twitter:data2\" content=\"3 minutes\" \/>\n<script type=\"application\/ld+json\" class=\"yoast-schema-graph\">{\"@context\":\"https:\/\/schema.org\",\"@graph\":[{\"@type\":\"Article\",\"@id\":\"https:\/\/www.firstlapf1.com\/oficial-los-gps-de-barein-y-arabia-saudi-no-se-correran-en-abril\/#article\",\"isPartOf\":{\"@id\":\"https:\/\/www.firstlapf1.com\/oficial-los-gps-de-barein-y-arabia-saudi-no-se-correran-en-abril\/\"},\"author\":{\"name\":\"Emilio Dual\",\"@id\":\"https:\/\/www.firstlapf1.com\/#\/schema\/person\/0ddab50eee2c767f00485b76c55ced1b\"},\"headline\":\"OFICIAL: Los GPs de Bar\u00e9in y Arabia Saud\u00ed no se correr\u00e1n en abril\",\"datePublished\":\"2026-03-14T23:28:41+00:00\",\"dateModified\":\"2026-03-14T23:30:58+00:00\",\"mainEntityOfPage\":{\"@id\":\"https:\/\/www.firstlapf1.com\/oficial-los-gps-de-barein-y-arabia-saudi-no-se-correran-en-abril\/\"},\"wordCount\":533,\"image\":{\"@id\":\"https:\/\/www.firstlapf1.com\/oficial-los-gps-de-barein-y-arabia-saudi-no-se-correran-en-abril\/#primaryimage\"},\"thumbnailUrl\":\"https:\/\/www.firstlapf1.com\/wp-content\/uploads\/2026\/03\/20260314_233201.jpg\",\"articleSection\":[\"F1 Academy\",\"F2\",\"F3\",\"FIA\",\"GP Arabia Saud\u00ed (Jeddah Corniche Circuit)\",\"GP Bar\u00e9in (Sakhir)\"],\"inLanguage\":\"en-GB\"},{\"@type\":\"WebPage\",\"@id\":\"https:\/\/www.firstlapf1.com\/oficial-los-gps-de-barein-y-arabia-saudi-no-se-correran-en-abril\/\",\"url\":\"https:\/\/www.firstlapf1.com\/oficial-los-gps-de-barein-y-arabia-saudi-no-se-correran-en-abril\/\",\"name\":\"OFICIAL: Los GPs de Bar\u00e9in y Arabia Saud\u00ed no se correr\u00e1n en abril - Noticias F1 en espa\u00f1ol\",\"isPartOf\":{\"@id\":\"https:\/\/www.firstlapf1.com\/#website\"},\"primaryImageOfPage\":{\"@id\":\"https:\/\/www.firstlapf1.com\/oficial-los-gps-de-barein-y-arabia-saudi-no-se-correran-en-abril\/#primaryimage\"},\"image\":{\"@id\":\"https:\/\/www.firstlapf1.com\/oficial-los-gps-de-barein-y-arabia-saudi-no-se-correran-en-abril\/#primaryimage\"},\"thumbnailUrl\":\"https:\/\/www.firstlapf1.com\/wp-content\/uploads\/2026\/03\/20260314_233201.jpg\",\"datePublished\":\"2026-03-14T23:28:41+00:00\",\"dateModified\":\"2026-03-14T23:30:58+00:00\",\"author\":{\"@id\":\"https:\/\/www.firstlapf1.com\/#\/schema\/person\/0ddab50eee2c767f00485b76c55ced1b\"},\"description\":\"Bar\u00e9in y Arabia Saud\u00ed no formar\u00e1n parte de la temporada 2026 en abril por motivos b\u00e9licos en la zona de Oriente Medio\",\"inLanguage\":\"en-GB\",\"potentialAction\":[{\"@type\":\"ReadAction\",\"target\":[\"https:\/\/www.firstlapf1.com\/oficial-los-gps-de-barein-y-arabia-saudi-no-se-correran-en-abril\/\"]}]},{\"@type\":\"ImageObject\",\"inLanguage\":\"en-GB\",\"@id\":\"https:\/\/www.firstlapf1.com\/oficial-los-gps-de-barein-y-arabia-saudi-no-se-correran-en-abril\/#primaryimage\",\"url\":\"https:\/\/www.firstlapf1.com\/wp-content\/uploads\/2026\/03\/20260314_233201.jpg\",\"contentUrl\":\"https:\/\/www.firstlapf1.com\/wp-content\/uploads\/2026\/03\/20260314_233201.jpg\",\"width\":1638,\"height\":2048},{\"@type\":\"WebSite\",\"@id\":\"https:\/\/www.firstlapf1.com\/#website\",\"url\":\"https:\/\/www.firstlapf1.com\/\",\"name\":\"Noticias F1 en espa\u00f1ol\",\"description\":\"Noticias F1 en espa\u00f1ol\",\"potentialAction\":[{\"@type\":\"SearchAction\",\"target\":{\"@type\":\"EntryPoint\",\"urlTemplate\":\"https:\/\/www.firstlapf1.com\/?s={search_term_string}\"},\"query-input\":{\"@type\":\"PropertyValueSpecification\",\"valueRequired\":true,\"valueName\":\"search_term_string\"}}],\"inLanguage\":\"en-GB\"},{\"@type\":\"Person\",\"@id\":\"https:\/\/www.firstlapf1.com\/#\/schema\/person\/0ddab50eee2c767f00485b76c55ced1b\",\"name\":\"Emilio Dual\",\"image\":{\"@type\":\"ImageObject\",\"inLanguage\":\"en-GB\",\"@id\":\"https:\/\/www.firstlapf1.com\/#\/schema\/person\/image\/\",\"url\":\"https:\/\/secure.gravatar.com\/avatar\/e18d5ff564ce67f3fb1de53cbc9244a88f494e7903b42f230478e3df21661472?s=96&d=mm&r=g\",\"contentUrl\":\"https:\/\/secure.gravatar.com\/avatar\/e18d5ff564ce67f3fb1de53cbc9244a88f494e7903b42f230478e3df21661472?s=96&d=mm&r=g\",\"caption\":\"Emilio Dual\"},\"sameAs\":[\"http:\/\/www.firstlapf1.com\/\"],\"url\":\"https:\/\/www.firstlapf1.com\/en\/author\/emidua\/\"}]}<\/script>\n<!-- \/ Yoast SEO plugin. -->","yoast_head_json":{"title":"OFICIAL: Los GPs de Bar\u00e9in y Arabia Saud\u00ed no se correr\u00e1n en abril - Noticias F1 en espa\u00f1ol","description":"Bar\u00e9in y Arabia Saud\u00ed no formar\u00e1n parte de la temporada 2026 en abril por motivos b\u00e9licos en la zona de Oriente Medio","robots":{"index":"index","follow":"follow","max-snippet":"max-snippet:-1","max-image-preview":"max-image-preview:large","max-video-preview":"max-video-preview:-1"},"canonical":"https:\/\/www.firstlapf1.com\/en\/oficial-los-gps-de-barein-y-arabia-saudi-no-se-correran-en-abril\/","og_locale":"en_GB","og_type":"article","og_title":"OFICIAL: Los GPs de Bar\u00e9in y Arabia Saud\u00ed no se correr\u00e1n en abril - Noticias F1 en espa\u00f1ol","og_description":"Bar\u00e9in y Arabia Saud\u00ed no formar\u00e1n parte de la temporada 2026 en abril por motivos b\u00e9licos en la zona de Oriente Medio","og_url":"https:\/\/www.firstlapf1.com\/en\/oficial-los-gps-de-barein-y-arabia-saudi-no-se-correran-en-abril\/","og_site_name":"Noticias F1 en espa\u00f1ol","article_published_time":"2026-03-14T23:28:41+00:00","article_modified_time":"2026-03-14T23:30:58+00:00","og_image":[{"width":1638,"height":2048,"url":"https:\/\/www.firstlapf1.com\/wp-content\/uploads\/2026\/03\/20260314_233201.jpg","type":"image\/jpeg"}],"author":"Emilio Dual","twitter_card":"summary_large_image","twitter_misc":{"Written by":"Emilio Dual","Estimated reading time":"3 minutes"},"schema":{"@context":"https:\/\/schema.org","@graph":[{"@type":"Article","@id":"https:\/\/www.firstlapf1.com\/oficial-los-gps-de-barein-y-arabia-saudi-no-se-correran-en-abril\/#article","isPartOf":{"@id":"https:\/\/www.firstlapf1.com\/oficial-los-gps-de-barein-y-arabia-saudi-no-se-correran-en-abril\/"},"author":{"name":"Emilio Dual","@id":"https:\/\/www.firstlapf1.com\/#\/schema\/person\/0ddab50eee2c767f00485b76c55ced1b"},"headline":"OFICIAL: Los GPs de Bar\u00e9in y Arabia Saud\u00ed no se correr\u00e1n en abril","datePublished":"2026-03-14T23:28:41+00:00","dateModified":"2026-03-14T23:30:58+00:00","mainEntityOfPage":{"@id":"https:\/\/www.firstlapf1.com\/oficial-los-gps-de-barein-y-arabia-saudi-no-se-correran-en-abril\/"},"wordCount":533,"image":{"@id":"https:\/\/www.firstlapf1.com\/oficial-los-gps-de-barein-y-arabia-saudi-no-se-correran-en-abril\/#primaryimage"},"thumbnailUrl":"https:\/\/www.firstlapf1.com\/wp-content\/uploads\/2026\/03\/20260314_233201.jpg","articleSection":["F1 Academy","F2","F3","FIA","GP Arabia Saud\u00ed (Jeddah Corniche Circuit)","GP Bar\u00e9in (Sakhir)"],"inLanguage":"en-GB"},{"@type":"WebPage","@id":"https:\/\/www.firstlapf1.com\/oficial-los-gps-de-barein-y-arabia-saudi-no-se-correran-en-abril\/","url":"https:\/\/www.firstlapf1.com\/oficial-los-gps-de-barein-y-arabia-saudi-no-se-correran-en-abril\/","name":"OFICIAL: Los GPs de Bar\u00e9in y Arabia Saud\u00ed no se correr\u00e1n en abril - Noticias F1 en espa\u00f1ol","isPartOf":{"@id":"https:\/\/www.firstlapf1.com\/#website"},"primaryImageOfPage":{"@id":"https:\/\/www.firstlapf1.com\/oficial-los-gps-de-barein-y-arabia-saudi-no-se-correran-en-abril\/#primaryimage"},"image":{"@id":"https:\/\/www.firstlapf1.com\/oficial-los-gps-de-barein-y-arabia-saudi-no-se-correran-en-abril\/#primaryimage"},"thumbnailUrl":"https:\/\/www.firstlapf1.com\/wp-content\/uploads\/2026\/03\/20260314_233201.jpg","datePublished":"2026-03-14T23:28:41+00:00","dateModified":"2026-03-14T23:30:58+00:00","author":{"@id":"https:\/\/www.firstlapf1.com\/#\/schema\/person\/0ddab50eee2c767f00485b76c55ced1b"},"description":"Bar\u00e9in y Arabia Saud\u00ed no formar\u00e1n parte de la temporada 2026 en abril por motivos b\u00e9licos en la zona de Oriente Medio","inLanguage":"en-GB","potentialAction":[{"@type":"ReadAction","target":["https:\/\/www.firstlapf1.com\/oficial-los-gps-de-barein-y-arabia-saudi-no-se-correran-en-abril\/"]}]},{"@type":"ImageObject","inLanguage":"en-GB","@id":"https:\/\/www.firstlapf1.com\/oficial-los-gps-de-barein-y-arabia-saudi-no-se-correran-en-abril\/#primaryimage","url":"https:\/\/www.firstlapf1.com\/wp-content\/uploads\/2026\/03\/20260314_233201.jpg","contentUrl":"https:\/\/www.firstlapf1.com\/wp-content\/uploads\/2026\/03\/20260314_233201.jpg","width":1638,"height":2048},{"@type":"WebSite","@id":"https:\/\/www.firstlapf1.com\/#website","url":"https:\/\/www.firstlapf1.com\/","name":"Noticias F1 en espa\u00f1ol","description":"Noticias F1 en espa\u00f1ol","potentialAction":[{"@type":"SearchAction","target":{"@type":"EntryPoint","urlTemplate":"https:\/\/www.firstlapf1.com\/?s={search_term_string}"},"query-input":{"@type":"PropertyValueSpecification","valueRequired":true,"valueName":"search_term_string"}}],"inLanguage":"en-GB"},{"@type":"Person","@id":"https:\/\/www.firstlapf1.com\/#\/schema\/person\/0ddab50eee2c767f00485b76c55ced1b","name":"Emilio Dual","image":{"@type":"ImageObject","inLanguage":"en-GB","@id":"https:\/\/www.firstlapf1.com\/#\/schema\/person\/image\/","url":"https:\/\/secure.gravatar.com\/avatar\/e18d5ff564ce67f3fb1de53cbc9244a88f494e7903b42f230478e3df21661472?s=96&d=mm&r=g","contentUrl":"https:\/\/secure.gravatar.com\/avatar\/e18d5ff564ce67f3fb1de53cbc9244a88f494e7903b42f230478e3df21661472?s=96&d=mm&r=g","caption":"Emilio Dual"},"sameAs":["http:\/\/www.firstlapf1.com\/"],"url":"https:\/\/www.firstlapf1.com\/en\/author\/emidua\/"}]}},"jetpack_featured_media_url":"https:\/\/www.firstlapf1.com\/wp-content\/uploads\/2026\/03\/20260314_233201.jpg","jetpack_sharing_enabled":true,"_links":{"self":[{"href":"https:\/\/www.firstlapf1.com\/en\/wp-json\/wp\/v2\/posts\/17944","targetHints":{"allow":["GET"]}}],"collection":[{"href":"https:\/\/www.firstlapf1.com\/en\/wp-json\/wp\/v2\/posts"}],"about":[{"href":"https:\/\/www.firstlapf1.com\/en\/wp-json\/wp\/v2\/types\/post"}],"author":[{"embeddable":true,"href":"https:\/\/www.firstlapf1.com\/en\/wp-json\/wp\/v2\/users\/55"}],"replies":[{"embeddable":true,"href":"https:\/\/www.firstlapf1.com\/en\/wp-json\/wp\/v2\/comments?post=17944"}],"version-history":[{"count":6,"href":"https:\/\/www.firstlapf1.com\/en\/wp-json\/wp\/v2\/posts\/17944\/revisions"}],"predecessor-version":[{"id":18096,"href":"https:\/\/www.firstlapf1.com\/en\/wp-json\/wp\/v2\/posts\/17944\/revisions\/18096"}],"wp:featuredmedia":[{"embeddable":true,"href":"https:\/\/www.firstlapf1.com\/en\/wp-json\/wp\/v2\/media\/18094"}],"wp:attachment":[{"href":"https:\/\/www.firstlapf1.com\/en\/wp-json\/wp\/v2\/media?parent=17944"}],"wp:term":[{"taxonomy":"category","embeddable":true,"href":"https:\/\/www.firstlapf1.com\/en\/wp-json\/wp\/v2\/categories?post=17944"},{"taxonomy":"post_tag","embeddable":true,"href":"https:\/\/www.firstlapf1.com\/en\/wp-json\/wp\/v2\/tags?post=17944"}],"curies":[{"name":"wp","href":"https:\/\/api.w.org\/{rel}","templated":true}]}}