{"id":17705,"date":"2026-01-28T21:58:27","date_gmt":"2026-01-28T21:58:27","guid":{"rendered":"https:\/\/www.firstlapf1.com\/?p=17705"},"modified":"2026-01-30T00:26:52","modified_gmt":"2026-01-30T00:26:52","slug":"resultados-shakedown-barcelona-dia-3-mercedes-empieza-a-asustar","status":"publish","type":"post","link":"https:\/\/www.firstlapf1.com\/en\/resultados-shakedown-barcelona-dia-3-mercedes-empieza-a-asustar\/","title":{"rendered":"Resultados Shakedown Barcelona D\u00eda 3: Mercedes empieza a asustar"},"content":{"rendered":"<h2 class=\"wp-block-heading\">Las flechas plateadas marcan un doblete y comienzan a meter miedo en los resultados del Shakedown en Barcelona del d\u00eda 3<\/h2>\n\n\n\n<p>El tiempo parec\u00eda que iba a dar una tregua tras un martes pasado por agua, por lo que la acci\u00f3n volv\u00eda a la pista. En cuanto a Red Bull, el equipo anunci\u00f3 que intentar\u00edan llegar al viernes, pues el accidente de ayer ha provocado el pedido de nuevas piezas a Milton Keynes. En caso de que sea favorable, Max Verstappen cerrar\u00e1 los <a href=\"https:\/\/www.formula1.com\/\" target=\"_blank\" rel=\"noreferrer noopener\">tests<\/a> para la marca de bebidas energ\u00e9ticas.<\/p>\n\n\n\n<h2 class=\"wp-block-heading has-normal-font-size\">Sesi\u00f3n matutina<\/h2>\n\n\n\n<p>La ma\u00f1ana empez\u00f3 movida. Apenas 1 hora desde que el sem\u00e1foro se pusiera en verde, el Audi de Nico H\u00fclkenberg se par\u00f3 entre las curvas 9 y 10, por lo que el alem\u00e1n ya protagonizaba la primera bandera roja. Poco despu\u00e9s, le toc\u00f3 a Oliver Bearman y su Haas correr la misma suerte, segunda bandera roja. Con este problema mec\u00e1nico, todos los motores han sufrido alg\u00fan percance en lo que llevamos de shakedown. La excepci\u00f3n a la regla es Honda, cuya unidad de potencia debutar\u00e1 ma\u00f1ana en pista. La sesi\u00f3n segu\u00eda y el Campe\u00f3n del Mundo, Lando Norris, estrenaba el MCL40 con el &#8216;1&#8217; en el morro, con una livery completamente negra. <\/p>\n\n\n\n<p>George Russell, Franco Colapinto y el propio Lando Norris cerraba la primera parte del tercer d\u00eda en <a href=\"https:\/\/www.firstlapf1.com\/en\/category\/barcelona\/\" target=\"_blank\" rel=\"noreferrer noopener\">Montmel\u00f3<\/a>. El brit\u00e1nico de Mercedes estableci\u00f3 el tiempo m\u00e1s bajo de la pretemporada hasta ese momento, con un rodaje de hasta 92 vueltas<\/p>\n\n\n\n<figure class=\"wp-block-image size-large\"><img loading=\"lazy\" decoding=\"async\" width=\"1024\" height=\"576\" src=\"https:\/\/www.firstlapf1.com\/wp-content\/uploads\/2026\/01\/1000080651-1024x576.jpg\" alt=\"\" class=\"wp-image-17707\" srcset=\"https:\/\/www.firstlapf1.com\/wp-content\/uploads\/2026\/01\/1000080651-1024x576.jpg 1024w, https:\/\/www.firstlapf1.com\/wp-content\/uploads\/2026\/01\/1000080651-300x169.jpg 300w, https:\/\/www.firstlapf1.com\/wp-content\/uploads\/2026\/01\/1000080651-768x432.jpg 768w, https:\/\/www.firstlapf1.com\/wp-content\/uploads\/2026\/01\/1000080651-18x10.jpg 18w, https:\/\/www.firstlapf1.com\/wp-content\/uploads\/2026\/01\/1000080651-190x107.jpg 190w, https:\/\/www.firstlapf1.com\/wp-content\/uploads\/2026\/01\/1000080651.jpg 1200w\" sizes=\"auto, (max-width: 1024px) 100vw, 1024px\" \/><figcaption class=\"wp-element-caption\">Fuente: F1 en X<\/figcaption><\/figure>\n\n\n\n<h2 class=\"wp-block-heading has-normal-font-size\">Sesi\u00f3n vespertina<\/h2>\n\n\n\n<p>Alpine y Mercedes intercambiaron a sus pilotos, subi\u00e9ndose Pierre Gasly en vez de Franco Colapinto y Kimi Antonelli, en el lugar de George Russell, respectivamente. No tard\u00f3 en llegar la bandera roja, esta vez era Arvid Lindblad a bordo de su Racing Bulls, quien se quedaba parado.<\/p>\n\n\n\n<p>Antonelli imprimi\u00f3 un buen ritmo, superando el tiempo que hab\u00eda hecho su compa\u00f1ero. George Russell y Lando Norris cerraron el top 3 de la tarde.<\/p>\n\n\n\n<p>Por su parte, Aston Martin ya tiene en su garaje el AMR26, listo para iniciar su andadura a lo largo del d\u00eda de ma\u00f1ana.<\/p>\n\n\n\n<figure class=\"wp-block-image size-large\"><img loading=\"lazy\" decoding=\"async\" width=\"1024\" height=\"576\" src=\"https:\/\/www.firstlapf1.com\/wp-content\/uploads\/2026\/01\/1000080652-1024x576.jpg\" alt=\"\" class=\"wp-image-17708\" srcset=\"https:\/\/www.firstlapf1.com\/wp-content\/uploads\/2026\/01\/1000080652-1024x576.jpg 1024w, https:\/\/www.firstlapf1.com\/wp-content\/uploads\/2026\/01\/1000080652-300x169.jpg 300w, https:\/\/www.firstlapf1.com\/wp-content\/uploads\/2026\/01\/1000080652-768x432.jpg 768w, https:\/\/www.firstlapf1.com\/wp-content\/uploads\/2026\/01\/1000080652-18x10.jpg 18w, https:\/\/www.firstlapf1.com\/wp-content\/uploads\/2026\/01\/1000080652-190x107.jpg 190w, https:\/\/www.firstlapf1.com\/wp-content\/uploads\/2026\/01\/1000080652.jpg 1200w\" sizes=\"auto, (max-width: 1024px) 100vw, 1024px\" \/><figcaption class=\"wp-element-caption\">Fuente: F1 en X (fuente portada: F1 en X)<\/figcaption><\/figure>\n\n\n\n<p><\/p>","protected":false},"excerpt":{"rendered":"<p>Las flechas plateadas marcan un doblete y comienzan a meter miedo en los resultados del Shakedown en Barcelona del d\u00eda 3 &hellip; <span class=\"more-button\"><a href=\"https:\/\/www.firstlapf1.com\/en\/resultados-shakedown-barcelona-dia-3-mercedes-empieza-a-asustar\/\" class=\"more-link\">Continue reading<span class=\"screen-reader-text\">Resultados Shakedown Barcelona D\u00eda 3: Mercedes empieza a asustar<\/span><\/a><\/span><\/p>","protected":false},"author":2,"featured_media":17709,"comment_status":"closed","ping_status":"open","sticky":false,"template":"","format":"standard","meta":{"_jetpack_memberships_contains_paid_content":false,"footnotes":""},"categories":[6,7,21,35],"tags":[],"class_list":["post-17705","post","type-post","status-publish","format-standard","has-post-thumbnail","hentry","category-circuitos","category-escuderias-f1","category-barcelona","category-mercedes-amg"],"yoast_head":"<!-- This site is optimized with the Yoast SEO plugin v27.0 - https:\/\/yoast.com\/product\/yoast-seo-wordpress\/ -->\n<title>Resultados Shakedown Barcelona D\u00eda 3: Mercedes empieza a asustar - Noticias F1 en espa\u00f1ol<\/title>\n<meta name=\"description\" content=\"Las flechas plateadas marcan un doblete y comienzan a meter miedo en los resultados del Shakedown en Barcelona del d\u00eda 3\" \/>\n<meta name=\"robots\" content=\"index, follow, max-snippet:-1, max-image-preview:large, max-video-preview:-1\" \/>\n<link rel=\"canonical\" href=\"https:\/\/www.firstlapf1.com\/en\/resultados-shakedown-barcelona-dia-3-mercedes-empieza-a-asustar\/\" \/>\n<meta property=\"og:locale\" content=\"en_GB\" \/>\n<meta property=\"og:type\" content=\"article\" \/>\n<meta property=\"og:title\" content=\"Resultados Shakedown Barcelona D\u00eda 3: Mercedes empieza a asustar - Noticias F1 en espa\u00f1ol\" \/>\n<meta property=\"og:description\" content=\"Las flechas plateadas marcan un doblete y comienzan a meter miedo en los resultados del Shakedown en Barcelona del d\u00eda 3\" \/>\n<meta property=\"og:url\" content=\"https:\/\/www.firstlapf1.com\/en\/resultados-shakedown-barcelona-dia-3-mercedes-empieza-a-asustar\/\" \/>\n<meta property=\"og:site_name\" content=\"Noticias F1 en espa\u00f1ol\" \/>\n<meta property=\"article:published_time\" content=\"2026-01-28T21:58:27+00:00\" \/>\n<meta property=\"article:modified_time\" content=\"2026-01-30T00:26:52+00:00\" \/>\n<meta property=\"og:image\" content=\"https:\/\/www.firstlapf1.com\/wp-content\/uploads\/2026\/01\/20260128_225712.jpg\" \/>\n\t<meta property=\"og:image:width\" content=\"960\" \/>\n\t<meta property=\"og:image:height\" content=\"1200\" \/>\n\t<meta property=\"og:image:type\" content=\"image\/jpeg\" \/>\n<meta name=\"author\" content=\"Miguel Lora-Paquet\" \/>\n<meta name=\"twitter:card\" content=\"summary_large_image\" \/>\n<meta name=\"twitter:label1\" content=\"Written by\" \/>\n\t<meta name=\"twitter:data1\" content=\"Miguel Lora-Paquet\" \/>\n\t<meta name=\"twitter:label2\" content=\"Estimated reading time\" \/>\n\t<meta name=\"twitter:data2\" content=\"3 minutes\" \/>\n<script type=\"application\/ld+json\" class=\"yoast-schema-graph\">{\"@context\":\"https:\/\/schema.org\",\"@graph\":[{\"@type\":\"Article\",\"@id\":\"https:\/\/www.firstlapf1.com\/resultados-shakedown-barcelona-dia-3-mercedes-empieza-a-asustar\/#article\",\"isPartOf\":{\"@id\":\"https:\/\/www.firstlapf1.com\/resultados-shakedown-barcelona-dia-3-mercedes-empieza-a-asustar\/\"},\"author\":{\"name\":\"Miguel Lora-Paquet\",\"@id\":\"https:\/\/www.firstlapf1.com\/#\/schema\/person\/9eca09873eecb6d7836bc1a0bbd78250\"},\"headline\":\"Resultados Shakedown Barcelona D\u00eda 3: Mercedes empieza a asustar\",\"datePublished\":\"2026-01-28T21:58:27+00:00\",\"dateModified\":\"2026-01-30T00:26:52+00:00\",\"mainEntityOfPage\":{\"@id\":\"https:\/\/www.firstlapf1.com\/resultados-shakedown-barcelona-dia-3-mercedes-empieza-a-asustar\/\"},\"wordCount\":387,\"image\":{\"@id\":\"https:\/\/www.firstlapf1.com\/resultados-shakedown-barcelona-dia-3-mercedes-empieza-a-asustar\/#primaryimage\"},\"thumbnailUrl\":\"https:\/\/www.firstlapf1.com\/wp-content\/uploads\/2026\/01\/20260128_225712.jpg\",\"articleSection\":[\"Circuitos\",\"Escuder\u00edas\",\"GP Barcelona (Circuit de Barcelona-Catalunya)\",\"Mercedes-AMG PETRONAS Formula One Team\"],\"inLanguage\":\"en-GB\"},{\"@type\":\"WebPage\",\"@id\":\"https:\/\/www.firstlapf1.com\/resultados-shakedown-barcelona-dia-3-mercedes-empieza-a-asustar\/\",\"url\":\"https:\/\/www.firstlapf1.com\/resultados-shakedown-barcelona-dia-3-mercedes-empieza-a-asustar\/\",\"name\":\"Resultados Shakedown Barcelona D\u00eda 3: Mercedes empieza a asustar - Noticias F1 en espa\u00f1ol\",\"isPartOf\":{\"@id\":\"https:\/\/www.firstlapf1.com\/#website\"},\"primaryImageOfPage\":{\"@id\":\"https:\/\/www.firstlapf1.com\/resultados-shakedown-barcelona-dia-3-mercedes-empieza-a-asustar\/#primaryimage\"},\"image\":{\"@id\":\"https:\/\/www.firstlapf1.com\/resultados-shakedown-barcelona-dia-3-mercedes-empieza-a-asustar\/#primaryimage\"},\"thumbnailUrl\":\"https:\/\/www.firstlapf1.com\/wp-content\/uploads\/2026\/01\/20260128_225712.jpg\",\"datePublished\":\"2026-01-28T21:58:27+00:00\",\"dateModified\":\"2026-01-30T00:26:52+00:00\",\"author\":{\"@id\":\"https:\/\/www.firstlapf1.com\/#\/schema\/person\/9eca09873eecb6d7836bc1a0bbd78250\"},\"description\":\"Las flechas plateadas marcan un doblete y comienzan a meter miedo en los resultados del Shakedown en Barcelona del d\u00eda 3\",\"inLanguage\":\"en-GB\",\"potentialAction\":[{\"@type\":\"ReadAction\",\"target\":[\"https:\/\/www.firstlapf1.com\/resultados-shakedown-barcelona-dia-3-mercedes-empieza-a-asustar\/\"]}]},{\"@type\":\"ImageObject\",\"inLanguage\":\"en-GB\",\"@id\":\"https:\/\/www.firstlapf1.com\/resultados-shakedown-barcelona-dia-3-mercedes-empieza-a-asustar\/#primaryimage\",\"url\":\"https:\/\/www.firstlapf1.com\/wp-content\/uploads\/2026\/01\/20260128_225712.jpg\",\"contentUrl\":\"https:\/\/www.firstlapf1.com\/wp-content\/uploads\/2026\/01\/20260128_225712.jpg\",\"width\":960,\"height\":1200},{\"@type\":\"WebSite\",\"@id\":\"https:\/\/www.firstlapf1.com\/#website\",\"url\":\"https:\/\/www.firstlapf1.com\/\",\"name\":\"Noticias F1 en espa\u00f1ol\",\"description\":\"Noticias F1 en espa\u00f1ol\",\"potentialAction\":[{\"@type\":\"SearchAction\",\"target\":{\"@type\":\"EntryPoint\",\"urlTemplate\":\"https:\/\/www.firstlapf1.com\/?s={search_term_string}\"},\"query-input\":{\"@type\":\"PropertyValueSpecification\",\"valueRequired\":true,\"valueName\":\"search_term_string\"}}],\"inLanguage\":\"en-GB\"},{\"@type\":\"Person\",\"@id\":\"https:\/\/www.firstlapf1.com\/#\/schema\/person\/9eca09873eecb6d7836bc1a0bbd78250\",\"name\":\"Miguel Lora-Paquet\",\"image\":{\"@type\":\"ImageObject\",\"inLanguage\":\"en-GB\",\"@id\":\"https:\/\/www.firstlapf1.com\/#\/schema\/person\/image\/\",\"url\":\"https:\/\/www.firstlapf1.com\/wp-content\/uploads\/2022\/09\/7d393f41-126a-4a1e-bf1d-9d04e2ebc621.jpeg\",\"contentUrl\":\"https:\/\/www.firstlapf1.com\/wp-content\/uploads\/2022\/09\/7d393f41-126a-4a1e-bf1d-9d04e2ebc621.jpeg\",\"caption\":\"Miguel Lora-Paquet\"},\"url\":\"https:\/\/www.firstlapf1.com\/en\/author\/miguel\/\"}]}<\/script>\n<!-- \/ Yoast SEO plugin. -->","yoast_head_json":{"title":"Resultados Shakedown Barcelona D\u00eda 3: Mercedes empieza a asustar - Noticias F1 en espa\u00f1ol","description":"Las flechas plateadas marcan un doblete y comienzan a meter miedo en los resultados del Shakedown en Barcelona del d\u00eda 3","robots":{"index":"index","follow":"follow","max-snippet":"max-snippet:-1","max-image-preview":"max-image-preview:large","max-video-preview":"max-video-preview:-1"},"canonical":"https:\/\/www.firstlapf1.com\/en\/resultados-shakedown-barcelona-dia-3-mercedes-empieza-a-asustar\/","og_locale":"en_GB","og_type":"article","og_title":"Resultados Shakedown Barcelona D\u00eda 3: Mercedes empieza a asustar - Noticias F1 en espa\u00f1ol","og_description":"Las flechas plateadas marcan un doblete y comienzan a meter miedo en los resultados del Shakedown en Barcelona del d\u00eda 3","og_url":"https:\/\/www.firstlapf1.com\/en\/resultados-shakedown-barcelona-dia-3-mercedes-empieza-a-asustar\/","og_site_name":"Noticias F1 en espa\u00f1ol","article_published_time":"2026-01-28T21:58:27+00:00","article_modified_time":"2026-01-30T00:26:52+00:00","og_image":[{"width":960,"height":1200,"url":"https:\/\/www.firstlapf1.com\/wp-content\/uploads\/2026\/01\/20260128_225712.jpg","type":"image\/jpeg"}],"author":"Miguel Lora-Paquet","twitter_card":"summary_large_image","twitter_misc":{"Written by":"Miguel Lora-Paquet","Estimated reading time":"3 minutes"},"schema":{"@context":"https:\/\/schema.org","@graph":[{"@type":"Article","@id":"https:\/\/www.firstlapf1.com\/resultados-shakedown-barcelona-dia-3-mercedes-empieza-a-asustar\/#article","isPartOf":{"@id":"https:\/\/www.firstlapf1.com\/resultados-shakedown-barcelona-dia-3-mercedes-empieza-a-asustar\/"},"author":{"name":"Miguel Lora-Paquet","@id":"https:\/\/www.firstlapf1.com\/#\/schema\/person\/9eca09873eecb6d7836bc1a0bbd78250"},"headline":"Resultados Shakedown Barcelona D\u00eda 3: Mercedes empieza a asustar","datePublished":"2026-01-28T21:58:27+00:00","dateModified":"2026-01-30T00:26:52+00:00","mainEntityOfPage":{"@id":"https:\/\/www.firstlapf1.com\/resultados-shakedown-barcelona-dia-3-mercedes-empieza-a-asustar\/"},"wordCount":387,"image":{"@id":"https:\/\/www.firstlapf1.com\/resultados-shakedown-barcelona-dia-3-mercedes-empieza-a-asustar\/#primaryimage"},"thumbnailUrl":"https:\/\/www.firstlapf1.com\/wp-content\/uploads\/2026\/01\/20260128_225712.jpg","articleSection":["Circuitos","Escuder\u00edas","GP Barcelona (Circuit de Barcelona-Catalunya)","Mercedes-AMG PETRONAS Formula One Team"],"inLanguage":"en-GB"},{"@type":"WebPage","@id":"https:\/\/www.firstlapf1.com\/resultados-shakedown-barcelona-dia-3-mercedes-empieza-a-asustar\/","url":"https:\/\/www.firstlapf1.com\/resultados-shakedown-barcelona-dia-3-mercedes-empieza-a-asustar\/","name":"Resultados Shakedown Barcelona D\u00eda 3: Mercedes empieza a asustar - Noticias F1 en espa\u00f1ol","isPartOf":{"@id":"https:\/\/www.firstlapf1.com\/#website"},"primaryImageOfPage":{"@id":"https:\/\/www.firstlapf1.com\/resultados-shakedown-barcelona-dia-3-mercedes-empieza-a-asustar\/#primaryimage"},"image":{"@id":"https:\/\/www.firstlapf1.com\/resultados-shakedown-barcelona-dia-3-mercedes-empieza-a-asustar\/#primaryimage"},"thumbnailUrl":"https:\/\/www.firstlapf1.com\/wp-content\/uploads\/2026\/01\/20260128_225712.jpg","datePublished":"2026-01-28T21:58:27+00:00","dateModified":"2026-01-30T00:26:52+00:00","author":{"@id":"https:\/\/www.firstlapf1.com\/#\/schema\/person\/9eca09873eecb6d7836bc1a0bbd78250"},"description":"Las flechas plateadas marcan un doblete y comienzan a meter miedo en los resultados del Shakedown en Barcelona del d\u00eda 3","inLanguage":"en-GB","potentialAction":[{"@type":"ReadAction","target":["https:\/\/www.firstlapf1.com\/resultados-shakedown-barcelona-dia-3-mercedes-empieza-a-asustar\/"]}]},{"@type":"ImageObject","inLanguage":"en-GB","@id":"https:\/\/www.firstlapf1.com\/resultados-shakedown-barcelona-dia-3-mercedes-empieza-a-asustar\/#primaryimage","url":"https:\/\/www.firstlapf1.com\/wp-content\/uploads\/2026\/01\/20260128_225712.jpg","contentUrl":"https:\/\/www.firstlapf1.com\/wp-content\/uploads\/2026\/01\/20260128_225712.jpg","width":960,"height":1200},{"@type":"WebSite","@id":"https:\/\/www.firstlapf1.com\/#website","url":"https:\/\/www.firstlapf1.com\/","name":"Noticias F1 en espa\u00f1ol","description":"Noticias F1 en espa\u00f1ol","potentialAction":[{"@type":"SearchAction","target":{"@type":"EntryPoint","urlTemplate":"https:\/\/www.firstlapf1.com\/?s={search_term_string}"},"query-input":{"@type":"PropertyValueSpecification","valueRequired":true,"valueName":"search_term_string"}}],"inLanguage":"en-GB"},{"@type":"Person","@id":"https:\/\/www.firstlapf1.com\/#\/schema\/person\/9eca09873eecb6d7836bc1a0bbd78250","name":"Miguel Lora-Paquet","image":{"@type":"ImageObject","inLanguage":"en-GB","@id":"https:\/\/www.firstlapf1.com\/#\/schema\/person\/image\/","url":"https:\/\/www.firstlapf1.com\/wp-content\/uploads\/2022\/09\/7d393f41-126a-4a1e-bf1d-9d04e2ebc621.jpeg","contentUrl":"https:\/\/www.firstlapf1.com\/wp-content\/uploads\/2022\/09\/7d393f41-126a-4a1e-bf1d-9d04e2ebc621.jpeg","caption":"Miguel Lora-Paquet"},"url":"https:\/\/www.firstlapf1.com\/en\/author\/miguel\/"}]}},"jetpack_featured_media_url":"https:\/\/www.firstlapf1.com\/wp-content\/uploads\/2026\/01\/20260128_225712.jpg","jetpack_sharing_enabled":true,"_links":{"self":[{"href":"https:\/\/www.firstlapf1.com\/en\/wp-json\/wp\/v2\/posts\/17705","targetHints":{"allow":["GET"]}}],"collection":[{"href":"https:\/\/www.firstlapf1.com\/en\/wp-json\/wp\/v2\/posts"}],"about":[{"href":"https:\/\/www.firstlapf1.com\/en\/wp-json\/wp\/v2\/types\/post"}],"author":[{"embeddable":true,"href":"https:\/\/www.firstlapf1.com\/en\/wp-json\/wp\/v2\/users\/2"}],"replies":[{"embeddable":true,"href":"https:\/\/www.firstlapf1.com\/en\/wp-json\/wp\/v2\/comments?post=17705"}],"version-history":[{"count":2,"href":"https:\/\/www.firstlapf1.com\/en\/wp-json\/wp\/v2\/posts\/17705\/revisions"}],"predecessor-version":[{"id":17710,"href":"https:\/\/www.firstlapf1.com\/en\/wp-json\/wp\/v2\/posts\/17705\/revisions\/17710"}],"wp:featuredmedia":[{"embeddable":true,"href":"https:\/\/www.firstlapf1.com\/en\/wp-json\/wp\/v2\/media\/17709"}],"wp:attachment":[{"href":"https:\/\/www.firstlapf1.com\/en\/wp-json\/wp\/v2\/media?parent=17705"}],"wp:term":[{"taxonomy":"category","embeddable":true,"href":"https:\/\/www.firstlapf1.com\/en\/wp-json\/wp\/v2\/categories?post=17705"},{"taxonomy":"post_tag","embeddable":true,"href":"https:\/\/www.firstlapf1.com\/en\/wp-json\/wp\/v2\/tags?post=17705"}],"curies":[{"name":"wp","href":"https:\/\/api.w.org\/{rel}","templated":true}]}}