{"id":17690,"date":"2026-01-27T09:32:09","date_gmt":"2026-01-27T09:32:09","guid":{"rendered":"https:\/\/www.firstlapf1.com\/?p=17690"},"modified":"2026-01-27T09:32:12","modified_gmt":"2026-01-27T09:32:12","slug":"oficial-ktm-y-tech3-inician-la-temporada-2026","status":"publish","type":"post","link":"https:\/\/www.firstlapf1.com\/en\/oficial-ktm-y-tech3-inician-la-temporada-2026\/","title":{"rendered":"OFICIAL: KTM y Tech3 inician la temporada 2026"},"content":{"rendered":"<h2 class=\"wp-block-heading\">La entidad austr\u00edaca KTM y, su equipo sat\u00e9lite, Tech3, han presentado de manera conjunta sus nuevas motos para 2026<\/h2>\n\n\n\n<p>Entramos en la tercera semana de presentaciones, siendo el turno de la estructura <a href=\"https:\/\/www.firstlapf1.com\/en\/category\/ktm\/\" target=\"_blank\" rel=\"noreferrer noopener\">KTM<\/a>. Tanto el equipo oficial como el sat\u00e9lite abren el tel\u00f3n a la pr\u00f3xima temporada con una presentaci\u00f3n conjunta, tal y como hicieron el a\u00f1o pasado, lanzando 4 motos pr\u00e1cticamente iguales<\/p>\n\n\n\n<h2 class=\"wp-block-heading has-normal-font-size\">KTM<\/h2>\n\n\n\n<p>Ning\u00fan cambio en cuanto a la livery. Mantienen el cl\u00e1sico naranja y azul de la marca, cambiando el patrocinador, en vez de Mobil 1, aparece Motorex.<\/p>\n\n\n\n<p>Todo sigue igual para 2026: Brad Binder y Pedro Acosta continuar\u00e1n en el equipo de f\u00e1brica. En el caso del sudafricano, tendr\u00e1 que dar un paso adelante y ser m\u00e1s consistente si quiere mantener un asiento en MotoGP para 2027. Diferente es la situaci\u00f3n del espa\u00f1ol. El murciano volar\u00e1 de KTM, a falta de ser oficial, a finales de 2026, con destino Ducati u Honda. La f\u00e1brica italiana es la opci\u00f3n favorita para Acosta.<\/p>\n\n\n\n<p>La meta de KTM este a\u00f1o es apretar a las f\u00e1bricas punteras. Con un gran nivel de Acosta, KTM deber\u00eda aprovecharlo para poner en aprietos tanto a Ducati como a Aprilia, en un a\u00f1o donde todo apunta a que se va a apretar.<\/p>\n\n\n\n<figure class=\"wp-block-image size-large\"><img loading=\"lazy\" decoding=\"async\" width=\"1024\" height=\"683\" src=\"https:\/\/www.firstlapf1.com\/wp-content\/uploads\/2026\/01\/1000080206-1024x683.jpg\" alt=\"\" class=\"wp-image-17695\" srcset=\"https:\/\/www.firstlapf1.com\/wp-content\/uploads\/2026\/01\/1000080206-1024x683.jpg 1024w, https:\/\/www.firstlapf1.com\/wp-content\/uploads\/2026\/01\/1000080206-300x200.jpg 300w, https:\/\/www.firstlapf1.com\/wp-content\/uploads\/2026\/01\/1000080206-768x512.jpg 768w, https:\/\/www.firstlapf1.com\/wp-content\/uploads\/2026\/01\/1000080206-1536x1024.jpg 1536w, https:\/\/www.firstlapf1.com\/wp-content\/uploads\/2026\/01\/1000080206-2048x1365.jpg 2048w, https:\/\/www.firstlapf1.com\/wp-content\/uploads\/2026\/01\/1000080206-18x12.jpg 18w\" sizes=\"auto, (max-width: 1024px) 100vw, 1024px\" \/><figcaption class=\"wp-element-caption\">Fuente: Red Bull KTM Factory Racing en X <\/figcaption><\/figure>\n\n\n\n<h2 class=\"wp-block-heading has-normal-font-size\">Tech3<\/h2>\n\n\n\n<p>En Tech3 s\u00ed que no cambia absolutamente nada, siendo Motul el mismo patrocinador.<\/p>\n\n\n\n<p>La dupla de Tech3 seguir\u00e1 formada por Enea Bastianini y Maverick Vi\u00f1ales. El italiano  se juega la continuidad en la categor\u00eda. Enea encontr\u00f3 varias dificultades la pasada temporada pero la lesi\u00f3n de Maverick le dio alas, realizando un buen papel en aquellos circuitos donde Tech3 ten\u00eda s\u00f3lo una moto disponible. El espa\u00f1ol pondr\u00e1 rumbo al <a href=\"https:\/\/www.motogp.com\/es\" target=\"_blank\" rel=\"noreferrer noopener\">KTM oficial<\/a>, seg\u00fan ha confirm\u00f3 el Diario As en. eld\u00eda de ayer. No obstante, es una decisi\u00f3n l\u00f3gica tras buenas actuaciones, siempre y cuando las lesiones les han permitido.<\/p>\n\n\n\n<figure class=\"wp-block-image size-large\"><img loading=\"lazy\" decoding=\"async\" width=\"1024\" height=\"1024\" src=\"https:\/\/www.firstlapf1.com\/wp-content\/uploads\/2026\/01\/1000080208-1024x1024.jpg\" alt=\"\" class=\"wp-image-17693\" srcset=\"https:\/\/www.firstlapf1.com\/wp-content\/uploads\/2026\/01\/1000080208-1024x1024.jpg 1024w, https:\/\/www.firstlapf1.com\/wp-content\/uploads\/2026\/01\/1000080208-300x300.jpg 300w, https:\/\/www.firstlapf1.com\/wp-content\/uploads\/2026\/01\/1000080208-150x150.jpg 150w, https:\/\/www.firstlapf1.com\/wp-content\/uploads\/2026\/01\/1000080208-768x768.jpg 768w, https:\/\/www.firstlapf1.com\/wp-content\/uploads\/2026\/01\/1000080208-12x12.jpg 12w, https:\/\/www.firstlapf1.com\/wp-content\/uploads\/2026\/01\/1000080208-640x640.jpg 640w, https:\/\/www.firstlapf1.com\/wp-content\/uploads\/2026\/01\/1000080208-70x70.jpg 70w, https:\/\/www.firstlapf1.com\/wp-content\/uploads\/2026\/01\/1000080208-606x606.jpg 606w, https:\/\/www.firstlapf1.com\/wp-content\/uploads\/2026\/01\/1000080208-700x700.jpg 700w, https:\/\/www.firstlapf1.com\/wp-content\/uploads\/2026\/01\/1000080208-50x50.jpg 50w, https:\/\/www.firstlapf1.com\/wp-content\/uploads\/2026\/01\/1000080208.jpg 1080w\" sizes=\"auto, (max-width: 1024px) 100vw, 1024px\" \/><figcaption class=\"wp-element-caption\">Fuente: Tech3 Racing en X (fuente portada: Red Bull KTM Factory Racing en X)<\/figcaption><\/figure>\n\n\n\n<p><\/p>","protected":false},"excerpt":{"rendered":"<p>La entidad austr\u00edaca KTM y, su equipo sat\u00e9lite, Tech3, han presentado de manera conjunta sus nuevas motos para 2026 &hellip; <span class=\"more-button\"><a href=\"https:\/\/www.firstlapf1.com\/en\/oficial-ktm-y-tech3-inician-la-temporada-2026\/\" class=\"more-link\">Continue reading<span class=\"screen-reader-text\">OFICIAL: KTM y Tech3 inician la temporada 2026<\/span><\/a><\/span><\/p>","protected":false},"author":2,"featured_media":17694,"comment_status":"closed","ping_status":"open","sticky":false,"template":"","format":"standard","meta":{"_jetpack_memberships_contains_paid_content":false,"footnotes":""},"categories":[105,112],"tags":[],"class_list":["post-17690","post","type-post","status-publish","format-standard","has-post-thumbnail","hentry","category-ktm","category-tech3"],"yoast_head":"<!-- This site is optimized with the Yoast SEO plugin v27.0 - https:\/\/yoast.com\/product\/yoast-seo-wordpress\/ -->\n<title>OFICIAL: KTM y Tech3 inician la temporada 2026 - Noticias F1 en espa\u00f1ol<\/title>\n<meta name=\"description\" content=\"La entidad austr\u00edaca KTM y, su equipo sat\u00e9lite, Tech3, han presentado de manera conjunta sus nuevas motos para 2026\" \/>\n<meta name=\"robots\" content=\"index, follow, max-snippet:-1, max-image-preview:large, max-video-preview:-1\" \/>\n<link rel=\"canonical\" href=\"https:\/\/www.firstlapf1.com\/en\/oficial-ktm-y-tech3-inician-la-temporada-2026\/\" \/>\n<meta property=\"og:locale\" content=\"en_GB\" \/>\n<meta property=\"og:type\" content=\"article\" \/>\n<meta property=\"og:title\" content=\"OFICIAL: KTM y Tech3 inician la temporada 2026 - Noticias F1 en espa\u00f1ol\" \/>\n<meta property=\"og:description\" content=\"La entidad austr\u00edaca KTM y, su equipo sat\u00e9lite, Tech3, han presentado de manera conjunta sus nuevas motos para 2026\" \/>\n<meta property=\"og:url\" content=\"https:\/\/www.firstlapf1.com\/en\/oficial-ktm-y-tech3-inician-la-temporada-2026\/\" \/>\n<meta property=\"og:site_name\" content=\"Noticias F1 en espa\u00f1ol\" \/>\n<meta property=\"article:published_time\" content=\"2026-01-27T09:32:09+00:00\" \/>\n<meta property=\"article:modified_time\" content=\"2026-01-27T09:32:12+00:00\" \/>\n<meta property=\"og:image\" content=\"https:\/\/www.firstlapf1.com\/wp-content\/uploads\/2026\/01\/20260127_102753-scaled.jpg\" \/>\n\t<meta property=\"og:image:width\" content=\"2560\" \/>\n\t<meta property=\"og:image:height\" content=\"1706\" \/>\n\t<meta property=\"og:image:type\" content=\"image\/jpeg\" \/>\n<meta name=\"author\" content=\"Miguel Lora-Paquet\" \/>\n<meta name=\"twitter:card\" content=\"summary_large_image\" \/>\n<meta name=\"twitter:label1\" content=\"Written by\" \/>\n\t<meta name=\"twitter:data1\" content=\"Miguel Lora-Paquet\" \/>\n\t<meta name=\"twitter:label2\" content=\"Estimated reading time\" \/>\n\t<meta name=\"twitter:data2\" content=\"3 minutes\" \/>\n<script type=\"application\/ld+json\" class=\"yoast-schema-graph\">{\"@context\":\"https:\/\/schema.org\",\"@graph\":[{\"@type\":\"Article\",\"@id\":\"https:\/\/www.firstlapf1.com\/oficial-ktm-y-tech3-inician-la-temporada-2026\/#article\",\"isPartOf\":{\"@id\":\"https:\/\/www.firstlapf1.com\/oficial-ktm-y-tech3-inician-la-temporada-2026\/\"},\"author\":{\"name\":\"Miguel Lora-Paquet\",\"@id\":\"https:\/\/www.firstlapf1.com\/#\/schema\/person\/9eca09873eecb6d7836bc1a0bbd78250\"},\"headline\":\"OFICIAL: KTM y Tech3 inician la temporada 2026\",\"datePublished\":\"2026-01-27T09:32:09+00:00\",\"dateModified\":\"2026-01-27T09:32:12+00:00\",\"mainEntityOfPage\":{\"@id\":\"https:\/\/www.firstlapf1.com\/oficial-ktm-y-tech3-inician-la-temporada-2026\/\"},\"wordCount\":359,\"image\":{\"@id\":\"https:\/\/www.firstlapf1.com\/oficial-ktm-y-tech3-inician-la-temporada-2026\/#primaryimage\"},\"thumbnailUrl\":\"https:\/\/www.firstlapf1.com\/wp-content\/uploads\/2026\/01\/20260127_102753-scaled.jpg\",\"articleSection\":[\"Red Bull KTM Factory Racing\",\"Red Bull KTM Tech3\"],\"inLanguage\":\"en-GB\"},{\"@type\":\"WebPage\",\"@id\":\"https:\/\/www.firstlapf1.com\/oficial-ktm-y-tech3-inician-la-temporada-2026\/\",\"url\":\"https:\/\/www.firstlapf1.com\/oficial-ktm-y-tech3-inician-la-temporada-2026\/\",\"name\":\"OFICIAL: KTM y Tech3 inician la temporada 2026 - Noticias F1 en espa\u00f1ol\",\"isPartOf\":{\"@id\":\"https:\/\/www.firstlapf1.com\/#website\"},\"primaryImageOfPage\":{\"@id\":\"https:\/\/www.firstlapf1.com\/oficial-ktm-y-tech3-inician-la-temporada-2026\/#primaryimage\"},\"image\":{\"@id\":\"https:\/\/www.firstlapf1.com\/oficial-ktm-y-tech3-inician-la-temporada-2026\/#primaryimage\"},\"thumbnailUrl\":\"https:\/\/www.firstlapf1.com\/wp-content\/uploads\/2026\/01\/20260127_102753-scaled.jpg\",\"datePublished\":\"2026-01-27T09:32:09+00:00\",\"dateModified\":\"2026-01-27T09:32:12+00:00\",\"author\":{\"@id\":\"https:\/\/www.firstlapf1.com\/#\/schema\/person\/9eca09873eecb6d7836bc1a0bbd78250\"},\"description\":\"La entidad austr\u00edaca KTM y, su equipo sat\u00e9lite, Tech3, han presentado de manera conjunta sus nuevas motos para 2026\",\"inLanguage\":\"en-GB\",\"potentialAction\":[{\"@type\":\"ReadAction\",\"target\":[\"https:\/\/www.firstlapf1.com\/oficial-ktm-y-tech3-inician-la-temporada-2026\/\"]}]},{\"@type\":\"ImageObject\",\"inLanguage\":\"en-GB\",\"@id\":\"https:\/\/www.firstlapf1.com\/oficial-ktm-y-tech3-inician-la-temporada-2026\/#primaryimage\",\"url\":\"https:\/\/www.firstlapf1.com\/wp-content\/uploads\/2026\/01\/20260127_102753-scaled.jpg\",\"contentUrl\":\"https:\/\/www.firstlapf1.com\/wp-content\/uploads\/2026\/01\/20260127_102753-scaled.jpg\",\"width\":2560,\"height\":1706},{\"@type\":\"WebSite\",\"@id\":\"https:\/\/www.firstlapf1.com\/#website\",\"url\":\"https:\/\/www.firstlapf1.com\/\",\"name\":\"Noticias F1 en espa\u00f1ol\",\"description\":\"Noticias F1 en espa\u00f1ol\",\"potentialAction\":[{\"@type\":\"SearchAction\",\"target\":{\"@type\":\"EntryPoint\",\"urlTemplate\":\"https:\/\/www.firstlapf1.com\/?s={search_term_string}\"},\"query-input\":{\"@type\":\"PropertyValueSpecification\",\"valueRequired\":true,\"valueName\":\"search_term_string\"}}],\"inLanguage\":\"en-GB\"},{\"@type\":\"Person\",\"@id\":\"https:\/\/www.firstlapf1.com\/#\/schema\/person\/9eca09873eecb6d7836bc1a0bbd78250\",\"name\":\"Miguel Lora-Paquet\",\"image\":{\"@type\":\"ImageObject\",\"inLanguage\":\"en-GB\",\"@id\":\"https:\/\/www.firstlapf1.com\/#\/schema\/person\/image\/\",\"url\":\"https:\/\/www.firstlapf1.com\/wp-content\/uploads\/2022\/09\/7d393f41-126a-4a1e-bf1d-9d04e2ebc621.jpeg\",\"contentUrl\":\"https:\/\/www.firstlapf1.com\/wp-content\/uploads\/2022\/09\/7d393f41-126a-4a1e-bf1d-9d04e2ebc621.jpeg\",\"caption\":\"Miguel Lora-Paquet\"},\"url\":\"https:\/\/www.firstlapf1.com\/en\/author\/miguel\/\"}]}<\/script>\n<!-- \/ Yoast SEO plugin. -->","yoast_head_json":{"title":"OFICIAL: KTM y Tech3 inician la temporada 2026 - Noticias F1 en espa\u00f1ol","description":"La entidad austr\u00edaca KTM y, su equipo sat\u00e9lite, Tech3, han presentado de manera conjunta sus nuevas motos para 2026","robots":{"index":"index","follow":"follow","max-snippet":"max-snippet:-1","max-image-preview":"max-image-preview:large","max-video-preview":"max-video-preview:-1"},"canonical":"https:\/\/www.firstlapf1.com\/en\/oficial-ktm-y-tech3-inician-la-temporada-2026\/","og_locale":"en_GB","og_type":"article","og_title":"OFICIAL: KTM y Tech3 inician la temporada 2026 - Noticias F1 en espa\u00f1ol","og_description":"La entidad austr\u00edaca KTM y, su equipo sat\u00e9lite, Tech3, han presentado de manera conjunta sus nuevas motos para 2026","og_url":"https:\/\/www.firstlapf1.com\/en\/oficial-ktm-y-tech3-inician-la-temporada-2026\/","og_site_name":"Noticias F1 en espa\u00f1ol","article_published_time":"2026-01-27T09:32:09+00:00","article_modified_time":"2026-01-27T09:32:12+00:00","og_image":[{"width":2560,"height":1706,"url":"https:\/\/www.firstlapf1.com\/wp-content\/uploads\/2026\/01\/20260127_102753-scaled.jpg","type":"image\/jpeg"}],"author":"Miguel Lora-Paquet","twitter_card":"summary_large_image","twitter_misc":{"Written by":"Miguel Lora-Paquet","Estimated reading time":"3 minutes"},"schema":{"@context":"https:\/\/schema.org","@graph":[{"@type":"Article","@id":"https:\/\/www.firstlapf1.com\/oficial-ktm-y-tech3-inician-la-temporada-2026\/#article","isPartOf":{"@id":"https:\/\/www.firstlapf1.com\/oficial-ktm-y-tech3-inician-la-temporada-2026\/"},"author":{"name":"Miguel Lora-Paquet","@id":"https:\/\/www.firstlapf1.com\/#\/schema\/person\/9eca09873eecb6d7836bc1a0bbd78250"},"headline":"OFICIAL: KTM y Tech3 inician la temporada 2026","datePublished":"2026-01-27T09:32:09+00:00","dateModified":"2026-01-27T09:32:12+00:00","mainEntityOfPage":{"@id":"https:\/\/www.firstlapf1.com\/oficial-ktm-y-tech3-inician-la-temporada-2026\/"},"wordCount":359,"image":{"@id":"https:\/\/www.firstlapf1.com\/oficial-ktm-y-tech3-inician-la-temporada-2026\/#primaryimage"},"thumbnailUrl":"https:\/\/www.firstlapf1.com\/wp-content\/uploads\/2026\/01\/20260127_102753-scaled.jpg","articleSection":["Red Bull KTM Factory Racing","Red Bull KTM Tech3"],"inLanguage":"en-GB"},{"@type":"WebPage","@id":"https:\/\/www.firstlapf1.com\/oficial-ktm-y-tech3-inician-la-temporada-2026\/","url":"https:\/\/www.firstlapf1.com\/oficial-ktm-y-tech3-inician-la-temporada-2026\/","name":"OFICIAL: KTM y Tech3 inician la temporada 2026 - Noticias F1 en espa\u00f1ol","isPartOf":{"@id":"https:\/\/www.firstlapf1.com\/#website"},"primaryImageOfPage":{"@id":"https:\/\/www.firstlapf1.com\/oficial-ktm-y-tech3-inician-la-temporada-2026\/#primaryimage"},"image":{"@id":"https:\/\/www.firstlapf1.com\/oficial-ktm-y-tech3-inician-la-temporada-2026\/#primaryimage"},"thumbnailUrl":"https:\/\/www.firstlapf1.com\/wp-content\/uploads\/2026\/01\/20260127_102753-scaled.jpg","datePublished":"2026-01-27T09:32:09+00:00","dateModified":"2026-01-27T09:32:12+00:00","author":{"@id":"https:\/\/www.firstlapf1.com\/#\/schema\/person\/9eca09873eecb6d7836bc1a0bbd78250"},"description":"La entidad austr\u00edaca KTM y, su equipo sat\u00e9lite, Tech3, han presentado de manera conjunta sus nuevas motos para 2026","inLanguage":"en-GB","potentialAction":[{"@type":"ReadAction","target":["https:\/\/www.firstlapf1.com\/oficial-ktm-y-tech3-inician-la-temporada-2026\/"]}]},{"@type":"ImageObject","inLanguage":"en-GB","@id":"https:\/\/www.firstlapf1.com\/oficial-ktm-y-tech3-inician-la-temporada-2026\/#primaryimage","url":"https:\/\/www.firstlapf1.com\/wp-content\/uploads\/2026\/01\/20260127_102753-scaled.jpg","contentUrl":"https:\/\/www.firstlapf1.com\/wp-content\/uploads\/2026\/01\/20260127_102753-scaled.jpg","width":2560,"height":1706},{"@type":"WebSite","@id":"https:\/\/www.firstlapf1.com\/#website","url":"https:\/\/www.firstlapf1.com\/","name":"Noticias F1 en espa\u00f1ol","description":"Noticias F1 en espa\u00f1ol","potentialAction":[{"@type":"SearchAction","target":{"@type":"EntryPoint","urlTemplate":"https:\/\/www.firstlapf1.com\/?s={search_term_string}"},"query-input":{"@type":"PropertyValueSpecification","valueRequired":true,"valueName":"search_term_string"}}],"inLanguage":"en-GB"},{"@type":"Person","@id":"https:\/\/www.firstlapf1.com\/#\/schema\/person\/9eca09873eecb6d7836bc1a0bbd78250","name":"Miguel Lora-Paquet","image":{"@type":"ImageObject","inLanguage":"en-GB","@id":"https:\/\/www.firstlapf1.com\/#\/schema\/person\/image\/","url":"https:\/\/www.firstlapf1.com\/wp-content\/uploads\/2022\/09\/7d393f41-126a-4a1e-bf1d-9d04e2ebc621.jpeg","contentUrl":"https:\/\/www.firstlapf1.com\/wp-content\/uploads\/2022\/09\/7d393f41-126a-4a1e-bf1d-9d04e2ebc621.jpeg","caption":"Miguel Lora-Paquet"},"url":"https:\/\/www.firstlapf1.com\/en\/author\/miguel\/"}]}},"jetpack_featured_media_url":"https:\/\/www.firstlapf1.com\/wp-content\/uploads\/2026\/01\/20260127_102753-scaled.jpg","jetpack_sharing_enabled":true,"_links":{"self":[{"href":"https:\/\/www.firstlapf1.com\/en\/wp-json\/wp\/v2\/posts\/17690","targetHints":{"allow":["GET"]}}],"collection":[{"href":"https:\/\/www.firstlapf1.com\/en\/wp-json\/wp\/v2\/posts"}],"about":[{"href":"https:\/\/www.firstlapf1.com\/en\/wp-json\/wp\/v2\/types\/post"}],"author":[{"embeddable":true,"href":"https:\/\/www.firstlapf1.com\/en\/wp-json\/wp\/v2\/users\/2"}],"replies":[{"embeddable":true,"href":"https:\/\/www.firstlapf1.com\/en\/wp-json\/wp\/v2\/comments?post=17690"}],"version-history":[{"count":2,"href":"https:\/\/www.firstlapf1.com\/en\/wp-json\/wp\/v2\/posts\/17690\/revisions"}],"predecessor-version":[{"id":17696,"href":"https:\/\/www.firstlapf1.com\/en\/wp-json\/wp\/v2\/posts\/17690\/revisions\/17696"}],"wp:featuredmedia":[{"embeddable":true,"href":"https:\/\/www.firstlapf1.com\/en\/wp-json\/wp\/v2\/media\/17694"}],"wp:attachment":[{"href":"https:\/\/www.firstlapf1.com\/en\/wp-json\/wp\/v2\/media?parent=17690"}],"wp:term":[{"taxonomy":"category","embeddable":true,"href":"https:\/\/www.firstlapf1.com\/en\/wp-json\/wp\/v2\/categories?post=17690"},{"taxonomy":"post_tag","embeddable":true,"href":"https:\/\/www.firstlapf1.com\/en\/wp-json\/wp\/v2\/tags?post=17690"}],"curies":[{"name":"wp","href":"https:\/\/api.w.org\/{rel}","templated":true}]}}