{"id":17676,"date":"2026-01-26T17:22:28","date_gmt":"2026-01-26T17:22:28","guid":{"rendered":"https:\/\/www.firstlapf1.com\/?p=17676"},"modified":"2026-01-26T17:22:38","modified_gmt":"2026-01-26T17:22:38","slug":"oficial-freddie-slater-se-une-al-programa-de-desarrollo-de-audi","status":"publish","type":"post","link":"https:\/\/www.firstlapf1.com\/en\/oficial-freddie-slater-se-une-al-programa-de-desarrollo-de-audi\/","title":{"rendered":"OFICIAL: Freddie Slater se une al Programa de Desarrollo de Audi"},"content":{"rendered":"<h2 class=\"wp-block-heading\">El piloto brit\u00e1nico Freddie Slater es el primer piloto en ser miembro del Programa de Desarrollo de la marca de los 4 aros<\/h2>\n\n\n\n<p>En un reglamento tan complejo, toda ayuda es fundamental. <a href=\"https:\/\/www.firstlapf1.com\/en\/category\/audi\/\" target=\"_blank\" rel=\"noreferrer noopener\">Audi<\/a> llega a la F1 como motorista y equipo, por lo que tendr\u00e1n que tener al mejor personal para triunfar en 2030, ese ansiado objetivo que se han puesto entre ceja y ceja desde la firma alemana. Por esta raz\u00f3n, Audi estrena su <a href=\"https:\/\/www.formula1.com\/\" target=\"_blank\" rel=\"noreferrer noopener\">Programa de Desarrollo<\/a> a Freddie Slater, uno de los mayores talentos dentro de los pilotos j\u00f3venes en el panorama internacional. Slater debutar\u00e1 en la F3 este mismo a\u00f1o con Trident, lo que le hace ser, autom\u00e1ticamente, en uno de los grandes candidatos a llevarse el t\u00edtulo.<\/p>\n\n\n\n<h2 class=\"wp-block-heading has-normal-font-size\">Declaraciones<\/h2>\n\n\n\n<p>Freddie Slater:<\/p>\n\n\n\n<p><strong>\u00bbEs un honor incre\u00edble ser el primer piloto del Programa de Desarrollo de Audi. Audi es una marca ic\u00f3nica con un grand\u00edsimo legado en la historia del motorsport, por lo que tener su confianza y su apoyo en este momento clave en mi carrera, es un sue\u00f1o hecho realidad. Unir fuerzas con Trident en F3 y Audi es una enorme oportunidad. Estoy concentrado en seguir trabajando duro para conseguir mi objetivo de llegar a la F1.\u00bb<\/strong><\/p>\n\n\n\n<p>Allan McNish, Director del Programa de Desarrollo de Audi:<\/p>\n\n\n\n<p><strong>\u00bbEn Freddie, hemos visto un potencial inmenso de ser una futura estrella. Su palmar\u00e9s es espectacular pero tiene la concentraci\u00f3n, determinaci\u00f3n y la voluntad de aprender, aspectos para alcanzar el pin\u00e1culo del automovilismo. \u00c9l es el candidato perfecto para ser la primera incorporaci\u00f3n al Programa de Desarrollo de Audi y le daremos las herramientas y el apoyo necesario para triunfar con Trident en F3. Es el primer paso para construir, tanto dentro como fuera de la pista.\u00bb<\/strong><\/p>\n\n\n\n<p>Freddie debutar\u00e1 en la categor\u00eda de bronce en Australia, del 6-8 de marzo.<\/p>\n\n\n\n<figure class=\"wp-block-image size-large\"><img loading=\"lazy\" decoding=\"async\" width=\"809\" height=\"1024\" src=\"https:\/\/www.firstlapf1.com\/wp-content\/uploads\/2026\/01\/1000080074-809x1024.jpg\" alt=\"\" class=\"wp-image-17680\" srcset=\"https:\/\/www.firstlapf1.com\/wp-content\/uploads\/2026\/01\/1000080074-809x1024.jpg 809w, https:\/\/www.firstlapf1.com\/wp-content\/uploads\/2026\/01\/1000080074-237x300.jpg 237w, https:\/\/www.firstlapf1.com\/wp-content\/uploads\/2026\/01\/1000080074-768x973.jpg 768w, https:\/\/www.firstlapf1.com\/wp-content\/uploads\/2026\/01\/1000080074-1213x1536.jpg 1213w, https:\/\/www.firstlapf1.com\/wp-content\/uploads\/2026\/01\/1000080074-9x12.jpg 9w, https:\/\/www.firstlapf1.com\/wp-content\/uploads\/2026\/01\/1000080074.jpg 1220w\" sizes=\"auto, (max-width: 809px) 100vw, 809px\" \/><figcaption class=\"wp-element-caption\">Fuente: Freddie Slater en Instagram (Audi Revolut F1 Team en Instagram)<\/figcaption><\/figure>","protected":false},"excerpt":{"rendered":"<p>El piloto brit\u00e1nico Freddie Slater es el primer piloto en ser miembro del Programa de Desarrollo de la marca de los 4 aros &hellip; <span class=\"more-button\"><a href=\"https:\/\/www.firstlapf1.com\/en\/oficial-freddie-slater-se-une-al-programa-de-desarrollo-de-audi\/\" class=\"more-link\">Continue reading<span class=\"screen-reader-text\">OFICIAL: Freddie Slater se une al Programa de Desarrollo de Audi<\/span><\/a><\/span><\/p>","protected":false},"author":2,"featured_media":17682,"comment_status":"closed","ping_status":"open","sticky":false,"template":"","format":"standard","meta":{"_jetpack_memberships_contains_paid_content":false,"footnotes":""},"categories":[2,71],"tags":[],"class_list":["post-17676","post","type-post","status-publish","format-standard","has-post-thumbnail","hentry","category-audi","category-trident-2"],"yoast_head":"<!-- This site is optimized with the Yoast SEO plugin v27.0 - https:\/\/yoast.com\/product\/yoast-seo-wordpress\/ -->\n<title>OFICIAL: Freddie Slater se une al Programa de Desarrollo de Audi - Noticias F1 en espa\u00f1ol<\/title>\n<meta name=\"robots\" content=\"index, follow, max-snippet:-1, max-image-preview:large, max-video-preview:-1\" \/>\n<link rel=\"canonical\" href=\"https:\/\/www.firstlapf1.com\/en\/oficial-freddie-slater-se-une-al-programa-de-desarrollo-de-audi\/\" \/>\n<meta property=\"og:locale\" content=\"en_GB\" \/>\n<meta property=\"og:type\" content=\"article\" \/>\n<meta property=\"og:title\" content=\"OFICIAL: Freddie Slater se une al Programa de Desarrollo de Audi - Noticias F1 en espa\u00f1ol\" \/>\n<meta property=\"og:description\" content=\"El piloto brit\u00e1nico Freddie Slater es el primer piloto en ser miembro del Programa de Desarrollo de la marca de los 4 aros &hellip; Continue readingOFICIAL: Freddie Slater se une al Programa de Desarrollo de Audi\" \/>\n<meta property=\"og:url\" content=\"https:\/\/www.firstlapf1.com\/en\/oficial-freddie-slater-se-une-al-programa-de-desarrollo-de-audi\/\" \/>\n<meta property=\"og:site_name\" content=\"Noticias F1 en espa\u00f1ol\" \/>\n<meta property=\"article:published_time\" content=\"2026-01-26T17:22:28+00:00\" \/>\n<meta property=\"article:modified_time\" content=\"2026-01-26T17:22:38+00:00\" \/>\n<meta property=\"og:image\" content=\"https:\/\/www.firstlapf1.com\/wp-content\/uploads\/2026\/01\/Screenshot_2026-01-26-11-13-33-150_com.instagram.android-edit.jpg\" \/>\n\t<meta property=\"og:image:width\" content=\"1220\" \/>\n\t<meta property=\"og:image:height\" content=\"1602\" \/>\n\t<meta property=\"og:image:type\" content=\"image\/jpeg\" \/>\n<meta name=\"author\" content=\"Miguel Lora-Paquet\" \/>\n<meta name=\"twitter:card\" content=\"summary_large_image\" \/>\n<meta name=\"twitter:label1\" content=\"Written by\" \/>\n\t<meta name=\"twitter:data1\" content=\"Miguel Lora-Paquet\" \/>\n\t<meta name=\"twitter:label2\" content=\"Estimated reading time\" \/>\n\t<meta name=\"twitter:data2\" content=\"2 minutes\" \/>\n<script type=\"application\/ld+json\" class=\"yoast-schema-graph\">{\"@context\":\"https:\/\/schema.org\",\"@graph\":[{\"@type\":\"Article\",\"@id\":\"https:\/\/www.firstlapf1.com\/oficial-freddie-slater-se-une-al-programa-de-desarrollo-de-audi\/#article\",\"isPartOf\":{\"@id\":\"https:\/\/www.firstlapf1.com\/oficial-freddie-slater-se-une-al-programa-de-desarrollo-de-audi\/\"},\"author\":{\"name\":\"Miguel Lora-Paquet\",\"@id\":\"https:\/\/www.firstlapf1.com\/#\/schema\/person\/9eca09873eecb6d7836bc1a0bbd78250\"},\"headline\":\"OFICIAL: Freddie Slater se une al Programa de Desarrollo de Audi\",\"datePublished\":\"2026-01-26T17:22:28+00:00\",\"dateModified\":\"2026-01-26T17:22:38+00:00\",\"mainEntityOfPage\":{\"@id\":\"https:\/\/www.firstlapf1.com\/oficial-freddie-slater-se-une-al-programa-de-desarrollo-de-audi\/\"},\"wordCount\":338,\"image\":{\"@id\":\"https:\/\/www.firstlapf1.com\/oficial-freddie-slater-se-une-al-programa-de-desarrollo-de-audi\/#primaryimage\"},\"thumbnailUrl\":\"https:\/\/www.firstlapf1.com\/wp-content\/uploads\/2026\/01\/Screenshot_2026-01-26-11-13-33-150_com.instagram.android-edit.jpg\",\"articleSection\":[\"Audi Revolut F1 Team\",\"Trident (F3)\"],\"inLanguage\":\"en-GB\"},{\"@type\":\"WebPage\",\"@id\":\"https:\/\/www.firstlapf1.com\/oficial-freddie-slater-se-une-al-programa-de-desarrollo-de-audi\/\",\"url\":\"https:\/\/www.firstlapf1.com\/oficial-freddie-slater-se-une-al-programa-de-desarrollo-de-audi\/\",\"name\":\"OFICIAL: Freddie Slater se une al Programa de Desarrollo de Audi - Noticias F1 en espa\u00f1ol\",\"isPartOf\":{\"@id\":\"https:\/\/www.firstlapf1.com\/#website\"},\"primaryImageOfPage\":{\"@id\":\"https:\/\/www.firstlapf1.com\/oficial-freddie-slater-se-une-al-programa-de-desarrollo-de-audi\/#primaryimage\"},\"image\":{\"@id\":\"https:\/\/www.firstlapf1.com\/oficial-freddie-slater-se-une-al-programa-de-desarrollo-de-audi\/#primaryimage\"},\"thumbnailUrl\":\"https:\/\/www.firstlapf1.com\/wp-content\/uploads\/2026\/01\/Screenshot_2026-01-26-11-13-33-150_com.instagram.android-edit.jpg\",\"datePublished\":\"2026-01-26T17:22:28+00:00\",\"dateModified\":\"2026-01-26T17:22:38+00:00\",\"author\":{\"@id\":\"https:\/\/www.firstlapf1.com\/#\/schema\/person\/9eca09873eecb6d7836bc1a0bbd78250\"},\"inLanguage\":\"en-GB\",\"potentialAction\":[{\"@type\":\"ReadAction\",\"target\":[\"https:\/\/www.firstlapf1.com\/oficial-freddie-slater-se-une-al-programa-de-desarrollo-de-audi\/\"]}]},{\"@type\":\"ImageObject\",\"inLanguage\":\"en-GB\",\"@id\":\"https:\/\/www.firstlapf1.com\/oficial-freddie-slater-se-une-al-programa-de-desarrollo-de-audi\/#primaryimage\",\"url\":\"https:\/\/www.firstlapf1.com\/wp-content\/uploads\/2026\/01\/Screenshot_2026-01-26-11-13-33-150_com.instagram.android-edit.jpg\",\"contentUrl\":\"https:\/\/www.firstlapf1.com\/wp-content\/uploads\/2026\/01\/Screenshot_2026-01-26-11-13-33-150_com.instagram.android-edit.jpg\",\"width\":1220,\"height\":1602},{\"@type\":\"WebSite\",\"@id\":\"https:\/\/www.firstlapf1.com\/#website\",\"url\":\"https:\/\/www.firstlapf1.com\/\",\"name\":\"Noticias F1 en espa\u00f1ol\",\"description\":\"Noticias F1 en espa\u00f1ol\",\"potentialAction\":[{\"@type\":\"SearchAction\",\"target\":{\"@type\":\"EntryPoint\",\"urlTemplate\":\"https:\/\/www.firstlapf1.com\/?s={search_term_string}\"},\"query-input\":{\"@type\":\"PropertyValueSpecification\",\"valueRequired\":true,\"valueName\":\"search_term_string\"}}],\"inLanguage\":\"en-GB\"},{\"@type\":\"Person\",\"@id\":\"https:\/\/www.firstlapf1.com\/#\/schema\/person\/9eca09873eecb6d7836bc1a0bbd78250\",\"name\":\"Miguel Lora-Paquet\",\"image\":{\"@type\":\"ImageObject\",\"inLanguage\":\"en-GB\",\"@id\":\"https:\/\/www.firstlapf1.com\/#\/schema\/person\/image\/\",\"url\":\"https:\/\/www.firstlapf1.com\/wp-content\/uploads\/2022\/09\/7d393f41-126a-4a1e-bf1d-9d04e2ebc621.jpeg\",\"contentUrl\":\"https:\/\/www.firstlapf1.com\/wp-content\/uploads\/2022\/09\/7d393f41-126a-4a1e-bf1d-9d04e2ebc621.jpeg\",\"caption\":\"Miguel Lora-Paquet\"},\"url\":\"https:\/\/www.firstlapf1.com\/en\/author\/miguel\/\"}]}<\/script>\n<!-- \/ Yoast SEO plugin. -->","yoast_head_json":{"title":"OFICIAL: Freddie Slater se une al Programa de Desarrollo de Audi - Noticias F1 en espa\u00f1ol","robots":{"index":"index","follow":"follow","max-snippet":"max-snippet:-1","max-image-preview":"max-image-preview:large","max-video-preview":"max-video-preview:-1"},"canonical":"https:\/\/www.firstlapf1.com\/en\/oficial-freddie-slater-se-une-al-programa-de-desarrollo-de-audi\/","og_locale":"en_GB","og_type":"article","og_title":"OFICIAL: Freddie Slater se une al Programa de Desarrollo de Audi - Noticias F1 en espa\u00f1ol","og_description":"El piloto brit\u00e1nico Freddie Slater es el primer piloto en ser miembro del Programa de Desarrollo de la marca de los 4 aros &hellip; Continue readingOFICIAL: Freddie Slater se une al Programa de Desarrollo de Audi","og_url":"https:\/\/www.firstlapf1.com\/en\/oficial-freddie-slater-se-une-al-programa-de-desarrollo-de-audi\/","og_site_name":"Noticias F1 en espa\u00f1ol","article_published_time":"2026-01-26T17:22:28+00:00","article_modified_time":"2026-01-26T17:22:38+00:00","og_image":[{"width":1220,"height":1602,"url":"https:\/\/www.firstlapf1.com\/wp-content\/uploads\/2026\/01\/Screenshot_2026-01-26-11-13-33-150_com.instagram.android-edit.jpg","type":"image\/jpeg"}],"author":"Miguel Lora-Paquet","twitter_card":"summary_large_image","twitter_misc":{"Written by":"Miguel Lora-Paquet","Estimated reading time":"2 minutes"},"schema":{"@context":"https:\/\/schema.org","@graph":[{"@type":"Article","@id":"https:\/\/www.firstlapf1.com\/oficial-freddie-slater-se-une-al-programa-de-desarrollo-de-audi\/#article","isPartOf":{"@id":"https:\/\/www.firstlapf1.com\/oficial-freddie-slater-se-une-al-programa-de-desarrollo-de-audi\/"},"author":{"name":"Miguel Lora-Paquet","@id":"https:\/\/www.firstlapf1.com\/#\/schema\/person\/9eca09873eecb6d7836bc1a0bbd78250"},"headline":"OFICIAL: Freddie Slater se une al Programa de Desarrollo de Audi","datePublished":"2026-01-26T17:22:28+00:00","dateModified":"2026-01-26T17:22:38+00:00","mainEntityOfPage":{"@id":"https:\/\/www.firstlapf1.com\/oficial-freddie-slater-se-une-al-programa-de-desarrollo-de-audi\/"},"wordCount":338,"image":{"@id":"https:\/\/www.firstlapf1.com\/oficial-freddie-slater-se-une-al-programa-de-desarrollo-de-audi\/#primaryimage"},"thumbnailUrl":"https:\/\/www.firstlapf1.com\/wp-content\/uploads\/2026\/01\/Screenshot_2026-01-26-11-13-33-150_com.instagram.android-edit.jpg","articleSection":["Audi Revolut F1 Team","Trident (F3)"],"inLanguage":"en-GB"},{"@type":"WebPage","@id":"https:\/\/www.firstlapf1.com\/oficial-freddie-slater-se-une-al-programa-de-desarrollo-de-audi\/","url":"https:\/\/www.firstlapf1.com\/oficial-freddie-slater-se-une-al-programa-de-desarrollo-de-audi\/","name":"OFICIAL: Freddie Slater se une al Programa de Desarrollo de Audi - Noticias F1 en espa\u00f1ol","isPartOf":{"@id":"https:\/\/www.firstlapf1.com\/#website"},"primaryImageOfPage":{"@id":"https:\/\/www.firstlapf1.com\/oficial-freddie-slater-se-une-al-programa-de-desarrollo-de-audi\/#primaryimage"},"image":{"@id":"https:\/\/www.firstlapf1.com\/oficial-freddie-slater-se-une-al-programa-de-desarrollo-de-audi\/#primaryimage"},"thumbnailUrl":"https:\/\/www.firstlapf1.com\/wp-content\/uploads\/2026\/01\/Screenshot_2026-01-26-11-13-33-150_com.instagram.android-edit.jpg","datePublished":"2026-01-26T17:22:28+00:00","dateModified":"2026-01-26T17:22:38+00:00","author":{"@id":"https:\/\/www.firstlapf1.com\/#\/schema\/person\/9eca09873eecb6d7836bc1a0bbd78250"},"inLanguage":"en-GB","potentialAction":[{"@type":"ReadAction","target":["https:\/\/www.firstlapf1.com\/oficial-freddie-slater-se-une-al-programa-de-desarrollo-de-audi\/"]}]},{"@type":"ImageObject","inLanguage":"en-GB","@id":"https:\/\/www.firstlapf1.com\/oficial-freddie-slater-se-une-al-programa-de-desarrollo-de-audi\/#primaryimage","url":"https:\/\/www.firstlapf1.com\/wp-content\/uploads\/2026\/01\/Screenshot_2026-01-26-11-13-33-150_com.instagram.android-edit.jpg","contentUrl":"https:\/\/www.firstlapf1.com\/wp-content\/uploads\/2026\/01\/Screenshot_2026-01-26-11-13-33-150_com.instagram.android-edit.jpg","width":1220,"height":1602},{"@type":"WebSite","@id":"https:\/\/www.firstlapf1.com\/#website","url":"https:\/\/www.firstlapf1.com\/","name":"Noticias F1 en espa\u00f1ol","description":"Noticias F1 en espa\u00f1ol","potentialAction":[{"@type":"SearchAction","target":{"@type":"EntryPoint","urlTemplate":"https:\/\/www.firstlapf1.com\/?s={search_term_string}"},"query-input":{"@type":"PropertyValueSpecification","valueRequired":true,"valueName":"search_term_string"}}],"inLanguage":"en-GB"},{"@type":"Person","@id":"https:\/\/www.firstlapf1.com\/#\/schema\/person\/9eca09873eecb6d7836bc1a0bbd78250","name":"Miguel Lora-Paquet","image":{"@type":"ImageObject","inLanguage":"en-GB","@id":"https:\/\/www.firstlapf1.com\/#\/schema\/person\/image\/","url":"https:\/\/www.firstlapf1.com\/wp-content\/uploads\/2022\/09\/7d393f41-126a-4a1e-bf1d-9d04e2ebc621.jpeg","contentUrl":"https:\/\/www.firstlapf1.com\/wp-content\/uploads\/2022\/09\/7d393f41-126a-4a1e-bf1d-9d04e2ebc621.jpeg","caption":"Miguel Lora-Paquet"},"url":"https:\/\/www.firstlapf1.com\/en\/author\/miguel\/"}]}},"jetpack_featured_media_url":"https:\/\/www.firstlapf1.com\/wp-content\/uploads\/2026\/01\/Screenshot_2026-01-26-11-13-33-150_com.instagram.android-edit.jpg","jetpack_sharing_enabled":true,"_links":{"self":[{"href":"https:\/\/www.firstlapf1.com\/en\/wp-json\/wp\/v2\/posts\/17676","targetHints":{"allow":["GET"]}}],"collection":[{"href":"https:\/\/www.firstlapf1.com\/en\/wp-json\/wp\/v2\/posts"}],"about":[{"href":"https:\/\/www.firstlapf1.com\/en\/wp-json\/wp\/v2\/types\/post"}],"author":[{"embeddable":true,"href":"https:\/\/www.firstlapf1.com\/en\/wp-json\/wp\/v2\/users\/2"}],"replies":[{"embeddable":true,"href":"https:\/\/www.firstlapf1.com\/en\/wp-json\/wp\/v2\/comments?post=17676"}],"version-history":[{"count":2,"href":"https:\/\/www.firstlapf1.com\/en\/wp-json\/wp\/v2\/posts\/17676\/revisions"}],"predecessor-version":[{"id":17683,"href":"https:\/\/www.firstlapf1.com\/en\/wp-json\/wp\/v2\/posts\/17676\/revisions\/17683"}],"wp:featuredmedia":[{"embeddable":true,"href":"https:\/\/www.firstlapf1.com\/en\/wp-json\/wp\/v2\/media\/17682"}],"wp:attachment":[{"href":"https:\/\/www.firstlapf1.com\/en\/wp-json\/wp\/v2\/media?parent=17676"}],"wp:term":[{"taxonomy":"category","embeddable":true,"href":"https:\/\/www.firstlapf1.com\/en\/wp-json\/wp\/v2\/categories?post=17676"},{"taxonomy":"post_tag","embeddable":true,"href":"https:\/\/www.firstlapf1.com\/en\/wp-json\/wp\/v2\/tags?post=17676"}],"curies":[{"name":"wp","href":"https:\/\/api.w.org\/{rel}","templated":true}]}}