{"id":17654,"date":"2026-01-23T11:49:17","date_gmt":"2026-01-23T11:49:17","guid":{"rendered":"https:\/\/www.firstlapf1.com\/?p=17654"},"modified":"2026-01-23T11:49:21","modified_gmt":"2026-01-23T11:49:21","slug":"oficial-ferrari-arranca-la-temporada-2026","status":"publish","type":"post","link":"https:\/\/www.firstlapf1.com\/en\/oficial-ferrari-arranca-la-temporada-2026\/","title":{"rendered":"OFICIAL: Ferrari arranca la temporada 2026"},"content":{"rendered":"<h2 class=\"wp-block-heading\">Como viene siendo habitual en los \u00faltimos a\u00f1os, Ferrari ha presentado su coche y, posteriormente, ha rodado en Fiorano<\/h2>\n\n\n\n<p>Cerramos la semana de presentaciones con una de las m\u00e1s esperadas por todos los aficionados a la F1. <a href=\"https:\/\/www.firstlapf1.com\/en\/category\/ferrari\/\" target=\"_blank\" rel=\"noreferrer noopener\">Ferrari<\/a> da luz verde a su temporada 2026, en medio de los m\u00faltiples rumores y dudas sobre su proyecto para este nuevo reglamento.<\/p>\n\n\n\n<p>Con un v\u00eddeo corto, Ferrari present\u00f3 su coche candidato para este primer a\u00f1o de normativa: el SF-26. Presenta cambios en la tonalidad de rojo, volviendo a uno m\u00e1s vivo como en 2023-24. El blanco vuelve a tener m\u00e1s presencia, recordando mucho a la temporada 2016, incluso a los a\u00f1os 70. Los alerones sin embargo muestran la fibra de carbono al desnudo, \u00fanicamente con los patrocinadores. En general, un look algo m\u00e1s limpio en cuanto a los logos.<\/p>\n\n\n\n<p>Pasando a hablar del coche en s\u00ed, el equipo no mostr\u00f3 una maqueta, como si hicieron algunos equipos: la zona de la aleta de tibur\u00f3n luce con unas ranuras, como si estuviese mordida. Un poco m\u00e1s adelante, la chimenea tiene la entrada estrecha, lo cual choca un poco con el resto de monoplazas. A los lados, y como viene siendo costumbre desde hace unos a\u00f1os, unos aditamentos que recuerdan a unos cuernos. Hablando del ala delantera, no presenta grandes diferencias con el resto a simple vista, tan solo un aditamento que no incluyen en la zona de los endplate, as\u00ed como un ligero surco en la parte de arriba. Por \u00faltimo, el suelo parece bastante similar al del Mercedes que rod\u00f3 en Silverstone.<\/p>\n\n\n\n<p>La alineaci\u00f3n de Ferrari no sufre ning\u00fan cambio. Charles Leclerc y Lewis Hamilton continuar\u00e1n representando el rojo por todo el mundo. En caso del monegasco, intentar\u00e1 pelear el campeonato, tal y como hizo en 2022. Sin embargo, de no salir un proyecto ganador, Leclerc podr\u00eda buscar acomodo fuera de Maranello, algo que derrumbar\u00eda el sue\u00f1o del propio piloto: no salir campe\u00f3n con la escuder\u00eda italiana. M\u00e1s complicado lo tendr\u00e1 Lewis Hamilton, pues si no le convence el rendimiento podr\u00eda anunciar su retiro. El brit\u00e1nico sufri\u00f3 mucho en 2025, por lo que este par\u00f3n le habr\u00e1 venido muy bien al 7 veces campe\u00f3n del mundo.<\/p>\n\n\n\n<p>Ferrari quiere despuntar y acertar con un coche por primera vez en 18 a\u00f1os. La \u00faltima vez que triunfaron en el <a href=\"https:\/\/www.formula1.com\/\" target=\"_blank\" rel=\"noreferrer noopener\">Mundial de Pilotos<\/a> fue en 2007 con Kimi R\u00e4ikk\u00f6nen y en el de Constructores en 2008. Los tifosi lo saben y quieren celebrar un t\u00edtulo, por lo que Ferrari deber\u00e1 ponerse las pilas si finalmente su SF-26 no est\u00e1 a la altura.<\/p>\n\n\n\n<figure class=\"wp-block-image size-large\"><img loading=\"lazy\" decoding=\"async\" width=\"819\" height=\"1024\" src=\"https:\/\/www.firstlapf1.com\/wp-content\/uploads\/2026\/01\/1000079521-819x1024.jpg\" alt=\"\" class=\"wp-image-17661\" srcset=\"https:\/\/www.firstlapf1.com\/wp-content\/uploads\/2026\/01\/1000079521-819x1024.jpg 819w, https:\/\/www.firstlapf1.com\/wp-content\/uploads\/2026\/01\/1000079521-240x300.jpg 240w, https:\/\/www.firstlapf1.com\/wp-content\/uploads\/2026\/01\/1000079521-768x960.jpg 768w, https:\/\/www.firstlapf1.com\/wp-content\/uploads\/2026\/01\/1000079521-1229x1536.jpg 1229w, https:\/\/www.firstlapf1.com\/wp-content\/uploads\/2026\/01\/1000079521-1639x2048.jpg 1639w, https:\/\/www.firstlapf1.com\/wp-content\/uploads\/2026\/01\/1000079521-10x12.jpg 10w, https:\/\/www.firstlapf1.com\/wp-content\/uploads\/2026\/01\/1000079521-scaled.jpg 2048w\" sizes=\"auto, (max-width: 819px) 100vw, 819px\" \/><figcaption class=\"wp-element-caption\">Fuente: Scuderia Ferrari HP en X (fuente portada: Scuderia Ferrari HP en X)<\/figcaption><\/figure>","protected":false},"excerpt":{"rendered":"<p>Como viene siendo habitual en los \u00faltimos a\u00f1os, Ferrari ha presentado su coche y, posteriormente, ha rodado en Fiorano &hellip; <span class=\"more-button\"><a href=\"https:\/\/www.firstlapf1.com\/en\/oficial-ferrari-arranca-la-temporada-2026\/\" class=\"more-link\">Continue reading<span class=\"screen-reader-text\">OFICIAL: Ferrari arranca la temporada 2026<\/span><\/a><\/span><\/p>","protected":false},"author":42,"featured_media":17663,"comment_status":"closed","ping_status":"open","sticky":false,"template":"","format":"standard","meta":{"_jetpack_memberships_contains_paid_content":false,"footnotes":""},"categories":[39],"tags":[],"class_list":["post-17654","post","type-post","status-publish","format-standard","has-post-thumbnail","hentry","category-ferrari"],"yoast_head":"<!-- This site is optimized with the Yoast SEO plugin v27.0 - https:\/\/yoast.com\/product\/yoast-seo-wordpress\/ -->\n<title>OFICIAL: Ferrari arranca la temporada 2026 - Noticias F1 en espa\u00f1ol<\/title>\n<meta name=\"description\" content=\"Como viene siendo habitual en los \u00faltimos a\u00f1os, Ferrari ha presentado su coche y, posteriormente, ha rodado en Fiorano\" \/>\n<meta name=\"robots\" content=\"index, follow, max-snippet:-1, max-image-preview:large, max-video-preview:-1\" \/>\n<link rel=\"canonical\" href=\"https:\/\/www.firstlapf1.com\/en\/oficial-ferrari-arranca-la-temporada-2026\/\" \/>\n<meta property=\"og:locale\" content=\"en_GB\" \/>\n<meta property=\"og:type\" content=\"article\" \/>\n<meta property=\"og:title\" content=\"OFICIAL: Ferrari arranca la temporada 2026 - Noticias F1 en espa\u00f1ol\" \/>\n<meta property=\"og:description\" content=\"Como viene siendo habitual en los \u00faltimos a\u00f1os, Ferrari ha presentado su coche y, posteriormente, ha rodado en Fiorano\" \/>\n<meta property=\"og:url\" content=\"https:\/\/www.firstlapf1.com\/en\/oficial-ferrari-arranca-la-temporada-2026\/\" \/>\n<meta property=\"og:site_name\" content=\"Noticias F1 en espa\u00f1ol\" \/>\n<meta property=\"article:published_time\" content=\"2026-01-23T11:49:17+00:00\" \/>\n<meta property=\"article:modified_time\" content=\"2026-01-23T11:49:21+00:00\" \/>\n<meta property=\"og:image\" content=\"https:\/\/www.firstlapf1.com\/wp-content\/uploads\/2026\/01\/20260123_113648-scaled.jpg\" \/>\n\t<meta property=\"og:image:width\" content=\"2048\" \/>\n\t<meta property=\"og:image:height\" content=\"2560\" \/>\n\t<meta property=\"og:image:type\" content=\"image\/jpeg\" \/>\n<meta name=\"author\" content=\"C\u00e9sar L\u00f3pez\" \/>\n<meta name=\"twitter:card\" content=\"summary_large_image\" \/>\n<meta name=\"twitter:label1\" content=\"Written by\" \/>\n\t<meta name=\"twitter:data1\" content=\"C\u00e9sar L\u00f3pez\" \/>\n\t<meta name=\"twitter:label2\" content=\"Estimated reading time\" \/>\n\t<meta name=\"twitter:data2\" content=\"3 minutes\" \/>\n<script type=\"application\/ld+json\" class=\"yoast-schema-graph\">{\"@context\":\"https:\/\/schema.org\",\"@graph\":[{\"@type\":\"Article\",\"@id\":\"https:\/\/www.firstlapf1.com\/oficial-ferrari-arranca-la-temporada-2026\/#article\",\"isPartOf\":{\"@id\":\"https:\/\/www.firstlapf1.com\/oficial-ferrari-arranca-la-temporada-2026\/\"},\"author\":{\"name\":\"C\u00e9sar L\u00f3pez\",\"@id\":\"https:\/\/www.firstlapf1.com\/#\/schema\/person\/eeb9aab43fc76cf781e0033e511cce1e\"},\"headline\":\"OFICIAL: Ferrari arranca la temporada 2026\",\"datePublished\":\"2026-01-23T11:49:17+00:00\",\"dateModified\":\"2026-01-23T11:49:21+00:00\",\"mainEntityOfPage\":{\"@id\":\"https:\/\/www.firstlapf1.com\/oficial-ferrari-arranca-la-temporada-2026\/\"},\"wordCount\":465,\"image\":{\"@id\":\"https:\/\/www.firstlapf1.com\/oficial-ferrari-arranca-la-temporada-2026\/#primaryimage\"},\"thumbnailUrl\":\"https:\/\/www.firstlapf1.com\/wp-content\/uploads\/2026\/01\/20260123_113648-scaled.jpg\",\"articleSection\":[\"Scuderia Ferrari HP\"],\"inLanguage\":\"en-GB\"},{\"@type\":\"WebPage\",\"@id\":\"https:\/\/www.firstlapf1.com\/oficial-ferrari-arranca-la-temporada-2026\/\",\"url\":\"https:\/\/www.firstlapf1.com\/oficial-ferrari-arranca-la-temporada-2026\/\",\"name\":\"OFICIAL: Ferrari arranca la temporada 2026 - Noticias F1 en espa\u00f1ol\",\"isPartOf\":{\"@id\":\"https:\/\/www.firstlapf1.com\/#website\"},\"primaryImageOfPage\":{\"@id\":\"https:\/\/www.firstlapf1.com\/oficial-ferrari-arranca-la-temporada-2026\/#primaryimage\"},\"image\":{\"@id\":\"https:\/\/www.firstlapf1.com\/oficial-ferrari-arranca-la-temporada-2026\/#primaryimage\"},\"thumbnailUrl\":\"https:\/\/www.firstlapf1.com\/wp-content\/uploads\/2026\/01\/20260123_113648-scaled.jpg\",\"datePublished\":\"2026-01-23T11:49:17+00:00\",\"dateModified\":\"2026-01-23T11:49:21+00:00\",\"author\":{\"@id\":\"https:\/\/www.firstlapf1.com\/#\/schema\/person\/eeb9aab43fc76cf781e0033e511cce1e\"},\"description\":\"Como viene siendo habitual en los \u00faltimos a\u00f1os, Ferrari ha presentado su coche y, posteriormente, ha rodado en Fiorano\",\"inLanguage\":\"en-GB\",\"potentialAction\":[{\"@type\":\"ReadAction\",\"target\":[\"https:\/\/www.firstlapf1.com\/oficial-ferrari-arranca-la-temporada-2026\/\"]}]},{\"@type\":\"ImageObject\",\"inLanguage\":\"en-GB\",\"@id\":\"https:\/\/www.firstlapf1.com\/oficial-ferrari-arranca-la-temporada-2026\/#primaryimage\",\"url\":\"https:\/\/www.firstlapf1.com\/wp-content\/uploads\/2026\/01\/20260123_113648-scaled.jpg\",\"contentUrl\":\"https:\/\/www.firstlapf1.com\/wp-content\/uploads\/2026\/01\/20260123_113648-scaled.jpg\",\"width\":2048,\"height\":2560},{\"@type\":\"WebSite\",\"@id\":\"https:\/\/www.firstlapf1.com\/#website\",\"url\":\"https:\/\/www.firstlapf1.com\/\",\"name\":\"Noticias F1 en espa\u00f1ol\",\"description\":\"Noticias F1 en espa\u00f1ol\",\"potentialAction\":[{\"@type\":\"SearchAction\",\"target\":{\"@type\":\"EntryPoint\",\"urlTemplate\":\"https:\/\/www.firstlapf1.com\/?s={search_term_string}\"},\"query-input\":{\"@type\":\"PropertyValueSpecification\",\"valueRequired\":true,\"valueName\":\"search_term_string\"}}],\"inLanguage\":\"en-GB\"},{\"@type\":\"Person\",\"@id\":\"https:\/\/www.firstlapf1.com\/#\/schema\/person\/eeb9aab43fc76cf781e0033e511cce1e\",\"name\":\"C\u00e9sar L\u00f3pez\",\"image\":{\"@type\":\"ImageObject\",\"inLanguage\":\"en-GB\",\"@id\":\"https:\/\/www.firstlapf1.com\/#\/schema\/person\/image\/\",\"url\":\"https:\/\/secure.gravatar.com\/avatar\/60cc29ae45b828887c2be3afc5bcfec0794c85b31daa8d44e4fe46c296c0873d?s=96&d=mm&r=g\",\"contentUrl\":\"https:\/\/secure.gravatar.com\/avatar\/60cc29ae45b828887c2be3afc5bcfec0794c85b31daa8d44e4fe46c296c0873d?s=96&d=mm&r=g\",\"caption\":\"C\u00e9sar L\u00f3pez\"},\"sameAs\":[\"http:\/\/www.firstlapf1.com\/\"],\"url\":\"https:\/\/www.firstlapf1.com\/en\/author\/ceslop\/\"}]}<\/script>\n<!-- \/ Yoast SEO plugin. -->","yoast_head_json":{"title":"OFICIAL: Ferrari arranca la temporada 2026 - Noticias F1 en espa\u00f1ol","description":"Como viene siendo habitual en los \u00faltimos a\u00f1os, Ferrari ha presentado su coche y, posteriormente, ha rodado en Fiorano","robots":{"index":"index","follow":"follow","max-snippet":"max-snippet:-1","max-image-preview":"max-image-preview:large","max-video-preview":"max-video-preview:-1"},"canonical":"https:\/\/www.firstlapf1.com\/en\/oficial-ferrari-arranca-la-temporada-2026\/","og_locale":"en_GB","og_type":"article","og_title":"OFICIAL: Ferrari arranca la temporada 2026 - Noticias F1 en espa\u00f1ol","og_description":"Como viene siendo habitual en los \u00faltimos a\u00f1os, Ferrari ha presentado su coche y, posteriormente, ha rodado en Fiorano","og_url":"https:\/\/www.firstlapf1.com\/en\/oficial-ferrari-arranca-la-temporada-2026\/","og_site_name":"Noticias F1 en espa\u00f1ol","article_published_time":"2026-01-23T11:49:17+00:00","article_modified_time":"2026-01-23T11:49:21+00:00","og_image":[{"width":2048,"height":2560,"url":"https:\/\/www.firstlapf1.com\/wp-content\/uploads\/2026\/01\/20260123_113648-scaled.jpg","type":"image\/jpeg"}],"author":"C\u00e9sar L\u00f3pez","twitter_card":"summary_large_image","twitter_misc":{"Written by":"C\u00e9sar L\u00f3pez","Estimated reading time":"3 minutes"},"schema":{"@context":"https:\/\/schema.org","@graph":[{"@type":"Article","@id":"https:\/\/www.firstlapf1.com\/oficial-ferrari-arranca-la-temporada-2026\/#article","isPartOf":{"@id":"https:\/\/www.firstlapf1.com\/oficial-ferrari-arranca-la-temporada-2026\/"},"author":{"name":"C\u00e9sar L\u00f3pez","@id":"https:\/\/www.firstlapf1.com\/#\/schema\/person\/eeb9aab43fc76cf781e0033e511cce1e"},"headline":"OFICIAL: Ferrari arranca la temporada 2026","datePublished":"2026-01-23T11:49:17+00:00","dateModified":"2026-01-23T11:49:21+00:00","mainEntityOfPage":{"@id":"https:\/\/www.firstlapf1.com\/oficial-ferrari-arranca-la-temporada-2026\/"},"wordCount":465,"image":{"@id":"https:\/\/www.firstlapf1.com\/oficial-ferrari-arranca-la-temporada-2026\/#primaryimage"},"thumbnailUrl":"https:\/\/www.firstlapf1.com\/wp-content\/uploads\/2026\/01\/20260123_113648-scaled.jpg","articleSection":["Scuderia Ferrari HP"],"inLanguage":"en-GB"},{"@type":"WebPage","@id":"https:\/\/www.firstlapf1.com\/oficial-ferrari-arranca-la-temporada-2026\/","url":"https:\/\/www.firstlapf1.com\/oficial-ferrari-arranca-la-temporada-2026\/","name":"OFICIAL: Ferrari arranca la temporada 2026 - Noticias F1 en espa\u00f1ol","isPartOf":{"@id":"https:\/\/www.firstlapf1.com\/#website"},"primaryImageOfPage":{"@id":"https:\/\/www.firstlapf1.com\/oficial-ferrari-arranca-la-temporada-2026\/#primaryimage"},"image":{"@id":"https:\/\/www.firstlapf1.com\/oficial-ferrari-arranca-la-temporada-2026\/#primaryimage"},"thumbnailUrl":"https:\/\/www.firstlapf1.com\/wp-content\/uploads\/2026\/01\/20260123_113648-scaled.jpg","datePublished":"2026-01-23T11:49:17+00:00","dateModified":"2026-01-23T11:49:21+00:00","author":{"@id":"https:\/\/www.firstlapf1.com\/#\/schema\/person\/eeb9aab43fc76cf781e0033e511cce1e"},"description":"Como viene siendo habitual en los \u00faltimos a\u00f1os, Ferrari ha presentado su coche y, posteriormente, ha rodado en Fiorano","inLanguage":"en-GB","potentialAction":[{"@type":"ReadAction","target":["https:\/\/www.firstlapf1.com\/oficial-ferrari-arranca-la-temporada-2026\/"]}]},{"@type":"ImageObject","inLanguage":"en-GB","@id":"https:\/\/www.firstlapf1.com\/oficial-ferrari-arranca-la-temporada-2026\/#primaryimage","url":"https:\/\/www.firstlapf1.com\/wp-content\/uploads\/2026\/01\/20260123_113648-scaled.jpg","contentUrl":"https:\/\/www.firstlapf1.com\/wp-content\/uploads\/2026\/01\/20260123_113648-scaled.jpg","width":2048,"height":2560},{"@type":"WebSite","@id":"https:\/\/www.firstlapf1.com\/#website","url":"https:\/\/www.firstlapf1.com\/","name":"Noticias F1 en espa\u00f1ol","description":"Noticias F1 en espa\u00f1ol","potentialAction":[{"@type":"SearchAction","target":{"@type":"EntryPoint","urlTemplate":"https:\/\/www.firstlapf1.com\/?s={search_term_string}"},"query-input":{"@type":"PropertyValueSpecification","valueRequired":true,"valueName":"search_term_string"}}],"inLanguage":"en-GB"},{"@type":"Person","@id":"https:\/\/www.firstlapf1.com\/#\/schema\/person\/eeb9aab43fc76cf781e0033e511cce1e","name":"C\u00e9sar L\u00f3pez","image":{"@type":"ImageObject","inLanguage":"en-GB","@id":"https:\/\/www.firstlapf1.com\/#\/schema\/person\/image\/","url":"https:\/\/secure.gravatar.com\/avatar\/60cc29ae45b828887c2be3afc5bcfec0794c85b31daa8d44e4fe46c296c0873d?s=96&d=mm&r=g","contentUrl":"https:\/\/secure.gravatar.com\/avatar\/60cc29ae45b828887c2be3afc5bcfec0794c85b31daa8d44e4fe46c296c0873d?s=96&d=mm&r=g","caption":"C\u00e9sar L\u00f3pez"},"sameAs":["http:\/\/www.firstlapf1.com\/"],"url":"https:\/\/www.firstlapf1.com\/en\/author\/ceslop\/"}]}},"jetpack_featured_media_url":"https:\/\/www.firstlapf1.com\/wp-content\/uploads\/2026\/01\/20260123_113648-scaled.jpg","jetpack_sharing_enabled":true,"_links":{"self":[{"href":"https:\/\/www.firstlapf1.com\/en\/wp-json\/wp\/v2\/posts\/17654","targetHints":{"allow":["GET"]}}],"collection":[{"href":"https:\/\/www.firstlapf1.com\/en\/wp-json\/wp\/v2\/posts"}],"about":[{"href":"https:\/\/www.firstlapf1.com\/en\/wp-json\/wp\/v2\/types\/post"}],"author":[{"embeddable":true,"href":"https:\/\/www.firstlapf1.com\/en\/wp-json\/wp\/v2\/users\/42"}],"replies":[{"embeddable":true,"href":"https:\/\/www.firstlapf1.com\/en\/wp-json\/wp\/v2\/comments?post=17654"}],"version-history":[{"count":3,"href":"https:\/\/www.firstlapf1.com\/en\/wp-json\/wp\/v2\/posts\/17654\/revisions"}],"predecessor-version":[{"id":17664,"href":"https:\/\/www.firstlapf1.com\/en\/wp-json\/wp\/v2\/posts\/17654\/revisions\/17664"}],"wp:featuredmedia":[{"embeddable":true,"href":"https:\/\/www.firstlapf1.com\/en\/wp-json\/wp\/v2\/media\/17663"}],"wp:attachment":[{"href":"https:\/\/www.firstlapf1.com\/en\/wp-json\/wp\/v2\/media?parent=17654"}],"wp:term":[{"taxonomy":"category","embeddable":true,"href":"https:\/\/www.firstlapf1.com\/en\/wp-json\/wp\/v2\/categories?post=17654"},{"taxonomy":"post_tag","embeddable":true,"href":"https:\/\/www.firstlapf1.com\/en\/wp-json\/wp\/v2\/tags?post=17654"}],"curies":[{"name":"wp","href":"https:\/\/api.w.org\/{rel}","templated":true}]}}