{"id":17642,"date":"2026-01-21T18:42:29","date_gmt":"2026-01-21T18:42:29","guid":{"rendered":"https:\/\/www.firstlapf1.com\/?p=17642"},"modified":"2026-01-21T18:42:50","modified_gmt":"2026-01-21T18:42:50","slug":"oficial-doriane-pin-se-convierte-en-piloto-de-desarrollo-de-mercedes","status":"publish","type":"post","link":"https:\/\/www.firstlapf1.com\/en\/oficial-doriane-pin-se-convierte-en-piloto-de-desarrollo-de-mercedes\/","title":{"rendered":"OFICIAL: Doriane Pin se convierte en piloto de desarrollo de Mercedes"},"content":{"rendered":"<h2 class=\"wp-block-heading\">La piloto francesa Doriane Pin escala en la estructura de Mercedes y ser\u00e1 piloto de desarrollo de los alemanes en 2026<\/h2>\n\n\n\n<p>La F1 en 2026 sufre un cambio de reglamentaci\u00f3n enorme y, por ende, el trabajo en los simuladores y en las f\u00e1bricas se intensifica. Ante esta situaci\u00f3n, <a href=\"https:\/\/www.firstlapf1.com\/en\/category\/mercedes-amg\/\" target=\"_blank\" rel=\"noreferrer noopener\">Mercedes<\/a> mueve ficha y promociona a Doriane Pin, subcampeona en 2024 y campeona 2025 en la F1 Academy, para que adopte el rol de piloto de desarrollo y ayude a George Russell y Kimi Antonelli en esta <a href=\"https:\/\/www.motogp.com\/es\" target=\"_blank\" rel=\"noreferrer noopener\">nueva era<\/a> de la F1.<\/p>\n\n\n\n<h2 class=\"wp-block-heading has-normal-font-size\">Declaraciones<\/h2>\n\n\n\n<p>Doriane Pin:<\/p>\n\n\n\n<p><strong>\u00bbEstoy muy orgullosa y agradecida al equipo por este rol de Piloto de Desarrollo. Mis dos a\u00f1os en el programa junior me han ayudado a que este sea el siguiente paso en mi carrera. Estoy entusiasmada por seguir trabajando en Brixworth y Brackley, adem\u00e1s de aprovechar todas las oportunidades, ya sean dentro o fuera de la pista. Quiero agradecer a todos los que trabajan en la F1 Academy por ayudarme. Es una categor\u00eda que ofrece oportunidades a las pilotos y es un honor haber recogido el trofeo de campeona. S\u00e9 que hay muchas mujeres que siguen mis pasos, as\u00ed que les deseo la mejor de las suertes.\u00bb<\/strong><\/p>\n\n\n\n<p>Bradley Lord, Representante de Mercedes:<\/p>\n\n\n\n<p><strong>\u00bbEn sis dos a\u00f1os en el programa junior han destacado su dedicaci\u00f3n, velocidad, habilidad, retroalimentaci\u00f3n, capacidad para relacionarse con un equipo de \u00e9lite y sus conocimientos de ingenier\u00eda. Perfeccionar estas habilidades es clave para seguir escalando dentro del automovilismo y fundamentales para el desarrollo de un equipo de F1. Es el rol perfecto para Doriane, pues le ayuda a seguir ganando confianza y oportunidades en el automovilismo, a medida que el equipo se beneficia de su experiencia y su trabajo. Su \u00e9xito en la F1 Academy la han preparado bien y, desde el equipo, estamos contentos por afrontar su nuevo rol con entusiasmo, junto con un programa de carreras que se anunciar\u00e1 pr\u00f3ximamente.\u00bb<\/strong><\/p>\n\n\n\n<figure class=\"wp-block-image size-large\"><img loading=\"lazy\" decoding=\"async\" width=\"819\" height=\"1024\" src=\"https:\/\/www.firstlapf1.com\/wp-content\/uploads\/2026\/01\/20260121_1834596296371220317924765-819x1024.jpg\" alt=\"\" class=\"wp-image-17644\" srcset=\"https:\/\/www.firstlapf1.com\/wp-content\/uploads\/2026\/01\/20260121_1834596296371220317924765-819x1024.jpg 819w, https:\/\/www.firstlapf1.com\/wp-content\/uploads\/2026\/01\/20260121_1834596296371220317924765-240x300.jpg 240w, https:\/\/www.firstlapf1.com\/wp-content\/uploads\/2026\/01\/20260121_1834596296371220317924765-768x960.jpg 768w, https:\/\/www.firstlapf1.com\/wp-content\/uploads\/2026\/01\/20260121_1834596296371220317924765-10x12.jpg 10w, https:\/\/www.firstlapf1.com\/wp-content\/uploads\/2026\/01\/20260121_1834596296371220317924765.jpg 1080w\" sizes=\"auto, (max-width: 819px) 100vw, 819px\" \/><figcaption class=\"wp-element-caption\">Fuente: F1 Academy en X (fuente portada: Mercedes-AMG PETRONAS F1 Team en X)<\/figcaption><\/figure>","protected":false},"excerpt":{"rendered":"<p>La piloto francesa Doriane Pin escala en la estructura de Mercedes y ser\u00e1 piloto de desarrollo de los alemanes en 2026 &hellip; <span class=\"more-button\"><a href=\"https:\/\/www.firstlapf1.com\/en\/oficial-doriane-pin-se-convierte-en-piloto-de-desarrollo-de-mercedes\/\" class=\"more-link\">Continue reading<span class=\"screen-reader-text\">OFICIAL: Doriane Pin se convierte en piloto de desarrollo de Mercedes<\/span><\/a><\/span><\/p>","protected":false},"author":2,"featured_media":17645,"comment_status":"closed","ping_status":"open","sticky":false,"template":"","format":"standard","meta":{"_jetpack_memberships_contains_paid_content":false,"footnotes":""},"categories":[35],"tags":[],"class_list":["post-17642","post","type-post","status-publish","format-standard","has-post-thumbnail","hentry","category-mercedes-amg"],"yoast_head":"<!-- This site is optimized with the Yoast SEO plugin v27.0 - https:\/\/yoast.com\/product\/yoast-seo-wordpress\/ -->\n<title>OFICIAL: Doriane Pin se convierte en piloto de desarrollo de Mercedes - Noticias F1 en espa\u00f1ol<\/title>\n<meta name=\"description\" content=\"La piloto francesa Doriane Pin escala en la estructura de Mercedes y ser\u00e1 piloto de desarrollo de los alemanes en 2026\" \/>\n<meta name=\"robots\" content=\"index, follow, max-snippet:-1, max-image-preview:large, max-video-preview:-1\" \/>\n<link rel=\"canonical\" href=\"https:\/\/www.firstlapf1.com\/en\/oficial-doriane-pin-se-convierte-en-piloto-de-desarrollo-de-mercedes\/\" \/>\n<meta property=\"og:locale\" content=\"en_GB\" \/>\n<meta property=\"og:type\" content=\"article\" \/>\n<meta property=\"og:title\" content=\"OFICIAL: Doriane Pin se convierte en piloto de desarrollo de Mercedes - Noticias F1 en espa\u00f1ol\" \/>\n<meta property=\"og:description\" content=\"La piloto francesa Doriane Pin escala en la estructura de Mercedes y ser\u00e1 piloto de desarrollo de los alemanes en 2026\" \/>\n<meta property=\"og:url\" content=\"https:\/\/www.firstlapf1.com\/en\/oficial-doriane-pin-se-convierte-en-piloto-de-desarrollo-de-mercedes\/\" \/>\n<meta property=\"og:site_name\" content=\"Noticias F1 en espa\u00f1ol\" \/>\n<meta property=\"article:published_time\" content=\"2026-01-21T18:42:29+00:00\" \/>\n<meta property=\"article:modified_time\" content=\"2026-01-21T18:42:50+00:00\" \/>\n<meta property=\"og:image\" content=\"https:\/\/www.firstlapf1.com\/wp-content\/uploads\/2026\/01\/20260121_1834596296371220317924765.jpg\" \/>\n\t<meta property=\"og:image:width\" content=\"1080\" \/>\n\t<meta property=\"og:image:height\" content=\"1350\" \/>\n\t<meta property=\"og:image:type\" content=\"image\/jpeg\" \/>\n<meta name=\"author\" content=\"Miguel Lora-Paquet\" \/>\n<meta name=\"twitter:card\" content=\"summary_large_image\" \/>\n<meta name=\"twitter:label1\" content=\"Written by\" \/>\n\t<meta name=\"twitter:data1\" content=\"Miguel Lora-Paquet\" \/>\n\t<meta name=\"twitter:label2\" content=\"Estimated reading time\" \/>\n\t<meta name=\"twitter:data2\" content=\"2 minutes\" \/>\n<script type=\"application\/ld+json\" class=\"yoast-schema-graph\">{\"@context\":\"https:\/\/schema.org\",\"@graph\":[{\"@type\":\"Article\",\"@id\":\"https:\/\/www.firstlapf1.com\/oficial-doriane-pin-se-convierte-en-piloto-de-desarrollo-de-mercedes\/#article\",\"isPartOf\":{\"@id\":\"https:\/\/www.firstlapf1.com\/oficial-doriane-pin-se-convierte-en-piloto-de-desarrollo-de-mercedes\/\"},\"author\":{\"name\":\"Miguel Lora-Paquet\",\"@id\":\"https:\/\/www.firstlapf1.com\/#\/schema\/person\/9eca09873eecb6d7836bc1a0bbd78250\"},\"headline\":\"OFICIAL: Doriane Pin se convierte en piloto de desarrollo de Mercedes\",\"datePublished\":\"2026-01-21T18:42:29+00:00\",\"dateModified\":\"2026-01-21T18:42:50+00:00\",\"mainEntityOfPage\":{\"@id\":\"https:\/\/www.firstlapf1.com\/oficial-doriane-pin-se-convierte-en-piloto-de-desarrollo-de-mercedes\/\"},\"wordCount\":351,\"image\":{\"@id\":\"https:\/\/www.firstlapf1.com\/oficial-doriane-pin-se-convierte-en-piloto-de-desarrollo-de-mercedes\/#primaryimage\"},\"thumbnailUrl\":\"https:\/\/www.firstlapf1.com\/wp-content\/uploads\/2026\/01\/Portrait_WEB_V2.webp\",\"articleSection\":[\"Mercedes-AMG PETRONAS Formula One Team\"],\"inLanguage\":\"en-GB\"},{\"@type\":\"WebPage\",\"@id\":\"https:\/\/www.firstlapf1.com\/oficial-doriane-pin-se-convierte-en-piloto-de-desarrollo-de-mercedes\/\",\"url\":\"https:\/\/www.firstlapf1.com\/oficial-doriane-pin-se-convierte-en-piloto-de-desarrollo-de-mercedes\/\",\"name\":\"OFICIAL: Doriane Pin se convierte en piloto de desarrollo de Mercedes - Noticias F1 en espa\u00f1ol\",\"isPartOf\":{\"@id\":\"https:\/\/www.firstlapf1.com\/#website\"},\"primaryImageOfPage\":{\"@id\":\"https:\/\/www.firstlapf1.com\/oficial-doriane-pin-se-convierte-en-piloto-de-desarrollo-de-mercedes\/#primaryimage\"},\"image\":{\"@id\":\"https:\/\/www.firstlapf1.com\/oficial-doriane-pin-se-convierte-en-piloto-de-desarrollo-de-mercedes\/#primaryimage\"},\"thumbnailUrl\":\"https:\/\/www.firstlapf1.com\/wp-content\/uploads\/2026\/01\/Portrait_WEB_V2.webp\",\"datePublished\":\"2026-01-21T18:42:29+00:00\",\"dateModified\":\"2026-01-21T18:42:50+00:00\",\"author\":{\"@id\":\"https:\/\/www.firstlapf1.com\/#\/schema\/person\/9eca09873eecb6d7836bc1a0bbd78250\"},\"description\":\"La piloto francesa Doriane Pin escala en la estructura de Mercedes y ser\u00e1 piloto de desarrollo de los alemanes en 2026\",\"inLanguage\":\"en-GB\",\"potentialAction\":[{\"@type\":\"ReadAction\",\"target\":[\"https:\/\/www.firstlapf1.com\/oficial-doriane-pin-se-convierte-en-piloto-de-desarrollo-de-mercedes\/\"]}]},{\"@type\":\"ImageObject\",\"inLanguage\":\"en-GB\",\"@id\":\"https:\/\/www.firstlapf1.com\/oficial-doriane-pin-se-convierte-en-piloto-de-desarrollo-de-mercedes\/#primaryimage\",\"url\":\"https:\/\/www.firstlapf1.com\/wp-content\/uploads\/2026\/01\/Portrait_WEB_V2.webp\",\"contentUrl\":\"https:\/\/www.firstlapf1.com\/wp-content\/uploads\/2026\/01\/Portrait_WEB_V2.webp\",\"width\":626,\"height\":720},{\"@type\":\"WebSite\",\"@id\":\"https:\/\/www.firstlapf1.com\/#website\",\"url\":\"https:\/\/www.firstlapf1.com\/\",\"name\":\"Noticias F1 en espa\u00f1ol\",\"description\":\"Noticias F1 en espa\u00f1ol\",\"potentialAction\":[{\"@type\":\"SearchAction\",\"target\":{\"@type\":\"EntryPoint\",\"urlTemplate\":\"https:\/\/www.firstlapf1.com\/?s={search_term_string}\"},\"query-input\":{\"@type\":\"PropertyValueSpecification\",\"valueRequired\":true,\"valueName\":\"search_term_string\"}}],\"inLanguage\":\"en-GB\"},{\"@type\":\"Person\",\"@id\":\"https:\/\/www.firstlapf1.com\/#\/schema\/person\/9eca09873eecb6d7836bc1a0bbd78250\",\"name\":\"Miguel Lora-Paquet\",\"image\":{\"@type\":\"ImageObject\",\"inLanguage\":\"en-GB\",\"@id\":\"https:\/\/www.firstlapf1.com\/#\/schema\/person\/image\/\",\"url\":\"https:\/\/www.firstlapf1.com\/wp-content\/uploads\/2022\/09\/7d393f41-126a-4a1e-bf1d-9d04e2ebc621.jpeg\",\"contentUrl\":\"https:\/\/www.firstlapf1.com\/wp-content\/uploads\/2022\/09\/7d393f41-126a-4a1e-bf1d-9d04e2ebc621.jpeg\",\"caption\":\"Miguel Lora-Paquet\"},\"url\":\"https:\/\/www.firstlapf1.com\/en\/author\/miguel\/\"}]}<\/script>\n<!-- \/ Yoast SEO plugin. -->","yoast_head_json":{"title":"OFICIAL: Doriane Pin se convierte en piloto de desarrollo de Mercedes - Noticias F1 en espa\u00f1ol","description":"La piloto francesa Doriane Pin escala en la estructura de Mercedes y ser\u00e1 piloto de desarrollo de los alemanes en 2026","robots":{"index":"index","follow":"follow","max-snippet":"max-snippet:-1","max-image-preview":"max-image-preview:large","max-video-preview":"max-video-preview:-1"},"canonical":"https:\/\/www.firstlapf1.com\/en\/oficial-doriane-pin-se-convierte-en-piloto-de-desarrollo-de-mercedes\/","og_locale":"en_GB","og_type":"article","og_title":"OFICIAL: Doriane Pin se convierte en piloto de desarrollo de Mercedes - Noticias F1 en espa\u00f1ol","og_description":"La piloto francesa Doriane Pin escala en la estructura de Mercedes y ser\u00e1 piloto de desarrollo de los alemanes en 2026","og_url":"https:\/\/www.firstlapf1.com\/en\/oficial-doriane-pin-se-convierte-en-piloto-de-desarrollo-de-mercedes\/","og_site_name":"Noticias F1 en espa\u00f1ol","article_published_time":"2026-01-21T18:42:29+00:00","article_modified_time":"2026-01-21T18:42:50+00:00","og_image":[{"width":1080,"height":1350,"url":"https:\/\/www.firstlapf1.com\/wp-content\/uploads\/2026\/01\/20260121_1834596296371220317924765.jpg","type":"image\/jpeg"}],"author":"Miguel Lora-Paquet","twitter_card":"summary_large_image","twitter_misc":{"Written by":"Miguel Lora-Paquet","Estimated reading time":"2 minutes"},"schema":{"@context":"https:\/\/schema.org","@graph":[{"@type":"Article","@id":"https:\/\/www.firstlapf1.com\/oficial-doriane-pin-se-convierte-en-piloto-de-desarrollo-de-mercedes\/#article","isPartOf":{"@id":"https:\/\/www.firstlapf1.com\/oficial-doriane-pin-se-convierte-en-piloto-de-desarrollo-de-mercedes\/"},"author":{"name":"Miguel Lora-Paquet","@id":"https:\/\/www.firstlapf1.com\/#\/schema\/person\/9eca09873eecb6d7836bc1a0bbd78250"},"headline":"OFICIAL: Doriane Pin se convierte en piloto de desarrollo de Mercedes","datePublished":"2026-01-21T18:42:29+00:00","dateModified":"2026-01-21T18:42:50+00:00","mainEntityOfPage":{"@id":"https:\/\/www.firstlapf1.com\/oficial-doriane-pin-se-convierte-en-piloto-de-desarrollo-de-mercedes\/"},"wordCount":351,"image":{"@id":"https:\/\/www.firstlapf1.com\/oficial-doriane-pin-se-convierte-en-piloto-de-desarrollo-de-mercedes\/#primaryimage"},"thumbnailUrl":"https:\/\/www.firstlapf1.com\/wp-content\/uploads\/2026\/01\/Portrait_WEB_V2.webp","articleSection":["Mercedes-AMG PETRONAS Formula One Team"],"inLanguage":"en-GB"},{"@type":"WebPage","@id":"https:\/\/www.firstlapf1.com\/oficial-doriane-pin-se-convierte-en-piloto-de-desarrollo-de-mercedes\/","url":"https:\/\/www.firstlapf1.com\/oficial-doriane-pin-se-convierte-en-piloto-de-desarrollo-de-mercedes\/","name":"OFICIAL: Doriane Pin se convierte en piloto de desarrollo de Mercedes - Noticias F1 en espa\u00f1ol","isPartOf":{"@id":"https:\/\/www.firstlapf1.com\/#website"},"primaryImageOfPage":{"@id":"https:\/\/www.firstlapf1.com\/oficial-doriane-pin-se-convierte-en-piloto-de-desarrollo-de-mercedes\/#primaryimage"},"image":{"@id":"https:\/\/www.firstlapf1.com\/oficial-doriane-pin-se-convierte-en-piloto-de-desarrollo-de-mercedes\/#primaryimage"},"thumbnailUrl":"https:\/\/www.firstlapf1.com\/wp-content\/uploads\/2026\/01\/Portrait_WEB_V2.webp","datePublished":"2026-01-21T18:42:29+00:00","dateModified":"2026-01-21T18:42:50+00:00","author":{"@id":"https:\/\/www.firstlapf1.com\/#\/schema\/person\/9eca09873eecb6d7836bc1a0bbd78250"},"description":"La piloto francesa Doriane Pin escala en la estructura de Mercedes y ser\u00e1 piloto de desarrollo de los alemanes en 2026","inLanguage":"en-GB","potentialAction":[{"@type":"ReadAction","target":["https:\/\/www.firstlapf1.com\/oficial-doriane-pin-se-convierte-en-piloto-de-desarrollo-de-mercedes\/"]}]},{"@type":"ImageObject","inLanguage":"en-GB","@id":"https:\/\/www.firstlapf1.com\/oficial-doriane-pin-se-convierte-en-piloto-de-desarrollo-de-mercedes\/#primaryimage","url":"https:\/\/www.firstlapf1.com\/wp-content\/uploads\/2026\/01\/Portrait_WEB_V2.webp","contentUrl":"https:\/\/www.firstlapf1.com\/wp-content\/uploads\/2026\/01\/Portrait_WEB_V2.webp","width":626,"height":720},{"@type":"WebSite","@id":"https:\/\/www.firstlapf1.com\/#website","url":"https:\/\/www.firstlapf1.com\/","name":"Noticias F1 en espa\u00f1ol","description":"Noticias F1 en espa\u00f1ol","potentialAction":[{"@type":"SearchAction","target":{"@type":"EntryPoint","urlTemplate":"https:\/\/www.firstlapf1.com\/?s={search_term_string}"},"query-input":{"@type":"PropertyValueSpecification","valueRequired":true,"valueName":"search_term_string"}}],"inLanguage":"en-GB"},{"@type":"Person","@id":"https:\/\/www.firstlapf1.com\/#\/schema\/person\/9eca09873eecb6d7836bc1a0bbd78250","name":"Miguel Lora-Paquet","image":{"@type":"ImageObject","inLanguage":"en-GB","@id":"https:\/\/www.firstlapf1.com\/#\/schema\/person\/image\/","url":"https:\/\/www.firstlapf1.com\/wp-content\/uploads\/2022\/09\/7d393f41-126a-4a1e-bf1d-9d04e2ebc621.jpeg","contentUrl":"https:\/\/www.firstlapf1.com\/wp-content\/uploads\/2022\/09\/7d393f41-126a-4a1e-bf1d-9d04e2ebc621.jpeg","caption":"Miguel Lora-Paquet"},"url":"https:\/\/www.firstlapf1.com\/en\/author\/miguel\/"}]}},"jetpack_featured_media_url":"https:\/\/www.firstlapf1.com\/wp-content\/uploads\/2026\/01\/Portrait_WEB_V2.webp","jetpack_sharing_enabled":true,"_links":{"self":[{"href":"https:\/\/www.firstlapf1.com\/en\/wp-json\/wp\/v2\/posts\/17642","targetHints":{"allow":["GET"]}}],"collection":[{"href":"https:\/\/www.firstlapf1.com\/en\/wp-json\/wp\/v2\/posts"}],"about":[{"href":"https:\/\/www.firstlapf1.com\/en\/wp-json\/wp\/v2\/types\/post"}],"author":[{"embeddable":true,"href":"https:\/\/www.firstlapf1.com\/en\/wp-json\/wp\/v2\/users\/2"}],"replies":[{"embeddable":true,"href":"https:\/\/www.firstlapf1.com\/en\/wp-json\/wp\/v2\/comments?post=17642"}],"version-history":[{"count":2,"href":"https:\/\/www.firstlapf1.com\/en\/wp-json\/wp\/v2\/posts\/17642\/revisions"}],"predecessor-version":[{"id":17646,"href":"https:\/\/www.firstlapf1.com\/en\/wp-json\/wp\/v2\/posts\/17642\/revisions\/17646"}],"wp:featuredmedia":[{"embeddable":true,"href":"https:\/\/www.firstlapf1.com\/en\/wp-json\/wp\/v2\/media\/17645"}],"wp:attachment":[{"href":"https:\/\/www.firstlapf1.com\/en\/wp-json\/wp\/v2\/media?parent=17642"}],"wp:term":[{"taxonomy":"category","embeddable":true,"href":"https:\/\/www.firstlapf1.com\/en\/wp-json\/wp\/v2\/categories?post=17642"},{"taxonomy":"post_tag","embeddable":true,"href":"https:\/\/www.firstlapf1.com\/en\/wp-json\/wp\/v2\/tags?post=17642"}],"curies":[{"name":"wp","href":"https:\/\/api.w.org\/{rel}","templated":true}]}}