{"id":17618,"date":"2026-01-21T14:56:11","date_gmt":"2026-01-21T14:56:11","guid":{"rendered":"https:\/\/www.firstlapf1.com\/?p=17618"},"modified":"2026-01-21T14:56:38","modified_gmt":"2026-01-21T14:56:38","slug":"oficial-trackhouse-destapa-sus-nuevos-colores-para-2026","status":"publish","type":"post","link":"https:\/\/www.firstlapf1.com\/en\/oficial-trackhouse-destapa-sus-nuevos-colores-para-2026\/","title":{"rendered":"OFICIAL: Trackhouse destapa sus nuevos colores para 2026"},"content":{"rendered":"<h2 class=\"wp-block-heading\">El equipo sat\u00e9lite de Aprilia, Trackhouse, ha revelado su nueva moto para esta temporada, donde intentar\u00e1n dar un paso m\u00e1s<\/h2>\n\n\n\n<p>2026 ser\u00e1 el tercer a\u00f1o de historia de <a href=\"https:\/\/www.firstlapf1.com\/en\/category\/trackhouse\/\" target=\"_blank\" rel=\"noreferrer noopener\">Trackhouse<\/a> y desde el equipo estadounidense no pueden estar m\u00e1s satisfechos por el progreso que han realizado. Este 2025 han saboreado la victoria en Australia de la mano de Ra\u00fal Fern\u00e1ndez, algo que fue especial, tanto para el equipo como para el piloto.<\/p>\n\n\n\n<p>El equipo ha sorprendido en su presentaci\u00f3n, pues han mostrado dos motos totalmente diferentes. En primer lugar, Ai Ogura tendr\u00e1 una livery con Gulf como gran protagonista. El azul celeste y naranja corporativos de la marca petrolera completan la moto del japon\u00e9s. En caso de la moto de Ra\u00fal Fern\u00e1ndez, Trackhouse presenta una livery azul por todo el chasis, carenado y col\u00edn. El negro acompa\u00f1a al mencionado azul por el carenado y chasis, culminado con detalles fosforitos por toda la moto. Por \u00faltimo, la bandera estadounidense se aprecia en la parte baja de la Aprilia RS-GP 26. <\/p>\n\n\n\n<p>La alineaci\u00f3n de Trackhouse para 2026 no cambia respecto a la temporada pasada, manteniendo a Ra\u00fal Fern\u00e1ndez y Ai Ogura como sus principales bazas. El espa\u00f1ol ha experimentado un resurgimiento en 2025, con un comienzo discreto pero con un gran final, culminando con esa victoria, anteriormente mencionada, en Phillip Island. Por el lado japon\u00e9s, Ogura sorprendi\u00f3 al mundo en su debut en la categor\u00eda en el circuito de Tailandia, lugar donde cuaj\u00f3 una gran actuaci\u00f3n. Sin embargo, la lesi\u00f3n le priv\u00f3 de mantener el nivel durante toda la temporada, aunque s\u00ed dej\u00f3 destellos de su potencial en la recta final.<\/p>\n\n\n\n<p>Trackhouse intentar\u00e1 emular a Aprilia en dar ese paso adelante que le permita ser el equipo que lidere habitualmente la <a href=\"https:\/\/www.motogp.com\/es\" target=\"_blank\" rel=\"noreferrer noopener\">zona media<\/a> y aspirar a podios en circuitos favorables o cuando haya caos.<\/p>\n\n\n\n<figure class=\"wp-block-image size-large\"><img loading=\"lazy\" decoding=\"async\" width=\"770\" height=\"1024\" src=\"https:\/\/www.firstlapf1.com\/wp-content\/uploads\/2026\/01\/20260121_1534571214965020167391251-770x1024.jpg\" alt=\"\" class=\"wp-image-17637\" srcset=\"https:\/\/www.firstlapf1.com\/wp-content\/uploads\/2026\/01\/20260121_1534571214965020167391251-770x1024.jpg 770w, https:\/\/www.firstlapf1.com\/wp-content\/uploads\/2026\/01\/20260121_1534571214965020167391251-226x300.jpg 226w, https:\/\/www.firstlapf1.com\/wp-content\/uploads\/2026\/01\/20260121_1534571214965020167391251-768x1021.jpg 768w, https:\/\/www.firstlapf1.com\/wp-content\/uploads\/2026\/01\/20260121_1534571214965020167391251-9x12.jpg 9w, https:\/\/www.firstlapf1.com\/wp-content\/uploads\/2026\/01\/20260121_1534571214965020167391251.jpg 1015w\" sizes=\"auto, (max-width: 770px) 100vw, 770px\" \/><figcaption class=\"wp-element-caption\">Fuente: Trackhouse MotoGP Team en X (fuente portada: Trackhouse MotoGP Team en X)<\/figcaption><\/figure>","protected":false},"excerpt":{"rendered":"<p>El equipo sat\u00e9lite de Aprilia, Trackhouse, ha revelado su nueva moto para esta temporada, donde intentar\u00e1n dar un paso m\u00e1s &hellip; <span class=\"more-button\"><a href=\"https:\/\/www.firstlapf1.com\/en\/oficial-trackhouse-destapa-sus-nuevos-colores-para-2026\/\" class=\"more-link\">Continue reading<span class=\"screen-reader-text\">OFICIAL: Trackhouse destapa sus nuevos colores para 2026<\/span><\/a><\/span><\/p>","protected":false},"author":2,"featured_media":17639,"comment_status":"closed","ping_status":"open","sticky":false,"template":"","format":"standard","meta":{"_jetpack_memberships_contains_paid_content":false,"footnotes":""},"categories":[109],"tags":[],"class_list":["post-17618","post","type-post","status-publish","format-standard","has-post-thumbnail","hentry","category-trackhouse"],"yoast_head":"<!-- This site is optimized with the Yoast SEO plugin v27.0 - https:\/\/yoast.com\/product\/yoast-seo-wordpress\/ -->\n<title>OFICIAL: Trackhouse destapa sus nuevos colores para 2026 - Noticias F1 en espa\u00f1ol<\/title>\n<meta name=\"description\" content=\"El equipo sat\u00e9lite de Aprilia, Trackhouse, ha revelado su nueva moto para esta temporada, donde intentar\u00e1n dar un paso m\u00e1s\" \/>\n<meta name=\"robots\" content=\"index, follow, max-snippet:-1, max-image-preview:large, max-video-preview:-1\" \/>\n<link rel=\"canonical\" href=\"https:\/\/www.firstlapf1.com\/en\/oficial-trackhouse-destapa-sus-nuevos-colores-para-2026\/\" \/>\n<meta property=\"og:locale\" content=\"en_GB\" \/>\n<meta property=\"og:type\" content=\"article\" \/>\n<meta property=\"og:title\" content=\"OFICIAL: Trackhouse destapa sus nuevos colores para 2026 - Noticias F1 en espa\u00f1ol\" \/>\n<meta property=\"og:description\" content=\"El equipo sat\u00e9lite de Aprilia, Trackhouse, ha revelado su nueva moto para esta temporada, donde intentar\u00e1n dar un paso m\u00e1s\" \/>\n<meta property=\"og:url\" content=\"https:\/\/www.firstlapf1.com\/en\/oficial-trackhouse-destapa-sus-nuevos-colores-para-2026\/\" \/>\n<meta property=\"og:site_name\" content=\"Noticias F1 en espa\u00f1ol\" \/>\n<meta property=\"article:published_time\" content=\"2026-01-21T14:56:11+00:00\" \/>\n<meta property=\"article:modified_time\" content=\"2026-01-21T14:56:38+00:00\" \/>\n<meta property=\"og:image\" content=\"https:\/\/www.firstlapf1.com\/wp-content\/uploads\/2026\/01\/20260121_1534571214965020167391251.jpg\" \/>\n\t<meta property=\"og:image:width\" content=\"1015\" \/>\n\t<meta property=\"og:image:height\" content=\"1350\" \/>\n\t<meta property=\"og:image:type\" content=\"image\/jpeg\" \/>\n<meta name=\"author\" content=\"Miguel Lora-Paquet\" \/>\n<meta name=\"twitter:card\" content=\"summary_large_image\" \/>\n<meta name=\"twitter:label1\" content=\"Written by\" \/>\n\t<meta name=\"twitter:data1\" content=\"Miguel Lora-Paquet\" \/>\n\t<meta name=\"twitter:label2\" content=\"Estimated reading time\" \/>\n\t<meta name=\"twitter:data2\" content=\"2 minutes\" \/>\n<script type=\"application\/ld+json\" class=\"yoast-schema-graph\">{\"@context\":\"https:\/\/schema.org\",\"@graph\":[{\"@type\":\"Article\",\"@id\":\"https:\/\/www.firstlapf1.com\/oficial-trackhouse-destapa-sus-nuevos-colores-para-2026\/#article\",\"isPartOf\":{\"@id\":\"https:\/\/www.firstlapf1.com\/oficial-trackhouse-destapa-sus-nuevos-colores-para-2026\/\"},\"author\":{\"name\":\"Miguel Lora-Paquet\",\"@id\":\"https:\/\/www.firstlapf1.com\/#\/schema\/person\/9eca09873eecb6d7836bc1a0bbd78250\"},\"headline\":\"OFICIAL: Trackhouse destapa sus nuevos colores para 2026\",\"datePublished\":\"2026-01-21T14:56:11+00:00\",\"dateModified\":\"2026-01-21T14:56:38+00:00\",\"mainEntityOfPage\":{\"@id\":\"https:\/\/www.firstlapf1.com\/oficial-trackhouse-destapa-sus-nuevos-colores-para-2026\/\"},\"wordCount\":337,\"image\":{\"@id\":\"https:\/\/www.firstlapf1.com\/oficial-trackhouse-destapa-sus-nuevos-colores-para-2026\/#primaryimage\"},\"thumbnailUrl\":\"https:\/\/www.firstlapf1.com\/wp-content\/uploads\/2026\/01\/20260121_155349.jpg\",\"articleSection\":[\"Trackhouse MotoGP Team\"],\"inLanguage\":\"en-GB\"},{\"@type\":\"WebPage\",\"@id\":\"https:\/\/www.firstlapf1.com\/oficial-trackhouse-destapa-sus-nuevos-colores-para-2026\/\",\"url\":\"https:\/\/www.firstlapf1.com\/oficial-trackhouse-destapa-sus-nuevos-colores-para-2026\/\",\"name\":\"OFICIAL: Trackhouse destapa sus nuevos colores para 2026 - Noticias F1 en espa\u00f1ol\",\"isPartOf\":{\"@id\":\"https:\/\/www.firstlapf1.com\/#website\"},\"primaryImageOfPage\":{\"@id\":\"https:\/\/www.firstlapf1.com\/oficial-trackhouse-destapa-sus-nuevos-colores-para-2026\/#primaryimage\"},\"image\":{\"@id\":\"https:\/\/www.firstlapf1.com\/oficial-trackhouse-destapa-sus-nuevos-colores-para-2026\/#primaryimage\"},\"thumbnailUrl\":\"https:\/\/www.firstlapf1.com\/wp-content\/uploads\/2026\/01\/20260121_155349.jpg\",\"datePublished\":\"2026-01-21T14:56:11+00:00\",\"dateModified\":\"2026-01-21T14:56:38+00:00\",\"author\":{\"@id\":\"https:\/\/www.firstlapf1.com\/#\/schema\/person\/9eca09873eecb6d7836bc1a0bbd78250\"},\"description\":\"El equipo sat\u00e9lite de Aprilia, Trackhouse, ha revelado su nueva moto para esta temporada, donde intentar\u00e1n dar un paso m\u00e1s\",\"inLanguage\":\"en-GB\",\"potentialAction\":[{\"@type\":\"ReadAction\",\"target\":[\"https:\/\/www.firstlapf1.com\/oficial-trackhouse-destapa-sus-nuevos-colores-para-2026\/\"]}]},{\"@type\":\"ImageObject\",\"inLanguage\":\"en-GB\",\"@id\":\"https:\/\/www.firstlapf1.com\/oficial-trackhouse-destapa-sus-nuevos-colores-para-2026\/#primaryimage\",\"url\":\"https:\/\/www.firstlapf1.com\/wp-content\/uploads\/2026\/01\/20260121_155349.jpg\",\"contentUrl\":\"https:\/\/www.firstlapf1.com\/wp-content\/uploads\/2026\/01\/20260121_155349.jpg\",\"width\":1015,\"height\":1350},{\"@type\":\"WebSite\",\"@id\":\"https:\/\/www.firstlapf1.com\/#website\",\"url\":\"https:\/\/www.firstlapf1.com\/\",\"name\":\"Noticias F1 en espa\u00f1ol\",\"description\":\"Noticias F1 en espa\u00f1ol\",\"potentialAction\":[{\"@type\":\"SearchAction\",\"target\":{\"@type\":\"EntryPoint\",\"urlTemplate\":\"https:\/\/www.firstlapf1.com\/?s={search_term_string}\"},\"query-input\":{\"@type\":\"PropertyValueSpecification\",\"valueRequired\":true,\"valueName\":\"search_term_string\"}}],\"inLanguage\":\"en-GB\"},{\"@type\":\"Person\",\"@id\":\"https:\/\/www.firstlapf1.com\/#\/schema\/person\/9eca09873eecb6d7836bc1a0bbd78250\",\"name\":\"Miguel Lora-Paquet\",\"image\":{\"@type\":\"ImageObject\",\"inLanguage\":\"en-GB\",\"@id\":\"https:\/\/www.firstlapf1.com\/#\/schema\/person\/image\/\",\"url\":\"https:\/\/www.firstlapf1.com\/wp-content\/uploads\/2022\/09\/7d393f41-126a-4a1e-bf1d-9d04e2ebc621.jpeg\",\"contentUrl\":\"https:\/\/www.firstlapf1.com\/wp-content\/uploads\/2022\/09\/7d393f41-126a-4a1e-bf1d-9d04e2ebc621.jpeg\",\"caption\":\"Miguel Lora-Paquet\"},\"url\":\"https:\/\/www.firstlapf1.com\/en\/author\/miguel\/\"}]}<\/script>\n<!-- \/ Yoast SEO plugin. -->","yoast_head_json":{"title":"OFICIAL: Trackhouse destapa sus nuevos colores para 2026 - Noticias F1 en espa\u00f1ol","description":"El equipo sat\u00e9lite de Aprilia, Trackhouse, ha revelado su nueva moto para esta temporada, donde intentar\u00e1n dar un paso m\u00e1s","robots":{"index":"index","follow":"follow","max-snippet":"max-snippet:-1","max-image-preview":"max-image-preview:large","max-video-preview":"max-video-preview:-1"},"canonical":"https:\/\/www.firstlapf1.com\/en\/oficial-trackhouse-destapa-sus-nuevos-colores-para-2026\/","og_locale":"en_GB","og_type":"article","og_title":"OFICIAL: Trackhouse destapa sus nuevos colores para 2026 - Noticias F1 en espa\u00f1ol","og_description":"El equipo sat\u00e9lite de Aprilia, Trackhouse, ha revelado su nueva moto para esta temporada, donde intentar\u00e1n dar un paso m\u00e1s","og_url":"https:\/\/www.firstlapf1.com\/en\/oficial-trackhouse-destapa-sus-nuevos-colores-para-2026\/","og_site_name":"Noticias F1 en espa\u00f1ol","article_published_time":"2026-01-21T14:56:11+00:00","article_modified_time":"2026-01-21T14:56:38+00:00","og_image":[{"width":1015,"height":1350,"url":"https:\/\/www.firstlapf1.com\/wp-content\/uploads\/2026\/01\/20260121_1534571214965020167391251.jpg","type":"image\/jpeg"}],"author":"Miguel Lora-Paquet","twitter_card":"summary_large_image","twitter_misc":{"Written by":"Miguel Lora-Paquet","Estimated reading time":"2 minutes"},"schema":{"@context":"https:\/\/schema.org","@graph":[{"@type":"Article","@id":"https:\/\/www.firstlapf1.com\/oficial-trackhouse-destapa-sus-nuevos-colores-para-2026\/#article","isPartOf":{"@id":"https:\/\/www.firstlapf1.com\/oficial-trackhouse-destapa-sus-nuevos-colores-para-2026\/"},"author":{"name":"Miguel Lora-Paquet","@id":"https:\/\/www.firstlapf1.com\/#\/schema\/person\/9eca09873eecb6d7836bc1a0bbd78250"},"headline":"OFICIAL: Trackhouse destapa sus nuevos colores para 2026","datePublished":"2026-01-21T14:56:11+00:00","dateModified":"2026-01-21T14:56:38+00:00","mainEntityOfPage":{"@id":"https:\/\/www.firstlapf1.com\/oficial-trackhouse-destapa-sus-nuevos-colores-para-2026\/"},"wordCount":337,"image":{"@id":"https:\/\/www.firstlapf1.com\/oficial-trackhouse-destapa-sus-nuevos-colores-para-2026\/#primaryimage"},"thumbnailUrl":"https:\/\/www.firstlapf1.com\/wp-content\/uploads\/2026\/01\/20260121_155349.jpg","articleSection":["Trackhouse MotoGP Team"],"inLanguage":"en-GB"},{"@type":"WebPage","@id":"https:\/\/www.firstlapf1.com\/oficial-trackhouse-destapa-sus-nuevos-colores-para-2026\/","url":"https:\/\/www.firstlapf1.com\/oficial-trackhouse-destapa-sus-nuevos-colores-para-2026\/","name":"OFICIAL: Trackhouse destapa sus nuevos colores para 2026 - Noticias F1 en espa\u00f1ol","isPartOf":{"@id":"https:\/\/www.firstlapf1.com\/#website"},"primaryImageOfPage":{"@id":"https:\/\/www.firstlapf1.com\/oficial-trackhouse-destapa-sus-nuevos-colores-para-2026\/#primaryimage"},"image":{"@id":"https:\/\/www.firstlapf1.com\/oficial-trackhouse-destapa-sus-nuevos-colores-para-2026\/#primaryimage"},"thumbnailUrl":"https:\/\/www.firstlapf1.com\/wp-content\/uploads\/2026\/01\/20260121_155349.jpg","datePublished":"2026-01-21T14:56:11+00:00","dateModified":"2026-01-21T14:56:38+00:00","author":{"@id":"https:\/\/www.firstlapf1.com\/#\/schema\/person\/9eca09873eecb6d7836bc1a0bbd78250"},"description":"El equipo sat\u00e9lite de Aprilia, Trackhouse, ha revelado su nueva moto para esta temporada, donde intentar\u00e1n dar un paso m\u00e1s","inLanguage":"en-GB","potentialAction":[{"@type":"ReadAction","target":["https:\/\/www.firstlapf1.com\/oficial-trackhouse-destapa-sus-nuevos-colores-para-2026\/"]}]},{"@type":"ImageObject","inLanguage":"en-GB","@id":"https:\/\/www.firstlapf1.com\/oficial-trackhouse-destapa-sus-nuevos-colores-para-2026\/#primaryimage","url":"https:\/\/www.firstlapf1.com\/wp-content\/uploads\/2026\/01\/20260121_155349.jpg","contentUrl":"https:\/\/www.firstlapf1.com\/wp-content\/uploads\/2026\/01\/20260121_155349.jpg","width":1015,"height":1350},{"@type":"WebSite","@id":"https:\/\/www.firstlapf1.com\/#website","url":"https:\/\/www.firstlapf1.com\/","name":"Noticias F1 en espa\u00f1ol","description":"Noticias F1 en espa\u00f1ol","potentialAction":[{"@type":"SearchAction","target":{"@type":"EntryPoint","urlTemplate":"https:\/\/www.firstlapf1.com\/?s={search_term_string}"},"query-input":{"@type":"PropertyValueSpecification","valueRequired":true,"valueName":"search_term_string"}}],"inLanguage":"en-GB"},{"@type":"Person","@id":"https:\/\/www.firstlapf1.com\/#\/schema\/person\/9eca09873eecb6d7836bc1a0bbd78250","name":"Miguel Lora-Paquet","image":{"@type":"ImageObject","inLanguage":"en-GB","@id":"https:\/\/www.firstlapf1.com\/#\/schema\/person\/image\/","url":"https:\/\/www.firstlapf1.com\/wp-content\/uploads\/2022\/09\/7d393f41-126a-4a1e-bf1d-9d04e2ebc621.jpeg","contentUrl":"https:\/\/www.firstlapf1.com\/wp-content\/uploads\/2022\/09\/7d393f41-126a-4a1e-bf1d-9d04e2ebc621.jpeg","caption":"Miguel Lora-Paquet"},"url":"https:\/\/www.firstlapf1.com\/en\/author\/miguel\/"}]}},"jetpack_featured_media_url":"https:\/\/www.firstlapf1.com\/wp-content\/uploads\/2026\/01\/20260121_155349.jpg","jetpack_sharing_enabled":true,"_links":{"self":[{"href":"https:\/\/www.firstlapf1.com\/en\/wp-json\/wp\/v2\/posts\/17618","targetHints":{"allow":["GET"]}}],"collection":[{"href":"https:\/\/www.firstlapf1.com\/en\/wp-json\/wp\/v2\/posts"}],"about":[{"href":"https:\/\/www.firstlapf1.com\/en\/wp-json\/wp\/v2\/types\/post"}],"author":[{"embeddable":true,"href":"https:\/\/www.firstlapf1.com\/en\/wp-json\/wp\/v2\/users\/2"}],"replies":[{"embeddable":true,"href":"https:\/\/www.firstlapf1.com\/en\/wp-json\/wp\/v2\/comments?post=17618"}],"version-history":[{"count":3,"href":"https:\/\/www.firstlapf1.com\/en\/wp-json\/wp\/v2\/posts\/17618\/revisions"}],"predecessor-version":[{"id":17640,"href":"https:\/\/www.firstlapf1.com\/en\/wp-json\/wp\/v2\/posts\/17618\/revisions\/17640"}],"wp:featuredmedia":[{"embeddable":true,"href":"https:\/\/www.firstlapf1.com\/en\/wp-json\/wp\/v2\/media\/17639"}],"wp:attachment":[{"href":"https:\/\/www.firstlapf1.com\/en\/wp-json\/wp\/v2\/media?parent=17618"}],"wp:term":[{"taxonomy":"category","embeddable":true,"href":"https:\/\/www.firstlapf1.com\/en\/wp-json\/wp\/v2\/categories?post=17618"},{"taxonomy":"post_tag","embeddable":true,"href":"https:\/\/www.firstlapf1.com\/en\/wp-json\/wp\/v2\/tags?post=17618"}],"curies":[{"name":"wp","href":"https:\/\/api.w.org\/{rel}","templated":true}]}}