{"id":17616,"date":"2026-01-21T09:11:40","date_gmt":"2026-01-21T09:11:40","guid":{"rendered":"https:\/\/www.firstlapf1.com\/?p=17616"},"modified":"2026-01-21T09:12:52","modified_gmt":"2026-01-21T09:12:52","slug":"oficial-la-era-yamaha-v4-ya-es-una-realidad","status":"publish","type":"post","link":"https:\/\/www.firstlapf1.com\/en\/oficial-la-era-yamaha-v4-ya-es-una-realidad\/","title":{"rendered":"OFICIAL: La era Yamaha V4 ya es una realidad"},"content":{"rendered":"<h2 class=\"wp-block-heading\">La f\u00e1brica japonesa ha presentado esta ma\u00f1ana su nueva moto, la primera de la historia que llevar\u00e1 el motor V4<\/h2>\n\n\n\n<p>Tras las presentaciones de Aprilia y Ducati, la marca de los diapasones es la tercera f\u00e1brica en dar el pistoletazo de salida a su <a href=\"https:\/\/www.motogp.com\/es\" target=\"_blank\" rel=\"noreferrer noopener\">temporada 2026<\/a>. Este a\u00f1o es especial para Yamaha, pues ser\u00e1 el primero en estrenar el novedoso motor V4, un proyecto en el que han estado trabajando durante mucho tiempo y realizado una gran cantidad de tests.<\/p>\n\n\n\n<p>La moto sigue una l\u00ednea continuista, con el azul cl\u00e1sico de la marca como color protagonista. Adem\u00e1s, el negro sigue su presencia por todo el carenado y el chasis. Como novedad, Yamaha introduce peque\u00f1os detalles en blanco. Para diferenciar a los pilotos, Quartararo ha optado por el rojo como su color identificativo, mientras que Rins ha escogido el negro.<\/p>\n\n\n\n<p>En cuanto a la dupla se refiere, los de azul mantienen su alineaci\u00f3n, con Fabio Quartararo y \u00c1lex Rins a bordo. Por el lado del franc\u00e9s, cada temporada lo da todo por Yamaha y, ya sea la mala suerte o el pobre rendimiento de la moto, siempre consigue resultados por debajo del potencial que tiene el galo. No es descartable que, de cara a 2027, busque el \u00e9xito fuera de Yamaha. Por otra parte, \u00c1lex Rins tendr\u00e1 que mejorar su propio rendimiento si quiere mantener el asiento en la firma nipona, o por lo contrario, podr\u00eda incluso irse de MotoGP.<\/p>\n\n\n\n<p>El objetivo de Yamaha no es otro que el encajar todas las piezas para devolver al equipo a la cima. Tienen muchas esperanzas puestas en el motor V4, por lo que confirmar esas sensaciones en pista, ser\u00eda todo un logro y el primer paso para volver a ser la <a href=\"https:\/\/www.firstlapf1.com\/en\/category\/yamaha\/\" target=\"_blank\" rel=\"noreferrer noopener\">Yamaha<\/a> triunfante.<\/p>\n\n\n\n<figure class=\"wp-block-image size-large\"><img loading=\"lazy\" decoding=\"async\" width=\"723\" height=\"1024\" src=\"https:\/\/www.firstlapf1.com\/wp-content\/uploads\/2026\/01\/20260121_1011094772298971554481733-723x1024.jpg\" alt=\"\" class=\"wp-image-17625\" srcset=\"https:\/\/www.firstlapf1.com\/wp-content\/uploads\/2026\/01\/20260121_1011094772298971554481733-723x1024.jpg 723w, https:\/\/www.firstlapf1.com\/wp-content\/uploads\/2026\/01\/20260121_1011094772298971554481733-212x300.jpg 212w, https:\/\/www.firstlapf1.com\/wp-content\/uploads\/2026\/01\/20260121_1011094772298971554481733-768x1087.jpg 768w, https:\/\/www.firstlapf1.com\/wp-content\/uploads\/2026\/01\/20260121_1011094772298971554481733-1085x1536.jpg 1085w, https:\/\/www.firstlapf1.com\/wp-content\/uploads\/2026\/01\/20260121_1011094772298971554481733-8x12.jpg 8w, https:\/\/www.firstlapf1.com\/wp-content\/uploads\/2026\/01\/20260121_1011094772298971554481733.jpg 1413w\" sizes=\"auto, (max-width: 723px) 100vw, 723px\" \/><figcaption class=\"wp-element-caption\">Fuente: Monster Energy Yamaha MotoGP en X (fuente portada: Monster Energy Yamaha MotoGP en X)<\/figcaption><\/figure>","protected":false},"excerpt":{"rendered":"<p>La f\u00e1brica japonesa ha presentado esta ma\u00f1ana su nueva moto, la primera de la historia que llevar\u00e1 el motor V4 &hellip; <span class=\"more-button\"><a href=\"https:\/\/www.firstlapf1.com\/en\/oficial-la-era-yamaha-v4-ya-es-una-realidad\/\" class=\"more-link\">Continue reading<span class=\"screen-reader-text\">OFICIAL: La era Yamaha V4 ya es una realidad<\/span><\/a><\/span><\/p>","protected":false},"author":2,"featured_media":17627,"comment_status":"closed","ping_status":"open","sticky":false,"template":"","format":"standard","meta":{"_jetpack_memberships_contains_paid_content":false,"footnotes":""},"categories":[108],"tags":[],"class_list":["post-17616","post","type-post","status-publish","format-standard","has-post-thumbnail","hentry","category-yamaha"],"yoast_head":"<!-- This site is optimized with the Yoast SEO plugin v27.0 - https:\/\/yoast.com\/product\/yoast-seo-wordpress\/ -->\n<title>OFICIAL: La era Yamaha V4 ya es una realidad - Noticias F1 en espa\u00f1ol<\/title>\n<meta name=\"description\" content=\"La f\u00e1brica japonesa ha presentado esta ma\u00f1ana su nueva moto, la primera de la historia que llevar\u00e1 el motor V4\" \/>\n<meta name=\"robots\" content=\"index, follow, max-snippet:-1, max-image-preview:large, max-video-preview:-1\" \/>\n<link rel=\"canonical\" href=\"https:\/\/www.firstlapf1.com\/en\/oficial-la-era-yamaha-v4-ya-es-una-realidad\/\" \/>\n<meta property=\"og:locale\" content=\"en_GB\" \/>\n<meta property=\"og:type\" content=\"article\" \/>\n<meta property=\"og:title\" content=\"OFICIAL: La era Yamaha V4 ya es una realidad - Noticias F1 en espa\u00f1ol\" \/>\n<meta property=\"og:description\" content=\"La f\u00e1brica japonesa ha presentado esta ma\u00f1ana su nueva moto, la primera de la historia que llevar\u00e1 el motor V4\" \/>\n<meta property=\"og:url\" content=\"https:\/\/www.firstlapf1.com\/en\/oficial-la-era-yamaha-v4-ya-es-una-realidad\/\" \/>\n<meta property=\"og:site_name\" content=\"Noticias F1 en espa\u00f1ol\" \/>\n<meta property=\"article:published_time\" content=\"2026-01-21T09:11:40+00:00\" \/>\n<meta property=\"article:modified_time\" content=\"2026-01-21T09:12:52+00:00\" \/>\n<meta property=\"og:image\" content=\"https:\/\/www.firstlapf1.com\/wp-content\/uploads\/2026\/01\/20260121_1011094772298971554481733.jpg\" \/>\n\t<meta property=\"og:image:width\" content=\"1413\" \/>\n\t<meta property=\"og:image:height\" content=\"2000\" \/>\n\t<meta property=\"og:image:type\" content=\"image\/jpeg\" \/>\n<meta name=\"author\" content=\"Miguel Lora-Paquet\" \/>\n<meta name=\"twitter:card\" content=\"summary_large_image\" \/>\n<meta name=\"twitter:label1\" content=\"Written by\" \/>\n\t<meta name=\"twitter:data1\" content=\"Miguel Lora-Paquet\" \/>\n\t<meta name=\"twitter:label2\" content=\"Estimated reading time\" \/>\n\t<meta name=\"twitter:data2\" content=\"2 minutes\" \/>\n<script type=\"application\/ld+json\" class=\"yoast-schema-graph\">{\"@context\":\"https:\/\/schema.org\",\"@graph\":[{\"@type\":\"Article\",\"@id\":\"https:\/\/www.firstlapf1.com\/oficial-la-era-yamaha-v4-ya-es-una-realidad\/#article\",\"isPartOf\":{\"@id\":\"https:\/\/www.firstlapf1.com\/oficial-la-era-yamaha-v4-ya-es-una-realidad\/\"},\"author\":{\"name\":\"Miguel Lora-Paquet\",\"@id\":\"https:\/\/www.firstlapf1.com\/#\/schema\/person\/9eca09873eecb6d7836bc1a0bbd78250\"},\"headline\":\"OFICIAL: La era Yamaha V4 ya es una realidad\",\"datePublished\":\"2026-01-21T09:11:40+00:00\",\"dateModified\":\"2026-01-21T09:12:52+00:00\",\"mainEntityOfPage\":{\"@id\":\"https:\/\/www.firstlapf1.com\/oficial-la-era-yamaha-v4-ya-es-una-realidad\/\"},\"wordCount\":324,\"image\":{\"@id\":\"https:\/\/www.firstlapf1.com\/oficial-la-era-yamaha-v4-ya-es-una-realidad\/#primaryimage\"},\"thumbnailUrl\":\"https:\/\/www.firstlapf1.com\/wp-content\/uploads\/2026\/01\/20260121_100722-1-scaled.jpg\",\"articleSection\":[\"Monster Energy Yamaha MotoGP Team\"],\"inLanguage\":\"en-GB\"},{\"@type\":\"WebPage\",\"@id\":\"https:\/\/www.firstlapf1.com\/oficial-la-era-yamaha-v4-ya-es-una-realidad\/\",\"url\":\"https:\/\/www.firstlapf1.com\/oficial-la-era-yamaha-v4-ya-es-una-realidad\/\",\"name\":\"OFICIAL: La era Yamaha V4 ya es una realidad - Noticias F1 en espa\u00f1ol\",\"isPartOf\":{\"@id\":\"https:\/\/www.firstlapf1.com\/#website\"},\"primaryImageOfPage\":{\"@id\":\"https:\/\/www.firstlapf1.com\/oficial-la-era-yamaha-v4-ya-es-una-realidad\/#primaryimage\"},\"image\":{\"@id\":\"https:\/\/www.firstlapf1.com\/oficial-la-era-yamaha-v4-ya-es-una-realidad\/#primaryimage\"},\"thumbnailUrl\":\"https:\/\/www.firstlapf1.com\/wp-content\/uploads\/2026\/01\/20260121_100722-1-scaled.jpg\",\"datePublished\":\"2026-01-21T09:11:40+00:00\",\"dateModified\":\"2026-01-21T09:12:52+00:00\",\"author\":{\"@id\":\"https:\/\/www.firstlapf1.com\/#\/schema\/person\/9eca09873eecb6d7836bc1a0bbd78250\"},\"description\":\"La f\u00e1brica japonesa ha presentado esta ma\u00f1ana su nueva moto, la primera de la historia que llevar\u00e1 el motor V4\",\"inLanguage\":\"en-GB\",\"potentialAction\":[{\"@type\":\"ReadAction\",\"target\":[\"https:\/\/www.firstlapf1.com\/oficial-la-era-yamaha-v4-ya-es-una-realidad\/\"]}]},{\"@type\":\"ImageObject\",\"inLanguage\":\"en-GB\",\"@id\":\"https:\/\/www.firstlapf1.com\/oficial-la-era-yamaha-v4-ya-es-una-realidad\/#primaryimage\",\"url\":\"https:\/\/www.firstlapf1.com\/wp-content\/uploads\/2026\/01\/20260121_100722-1-scaled.jpg\",\"contentUrl\":\"https:\/\/www.firstlapf1.com\/wp-content\/uploads\/2026\/01\/20260121_100722-1-scaled.jpg\",\"width\":1707,\"height\":2560},{\"@type\":\"WebSite\",\"@id\":\"https:\/\/www.firstlapf1.com\/#website\",\"url\":\"https:\/\/www.firstlapf1.com\/\",\"name\":\"Noticias F1 en espa\u00f1ol\",\"description\":\"Noticias F1 en espa\u00f1ol\",\"potentialAction\":[{\"@type\":\"SearchAction\",\"target\":{\"@type\":\"EntryPoint\",\"urlTemplate\":\"https:\/\/www.firstlapf1.com\/?s={search_term_string}\"},\"query-input\":{\"@type\":\"PropertyValueSpecification\",\"valueRequired\":true,\"valueName\":\"search_term_string\"}}],\"inLanguage\":\"en-GB\"},{\"@type\":\"Person\",\"@id\":\"https:\/\/www.firstlapf1.com\/#\/schema\/person\/9eca09873eecb6d7836bc1a0bbd78250\",\"name\":\"Miguel Lora-Paquet\",\"image\":{\"@type\":\"ImageObject\",\"inLanguage\":\"en-GB\",\"@id\":\"https:\/\/www.firstlapf1.com\/#\/schema\/person\/image\/\",\"url\":\"https:\/\/www.firstlapf1.com\/wp-content\/uploads\/2022\/09\/7d393f41-126a-4a1e-bf1d-9d04e2ebc621.jpeg\",\"contentUrl\":\"https:\/\/www.firstlapf1.com\/wp-content\/uploads\/2022\/09\/7d393f41-126a-4a1e-bf1d-9d04e2ebc621.jpeg\",\"caption\":\"Miguel Lora-Paquet\"},\"url\":\"https:\/\/www.firstlapf1.com\/en\/author\/miguel\/\"}]}<\/script>\n<!-- \/ Yoast SEO plugin. -->","yoast_head_json":{"title":"OFICIAL: La era Yamaha V4 ya es una realidad - Noticias F1 en espa\u00f1ol","description":"La f\u00e1brica japonesa ha presentado esta ma\u00f1ana su nueva moto, la primera de la historia que llevar\u00e1 el motor V4","robots":{"index":"index","follow":"follow","max-snippet":"max-snippet:-1","max-image-preview":"max-image-preview:large","max-video-preview":"max-video-preview:-1"},"canonical":"https:\/\/www.firstlapf1.com\/en\/oficial-la-era-yamaha-v4-ya-es-una-realidad\/","og_locale":"en_GB","og_type":"article","og_title":"OFICIAL: La era Yamaha V4 ya es una realidad - Noticias F1 en espa\u00f1ol","og_description":"La f\u00e1brica japonesa ha presentado esta ma\u00f1ana su nueva moto, la primera de la historia que llevar\u00e1 el motor V4","og_url":"https:\/\/www.firstlapf1.com\/en\/oficial-la-era-yamaha-v4-ya-es-una-realidad\/","og_site_name":"Noticias F1 en espa\u00f1ol","article_published_time":"2026-01-21T09:11:40+00:00","article_modified_time":"2026-01-21T09:12:52+00:00","og_image":[{"width":1413,"height":2000,"url":"https:\/\/www.firstlapf1.com\/wp-content\/uploads\/2026\/01\/20260121_1011094772298971554481733.jpg","type":"image\/jpeg"}],"author":"Miguel Lora-Paquet","twitter_card":"summary_large_image","twitter_misc":{"Written by":"Miguel Lora-Paquet","Estimated reading time":"2 minutes"},"schema":{"@context":"https:\/\/schema.org","@graph":[{"@type":"Article","@id":"https:\/\/www.firstlapf1.com\/oficial-la-era-yamaha-v4-ya-es-una-realidad\/#article","isPartOf":{"@id":"https:\/\/www.firstlapf1.com\/oficial-la-era-yamaha-v4-ya-es-una-realidad\/"},"author":{"name":"Miguel Lora-Paquet","@id":"https:\/\/www.firstlapf1.com\/#\/schema\/person\/9eca09873eecb6d7836bc1a0bbd78250"},"headline":"OFICIAL: La era Yamaha V4 ya es una realidad","datePublished":"2026-01-21T09:11:40+00:00","dateModified":"2026-01-21T09:12:52+00:00","mainEntityOfPage":{"@id":"https:\/\/www.firstlapf1.com\/oficial-la-era-yamaha-v4-ya-es-una-realidad\/"},"wordCount":324,"image":{"@id":"https:\/\/www.firstlapf1.com\/oficial-la-era-yamaha-v4-ya-es-una-realidad\/#primaryimage"},"thumbnailUrl":"https:\/\/www.firstlapf1.com\/wp-content\/uploads\/2026\/01\/20260121_100722-1-scaled.jpg","articleSection":["Monster Energy Yamaha MotoGP Team"],"inLanguage":"en-GB"},{"@type":"WebPage","@id":"https:\/\/www.firstlapf1.com\/oficial-la-era-yamaha-v4-ya-es-una-realidad\/","url":"https:\/\/www.firstlapf1.com\/oficial-la-era-yamaha-v4-ya-es-una-realidad\/","name":"OFICIAL: La era Yamaha V4 ya es una realidad - Noticias F1 en espa\u00f1ol","isPartOf":{"@id":"https:\/\/www.firstlapf1.com\/#website"},"primaryImageOfPage":{"@id":"https:\/\/www.firstlapf1.com\/oficial-la-era-yamaha-v4-ya-es-una-realidad\/#primaryimage"},"image":{"@id":"https:\/\/www.firstlapf1.com\/oficial-la-era-yamaha-v4-ya-es-una-realidad\/#primaryimage"},"thumbnailUrl":"https:\/\/www.firstlapf1.com\/wp-content\/uploads\/2026\/01\/20260121_100722-1-scaled.jpg","datePublished":"2026-01-21T09:11:40+00:00","dateModified":"2026-01-21T09:12:52+00:00","author":{"@id":"https:\/\/www.firstlapf1.com\/#\/schema\/person\/9eca09873eecb6d7836bc1a0bbd78250"},"description":"La f\u00e1brica japonesa ha presentado esta ma\u00f1ana su nueva moto, la primera de la historia que llevar\u00e1 el motor V4","inLanguage":"en-GB","potentialAction":[{"@type":"ReadAction","target":["https:\/\/www.firstlapf1.com\/oficial-la-era-yamaha-v4-ya-es-una-realidad\/"]}]},{"@type":"ImageObject","inLanguage":"en-GB","@id":"https:\/\/www.firstlapf1.com\/oficial-la-era-yamaha-v4-ya-es-una-realidad\/#primaryimage","url":"https:\/\/www.firstlapf1.com\/wp-content\/uploads\/2026\/01\/20260121_100722-1-scaled.jpg","contentUrl":"https:\/\/www.firstlapf1.com\/wp-content\/uploads\/2026\/01\/20260121_100722-1-scaled.jpg","width":1707,"height":2560},{"@type":"WebSite","@id":"https:\/\/www.firstlapf1.com\/#website","url":"https:\/\/www.firstlapf1.com\/","name":"Noticias F1 en espa\u00f1ol","description":"Noticias F1 en espa\u00f1ol","potentialAction":[{"@type":"SearchAction","target":{"@type":"EntryPoint","urlTemplate":"https:\/\/www.firstlapf1.com\/?s={search_term_string}"},"query-input":{"@type":"PropertyValueSpecification","valueRequired":true,"valueName":"search_term_string"}}],"inLanguage":"en-GB"},{"@type":"Person","@id":"https:\/\/www.firstlapf1.com\/#\/schema\/person\/9eca09873eecb6d7836bc1a0bbd78250","name":"Miguel Lora-Paquet","image":{"@type":"ImageObject","inLanguage":"en-GB","@id":"https:\/\/www.firstlapf1.com\/#\/schema\/person\/image\/","url":"https:\/\/www.firstlapf1.com\/wp-content\/uploads\/2022\/09\/7d393f41-126a-4a1e-bf1d-9d04e2ebc621.jpeg","contentUrl":"https:\/\/www.firstlapf1.com\/wp-content\/uploads\/2022\/09\/7d393f41-126a-4a1e-bf1d-9d04e2ebc621.jpeg","caption":"Miguel Lora-Paquet"},"url":"https:\/\/www.firstlapf1.com\/en\/author\/miguel\/"}]}},"jetpack_featured_media_url":"https:\/\/www.firstlapf1.com\/wp-content\/uploads\/2026\/01\/20260121_100722-1-scaled.jpg","jetpack_sharing_enabled":true,"_links":{"self":[{"href":"https:\/\/www.firstlapf1.com\/en\/wp-json\/wp\/v2\/posts\/17616","targetHints":{"allow":["GET"]}}],"collection":[{"href":"https:\/\/www.firstlapf1.com\/en\/wp-json\/wp\/v2\/posts"}],"about":[{"href":"https:\/\/www.firstlapf1.com\/en\/wp-json\/wp\/v2\/types\/post"}],"author":[{"embeddable":true,"href":"https:\/\/www.firstlapf1.com\/en\/wp-json\/wp\/v2\/users\/2"}],"replies":[{"embeddable":true,"href":"https:\/\/www.firstlapf1.com\/en\/wp-json\/wp\/v2\/comments?post=17616"}],"version-history":[{"count":4,"href":"https:\/\/www.firstlapf1.com\/en\/wp-json\/wp\/v2\/posts\/17616\/revisions"}],"predecessor-version":[{"id":17628,"href":"https:\/\/www.firstlapf1.com\/en\/wp-json\/wp\/v2\/posts\/17616\/revisions\/17628"}],"wp:featuredmedia":[{"embeddable":true,"href":"https:\/\/www.firstlapf1.com\/en\/wp-json\/wp\/v2\/media\/17627"}],"wp:attachment":[{"href":"https:\/\/www.firstlapf1.com\/en\/wp-json\/wp\/v2\/media?parent=17616"}],"wp:term":[{"taxonomy":"category","embeddable":true,"href":"https:\/\/www.firstlapf1.com\/en\/wp-json\/wp\/v2\/categories?post=17616"},{"taxonomy":"post_tag","embeddable":true,"href":"https:\/\/www.firstlapf1.com\/en\/wp-json\/wp\/v2\/tags?post=17616"}],"curies":[{"name":"wp","href":"https:\/\/api.w.org\/{rel}","templated":true}]}}