{"id":17605,"date":"2026-01-20T18:51:34","date_gmt":"2026-01-20T18:51:34","guid":{"rendered":"https:\/\/www.firstlapf1.com\/?p=17605"},"modified":"2026-01-20T18:53:16","modified_gmt":"2026-01-20T18:53:16","slug":"oficial-una-nueva-etapa-para-los-4-aros","status":"publish","type":"post","link":"https:\/\/www.firstlapf1.com\/en\/oficial-una-nueva-etapa-para-los-4-aros\/","title":{"rendered":"OFICIAL: Una nueva etapa para los 4 aros"},"content":{"rendered":"<h2 class=\"wp-block-heading\">Audi ha revelado su primer monoplaza, el R26, llevando su ic\u00f3nica marca a la c\u00faspide del automovilismo mundial<\/h2>\n\n\n\n<p>Con motor propio y una ambici\u00f3n enorme, <a href=\"https:\/\/www.firstlapf1.com\/en\/category\/audi\/\" target=\"_blank\" rel=\"noreferrer noopener\">Audi<\/a> ha dado el pistoletazo de salida a su proyecto como motorista y equipo dentro de la F1. Conocida por sus grandes \u00e9xitos en el automovilismo de competici\u00f3n, la marca alemana quiere replicar sus logros dentro de la F1, aprovechando un <a href=\"https:\/\/www.formula1.com\/\" target=\"_blank\" rel=\"noreferrer noopener\">reglamento<\/a> con el que cambia todo. Berl\u00edn ha sido testigo de este lanzamiento hist\u00f3rico.<\/p>\n\n\n\n<p>(colores)<\/p>\n\n\n\n<p>En el apartado de su alineaci\u00f3n, mantiene la dupla que tuvo Stake Sauber el pasado a\u00f1o. Nico H\u00fclkenberg est\u00e1 viviendo una segunda juventud que, tras su primer podio inesperado en Silverstone en 2025, se espera que lidere el proyecto de Audi. Por su parte, Gabriel Bortoleto afronta su segunda temporada en la categor\u00eda, haci\u00e9ndolo de forma notable en su debut, tendr\u00e1 que hacer frente a la dupla germana de H\u00fclkenberg y Audi.<\/p>\n\n\n\n<p>El objetivo de la escuder\u00eda no es otro que ir engrasando la maquinaria y realizar buenas actuaciones, en teor\u00eda, espor\u00e1dicas. No se espera un gran salto en la parrilla, si bien es cierto, hay buenas noticias de Audi en esta pretemporada, como el cumplimiento con el peso m\u00ednimo. Aun as\u00ed, Mattia Binotto ya dijo que el objetivo es ganar en 2030.<\/p>\n\n\n\n<figure class=\"wp-block-image size-large\"><img loading=\"lazy\" decoding=\"async\" width=\"837\" height=\"1024\" src=\"https:\/\/www.firstlapf1.com\/wp-content\/uploads\/2026\/01\/screenshot_2026-01-20-19-45-50-344_com20766001638844665-837x1024.jpg\" alt=\"\" class=\"wp-image-17614\" srcset=\"https:\/\/www.firstlapf1.com\/wp-content\/uploads\/2026\/01\/screenshot_2026-01-20-19-45-50-344_com20766001638844665-837x1024.jpg 837w, https:\/\/www.firstlapf1.com\/wp-content\/uploads\/2026\/01\/screenshot_2026-01-20-19-45-50-344_com20766001638844665-245x300.jpg 245w, https:\/\/www.firstlapf1.com\/wp-content\/uploads\/2026\/01\/screenshot_2026-01-20-19-45-50-344_com20766001638844665-768x940.jpg 768w, https:\/\/www.firstlapf1.com\/wp-content\/uploads\/2026\/01\/screenshot_2026-01-20-19-45-50-344_com20766001638844665-10x12.jpg 10w, https:\/\/www.firstlapf1.com\/wp-content\/uploads\/2026\/01\/screenshot_2026-01-20-19-45-50-344_com20766001638844665.jpg 1220w\" sizes=\"auto, (max-width: 837px) 100vw, 837px\" \/><\/figure>","protected":false},"excerpt":{"rendered":"<p>Audi ha revelado su primer monoplaza, el R26, llevando su ic\u00f3nica marca a la c\u00faspide del automovilismo mundial &hellip; <span class=\"more-button\"><a href=\"https:\/\/www.firstlapf1.com\/en\/oficial-una-nueva-etapa-para-los-4-aros\/\" class=\"more-link\">Continue reading<span class=\"screen-reader-text\">OFICIAL: Una nueva etapa para los 4 aros<\/span><\/a><\/span><\/p>","protected":false},"author":2,"featured_media":17613,"comment_status":"closed","ping_status":"open","sticky":false,"template":"","format":"standard","meta":{"_jetpack_memberships_contains_paid_content":false,"footnotes":""},"categories":[2],"tags":[],"class_list":["post-17605","post","type-post","status-publish","format-standard","has-post-thumbnail","hentry","category-audi"],"yoast_head":"<!-- This site is optimized with the Yoast SEO plugin v27.0 - https:\/\/yoast.com\/product\/yoast-seo-wordpress\/ -->\n<title>OFICIAL: Una nueva etapa para los 4 aros - Noticias F1 en espa\u00f1ol<\/title>\n<meta name=\"description\" content=\"Audi ha revelado su primer monoplaza, el R26, llevando su ic\u00f3nica marca a la c\u00faspide del automovilismo mundial\" \/>\n<meta name=\"robots\" content=\"index, follow, max-snippet:-1, max-image-preview:large, max-video-preview:-1\" \/>\n<link rel=\"canonical\" href=\"https:\/\/www.firstlapf1.com\/en\/oficial-una-nueva-etapa-para-los-4-aros\/\" \/>\n<meta property=\"og:locale\" content=\"en_GB\" \/>\n<meta property=\"og:type\" content=\"article\" \/>\n<meta property=\"og:title\" content=\"OFICIAL: Una nueva etapa para los 4 aros - Noticias F1 en espa\u00f1ol\" \/>\n<meta property=\"og:description\" content=\"Audi ha revelado su primer monoplaza, el R26, llevando su ic\u00f3nica marca a la c\u00faspide del automovilismo mundial\" \/>\n<meta property=\"og:url\" content=\"https:\/\/www.firstlapf1.com\/en\/oficial-una-nueva-etapa-para-los-4-aros\/\" \/>\n<meta property=\"og:site_name\" content=\"Noticias F1 en espa\u00f1ol\" \/>\n<meta property=\"article:published_time\" content=\"2026-01-20T18:51:34+00:00\" \/>\n<meta property=\"article:modified_time\" content=\"2026-01-20T18:53:16+00:00\" \/>\n<meta property=\"og:image\" content=\"https:\/\/www.firstlapf1.com\/wp-content\/uploads\/2026\/01\/screenshot_2026-01-20-19-46-10-739_com6864392018237808536.jpg\" \/>\n\t<meta property=\"og:image:width\" content=\"1220\" \/>\n\t<meta property=\"og:image:height\" content=\"1459\" \/>\n\t<meta property=\"og:image:type\" content=\"image\/jpeg\" \/>\n<meta name=\"author\" content=\"Miguel Lora-Paquet\" \/>\n<meta name=\"twitter:card\" content=\"summary_large_image\" \/>\n<meta name=\"twitter:label1\" content=\"Written by\" \/>\n\t<meta name=\"twitter:data1\" content=\"Miguel Lora-Paquet\" \/>\n\t<meta name=\"twitter:label2\" content=\"Estimated reading time\" \/>\n\t<meta name=\"twitter:data2\" content=\"2 minutes\" \/>\n<script type=\"application\/ld+json\" class=\"yoast-schema-graph\">{\"@context\":\"https:\/\/schema.org\",\"@graph\":[{\"@type\":\"Article\",\"@id\":\"https:\/\/www.firstlapf1.com\/oficial-una-nueva-etapa-para-los-4-aros\/#article\",\"isPartOf\":{\"@id\":\"https:\/\/www.firstlapf1.com\/oficial-una-nueva-etapa-para-los-4-aros\/\"},\"author\":{\"name\":\"Miguel Lora-Paquet\",\"@id\":\"https:\/\/www.firstlapf1.com\/#\/schema\/person\/9eca09873eecb6d7836bc1a0bbd78250\"},\"headline\":\"OFICIAL: Una nueva etapa para los 4 aros\",\"datePublished\":\"2026-01-20T18:51:34+00:00\",\"dateModified\":\"2026-01-20T18:53:16+00:00\",\"mainEntityOfPage\":{\"@id\":\"https:\/\/www.firstlapf1.com\/oficial-una-nueva-etapa-para-los-4-aros\/\"},\"wordCount\":235,\"image\":{\"@id\":\"https:\/\/www.firstlapf1.com\/oficial-una-nueva-etapa-para-los-4-aros\/#primaryimage\"},\"thumbnailUrl\":\"https:\/\/www.firstlapf1.com\/wp-content\/uploads\/2026\/01\/screenshot_2026-01-20-19-46-10-739_com6864392018237808536.jpg\",\"articleSection\":[\"Audi Revolut F1 Team\"],\"inLanguage\":\"en-GB\"},{\"@type\":\"WebPage\",\"@id\":\"https:\/\/www.firstlapf1.com\/oficial-una-nueva-etapa-para-los-4-aros\/\",\"url\":\"https:\/\/www.firstlapf1.com\/oficial-una-nueva-etapa-para-los-4-aros\/\",\"name\":\"OFICIAL: Una nueva etapa para los 4 aros - Noticias F1 en espa\u00f1ol\",\"isPartOf\":{\"@id\":\"https:\/\/www.firstlapf1.com\/#website\"},\"primaryImageOfPage\":{\"@id\":\"https:\/\/www.firstlapf1.com\/oficial-una-nueva-etapa-para-los-4-aros\/#primaryimage\"},\"image\":{\"@id\":\"https:\/\/www.firstlapf1.com\/oficial-una-nueva-etapa-para-los-4-aros\/#primaryimage\"},\"thumbnailUrl\":\"https:\/\/www.firstlapf1.com\/wp-content\/uploads\/2026\/01\/screenshot_2026-01-20-19-46-10-739_com6864392018237808536.jpg\",\"datePublished\":\"2026-01-20T18:51:34+00:00\",\"dateModified\":\"2026-01-20T18:53:16+00:00\",\"author\":{\"@id\":\"https:\/\/www.firstlapf1.com\/#\/schema\/person\/9eca09873eecb6d7836bc1a0bbd78250\"},\"description\":\"Audi ha revelado su primer monoplaza, el R26, llevando su ic\u00f3nica marca a la c\u00faspide del automovilismo mundial\",\"inLanguage\":\"en-GB\",\"potentialAction\":[{\"@type\":\"ReadAction\",\"target\":[\"https:\/\/www.firstlapf1.com\/oficial-una-nueva-etapa-para-los-4-aros\/\"]}]},{\"@type\":\"ImageObject\",\"inLanguage\":\"en-GB\",\"@id\":\"https:\/\/www.firstlapf1.com\/oficial-una-nueva-etapa-para-los-4-aros\/#primaryimage\",\"url\":\"https:\/\/www.firstlapf1.com\/wp-content\/uploads\/2026\/01\/screenshot_2026-01-20-19-46-10-739_com6864392018237808536.jpg\",\"contentUrl\":\"https:\/\/www.firstlapf1.com\/wp-content\/uploads\/2026\/01\/screenshot_2026-01-20-19-46-10-739_com6864392018237808536.jpg\",\"width\":1220,\"height\":1459},{\"@type\":\"WebSite\",\"@id\":\"https:\/\/www.firstlapf1.com\/#website\",\"url\":\"https:\/\/www.firstlapf1.com\/\",\"name\":\"Noticias F1 en espa\u00f1ol\",\"description\":\"Noticias F1 en espa\u00f1ol\",\"potentialAction\":[{\"@type\":\"SearchAction\",\"target\":{\"@type\":\"EntryPoint\",\"urlTemplate\":\"https:\/\/www.firstlapf1.com\/?s={search_term_string}\"},\"query-input\":{\"@type\":\"PropertyValueSpecification\",\"valueRequired\":true,\"valueName\":\"search_term_string\"}}],\"inLanguage\":\"en-GB\"},{\"@type\":\"Person\",\"@id\":\"https:\/\/www.firstlapf1.com\/#\/schema\/person\/9eca09873eecb6d7836bc1a0bbd78250\",\"name\":\"Miguel Lora-Paquet\",\"image\":{\"@type\":\"ImageObject\",\"inLanguage\":\"en-GB\",\"@id\":\"https:\/\/www.firstlapf1.com\/#\/schema\/person\/image\/\",\"url\":\"https:\/\/www.firstlapf1.com\/wp-content\/uploads\/2022\/09\/7d393f41-126a-4a1e-bf1d-9d04e2ebc621.jpeg\",\"contentUrl\":\"https:\/\/www.firstlapf1.com\/wp-content\/uploads\/2022\/09\/7d393f41-126a-4a1e-bf1d-9d04e2ebc621.jpeg\",\"caption\":\"Miguel Lora-Paquet\"},\"url\":\"https:\/\/www.firstlapf1.com\/en\/author\/miguel\/\"}]}<\/script>\n<!-- \/ Yoast SEO plugin. -->","yoast_head_json":{"title":"OFICIAL: Una nueva etapa para los 4 aros - Noticias F1 en espa\u00f1ol","description":"Audi ha revelado su primer monoplaza, el R26, llevando su ic\u00f3nica marca a la c\u00faspide del automovilismo mundial","robots":{"index":"index","follow":"follow","max-snippet":"max-snippet:-1","max-image-preview":"max-image-preview:large","max-video-preview":"max-video-preview:-1"},"canonical":"https:\/\/www.firstlapf1.com\/en\/oficial-una-nueva-etapa-para-los-4-aros\/","og_locale":"en_GB","og_type":"article","og_title":"OFICIAL: Una nueva etapa para los 4 aros - Noticias F1 en espa\u00f1ol","og_description":"Audi ha revelado su primer monoplaza, el R26, llevando su ic\u00f3nica marca a la c\u00faspide del automovilismo mundial","og_url":"https:\/\/www.firstlapf1.com\/en\/oficial-una-nueva-etapa-para-los-4-aros\/","og_site_name":"Noticias F1 en espa\u00f1ol","article_published_time":"2026-01-20T18:51:34+00:00","article_modified_time":"2026-01-20T18:53:16+00:00","og_image":[{"width":1220,"height":1459,"url":"https:\/\/www.firstlapf1.com\/wp-content\/uploads\/2026\/01\/screenshot_2026-01-20-19-46-10-739_com6864392018237808536.jpg","type":"image\/jpeg"}],"author":"Miguel Lora-Paquet","twitter_card":"summary_large_image","twitter_misc":{"Written by":"Miguel Lora-Paquet","Estimated reading time":"2 minutes"},"schema":{"@context":"https:\/\/schema.org","@graph":[{"@type":"Article","@id":"https:\/\/www.firstlapf1.com\/oficial-una-nueva-etapa-para-los-4-aros\/#article","isPartOf":{"@id":"https:\/\/www.firstlapf1.com\/oficial-una-nueva-etapa-para-los-4-aros\/"},"author":{"name":"Miguel Lora-Paquet","@id":"https:\/\/www.firstlapf1.com\/#\/schema\/person\/9eca09873eecb6d7836bc1a0bbd78250"},"headline":"OFICIAL: Una nueva etapa para los 4 aros","datePublished":"2026-01-20T18:51:34+00:00","dateModified":"2026-01-20T18:53:16+00:00","mainEntityOfPage":{"@id":"https:\/\/www.firstlapf1.com\/oficial-una-nueva-etapa-para-los-4-aros\/"},"wordCount":235,"image":{"@id":"https:\/\/www.firstlapf1.com\/oficial-una-nueva-etapa-para-los-4-aros\/#primaryimage"},"thumbnailUrl":"https:\/\/www.firstlapf1.com\/wp-content\/uploads\/2026\/01\/screenshot_2026-01-20-19-46-10-739_com6864392018237808536.jpg","articleSection":["Audi Revolut F1 Team"],"inLanguage":"en-GB"},{"@type":"WebPage","@id":"https:\/\/www.firstlapf1.com\/oficial-una-nueva-etapa-para-los-4-aros\/","url":"https:\/\/www.firstlapf1.com\/oficial-una-nueva-etapa-para-los-4-aros\/","name":"OFICIAL: Una nueva etapa para los 4 aros - Noticias F1 en espa\u00f1ol","isPartOf":{"@id":"https:\/\/www.firstlapf1.com\/#website"},"primaryImageOfPage":{"@id":"https:\/\/www.firstlapf1.com\/oficial-una-nueva-etapa-para-los-4-aros\/#primaryimage"},"image":{"@id":"https:\/\/www.firstlapf1.com\/oficial-una-nueva-etapa-para-los-4-aros\/#primaryimage"},"thumbnailUrl":"https:\/\/www.firstlapf1.com\/wp-content\/uploads\/2026\/01\/screenshot_2026-01-20-19-46-10-739_com6864392018237808536.jpg","datePublished":"2026-01-20T18:51:34+00:00","dateModified":"2026-01-20T18:53:16+00:00","author":{"@id":"https:\/\/www.firstlapf1.com\/#\/schema\/person\/9eca09873eecb6d7836bc1a0bbd78250"},"description":"Audi ha revelado su primer monoplaza, el R26, llevando su ic\u00f3nica marca a la c\u00faspide del automovilismo mundial","inLanguage":"en-GB","potentialAction":[{"@type":"ReadAction","target":["https:\/\/www.firstlapf1.com\/oficial-una-nueva-etapa-para-los-4-aros\/"]}]},{"@type":"ImageObject","inLanguage":"en-GB","@id":"https:\/\/www.firstlapf1.com\/oficial-una-nueva-etapa-para-los-4-aros\/#primaryimage","url":"https:\/\/www.firstlapf1.com\/wp-content\/uploads\/2026\/01\/screenshot_2026-01-20-19-46-10-739_com6864392018237808536.jpg","contentUrl":"https:\/\/www.firstlapf1.com\/wp-content\/uploads\/2026\/01\/screenshot_2026-01-20-19-46-10-739_com6864392018237808536.jpg","width":1220,"height":1459},{"@type":"WebSite","@id":"https:\/\/www.firstlapf1.com\/#website","url":"https:\/\/www.firstlapf1.com\/","name":"Noticias F1 en espa\u00f1ol","description":"Noticias F1 en espa\u00f1ol","potentialAction":[{"@type":"SearchAction","target":{"@type":"EntryPoint","urlTemplate":"https:\/\/www.firstlapf1.com\/?s={search_term_string}"},"query-input":{"@type":"PropertyValueSpecification","valueRequired":true,"valueName":"search_term_string"}}],"inLanguage":"en-GB"},{"@type":"Person","@id":"https:\/\/www.firstlapf1.com\/#\/schema\/person\/9eca09873eecb6d7836bc1a0bbd78250","name":"Miguel Lora-Paquet","image":{"@type":"ImageObject","inLanguage":"en-GB","@id":"https:\/\/www.firstlapf1.com\/#\/schema\/person\/image\/","url":"https:\/\/www.firstlapf1.com\/wp-content\/uploads\/2022\/09\/7d393f41-126a-4a1e-bf1d-9d04e2ebc621.jpeg","contentUrl":"https:\/\/www.firstlapf1.com\/wp-content\/uploads\/2022\/09\/7d393f41-126a-4a1e-bf1d-9d04e2ebc621.jpeg","caption":"Miguel Lora-Paquet"},"url":"https:\/\/www.firstlapf1.com\/en\/author\/miguel\/"}]}},"jetpack_featured_media_url":"https:\/\/www.firstlapf1.com\/wp-content\/uploads\/2026\/01\/screenshot_2026-01-20-19-46-10-739_com6864392018237808536.jpg","jetpack_sharing_enabled":true,"_links":{"self":[{"href":"https:\/\/www.firstlapf1.com\/en\/wp-json\/wp\/v2\/posts\/17605","targetHints":{"allow":["GET"]}}],"collection":[{"href":"https:\/\/www.firstlapf1.com\/en\/wp-json\/wp\/v2\/posts"}],"about":[{"href":"https:\/\/www.firstlapf1.com\/en\/wp-json\/wp\/v2\/types\/post"}],"author":[{"embeddable":true,"href":"https:\/\/www.firstlapf1.com\/en\/wp-json\/wp\/v2\/users\/2"}],"replies":[{"embeddable":true,"href":"https:\/\/www.firstlapf1.com\/en\/wp-json\/wp\/v2\/comments?post=17605"}],"version-history":[{"count":3,"href":"https:\/\/www.firstlapf1.com\/en\/wp-json\/wp\/v2\/posts\/17605\/revisions"}],"predecessor-version":[{"id":17615,"href":"https:\/\/www.firstlapf1.com\/en\/wp-json\/wp\/v2\/posts\/17605\/revisions\/17615"}],"wp:featuredmedia":[{"embeddable":true,"href":"https:\/\/www.firstlapf1.com\/en\/wp-json\/wp\/v2\/media\/17613"}],"wp:attachment":[{"href":"https:\/\/www.firstlapf1.com\/en\/wp-json\/wp\/v2\/media?parent=17605"}],"wp:term":[{"taxonomy":"category","embeddable":true,"href":"https:\/\/www.firstlapf1.com\/en\/wp-json\/wp\/v2\/categories?post=17605"},{"taxonomy":"post_tag","embeddable":true,"href":"https:\/\/www.firstlapf1.com\/en\/wp-json\/wp\/v2\/tags?post=17605"}],"curies":[{"name":"wp","href":"https:\/\/api.w.org\/{rel}","templated":true}]}}