{"id":17494,"date":"2025-12-16T09:19:44","date_gmt":"2025-12-16T09:19:44","guid":{"rendered":"https:\/\/www.firstlapf1.com\/?p=17494"},"modified":"2025-12-16T09:19:47","modified_gmt":"2025-12-16T09:19:47","slug":"oficial-el-gp-de-portugal-de-f1-esta-de-vuelta","status":"publish","type":"post","link":"https:\/\/www.firstlapf1.com\/en\/oficial-el-gp-de-portugal-de-f1-esta-de-vuelta\/","title":{"rendered":"OFICIAL: El GP de Portugal de F1 est\u00e1 de vuelta"},"content":{"rendered":"<h2 class=\"wp-block-heading\">La F1 y Portimao acuerdan el regreso del GP de Portugal al calendario de la m\u00e1xima categor\u00eda del automovilismo para 2027 y 2028<\/h2>\n\n\n\n<p>No son pocos los pa\u00edses que quieren tener el placer de albergar un Gran Premio de F1, por lo que los candidatos son variados pero, desafortunadamente para sus intereses, no todos tienen hueco en un calendario saturado por la cantidad de circuitos. Actualmente, hay 24 rondas, r\u00e9cord absoluto desde 2024.<\/p>\n\n\n\n<p>Sin embargo, existen circuitos que rotar\u00e1n en 2028, como es el caso de Spa-Francorchamps, por tanto, el GP de Portugal ocupar\u00e1 esa vacante que deja el trazado belga. Por otro lado, el GP de Pa\u00edses Bajos cerrar\u00e1 su presencia el a\u00f1o que viene. De esta manera, Portimao regresa a la \u00e9lite del automovilismo, siendo su \u00faltima presencia en 2021. <\/p>\n\n\n\n<p>No obstante, no resulta extra\u00f1o ver grandes categor\u00edas en el trazado luso, pues MotoGP alberga el GP de Portugal en dicho circuito, acogiendo a cada vez m\u00e1s aficionados en las \u00faltimas ediciones.<\/p>\n\n\n\n<h2 class=\"wp-block-heading has-normal-font-size\">Declaraciones<\/h2>\n\n\n\n<p>Stefano Domenicali, CEO y Presidente de la F1:<\/p>\n\n\n\n<p><strong>\u00bbEstoy encantado de volver a Portimao y ver que la afici\u00f3n portuguesa despierta pasiones con la F1. El circuito da emoci\u00f3n desde la salida hasta el final con la bandera a cuadros. Albergar un Gran Premio no es f\u00e1cil, as\u00ed que quiero agradecer al Primer Ministro, Luis Montenegro, a Manuel Castro Almeida, Ministro de Econom\u00eda y Cohesi\u00f3n Territorial, a Pedro Machado, Secretario de Estado de Turismo, Comercio y Servicios, a Carlos Abade, Presidente de Turismo, a Andr\u00e9 Gomes, Presidente de la Oficina de Turismo de Algarve y al CEO del Circuito Internacional del Algarve, Jaime Costa por traer de vuelta la F1 a Portugal.\u00bb<\/strong><\/p>\n\n\n\n<p>Manuel Castro Almeida, Ministro de Econom\u00eda y Cohesi\u00f3n Territorial portugu\u00e9s:<\/p>\n\n\n\n<p><strong>\u00bbEl Gran Premio de F1 de Portugal est\u00e1 de vuelta, lo que provocar\u00e1 un gran impacto econ\u00f3mico, dejando al pa\u00eds como un destino competitivo y fiable. Este Gran Premio refuerza la posici\u00f3n de Algarve e impulsa la econom\u00eda local, adem\u00e1s de mejorar la imagen de Portugal en el mundo.\u00bb<\/strong><\/p>\n\n\n\n<p>Jaime Costa, CEO y Presidente del Aut\u00f3dromo Internacional del Algarve:<\/p>\n\n\n\n<p><strong>\u00abEstamos encantados de volver a acoger la F1, demostrando la pasi\u00f3n de nuestros aficionados e impulsando la econom\u00eda y turismo locales. Todo esto es gracias al Gobierno de Portugal. El circuito es especial por su dise\u00f1o de \u00abmonta\u00f1a rusa\u00bb, exigiendo a los pilotos y creando un ambiente fant\u00e1stico para nuestros aficionados.<\/strong><\/p>\n\n\n\n<figure class=\"wp-block-image size-large\"><img loading=\"lazy\" decoding=\"async\" width=\"1024\" height=\"576\" src=\"https:\/\/www.firstlapf1.com\/wp-content\/uploads\/2025\/12\/1000073126-1024x576.jpg\" alt=\"\" class=\"wp-image-17498\" srcset=\"https:\/\/www.firstlapf1.com\/wp-content\/uploads\/2025\/12\/1000073126-1024x576.jpg 1024w, https:\/\/www.firstlapf1.com\/wp-content\/uploads\/2025\/12\/1000073126-300x169.jpg 300w, https:\/\/www.firstlapf1.com\/wp-content\/uploads\/2025\/12\/1000073126-768x432.jpg 768w, https:\/\/www.firstlapf1.com\/wp-content\/uploads\/2025\/12\/1000073126-1536x864.jpg 1536w, https:\/\/www.firstlapf1.com\/wp-content\/uploads\/2025\/12\/1000073126-2048x1153.jpg 2048w, https:\/\/www.firstlapf1.com\/wp-content\/uploads\/2025\/12\/1000073126-18x10.jpg 18w, https:\/\/www.firstlapf1.com\/wp-content\/uploads\/2025\/12\/1000073126-1920x1080.jpg 1920w, https:\/\/www.firstlapf1.com\/wp-content\/uploads\/2025\/12\/1000073126-190x107.jpg 190w\" sizes=\"auto, (max-width: 1024px) 100vw, 1024px\" \/><figcaption class=\"wp-element-caption\">Fuente: F1 en X (fuente portada: F1 en X)<\/figcaption><\/figure>","protected":false},"excerpt":{"rendered":"<p>La F1 y Portimao acuerdan el regreso del GP de Portugal al calendario de la m\u00e1xima categor\u00eda del automovilismo para 2027 y 2028 &hellip; <span class=\"more-button\"><a href=\"https:\/\/www.firstlapf1.com\/en\/oficial-el-gp-de-portugal-de-f1-esta-de-vuelta\/\" class=\"more-link\">Continue reading<span class=\"screen-reader-text\">OFICIAL: El GP de Portugal de F1 est\u00e1 de vuelta<\/span><\/a><\/span><\/p>","protected":false},"author":2,"featured_media":17499,"comment_status":"closed","ping_status":"open","sticky":false,"template":"","format":"standard","meta":{"_jetpack_memberships_contains_paid_content":false,"footnotes":""},"categories":[90,172],"tags":[],"class_list":["post-17494","post","type-post","status-publish","format-standard","has-post-thumbnail","hentry","category-fia","category-portugal-2"],"yoast_head":"<!-- This site is optimized with the Yoast SEO plugin v27.0 - https:\/\/yoast.com\/product\/yoast-seo-wordpress\/ -->\n<title>OFICIAL: El GP de Portugal de F1 est\u00e1 de vuelta - Noticias F1 en espa\u00f1ol<\/title>\n<meta name=\"description\" content=\"La F1 y Portimao acuerdan el regreso del GP de Portugal al calendario de la m\u00e1xima categor\u00eda del automovilismo para 2027 y 2028\" \/>\n<meta name=\"robots\" content=\"index, follow, max-snippet:-1, max-image-preview:large, max-video-preview:-1\" \/>\n<link rel=\"canonical\" href=\"https:\/\/www.firstlapf1.com\/en\/oficial-el-gp-de-portugal-de-f1-esta-de-vuelta\/\" \/>\n<meta property=\"og:locale\" content=\"en_GB\" \/>\n<meta property=\"og:type\" content=\"article\" \/>\n<meta property=\"og:title\" content=\"OFICIAL: El GP de Portugal de F1 est\u00e1 de vuelta - Noticias F1 en espa\u00f1ol\" \/>\n<meta property=\"og:description\" content=\"La F1 y Portimao acuerdan el regreso del GP de Portugal al calendario de la m\u00e1xima categor\u00eda del automovilismo para 2027 y 2028\" \/>\n<meta property=\"og:url\" content=\"https:\/\/www.firstlapf1.com\/en\/oficial-el-gp-de-portugal-de-f1-esta-de-vuelta\/\" \/>\n<meta property=\"og:site_name\" content=\"Noticias F1 en espa\u00f1ol\" \/>\n<meta property=\"article:published_time\" content=\"2025-12-16T09:19:44+00:00\" \/>\n<meta property=\"article:modified_time\" content=\"2025-12-16T09:19:47+00:00\" \/>\n<meta property=\"og:image\" content=\"https:\/\/www.firstlapf1.com\/wp-content\/uploads\/2025\/12\/20251216_100301.jpg\" \/>\n\t<meta property=\"og:image:width\" content=\"1638\" \/>\n\t<meta property=\"og:image:height\" content=\"2048\" \/>\n\t<meta property=\"og:image:type\" content=\"image\/jpeg\" \/>\n<meta name=\"author\" content=\"Miguel Lora-Paquet\" \/>\n<meta name=\"twitter:card\" content=\"summary_large_image\" \/>\n<meta name=\"twitter:label1\" content=\"Written by\" \/>\n\t<meta name=\"twitter:data1\" content=\"Miguel Lora-Paquet\" \/>\n\t<meta name=\"twitter:label2\" content=\"Estimated reading time\" \/>\n\t<meta name=\"twitter:data2\" content=\"3 minutes\" \/>\n<script type=\"application\/ld+json\" class=\"yoast-schema-graph\">{\"@context\":\"https:\/\/schema.org\",\"@graph\":[{\"@type\":\"Article\",\"@id\":\"https:\/\/www.firstlapf1.com\/oficial-el-gp-de-portugal-de-f1-esta-de-vuelta\/#article\",\"isPartOf\":{\"@id\":\"https:\/\/www.firstlapf1.com\/oficial-el-gp-de-portugal-de-f1-esta-de-vuelta\/\"},\"author\":{\"name\":\"Miguel Lora-Paquet\",\"@id\":\"https:\/\/www.firstlapf1.com\/#\/schema\/person\/9eca09873eecb6d7836bc1a0bbd78250\"},\"headline\":\"OFICIAL: El GP de Portugal de F1 est\u00e1 de vuelta\",\"datePublished\":\"2025-12-16T09:19:44+00:00\",\"dateModified\":\"2025-12-16T09:19:47+00:00\",\"mainEntityOfPage\":{\"@id\":\"https:\/\/www.firstlapf1.com\/oficial-el-gp-de-portugal-de-f1-esta-de-vuelta\/\"},\"wordCount\":439,\"image\":{\"@id\":\"https:\/\/www.firstlapf1.com\/oficial-el-gp-de-portugal-de-f1-esta-de-vuelta\/#primaryimage\"},\"thumbnailUrl\":\"https:\/\/www.firstlapf1.com\/wp-content\/uploads\/2025\/12\/20251216_100301.jpg\",\"articleSection\":[\"FIA\",\"GP Portugal (Aut\u00f3dromo Internacional de Algarve)\"],\"inLanguage\":\"en-GB\"},{\"@type\":\"WebPage\",\"@id\":\"https:\/\/www.firstlapf1.com\/oficial-el-gp-de-portugal-de-f1-esta-de-vuelta\/\",\"url\":\"https:\/\/www.firstlapf1.com\/oficial-el-gp-de-portugal-de-f1-esta-de-vuelta\/\",\"name\":\"OFICIAL: El GP de Portugal de F1 est\u00e1 de vuelta - Noticias F1 en espa\u00f1ol\",\"isPartOf\":{\"@id\":\"https:\/\/www.firstlapf1.com\/#website\"},\"primaryImageOfPage\":{\"@id\":\"https:\/\/www.firstlapf1.com\/oficial-el-gp-de-portugal-de-f1-esta-de-vuelta\/#primaryimage\"},\"image\":{\"@id\":\"https:\/\/www.firstlapf1.com\/oficial-el-gp-de-portugal-de-f1-esta-de-vuelta\/#primaryimage\"},\"thumbnailUrl\":\"https:\/\/www.firstlapf1.com\/wp-content\/uploads\/2025\/12\/20251216_100301.jpg\",\"datePublished\":\"2025-12-16T09:19:44+00:00\",\"dateModified\":\"2025-12-16T09:19:47+00:00\",\"author\":{\"@id\":\"https:\/\/www.firstlapf1.com\/#\/schema\/person\/9eca09873eecb6d7836bc1a0bbd78250\"},\"description\":\"La F1 y Portimao acuerdan el regreso del GP de Portugal al calendario de la m\u00e1xima categor\u00eda del automovilismo para 2027 y 2028\",\"inLanguage\":\"en-GB\",\"potentialAction\":[{\"@type\":\"ReadAction\",\"target\":[\"https:\/\/www.firstlapf1.com\/oficial-el-gp-de-portugal-de-f1-esta-de-vuelta\/\"]}]},{\"@type\":\"ImageObject\",\"inLanguage\":\"en-GB\",\"@id\":\"https:\/\/www.firstlapf1.com\/oficial-el-gp-de-portugal-de-f1-esta-de-vuelta\/#primaryimage\",\"url\":\"https:\/\/www.firstlapf1.com\/wp-content\/uploads\/2025\/12\/20251216_100301.jpg\",\"contentUrl\":\"https:\/\/www.firstlapf1.com\/wp-content\/uploads\/2025\/12\/20251216_100301.jpg\",\"width\":1638,\"height\":2048},{\"@type\":\"WebSite\",\"@id\":\"https:\/\/www.firstlapf1.com\/#website\",\"url\":\"https:\/\/www.firstlapf1.com\/\",\"name\":\"Noticias F1 en espa\u00f1ol\",\"description\":\"Noticias F1 en espa\u00f1ol\",\"potentialAction\":[{\"@type\":\"SearchAction\",\"target\":{\"@type\":\"EntryPoint\",\"urlTemplate\":\"https:\/\/www.firstlapf1.com\/?s={search_term_string}\"},\"query-input\":{\"@type\":\"PropertyValueSpecification\",\"valueRequired\":true,\"valueName\":\"search_term_string\"}}],\"inLanguage\":\"en-GB\"},{\"@type\":\"Person\",\"@id\":\"https:\/\/www.firstlapf1.com\/#\/schema\/person\/9eca09873eecb6d7836bc1a0bbd78250\",\"name\":\"Miguel Lora-Paquet\",\"image\":{\"@type\":\"ImageObject\",\"inLanguage\":\"en-GB\",\"@id\":\"https:\/\/www.firstlapf1.com\/#\/schema\/person\/image\/\",\"url\":\"https:\/\/www.firstlapf1.com\/wp-content\/uploads\/2022\/09\/7d393f41-126a-4a1e-bf1d-9d04e2ebc621.jpeg\",\"contentUrl\":\"https:\/\/www.firstlapf1.com\/wp-content\/uploads\/2022\/09\/7d393f41-126a-4a1e-bf1d-9d04e2ebc621.jpeg\",\"caption\":\"Miguel Lora-Paquet\"},\"url\":\"https:\/\/www.firstlapf1.com\/en\/author\/miguel\/\"}]}<\/script>\n<!-- \/ Yoast SEO plugin. -->","yoast_head_json":{"title":"OFICIAL: El GP de Portugal de F1 est\u00e1 de vuelta - Noticias F1 en espa\u00f1ol","description":"La F1 y Portimao acuerdan el regreso del GP de Portugal al calendario de la m\u00e1xima categor\u00eda del automovilismo para 2027 y 2028","robots":{"index":"index","follow":"follow","max-snippet":"max-snippet:-1","max-image-preview":"max-image-preview:large","max-video-preview":"max-video-preview:-1"},"canonical":"https:\/\/www.firstlapf1.com\/en\/oficial-el-gp-de-portugal-de-f1-esta-de-vuelta\/","og_locale":"en_GB","og_type":"article","og_title":"OFICIAL: El GP de Portugal de F1 est\u00e1 de vuelta - Noticias F1 en espa\u00f1ol","og_description":"La F1 y Portimao acuerdan el regreso del GP de Portugal al calendario de la m\u00e1xima categor\u00eda del automovilismo para 2027 y 2028","og_url":"https:\/\/www.firstlapf1.com\/en\/oficial-el-gp-de-portugal-de-f1-esta-de-vuelta\/","og_site_name":"Noticias F1 en espa\u00f1ol","article_published_time":"2025-12-16T09:19:44+00:00","article_modified_time":"2025-12-16T09:19:47+00:00","og_image":[{"width":1638,"height":2048,"url":"https:\/\/www.firstlapf1.com\/wp-content\/uploads\/2025\/12\/20251216_100301.jpg","type":"image\/jpeg"}],"author":"Miguel Lora-Paquet","twitter_card":"summary_large_image","twitter_misc":{"Written by":"Miguel Lora-Paquet","Estimated reading time":"3 minutes"},"schema":{"@context":"https:\/\/schema.org","@graph":[{"@type":"Article","@id":"https:\/\/www.firstlapf1.com\/oficial-el-gp-de-portugal-de-f1-esta-de-vuelta\/#article","isPartOf":{"@id":"https:\/\/www.firstlapf1.com\/oficial-el-gp-de-portugal-de-f1-esta-de-vuelta\/"},"author":{"name":"Miguel Lora-Paquet","@id":"https:\/\/www.firstlapf1.com\/#\/schema\/person\/9eca09873eecb6d7836bc1a0bbd78250"},"headline":"OFICIAL: El GP de Portugal de F1 est\u00e1 de vuelta","datePublished":"2025-12-16T09:19:44+00:00","dateModified":"2025-12-16T09:19:47+00:00","mainEntityOfPage":{"@id":"https:\/\/www.firstlapf1.com\/oficial-el-gp-de-portugal-de-f1-esta-de-vuelta\/"},"wordCount":439,"image":{"@id":"https:\/\/www.firstlapf1.com\/oficial-el-gp-de-portugal-de-f1-esta-de-vuelta\/#primaryimage"},"thumbnailUrl":"https:\/\/www.firstlapf1.com\/wp-content\/uploads\/2025\/12\/20251216_100301.jpg","articleSection":["FIA","GP Portugal (Aut\u00f3dromo Internacional de Algarve)"],"inLanguage":"en-GB"},{"@type":"WebPage","@id":"https:\/\/www.firstlapf1.com\/oficial-el-gp-de-portugal-de-f1-esta-de-vuelta\/","url":"https:\/\/www.firstlapf1.com\/oficial-el-gp-de-portugal-de-f1-esta-de-vuelta\/","name":"OFICIAL: El GP de Portugal de F1 est\u00e1 de vuelta - Noticias F1 en espa\u00f1ol","isPartOf":{"@id":"https:\/\/www.firstlapf1.com\/#website"},"primaryImageOfPage":{"@id":"https:\/\/www.firstlapf1.com\/oficial-el-gp-de-portugal-de-f1-esta-de-vuelta\/#primaryimage"},"image":{"@id":"https:\/\/www.firstlapf1.com\/oficial-el-gp-de-portugal-de-f1-esta-de-vuelta\/#primaryimage"},"thumbnailUrl":"https:\/\/www.firstlapf1.com\/wp-content\/uploads\/2025\/12\/20251216_100301.jpg","datePublished":"2025-12-16T09:19:44+00:00","dateModified":"2025-12-16T09:19:47+00:00","author":{"@id":"https:\/\/www.firstlapf1.com\/#\/schema\/person\/9eca09873eecb6d7836bc1a0bbd78250"},"description":"La F1 y Portimao acuerdan el regreso del GP de Portugal al calendario de la m\u00e1xima categor\u00eda del automovilismo para 2027 y 2028","inLanguage":"en-GB","potentialAction":[{"@type":"ReadAction","target":["https:\/\/www.firstlapf1.com\/oficial-el-gp-de-portugal-de-f1-esta-de-vuelta\/"]}]},{"@type":"ImageObject","inLanguage":"en-GB","@id":"https:\/\/www.firstlapf1.com\/oficial-el-gp-de-portugal-de-f1-esta-de-vuelta\/#primaryimage","url":"https:\/\/www.firstlapf1.com\/wp-content\/uploads\/2025\/12\/20251216_100301.jpg","contentUrl":"https:\/\/www.firstlapf1.com\/wp-content\/uploads\/2025\/12\/20251216_100301.jpg","width":1638,"height":2048},{"@type":"WebSite","@id":"https:\/\/www.firstlapf1.com\/#website","url":"https:\/\/www.firstlapf1.com\/","name":"Noticias F1 en espa\u00f1ol","description":"Noticias F1 en espa\u00f1ol","potentialAction":[{"@type":"SearchAction","target":{"@type":"EntryPoint","urlTemplate":"https:\/\/www.firstlapf1.com\/?s={search_term_string}"},"query-input":{"@type":"PropertyValueSpecification","valueRequired":true,"valueName":"search_term_string"}}],"inLanguage":"en-GB"},{"@type":"Person","@id":"https:\/\/www.firstlapf1.com\/#\/schema\/person\/9eca09873eecb6d7836bc1a0bbd78250","name":"Miguel Lora-Paquet","image":{"@type":"ImageObject","inLanguage":"en-GB","@id":"https:\/\/www.firstlapf1.com\/#\/schema\/person\/image\/","url":"https:\/\/www.firstlapf1.com\/wp-content\/uploads\/2022\/09\/7d393f41-126a-4a1e-bf1d-9d04e2ebc621.jpeg","contentUrl":"https:\/\/www.firstlapf1.com\/wp-content\/uploads\/2022\/09\/7d393f41-126a-4a1e-bf1d-9d04e2ebc621.jpeg","caption":"Miguel Lora-Paquet"},"url":"https:\/\/www.firstlapf1.com\/en\/author\/miguel\/"}]}},"jetpack_featured_media_url":"https:\/\/www.firstlapf1.com\/wp-content\/uploads\/2025\/12\/20251216_100301.jpg","jetpack_sharing_enabled":true,"_links":{"self":[{"href":"https:\/\/www.firstlapf1.com\/en\/wp-json\/wp\/v2\/posts\/17494","targetHints":{"allow":["GET"]}}],"collection":[{"href":"https:\/\/www.firstlapf1.com\/en\/wp-json\/wp\/v2\/posts"}],"about":[{"href":"https:\/\/www.firstlapf1.com\/en\/wp-json\/wp\/v2\/types\/post"}],"author":[{"embeddable":true,"href":"https:\/\/www.firstlapf1.com\/en\/wp-json\/wp\/v2\/users\/2"}],"replies":[{"embeddable":true,"href":"https:\/\/www.firstlapf1.com\/en\/wp-json\/wp\/v2\/comments?post=17494"}],"version-history":[{"count":2,"href":"https:\/\/www.firstlapf1.com\/en\/wp-json\/wp\/v2\/posts\/17494\/revisions"}],"predecessor-version":[{"id":17500,"href":"https:\/\/www.firstlapf1.com\/en\/wp-json\/wp\/v2\/posts\/17494\/revisions\/17500"}],"wp:featuredmedia":[{"embeddable":true,"href":"https:\/\/www.firstlapf1.com\/en\/wp-json\/wp\/v2\/media\/17499"}],"wp:attachment":[{"href":"https:\/\/www.firstlapf1.com\/en\/wp-json\/wp\/v2\/media?parent=17494"}],"wp:term":[{"taxonomy":"category","embeddable":true,"href":"https:\/\/www.firstlapf1.com\/en\/wp-json\/wp\/v2\/categories?post=17494"},{"taxonomy":"post_tag","embeddable":true,"href":"https:\/\/www.firstlapf1.com\/en\/wp-json\/wp\/v2\/tags?post=17494"}],"curies":[{"name":"wp","href":"https:\/\/api.w.org\/{rel}","templated":true}]}}