{"id":17454,"date":"2025-12-09T06:37:47","date_gmt":"2025-12-09T06:37:47","guid":{"rendered":"https:\/\/www.firstlapf1.com\/?p=17454"},"modified":"2025-12-09T06:37:49","modified_gmt":"2025-12-09T06:37:49","slug":"oficial-alex-dunne-seguira-en-casa-rodin","status":"publish","type":"post","link":"https:\/\/www.firstlapf1.com\/en\/oficial-alex-dunne-seguira-en-casa-rodin\/","title":{"rendered":"OFICIAL: Alex Dunne seguir\u00e1 en casa Rodin"},"content":{"rendered":"<h2 class=\"wp-block-heading\">Tanto Alex Dunne como equipo han llegado a un acuerdo para seguir vinculados de cara a 2026, donde buscar\u00e1n pelear por el t\u00edtulo de la F2<\/h2>\n\n\n\n<p>Se cierra una temporada y ya comienza otra nueva: La F2 de 2026 est\u00e1 a un par de asientos de cerrarse por completo y ser una realidad. Uno de esos monoplazas que quedaban por adjudicarse era el segundo de Rodin Motorsport que, por segunda temporada, llevar\u00e1 el irland\u00e9s Alex Dunne, ya sin los colores de McLaren y dispuestos a pelear por estar en la cima de la categor\u00eda de plata junto a Martinius Stenshorne.<\/p>\n\n\n\n<p>Dunne coment\u00f3: <strong>\u00abEstoy realmente feliz de seguir con Rodin para la temporada 2026. He construido una gran relaci\u00f3n con todo el equipo y la manera en como trabajamos es realmente positiva. Estoy seguro de que pelearemos por el t\u00edtulo el pr\u00f3ximo a\u00f1o\u00bb.<\/strong><\/p>\n\n\n\n<p>Benn Huntingford, Director Deportivo de Rodin Motorsport: <strong>\u00abEstamos muy contentos de contar de nuevo con Alex en el equipo para un segundo a\u00f1o. Ha realizado grandes progresos a lo largo de esta temporada y hemos visto una verdadera madurez en c\u00f3mo aborda su trabajo tanto dentro como fuera de la pista. Con la experiencia ganada y la continuidad que tenemos ahora, estoy seguro de que puede dar otro gran paso adelante. Es genial continuar este viaje juntos\u00bb.<\/strong><\/p>\n\n\n\n<p>Alex Dunne finaliz\u00f3 su temporada como rookie en quinta posici\u00f3n en el campeonato, con 6 podios y 2 victorias, una actuaci\u00f3n muy digna.<\/p>\n\n\n\n<p>El piloto ha estado envuelto en una pol\u00e9mica reciente y es que Helmut Marko, asesor de Red Bull, le habr\u00eda firmado para su academia sin que la escuder\u00eda lo supiese. Ante esta situaci\u00f3n, la entidad austr\u00edaca ha tenido que indemnizarlo con grandes cantidades y Alpine ya valora sus servicios.<\/p>\n\n\n\n<figure class=\"wp-block-image size-large\"><img loading=\"lazy\" decoding=\"async\" width=\"851\" height=\"1024\" src=\"https:\/\/www.firstlapf1.com\/wp-content\/uploads\/2025\/12\/1000071940-851x1024.jpg\" alt=\"\" class=\"wp-image-17461\" srcset=\"https:\/\/www.firstlapf1.com\/wp-content\/uploads\/2025\/12\/1000071940-851x1024.jpg 851w, https:\/\/www.firstlapf1.com\/wp-content\/uploads\/2025\/12\/1000071940-249x300.jpg 249w, https:\/\/www.firstlapf1.com\/wp-content\/uploads\/2025\/12\/1000071940-768x924.jpg 768w, https:\/\/www.firstlapf1.com\/wp-content\/uploads\/2025\/12\/1000071940-10x12.jpg 10w, https:\/\/www.firstlapf1.com\/wp-content\/uploads\/2025\/12\/1000071940.jpg 1220w\" sizes=\"auto, (max-width: 851px) 100vw, 851px\" \/><figcaption class=\"wp-element-caption\">Fuente: Rodin Motorsport en X (fuente portada: F2 en X)<\/figcaption><\/figure>","protected":false},"excerpt":{"rendered":"<p>Tanto Alex Dunne como equipo han llegado a un acuerdo para seguir vinculados de cara a 2026, donde buscar\u00e1n pelear por el t\u00edtulo de la F2 &hellip; <span class=\"more-button\"><a href=\"https:\/\/www.firstlapf1.com\/en\/oficial-alex-dunne-seguira-en-casa-rodin\/\" class=\"more-link\">Continue reading<span class=\"screen-reader-text\">OFICIAL: Alex Dunne seguir\u00e1 en casa Rodin<\/span><\/a><\/span><\/p>","protected":false},"author":42,"featured_media":17462,"comment_status":"closed","ping_status":"open","sticky":false,"template":"","format":"standard","meta":{"_jetpack_memberships_contains_paid_content":false,"footnotes":""},"categories":[9,54],"tags":[],"class_list":["post-17454","post","type-post","status-publish","format-standard","has-post-thumbnail","hentry","category-f2","category-rodin-motorsport-f2"],"yoast_head":"<!-- This site is optimized with the Yoast SEO plugin v27.0 - https:\/\/yoast.com\/product\/yoast-seo-wordpress\/ -->\n<title>OFICIAL: Alex Dunne seguir\u00e1 en casa Rodin - Noticias F1 en espa\u00f1ol<\/title>\n<meta name=\"description\" content=\"Tanto Alex Dunne como equipo han llegado a un acuerdo para seguir vinculados de cara a 2026, donde buscar\u00e1n pelear por el t\u00edtulo de la F2\" \/>\n<meta name=\"robots\" content=\"index, follow, max-snippet:-1, max-image-preview:large, max-video-preview:-1\" \/>\n<link rel=\"canonical\" href=\"https:\/\/www.firstlapf1.com\/en\/oficial-alex-dunne-seguira-en-casa-rodin\/\" \/>\n<meta property=\"og:locale\" content=\"en_GB\" \/>\n<meta property=\"og:type\" content=\"article\" \/>\n<meta property=\"og:title\" content=\"OFICIAL: Alex Dunne seguir\u00e1 en casa Rodin - Noticias F1 en espa\u00f1ol\" \/>\n<meta property=\"og:description\" content=\"Tanto Alex Dunne como equipo han llegado a un acuerdo para seguir vinculados de cara a 2026, donde buscar\u00e1n pelear por el t\u00edtulo de la F2\" \/>\n<meta property=\"og:url\" content=\"https:\/\/www.firstlapf1.com\/en\/oficial-alex-dunne-seguira-en-casa-rodin\/\" \/>\n<meta property=\"og:site_name\" content=\"Noticias F1 en espa\u00f1ol\" \/>\n<meta property=\"article:published_time\" content=\"2025-12-09T06:37:47+00:00\" \/>\n<meta property=\"article:modified_time\" content=\"2025-12-09T06:37:49+00:00\" \/>\n<meta property=\"og:image\" content=\"https:\/\/www.firstlapf1.com\/wp-content\/uploads\/2025\/12\/20251208_203839.jpg\" \/>\n\t<meta property=\"og:image:width\" content=\"1080\" \/>\n\t<meta property=\"og:image:height\" content=\"1350\" \/>\n\t<meta property=\"og:image:type\" content=\"image\/jpeg\" \/>\n<meta name=\"author\" content=\"C\u00e9sar L\u00f3pez\" \/>\n<meta name=\"twitter:card\" content=\"summary_large_image\" \/>\n<meta name=\"twitter:label1\" content=\"Written by\" \/>\n\t<meta name=\"twitter:data1\" content=\"C\u00e9sar L\u00f3pez\" \/>\n\t<meta name=\"twitter:label2\" content=\"Estimated reading time\" \/>\n\t<meta name=\"twitter:data2\" content=\"2 minutes\" \/>\n<script type=\"application\/ld+json\" class=\"yoast-schema-graph\">{\"@context\":\"https:\/\/schema.org\",\"@graph\":[{\"@type\":\"Article\",\"@id\":\"https:\/\/www.firstlapf1.com\/oficial-alex-dunne-seguira-en-casa-rodin\/#article\",\"isPartOf\":{\"@id\":\"https:\/\/www.firstlapf1.com\/oficial-alex-dunne-seguira-en-casa-rodin\/\"},\"author\":{\"name\":\"C\u00e9sar L\u00f3pez\",\"@id\":\"https:\/\/www.firstlapf1.com\/#\/schema\/person\/eeb9aab43fc76cf781e0033e511cce1e\"},\"headline\":\"OFICIAL: Alex Dunne seguir\u00e1 en casa Rodin\",\"datePublished\":\"2025-12-09T06:37:47+00:00\",\"dateModified\":\"2025-12-09T06:37:49+00:00\",\"mainEntityOfPage\":{\"@id\":\"https:\/\/www.firstlapf1.com\/oficial-alex-dunne-seguira-en-casa-rodin\/\"},\"wordCount\":320,\"image\":{\"@id\":\"https:\/\/www.firstlapf1.com\/oficial-alex-dunne-seguira-en-casa-rodin\/#primaryimage\"},\"thumbnailUrl\":\"https:\/\/www.firstlapf1.com\/wp-content\/uploads\/2025\/12\/20251208_203839.jpg\",\"articleSection\":[\"F2\",\"Rodin Motorsport (F2)\"],\"inLanguage\":\"en-GB\"},{\"@type\":\"WebPage\",\"@id\":\"https:\/\/www.firstlapf1.com\/oficial-alex-dunne-seguira-en-casa-rodin\/\",\"url\":\"https:\/\/www.firstlapf1.com\/oficial-alex-dunne-seguira-en-casa-rodin\/\",\"name\":\"OFICIAL: Alex Dunne seguir\u00e1 en casa Rodin - Noticias F1 en espa\u00f1ol\",\"isPartOf\":{\"@id\":\"https:\/\/www.firstlapf1.com\/#website\"},\"primaryImageOfPage\":{\"@id\":\"https:\/\/www.firstlapf1.com\/oficial-alex-dunne-seguira-en-casa-rodin\/#primaryimage\"},\"image\":{\"@id\":\"https:\/\/www.firstlapf1.com\/oficial-alex-dunne-seguira-en-casa-rodin\/#primaryimage\"},\"thumbnailUrl\":\"https:\/\/www.firstlapf1.com\/wp-content\/uploads\/2025\/12\/20251208_203839.jpg\",\"datePublished\":\"2025-12-09T06:37:47+00:00\",\"dateModified\":\"2025-12-09T06:37:49+00:00\",\"author\":{\"@id\":\"https:\/\/www.firstlapf1.com\/#\/schema\/person\/eeb9aab43fc76cf781e0033e511cce1e\"},\"description\":\"Tanto Alex Dunne como equipo han llegado a un acuerdo para seguir vinculados de cara a 2026, donde buscar\u00e1n pelear por el t\u00edtulo de la F2\",\"inLanguage\":\"en-GB\",\"potentialAction\":[{\"@type\":\"ReadAction\",\"target\":[\"https:\/\/www.firstlapf1.com\/oficial-alex-dunne-seguira-en-casa-rodin\/\"]}]},{\"@type\":\"ImageObject\",\"inLanguage\":\"en-GB\",\"@id\":\"https:\/\/www.firstlapf1.com\/oficial-alex-dunne-seguira-en-casa-rodin\/#primaryimage\",\"url\":\"https:\/\/www.firstlapf1.com\/wp-content\/uploads\/2025\/12\/20251208_203839.jpg\",\"contentUrl\":\"https:\/\/www.firstlapf1.com\/wp-content\/uploads\/2025\/12\/20251208_203839.jpg\",\"width\":1080,\"height\":1350},{\"@type\":\"WebSite\",\"@id\":\"https:\/\/www.firstlapf1.com\/#website\",\"url\":\"https:\/\/www.firstlapf1.com\/\",\"name\":\"Noticias F1 en espa\u00f1ol\",\"description\":\"Noticias F1 en espa\u00f1ol\",\"potentialAction\":[{\"@type\":\"SearchAction\",\"target\":{\"@type\":\"EntryPoint\",\"urlTemplate\":\"https:\/\/www.firstlapf1.com\/?s={search_term_string}\"},\"query-input\":{\"@type\":\"PropertyValueSpecification\",\"valueRequired\":true,\"valueName\":\"search_term_string\"}}],\"inLanguage\":\"en-GB\"},{\"@type\":\"Person\",\"@id\":\"https:\/\/www.firstlapf1.com\/#\/schema\/person\/eeb9aab43fc76cf781e0033e511cce1e\",\"name\":\"C\u00e9sar L\u00f3pez\",\"image\":{\"@type\":\"ImageObject\",\"inLanguage\":\"en-GB\",\"@id\":\"https:\/\/www.firstlapf1.com\/#\/schema\/person\/image\/\",\"url\":\"https:\/\/secure.gravatar.com\/avatar\/60cc29ae45b828887c2be3afc5bcfec0794c85b31daa8d44e4fe46c296c0873d?s=96&d=mm&r=g\",\"contentUrl\":\"https:\/\/secure.gravatar.com\/avatar\/60cc29ae45b828887c2be3afc5bcfec0794c85b31daa8d44e4fe46c296c0873d?s=96&d=mm&r=g\",\"caption\":\"C\u00e9sar L\u00f3pez\"},\"sameAs\":[\"http:\/\/www.firstlapf1.com\/\"],\"url\":\"https:\/\/www.firstlapf1.com\/en\/author\/ceslop\/\"}]}<\/script>\n<!-- \/ Yoast SEO plugin. -->","yoast_head_json":{"title":"OFICIAL: Alex Dunne seguir\u00e1 en casa Rodin - Noticias F1 en espa\u00f1ol","description":"Tanto Alex Dunne como equipo han llegado a un acuerdo para seguir vinculados de cara a 2026, donde buscar\u00e1n pelear por el t\u00edtulo de la F2","robots":{"index":"index","follow":"follow","max-snippet":"max-snippet:-1","max-image-preview":"max-image-preview:large","max-video-preview":"max-video-preview:-1"},"canonical":"https:\/\/www.firstlapf1.com\/en\/oficial-alex-dunne-seguira-en-casa-rodin\/","og_locale":"en_GB","og_type":"article","og_title":"OFICIAL: Alex Dunne seguir\u00e1 en casa Rodin - Noticias F1 en espa\u00f1ol","og_description":"Tanto Alex Dunne como equipo han llegado a un acuerdo para seguir vinculados de cara a 2026, donde buscar\u00e1n pelear por el t\u00edtulo de la F2","og_url":"https:\/\/www.firstlapf1.com\/en\/oficial-alex-dunne-seguira-en-casa-rodin\/","og_site_name":"Noticias F1 en espa\u00f1ol","article_published_time":"2025-12-09T06:37:47+00:00","article_modified_time":"2025-12-09T06:37:49+00:00","og_image":[{"width":1080,"height":1350,"url":"https:\/\/www.firstlapf1.com\/wp-content\/uploads\/2025\/12\/20251208_203839.jpg","type":"image\/jpeg"}],"author":"C\u00e9sar L\u00f3pez","twitter_card":"summary_large_image","twitter_misc":{"Written by":"C\u00e9sar L\u00f3pez","Estimated reading time":"2 minutes"},"schema":{"@context":"https:\/\/schema.org","@graph":[{"@type":"Article","@id":"https:\/\/www.firstlapf1.com\/oficial-alex-dunne-seguira-en-casa-rodin\/#article","isPartOf":{"@id":"https:\/\/www.firstlapf1.com\/oficial-alex-dunne-seguira-en-casa-rodin\/"},"author":{"name":"C\u00e9sar L\u00f3pez","@id":"https:\/\/www.firstlapf1.com\/#\/schema\/person\/eeb9aab43fc76cf781e0033e511cce1e"},"headline":"OFICIAL: Alex Dunne seguir\u00e1 en casa Rodin","datePublished":"2025-12-09T06:37:47+00:00","dateModified":"2025-12-09T06:37:49+00:00","mainEntityOfPage":{"@id":"https:\/\/www.firstlapf1.com\/oficial-alex-dunne-seguira-en-casa-rodin\/"},"wordCount":320,"image":{"@id":"https:\/\/www.firstlapf1.com\/oficial-alex-dunne-seguira-en-casa-rodin\/#primaryimage"},"thumbnailUrl":"https:\/\/www.firstlapf1.com\/wp-content\/uploads\/2025\/12\/20251208_203839.jpg","articleSection":["F2","Rodin Motorsport (F2)"],"inLanguage":"en-GB"},{"@type":"WebPage","@id":"https:\/\/www.firstlapf1.com\/oficial-alex-dunne-seguira-en-casa-rodin\/","url":"https:\/\/www.firstlapf1.com\/oficial-alex-dunne-seguira-en-casa-rodin\/","name":"OFICIAL: Alex Dunne seguir\u00e1 en casa Rodin - Noticias F1 en espa\u00f1ol","isPartOf":{"@id":"https:\/\/www.firstlapf1.com\/#website"},"primaryImageOfPage":{"@id":"https:\/\/www.firstlapf1.com\/oficial-alex-dunne-seguira-en-casa-rodin\/#primaryimage"},"image":{"@id":"https:\/\/www.firstlapf1.com\/oficial-alex-dunne-seguira-en-casa-rodin\/#primaryimage"},"thumbnailUrl":"https:\/\/www.firstlapf1.com\/wp-content\/uploads\/2025\/12\/20251208_203839.jpg","datePublished":"2025-12-09T06:37:47+00:00","dateModified":"2025-12-09T06:37:49+00:00","author":{"@id":"https:\/\/www.firstlapf1.com\/#\/schema\/person\/eeb9aab43fc76cf781e0033e511cce1e"},"description":"Tanto Alex Dunne como equipo han llegado a un acuerdo para seguir vinculados de cara a 2026, donde buscar\u00e1n pelear por el t\u00edtulo de la F2","inLanguage":"en-GB","potentialAction":[{"@type":"ReadAction","target":["https:\/\/www.firstlapf1.com\/oficial-alex-dunne-seguira-en-casa-rodin\/"]}]},{"@type":"ImageObject","inLanguage":"en-GB","@id":"https:\/\/www.firstlapf1.com\/oficial-alex-dunne-seguira-en-casa-rodin\/#primaryimage","url":"https:\/\/www.firstlapf1.com\/wp-content\/uploads\/2025\/12\/20251208_203839.jpg","contentUrl":"https:\/\/www.firstlapf1.com\/wp-content\/uploads\/2025\/12\/20251208_203839.jpg","width":1080,"height":1350},{"@type":"WebSite","@id":"https:\/\/www.firstlapf1.com\/#website","url":"https:\/\/www.firstlapf1.com\/","name":"Noticias F1 en espa\u00f1ol","description":"Noticias F1 en espa\u00f1ol","potentialAction":[{"@type":"SearchAction","target":{"@type":"EntryPoint","urlTemplate":"https:\/\/www.firstlapf1.com\/?s={search_term_string}"},"query-input":{"@type":"PropertyValueSpecification","valueRequired":true,"valueName":"search_term_string"}}],"inLanguage":"en-GB"},{"@type":"Person","@id":"https:\/\/www.firstlapf1.com\/#\/schema\/person\/eeb9aab43fc76cf781e0033e511cce1e","name":"C\u00e9sar L\u00f3pez","image":{"@type":"ImageObject","inLanguage":"en-GB","@id":"https:\/\/www.firstlapf1.com\/#\/schema\/person\/image\/","url":"https:\/\/secure.gravatar.com\/avatar\/60cc29ae45b828887c2be3afc5bcfec0794c85b31daa8d44e4fe46c296c0873d?s=96&d=mm&r=g","contentUrl":"https:\/\/secure.gravatar.com\/avatar\/60cc29ae45b828887c2be3afc5bcfec0794c85b31daa8d44e4fe46c296c0873d?s=96&d=mm&r=g","caption":"C\u00e9sar L\u00f3pez"},"sameAs":["http:\/\/www.firstlapf1.com\/"],"url":"https:\/\/www.firstlapf1.com\/en\/author\/ceslop\/"}]}},"jetpack_featured_media_url":"https:\/\/www.firstlapf1.com\/wp-content\/uploads\/2025\/12\/20251208_203839.jpg","jetpack_sharing_enabled":true,"_links":{"self":[{"href":"https:\/\/www.firstlapf1.com\/en\/wp-json\/wp\/v2\/posts\/17454","targetHints":{"allow":["GET"]}}],"collection":[{"href":"https:\/\/www.firstlapf1.com\/en\/wp-json\/wp\/v2\/posts"}],"about":[{"href":"https:\/\/www.firstlapf1.com\/en\/wp-json\/wp\/v2\/types\/post"}],"author":[{"embeddable":true,"href":"https:\/\/www.firstlapf1.com\/en\/wp-json\/wp\/v2\/users\/42"}],"replies":[{"embeddable":true,"href":"https:\/\/www.firstlapf1.com\/en\/wp-json\/wp\/v2\/comments?post=17454"}],"version-history":[{"count":2,"href":"https:\/\/www.firstlapf1.com\/en\/wp-json\/wp\/v2\/posts\/17454\/revisions"}],"predecessor-version":[{"id":17463,"href":"https:\/\/www.firstlapf1.com\/en\/wp-json\/wp\/v2\/posts\/17454\/revisions\/17463"}],"wp:featuredmedia":[{"embeddable":true,"href":"https:\/\/www.firstlapf1.com\/en\/wp-json\/wp\/v2\/media\/17462"}],"wp:attachment":[{"href":"https:\/\/www.firstlapf1.com\/en\/wp-json\/wp\/v2\/media?parent=17454"}],"wp:term":[{"taxonomy":"category","embeddable":true,"href":"https:\/\/www.firstlapf1.com\/en\/wp-json\/wp\/v2\/categories?post=17454"},{"taxonomy":"post_tag","embeddable":true,"href":"https:\/\/www.firstlapf1.com\/en\/wp-json\/wp\/v2\/tags?post=17454"}],"curies":[{"name":"wp","href":"https:\/\/api.w.org\/{rel}","templated":true}]}}