{"id":17440,"date":"2025-12-08T19:39:03","date_gmt":"2025-12-08T19:39:03","guid":{"rendered":"https:\/\/www.firstlapf1.com\/?p=17440"},"modified":"2025-12-08T19:39:07","modified_gmt":"2025-12-08T19:39:07","slug":"oficial-ritomo-miyata-recala-en-hitech-f2-para-2026","status":"publish","type":"post","link":"https:\/\/www.firstlapf1.com\/en\/oficial-ritomo-miyata-recala-en-hitech-f2-para-2026\/","title":{"rendered":"OFICIAL: Ritomo Miyata recala en Hitech F2 para 2026"},"content":{"rendered":"<h2 class=\"wp-block-heading\">El piloto japon\u00e9s Ritomo Miyata completa la alineaci\u00f3n de Hitech TGR para la pr\u00f3xima temporada de la F\u00f3rmula 2<\/h2>\n\n\n\n<p>La temporada de la <a href=\"https:\/\/www.fiaformula2.com\/\" target=\"_blank\" rel=\"noreferrer noopener\">categor\u00eda de plata<\/a> lleg\u00f3 a su fin ayer pero los equipos no tienen tiempo que perder. Los tests postemporada son esta semana y todas las escuder\u00edas se preparan para comenzar los preparativos para 2026. Es el turno de <a href=\"https:\/\/www.firstlapf1.com\/en\/category\/hitech\/\" target=\"_blank\" rel=\"noreferrer noopener\">Hitech<\/a> que, tras firmar a todo un gran piloto como es Colton Herta, el equipo brit\u00e1nico se decanta por Ritomo Miyata para completar la dupla.<\/p>\n\n\n\n<h2 class=\"wp-block-heading has-normal-font-size\">Declaraciones<\/h2>\n\n\n\n<p>Ritomo Miyata:<\/p>\n\n\n\n<p><strong>\u00bbEstoy muy emocionado por unirme a Hitech para la temporada 2026 de la F2. Mis primeras temporadas en la F2 han servido de aprendizaje para m\u00ed, para conocer los neum\u00e1ticos, los coches y los circuitos, adem\u00e1s de enfrentarme a los mejores pilotos j\u00f3venes del mundo. Hitech ha demostrado ser uno de los equipos m\u00e1s competitivos y consistentes en la F\u00f3rmula 2, as\u00ed que conf\u00edo en que es el entorno perfecto para seguir desarroll\u00e1ndome, competir en primera l\u00ednea y obtener resultados positivos cada fin de semana. Quiero agradecer a Morizo-san y a Toyota Gazoo Racing por apoyarme en este camino. Mi objetivo es seguir mejorando  y seguir avanzando hacia el m\u00e1ximo nivel del automovilismo.\u00bb<\/strong><\/p>\n\n\n\n<p>Clive Hatton, Director de Hitech:<\/p>\n\n\n\n<p><strong>\u00bbEstamos encantados de darle la bienvenida a Ritomo para 2026. Ha demostrado su calidad en la F2 y aporta una experiencia en los campeonatos en Jap\u00f3n que hace m\u00e1s emocionante nuestra dupla de pilotos. Con Colton llegando desde Indycar y Ritomo con dos grandes temporadas de F2, nuestra dupla combina experiencia, adaptabilidad y un gran potencial. Hitech ha disfrutado dos grandes temporadas en F2 y esperamos mantener el nivel en 2026. Con Ritomo y Colton creemos que tenemos una de las duplas m\u00e1s emocionantes y exitosas de toda la parrilla.\u00bb<\/strong><\/p>\n\n\n\n<figure class=\"wp-block-image size-large\"><img loading=\"lazy\" decoding=\"async\" width=\"819\" height=\"1024\" src=\"https:\/\/www.firstlapf1.com\/wp-content\/uploads\/2025\/12\/1000071926-819x1024.jpg\" alt=\"\" class=\"wp-image-17443\" srcset=\"https:\/\/www.firstlapf1.com\/wp-content\/uploads\/2025\/12\/1000071926-819x1024.jpg 819w, https:\/\/www.firstlapf1.com\/wp-content\/uploads\/2025\/12\/1000071926-240x300.jpg 240w, https:\/\/www.firstlapf1.com\/wp-content\/uploads\/2025\/12\/1000071926-768x960.jpg 768w, https:\/\/www.firstlapf1.com\/wp-content\/uploads\/2025\/12\/1000071926-1229x1536.jpg 1229w, https:\/\/www.firstlapf1.com\/wp-content\/uploads\/2025\/12\/1000071926-1639x2048.jpg 1639w, https:\/\/www.firstlapf1.com\/wp-content\/uploads\/2025\/12\/1000071926-10x12.jpg 10w, https:\/\/www.firstlapf1.com\/wp-content\/uploads\/2025\/12\/1000071926-scaled.jpg 2048w\" sizes=\"auto, (max-width: 819px) 100vw, 819px\" \/><figcaption class=\"wp-element-caption\">Fuente: Hitech GP en X (fuente portada: F2 en X)<\/figcaption><\/figure>\n\n\n\n<p><\/p>","protected":false},"excerpt":{"rendered":"<p>El piloto japon\u00e9s Ritomo Miyata completa la alineaci\u00f3n de Hitech TGR para la pr\u00f3xima temporada de la F\u00f3rmula 2 &hellip; <span class=\"more-button\"><a href=\"https:\/\/www.firstlapf1.com\/en\/oficial-ritomo-miyata-recala-en-hitech-f2-para-2026\/\" class=\"more-link\">Continue reading<span class=\"screen-reader-text\">OFICIAL: Ritomo Miyata recala en Hitech F2 para 2026<\/span><\/a><\/span><\/p>","protected":false},"author":2,"featured_media":17445,"comment_status":"closed","ping_status":"open","sticky":false,"template":"","format":"standard","meta":{"_jetpack_memberships_contains_paid_content":false,"footnotes":""},"categories":[55,9,57],"tags":[],"class_list":["post-17440","post","type-post","status-publish","format-standard","has-post-thumbnail","hentry","category-art-grand-prix","category-f2","category-hitech"],"yoast_head":"<!-- This site is optimized with the Yoast SEO plugin v27.0 - https:\/\/yoast.com\/product\/yoast-seo-wordpress\/ -->\n<title>OFICIAL: Ritomo Miyata recala en Hitech F2 para 2026 - Noticias F1 en espa\u00f1ol<\/title>\n<meta name=\"description\" content=\"El piloto japon\u00e9s Ritomo Miyata completa la alineaci\u00f3n de Hitech TGR para la pr\u00f3xima temporada de la F\u00f3rmula 2\" \/>\n<meta name=\"robots\" content=\"index, follow, max-snippet:-1, max-image-preview:large, max-video-preview:-1\" \/>\n<link rel=\"canonical\" href=\"https:\/\/www.firstlapf1.com\/en\/oficial-ritomo-miyata-recala-en-hitech-f2-para-2026\/\" \/>\n<meta property=\"og:locale\" content=\"en_GB\" \/>\n<meta property=\"og:type\" content=\"article\" \/>\n<meta property=\"og:title\" content=\"OFICIAL: Ritomo Miyata recala en Hitech F2 para 2026 - Noticias F1 en espa\u00f1ol\" \/>\n<meta property=\"og:description\" content=\"El piloto japon\u00e9s Ritomo Miyata completa la alineaci\u00f3n de Hitech TGR para la pr\u00f3xima temporada de la F\u00f3rmula 2\" \/>\n<meta property=\"og:url\" content=\"https:\/\/www.firstlapf1.com\/en\/oficial-ritomo-miyata-recala-en-hitech-f2-para-2026\/\" \/>\n<meta property=\"og:site_name\" content=\"Noticias F1 en espa\u00f1ol\" \/>\n<meta property=\"article:published_time\" content=\"2025-12-08T19:39:03+00:00\" \/>\n<meta property=\"article:modified_time\" content=\"2025-12-08T19:39:07+00:00\" \/>\n<meta property=\"og:image\" content=\"https:\/\/www.firstlapf1.com\/wp-content\/uploads\/2025\/12\/20251208_203837.jpg\" \/>\n\t<meta property=\"og:image:width\" content=\"1080\" \/>\n\t<meta property=\"og:image:height\" content=\"1350\" \/>\n\t<meta property=\"og:image:type\" content=\"image\/jpeg\" \/>\n<meta name=\"author\" content=\"Miguel Lora-Paquet\" \/>\n<meta name=\"twitter:card\" content=\"summary_large_image\" \/>\n<meta name=\"twitter:label1\" content=\"Written by\" \/>\n\t<meta name=\"twitter:data1\" content=\"Miguel Lora-Paquet\" \/>\n\t<meta name=\"twitter:label2\" content=\"Estimated reading time\" \/>\n\t<meta name=\"twitter:data2\" content=\"2 minutes\" \/>\n<script type=\"application\/ld+json\" class=\"yoast-schema-graph\">{\"@context\":\"https:\/\/schema.org\",\"@graph\":[{\"@type\":\"Article\",\"@id\":\"https:\/\/www.firstlapf1.com\/oficial-ritomo-miyata-recala-en-hitech-f2-para-2026\/#article\",\"isPartOf\":{\"@id\":\"https:\/\/www.firstlapf1.com\/oficial-ritomo-miyata-recala-en-hitech-f2-para-2026\/\"},\"author\":{\"name\":\"Miguel Lora-Paquet\",\"@id\":\"https:\/\/www.firstlapf1.com\/#\/schema\/person\/9eca09873eecb6d7836bc1a0bbd78250\"},\"headline\":\"OFICIAL: Ritomo Miyata recala en Hitech F2 para 2026\",\"datePublished\":\"2025-12-08T19:39:03+00:00\",\"dateModified\":\"2025-12-08T19:39:07+00:00\",\"mainEntityOfPage\":{\"@id\":\"https:\/\/www.firstlapf1.com\/oficial-ritomo-miyata-recala-en-hitech-f2-para-2026\/\"},\"wordCount\":330,\"image\":{\"@id\":\"https:\/\/www.firstlapf1.com\/oficial-ritomo-miyata-recala-en-hitech-f2-para-2026\/#primaryimage\"},\"thumbnailUrl\":\"https:\/\/www.firstlapf1.com\/wp-content\/uploads\/2025\/12\/20251208_203837.jpg\",\"articleSection\":[\"ART Grand Prix (F2)\",\"F2\",\"Hitech TGR (F2)\"],\"inLanguage\":\"en-GB\"},{\"@type\":\"WebPage\",\"@id\":\"https:\/\/www.firstlapf1.com\/oficial-ritomo-miyata-recala-en-hitech-f2-para-2026\/\",\"url\":\"https:\/\/www.firstlapf1.com\/oficial-ritomo-miyata-recala-en-hitech-f2-para-2026\/\",\"name\":\"OFICIAL: Ritomo Miyata recala en Hitech F2 para 2026 - Noticias F1 en espa\u00f1ol\",\"isPartOf\":{\"@id\":\"https:\/\/www.firstlapf1.com\/#website\"},\"primaryImageOfPage\":{\"@id\":\"https:\/\/www.firstlapf1.com\/oficial-ritomo-miyata-recala-en-hitech-f2-para-2026\/#primaryimage\"},\"image\":{\"@id\":\"https:\/\/www.firstlapf1.com\/oficial-ritomo-miyata-recala-en-hitech-f2-para-2026\/#primaryimage\"},\"thumbnailUrl\":\"https:\/\/www.firstlapf1.com\/wp-content\/uploads\/2025\/12\/20251208_203837.jpg\",\"datePublished\":\"2025-12-08T19:39:03+00:00\",\"dateModified\":\"2025-12-08T19:39:07+00:00\",\"author\":{\"@id\":\"https:\/\/www.firstlapf1.com\/#\/schema\/person\/9eca09873eecb6d7836bc1a0bbd78250\"},\"description\":\"El piloto japon\u00e9s Ritomo Miyata completa la alineaci\u00f3n de Hitech TGR para la pr\u00f3xima temporada de la F\u00f3rmula 2\",\"inLanguage\":\"en-GB\",\"potentialAction\":[{\"@type\":\"ReadAction\",\"target\":[\"https:\/\/www.firstlapf1.com\/oficial-ritomo-miyata-recala-en-hitech-f2-para-2026\/\"]}]},{\"@type\":\"ImageObject\",\"inLanguage\":\"en-GB\",\"@id\":\"https:\/\/www.firstlapf1.com\/oficial-ritomo-miyata-recala-en-hitech-f2-para-2026\/#primaryimage\",\"url\":\"https:\/\/www.firstlapf1.com\/wp-content\/uploads\/2025\/12\/20251208_203837.jpg\",\"contentUrl\":\"https:\/\/www.firstlapf1.com\/wp-content\/uploads\/2025\/12\/20251208_203837.jpg\",\"width\":1080,\"height\":1350},{\"@type\":\"WebSite\",\"@id\":\"https:\/\/www.firstlapf1.com\/#website\",\"url\":\"https:\/\/www.firstlapf1.com\/\",\"name\":\"Noticias F1 en espa\u00f1ol\",\"description\":\"Noticias F1 en espa\u00f1ol\",\"potentialAction\":[{\"@type\":\"SearchAction\",\"target\":{\"@type\":\"EntryPoint\",\"urlTemplate\":\"https:\/\/www.firstlapf1.com\/?s={search_term_string}\"},\"query-input\":{\"@type\":\"PropertyValueSpecification\",\"valueRequired\":true,\"valueName\":\"search_term_string\"}}],\"inLanguage\":\"en-GB\"},{\"@type\":\"Person\",\"@id\":\"https:\/\/www.firstlapf1.com\/#\/schema\/person\/9eca09873eecb6d7836bc1a0bbd78250\",\"name\":\"Miguel Lora-Paquet\",\"image\":{\"@type\":\"ImageObject\",\"inLanguage\":\"en-GB\",\"@id\":\"https:\/\/www.firstlapf1.com\/#\/schema\/person\/image\/\",\"url\":\"https:\/\/www.firstlapf1.com\/wp-content\/uploads\/2022\/09\/7d393f41-126a-4a1e-bf1d-9d04e2ebc621.jpeg\",\"contentUrl\":\"https:\/\/www.firstlapf1.com\/wp-content\/uploads\/2022\/09\/7d393f41-126a-4a1e-bf1d-9d04e2ebc621.jpeg\",\"caption\":\"Miguel Lora-Paquet\"},\"url\":\"https:\/\/www.firstlapf1.com\/en\/author\/miguel\/\"}]}<\/script>\n<!-- \/ Yoast SEO plugin. -->","yoast_head_json":{"title":"OFICIAL: Ritomo Miyata recala en Hitech F2 para 2026 - Noticias F1 en espa\u00f1ol","description":"El piloto japon\u00e9s Ritomo Miyata completa la alineaci\u00f3n de Hitech TGR para la pr\u00f3xima temporada de la F\u00f3rmula 2","robots":{"index":"index","follow":"follow","max-snippet":"max-snippet:-1","max-image-preview":"max-image-preview:large","max-video-preview":"max-video-preview:-1"},"canonical":"https:\/\/www.firstlapf1.com\/en\/oficial-ritomo-miyata-recala-en-hitech-f2-para-2026\/","og_locale":"en_GB","og_type":"article","og_title":"OFICIAL: Ritomo Miyata recala en Hitech F2 para 2026 - Noticias F1 en espa\u00f1ol","og_description":"El piloto japon\u00e9s Ritomo Miyata completa la alineaci\u00f3n de Hitech TGR para la pr\u00f3xima temporada de la F\u00f3rmula 2","og_url":"https:\/\/www.firstlapf1.com\/en\/oficial-ritomo-miyata-recala-en-hitech-f2-para-2026\/","og_site_name":"Noticias F1 en espa\u00f1ol","article_published_time":"2025-12-08T19:39:03+00:00","article_modified_time":"2025-12-08T19:39:07+00:00","og_image":[{"width":1080,"height":1350,"url":"https:\/\/www.firstlapf1.com\/wp-content\/uploads\/2025\/12\/20251208_203837.jpg","type":"image\/jpeg"}],"author":"Miguel Lora-Paquet","twitter_card":"summary_large_image","twitter_misc":{"Written by":"Miguel Lora-Paquet","Estimated reading time":"2 minutes"},"schema":{"@context":"https:\/\/schema.org","@graph":[{"@type":"Article","@id":"https:\/\/www.firstlapf1.com\/oficial-ritomo-miyata-recala-en-hitech-f2-para-2026\/#article","isPartOf":{"@id":"https:\/\/www.firstlapf1.com\/oficial-ritomo-miyata-recala-en-hitech-f2-para-2026\/"},"author":{"name":"Miguel Lora-Paquet","@id":"https:\/\/www.firstlapf1.com\/#\/schema\/person\/9eca09873eecb6d7836bc1a0bbd78250"},"headline":"OFICIAL: Ritomo Miyata recala en Hitech F2 para 2026","datePublished":"2025-12-08T19:39:03+00:00","dateModified":"2025-12-08T19:39:07+00:00","mainEntityOfPage":{"@id":"https:\/\/www.firstlapf1.com\/oficial-ritomo-miyata-recala-en-hitech-f2-para-2026\/"},"wordCount":330,"image":{"@id":"https:\/\/www.firstlapf1.com\/oficial-ritomo-miyata-recala-en-hitech-f2-para-2026\/#primaryimage"},"thumbnailUrl":"https:\/\/www.firstlapf1.com\/wp-content\/uploads\/2025\/12\/20251208_203837.jpg","articleSection":["ART Grand Prix (F2)","F2","Hitech TGR (F2)"],"inLanguage":"en-GB"},{"@type":"WebPage","@id":"https:\/\/www.firstlapf1.com\/oficial-ritomo-miyata-recala-en-hitech-f2-para-2026\/","url":"https:\/\/www.firstlapf1.com\/oficial-ritomo-miyata-recala-en-hitech-f2-para-2026\/","name":"OFICIAL: Ritomo Miyata recala en Hitech F2 para 2026 - Noticias F1 en espa\u00f1ol","isPartOf":{"@id":"https:\/\/www.firstlapf1.com\/#website"},"primaryImageOfPage":{"@id":"https:\/\/www.firstlapf1.com\/oficial-ritomo-miyata-recala-en-hitech-f2-para-2026\/#primaryimage"},"image":{"@id":"https:\/\/www.firstlapf1.com\/oficial-ritomo-miyata-recala-en-hitech-f2-para-2026\/#primaryimage"},"thumbnailUrl":"https:\/\/www.firstlapf1.com\/wp-content\/uploads\/2025\/12\/20251208_203837.jpg","datePublished":"2025-12-08T19:39:03+00:00","dateModified":"2025-12-08T19:39:07+00:00","author":{"@id":"https:\/\/www.firstlapf1.com\/#\/schema\/person\/9eca09873eecb6d7836bc1a0bbd78250"},"description":"El piloto japon\u00e9s Ritomo Miyata completa la alineaci\u00f3n de Hitech TGR para la pr\u00f3xima temporada de la F\u00f3rmula 2","inLanguage":"en-GB","potentialAction":[{"@type":"ReadAction","target":["https:\/\/www.firstlapf1.com\/oficial-ritomo-miyata-recala-en-hitech-f2-para-2026\/"]}]},{"@type":"ImageObject","inLanguage":"en-GB","@id":"https:\/\/www.firstlapf1.com\/oficial-ritomo-miyata-recala-en-hitech-f2-para-2026\/#primaryimage","url":"https:\/\/www.firstlapf1.com\/wp-content\/uploads\/2025\/12\/20251208_203837.jpg","contentUrl":"https:\/\/www.firstlapf1.com\/wp-content\/uploads\/2025\/12\/20251208_203837.jpg","width":1080,"height":1350},{"@type":"WebSite","@id":"https:\/\/www.firstlapf1.com\/#website","url":"https:\/\/www.firstlapf1.com\/","name":"Noticias F1 en espa\u00f1ol","description":"Noticias F1 en espa\u00f1ol","potentialAction":[{"@type":"SearchAction","target":{"@type":"EntryPoint","urlTemplate":"https:\/\/www.firstlapf1.com\/?s={search_term_string}"},"query-input":{"@type":"PropertyValueSpecification","valueRequired":true,"valueName":"search_term_string"}}],"inLanguage":"en-GB"},{"@type":"Person","@id":"https:\/\/www.firstlapf1.com\/#\/schema\/person\/9eca09873eecb6d7836bc1a0bbd78250","name":"Miguel Lora-Paquet","image":{"@type":"ImageObject","inLanguage":"en-GB","@id":"https:\/\/www.firstlapf1.com\/#\/schema\/person\/image\/","url":"https:\/\/www.firstlapf1.com\/wp-content\/uploads\/2022\/09\/7d393f41-126a-4a1e-bf1d-9d04e2ebc621.jpeg","contentUrl":"https:\/\/www.firstlapf1.com\/wp-content\/uploads\/2022\/09\/7d393f41-126a-4a1e-bf1d-9d04e2ebc621.jpeg","caption":"Miguel Lora-Paquet"},"url":"https:\/\/www.firstlapf1.com\/en\/author\/miguel\/"}]}},"jetpack_featured_media_url":"https:\/\/www.firstlapf1.com\/wp-content\/uploads\/2025\/12\/20251208_203837.jpg","jetpack_sharing_enabled":true,"_links":{"self":[{"href":"https:\/\/www.firstlapf1.com\/en\/wp-json\/wp\/v2\/posts\/17440","targetHints":{"allow":["GET"]}}],"collection":[{"href":"https:\/\/www.firstlapf1.com\/en\/wp-json\/wp\/v2\/posts"}],"about":[{"href":"https:\/\/www.firstlapf1.com\/en\/wp-json\/wp\/v2\/types\/post"}],"author":[{"embeddable":true,"href":"https:\/\/www.firstlapf1.com\/en\/wp-json\/wp\/v2\/users\/2"}],"replies":[{"embeddable":true,"href":"https:\/\/www.firstlapf1.com\/en\/wp-json\/wp\/v2\/comments?post=17440"}],"version-history":[{"count":2,"href":"https:\/\/www.firstlapf1.com\/en\/wp-json\/wp\/v2\/posts\/17440\/revisions"}],"predecessor-version":[{"id":17446,"href":"https:\/\/www.firstlapf1.com\/en\/wp-json\/wp\/v2\/posts\/17440\/revisions\/17446"}],"wp:featuredmedia":[{"embeddable":true,"href":"https:\/\/www.firstlapf1.com\/en\/wp-json\/wp\/v2\/media\/17445"}],"wp:attachment":[{"href":"https:\/\/www.firstlapf1.com\/en\/wp-json\/wp\/v2\/media?parent=17440"}],"wp:term":[{"taxonomy":"category","embeddable":true,"href":"https:\/\/www.firstlapf1.com\/en\/wp-json\/wp\/v2\/categories?post=17440"},{"taxonomy":"post_tag","embeddable":true,"href":"https:\/\/www.firstlapf1.com\/en\/wp-json\/wp\/v2\/tags?post=17440"}],"curies":[{"name":"wp","href":"https:\/\/api.w.org\/{rel}","templated":true}]}}