{"id":17378,"date":"2025-12-02T20:32:08","date_gmt":"2025-12-02T20:32:08","guid":{"rendered":"https:\/\/www.firstlapf1.com\/?p=17378"},"modified":"2025-12-02T20:32:12","modified_gmt":"2025-12-02T20:32:12","slug":"oficial-isack-hadjar-completara-la-dupla-de-pilotos-de-red-bull-en-2026","status":"publish","type":"post","link":"https:\/\/www.firstlapf1.com\/en\/oficial-isack-hadjar-completara-la-dupla-de-pilotos-de-red-bull-en-2026\/","title":{"rendered":"OFICIAL: Isack Hadjar completar\u00e1 la dupla de pilotos de Red Bull en 2026"},"content":{"rendered":"<h2 class=\"wp-block-heading\">Tras un 2025 donde ha dejado muy buenas sensaciones como rookie, el piloto franc\u00e9s Isack Hadjar dar\u00e1 el salto a la escuder\u00eda grande en 2026<\/h2>\n\n\n\n<p>Muchos han sido los rumores que han ido circulando durante las \u00faltimas semanas sobre el segundo asiento de Red Bull. Finalmente, Isack Hadjar ser\u00e1 el nuevo compa\u00f1ero de Max Verstappen en la temporada 2026, la primera de Red Bull con los motores Ford.<\/p>\n\n\n\n<h2 class=\"wp-block-heading has-normal-font-size\">Declaraciones<\/h2>\n\n\n\n<p>Isack Hadjar:<\/p>\n\n\n\n<p><strong>\u00bbEstoy muy agradecido a Red Bull por darme la oportunidad de rendir al m\u00e1ximo nivel en la F1. Despu\u00e9s de todo el esfuerzo que he hecho desde que estoy en el equipo j\u00fanior, es una gran recompensa. He tenido muchos altibajos en mi carrera y ellos siguieron creyendo en m\u00ed y apoy\u00e1ndome. Este a\u00f1o con Racing Bulls ha sido incre\u00edble. He aprendido much\u00edsimo y he conseguido mi primer podio, as\u00ed que me siento preparado para dar el salto. Es una decisi\u00f3n incre\u00edble; trabajar con los mejores y aprender de Max es algo que estoy deseando.\u00bb<\/strong><\/p>\n\n\n\n<p>Laurent Mekies, CEO y Team Principal de Red Bull:<\/p>\n\n\n\n<p><strong>\u00bbIsack ha demostrado madurez en su primer a\u00f1o en la F1. Lo m\u00e1s importante es que tiene velocidad pura, algo clave en este deporte. Creemos que Isack puede brillar junto a Max. 2026 ser\u00e1 un gran reto para el equipo con Red Bull Powertrains. Son tiempos emocionantes y estoy deseando ver qu\u00e9 nos depara.\u00bb <\/strong><\/p>\n\n\n\n<p>Despu\u00e9s de un 2025 bastante s\u00f3lido, sobre todo para ser un rookie, manteni\u00e9ndose gran parte de la temporada en el top 10 del campeonato, incluso logrando aquel podio en los Pa\u00edses Bajos, se confirma el fichaje del piloto galo por la mayor de las escuder\u00edas de la estructura del toro.<\/p>\n\n\n\n<p>Veremos c\u00f3mo le va a Hadjar en una experiencia \u00faltimamente complicada, como es ser compa\u00f1ero de Max Verstappen.<\/p>\n\n\n\n<figure class=\"wp-block-image size-large\"><img loading=\"lazy\" decoding=\"async\" width=\"819\" height=\"1024\" src=\"https:\/\/www.firstlapf1.com\/wp-content\/uploads\/2025\/12\/1000070853-819x1024.jpg\" alt=\"\" class=\"wp-image-17385\" srcset=\"https:\/\/www.firstlapf1.com\/wp-content\/uploads\/2025\/12\/1000070853-819x1024.jpg 819w, https:\/\/www.firstlapf1.com\/wp-content\/uploads\/2025\/12\/1000070853-240x300.jpg 240w, https:\/\/www.firstlapf1.com\/wp-content\/uploads\/2025\/12\/1000070853-768x960.jpg 768w, https:\/\/www.firstlapf1.com\/wp-content\/uploads\/2025\/12\/1000070853-1229x1536.jpg 1229w, https:\/\/www.firstlapf1.com\/wp-content\/uploads\/2025\/12\/1000070853-10x12.jpg 10w, https:\/\/www.firstlapf1.com\/wp-content\/uploads\/2025\/12\/1000070853.jpg 1638w\" sizes=\"auto, (max-width: 819px) 100vw, 819px\" \/><figcaption class=\"wp-element-caption\">Fuente: Oracle Red Bull Racing en X (fuente: F1 en X)<\/figcaption><\/figure>","protected":false},"excerpt":{"rendered":"<p>Tras un 2025 donde ha dejado muy buenas sensaciones como rookie, el piloto franc\u00e9s Isack Hadjar dar\u00e1 el salto a la escuder\u00eda grande en 2026 &hellip; <span class=\"more-button\"><a href=\"https:\/\/www.firstlapf1.com\/en\/oficial-isack-hadjar-completara-la-dupla-de-pilotos-de-red-bull-en-2026\/\" class=\"more-link\">Continue reading<span class=\"screen-reader-text\">OFICIAL: Isack Hadjar completar\u00e1 la dupla de pilotos de Red Bull en 2026<\/span><\/a><\/span><\/p>","protected":false},"author":55,"featured_media":17386,"comment_status":"closed","ping_status":"open","sticky":false,"template":"","format":"standard","meta":{"_jetpack_memberships_contains_paid_content":false,"footnotes":""},"categories":[37,38],"tags":[],"class_list":["post-17378","post","type-post","status-publish","format-standard","has-post-thumbnail","hentry","category-red-bull","category-visa-cash-app-rb"],"yoast_head":"<!-- This site is optimized with the Yoast SEO plugin v27.0 - https:\/\/yoast.com\/product\/yoast-seo-wordpress\/ -->\n<title>OFICIAL: Isack Hadjar completar\u00e1 la dupla de pilotos de Red Bull en 2026 - Noticias F1 en espa\u00f1ol<\/title>\n<meta name=\"description\" content=\"Tras un 2025 donde ha dejado muy buenas sensaciones como rookie, el piloto franc\u00e9s Isack Hadjar dar\u00e1 el salto a la escuder\u00eda grande en 2026\" \/>\n<meta name=\"robots\" content=\"index, follow, max-snippet:-1, max-image-preview:large, max-video-preview:-1\" \/>\n<link rel=\"canonical\" href=\"https:\/\/www.firstlapf1.com\/en\/oficial-isack-hadjar-completara-la-dupla-de-pilotos-de-red-bull-en-2026\/\" \/>\n<meta property=\"og:locale\" content=\"en_GB\" \/>\n<meta property=\"og:type\" content=\"article\" \/>\n<meta property=\"og:title\" content=\"OFICIAL: Isack Hadjar completar\u00e1 la dupla de pilotos de Red Bull en 2026 - Noticias F1 en espa\u00f1ol\" \/>\n<meta property=\"og:description\" content=\"Tras un 2025 donde ha dejado muy buenas sensaciones como rookie, el piloto franc\u00e9s Isack Hadjar dar\u00e1 el salto a la escuder\u00eda grande en 2026\" \/>\n<meta property=\"og:url\" content=\"https:\/\/www.firstlapf1.com\/en\/oficial-isack-hadjar-completara-la-dupla-de-pilotos-de-red-bull-en-2026\/\" \/>\n<meta property=\"og:site_name\" content=\"Noticias F1 en espa\u00f1ol\" \/>\n<meta property=\"article:published_time\" content=\"2025-12-02T20:32:08+00:00\" \/>\n<meta property=\"article:modified_time\" content=\"2025-12-02T20:32:12+00:00\" \/>\n<meta property=\"og:image\" content=\"https:\/\/www.firstlapf1.com\/wp-content\/uploads\/2025\/12\/20251202_160443.jpg\" \/>\n\t<meta property=\"og:image:width\" content=\"1638\" \/>\n\t<meta property=\"og:image:height\" content=\"2048\" \/>\n\t<meta property=\"og:image:type\" content=\"image\/jpeg\" \/>\n<meta name=\"author\" content=\"Emilio Dual\" \/>\n<meta name=\"twitter:card\" content=\"summary_large_image\" \/>\n<meta name=\"twitter:label1\" content=\"Written by\" \/>\n\t<meta name=\"twitter:data1\" content=\"Emilio Dual\" \/>\n\t<meta name=\"twitter:label2\" content=\"Estimated reading time\" \/>\n\t<meta name=\"twitter:data2\" content=\"2 minutes\" \/>\n<script type=\"application\/ld+json\" class=\"yoast-schema-graph\">{\"@context\":\"https:\/\/schema.org\",\"@graph\":[{\"@type\":\"Article\",\"@id\":\"https:\/\/www.firstlapf1.com\/oficial-isack-hadjar-completara-la-dupla-de-pilotos-de-red-bull-en-2026\/#article\",\"isPartOf\":{\"@id\":\"https:\/\/www.firstlapf1.com\/oficial-isack-hadjar-completara-la-dupla-de-pilotos-de-red-bull-en-2026\/\"},\"author\":{\"name\":\"Emilio Dual\",\"@id\":\"https:\/\/www.firstlapf1.com\/#\/schema\/person\/0ddab50eee2c767f00485b76c55ced1b\"},\"headline\":\"OFICIAL: Isack Hadjar completar\u00e1 la dupla de pilotos de Red Bull en 2026\",\"datePublished\":\"2025-12-02T20:32:08+00:00\",\"dateModified\":\"2025-12-02T20:32:12+00:00\",\"mainEntityOfPage\":{\"@id\":\"https:\/\/www.firstlapf1.com\/oficial-isack-hadjar-completara-la-dupla-de-pilotos-de-red-bull-en-2026\/\"},\"wordCount\":337,\"image\":{\"@id\":\"https:\/\/www.firstlapf1.com\/oficial-isack-hadjar-completara-la-dupla-de-pilotos-de-red-bull-en-2026\/#primaryimage\"},\"thumbnailUrl\":\"https:\/\/www.firstlapf1.com\/wp-content\/uploads\/2025\/12\/20251202_160443.jpg\",\"articleSection\":[\"Oracle Red Bull Racing\",\"Visa Cash App Racing Bulls Formula One Team\"],\"inLanguage\":\"en-GB\"},{\"@type\":\"WebPage\",\"@id\":\"https:\/\/www.firstlapf1.com\/oficial-isack-hadjar-completara-la-dupla-de-pilotos-de-red-bull-en-2026\/\",\"url\":\"https:\/\/www.firstlapf1.com\/oficial-isack-hadjar-completara-la-dupla-de-pilotos-de-red-bull-en-2026\/\",\"name\":\"OFICIAL: Isack Hadjar completar\u00e1 la dupla de pilotos de Red Bull en 2026 - Noticias F1 en espa\u00f1ol\",\"isPartOf\":{\"@id\":\"https:\/\/www.firstlapf1.com\/#website\"},\"primaryImageOfPage\":{\"@id\":\"https:\/\/www.firstlapf1.com\/oficial-isack-hadjar-completara-la-dupla-de-pilotos-de-red-bull-en-2026\/#primaryimage\"},\"image\":{\"@id\":\"https:\/\/www.firstlapf1.com\/oficial-isack-hadjar-completara-la-dupla-de-pilotos-de-red-bull-en-2026\/#primaryimage\"},\"thumbnailUrl\":\"https:\/\/www.firstlapf1.com\/wp-content\/uploads\/2025\/12\/20251202_160443.jpg\",\"datePublished\":\"2025-12-02T20:32:08+00:00\",\"dateModified\":\"2025-12-02T20:32:12+00:00\",\"author\":{\"@id\":\"https:\/\/www.firstlapf1.com\/#\/schema\/person\/0ddab50eee2c767f00485b76c55ced1b\"},\"description\":\"Tras un 2025 donde ha dejado muy buenas sensaciones como rookie, el piloto franc\u00e9s Isack Hadjar dar\u00e1 el salto a la escuder\u00eda grande en 2026\",\"inLanguage\":\"en-GB\",\"potentialAction\":[{\"@type\":\"ReadAction\",\"target\":[\"https:\/\/www.firstlapf1.com\/oficial-isack-hadjar-completara-la-dupla-de-pilotos-de-red-bull-en-2026\/\"]}]},{\"@type\":\"ImageObject\",\"inLanguage\":\"en-GB\",\"@id\":\"https:\/\/www.firstlapf1.com\/oficial-isack-hadjar-completara-la-dupla-de-pilotos-de-red-bull-en-2026\/#primaryimage\",\"url\":\"https:\/\/www.firstlapf1.com\/wp-content\/uploads\/2025\/12\/20251202_160443.jpg\",\"contentUrl\":\"https:\/\/www.firstlapf1.com\/wp-content\/uploads\/2025\/12\/20251202_160443.jpg\",\"width\":1638,\"height\":2048},{\"@type\":\"WebSite\",\"@id\":\"https:\/\/www.firstlapf1.com\/#website\",\"url\":\"https:\/\/www.firstlapf1.com\/\",\"name\":\"Noticias F1 en espa\u00f1ol\",\"description\":\"Noticias F1 en espa\u00f1ol\",\"potentialAction\":[{\"@type\":\"SearchAction\",\"target\":{\"@type\":\"EntryPoint\",\"urlTemplate\":\"https:\/\/www.firstlapf1.com\/?s={search_term_string}\"},\"query-input\":{\"@type\":\"PropertyValueSpecification\",\"valueRequired\":true,\"valueName\":\"search_term_string\"}}],\"inLanguage\":\"en-GB\"},{\"@type\":\"Person\",\"@id\":\"https:\/\/www.firstlapf1.com\/#\/schema\/person\/0ddab50eee2c767f00485b76c55ced1b\",\"name\":\"Emilio Dual\",\"image\":{\"@type\":\"ImageObject\",\"inLanguage\":\"en-GB\",\"@id\":\"https:\/\/www.firstlapf1.com\/#\/schema\/person\/image\/\",\"url\":\"https:\/\/secure.gravatar.com\/avatar\/e18d5ff564ce67f3fb1de53cbc9244a88f494e7903b42f230478e3df21661472?s=96&d=mm&r=g\",\"contentUrl\":\"https:\/\/secure.gravatar.com\/avatar\/e18d5ff564ce67f3fb1de53cbc9244a88f494e7903b42f230478e3df21661472?s=96&d=mm&r=g\",\"caption\":\"Emilio Dual\"},\"sameAs\":[\"http:\/\/www.firstlapf1.com\/\"],\"url\":\"https:\/\/www.firstlapf1.com\/en\/author\/emidua\/\"}]}<\/script>\n<!-- \/ Yoast SEO plugin. -->","yoast_head_json":{"title":"OFICIAL: Isack Hadjar completar\u00e1 la dupla de pilotos de Red Bull en 2026 - Noticias F1 en espa\u00f1ol","description":"Tras un 2025 donde ha dejado muy buenas sensaciones como rookie, el piloto franc\u00e9s Isack Hadjar dar\u00e1 el salto a la escuder\u00eda grande en 2026","robots":{"index":"index","follow":"follow","max-snippet":"max-snippet:-1","max-image-preview":"max-image-preview:large","max-video-preview":"max-video-preview:-1"},"canonical":"https:\/\/www.firstlapf1.com\/en\/oficial-isack-hadjar-completara-la-dupla-de-pilotos-de-red-bull-en-2026\/","og_locale":"en_GB","og_type":"article","og_title":"OFICIAL: Isack Hadjar completar\u00e1 la dupla de pilotos de Red Bull en 2026 - Noticias F1 en espa\u00f1ol","og_description":"Tras un 2025 donde ha dejado muy buenas sensaciones como rookie, el piloto franc\u00e9s Isack Hadjar dar\u00e1 el salto a la escuder\u00eda grande en 2026","og_url":"https:\/\/www.firstlapf1.com\/en\/oficial-isack-hadjar-completara-la-dupla-de-pilotos-de-red-bull-en-2026\/","og_site_name":"Noticias F1 en espa\u00f1ol","article_published_time":"2025-12-02T20:32:08+00:00","article_modified_time":"2025-12-02T20:32:12+00:00","og_image":[{"width":1638,"height":2048,"url":"https:\/\/www.firstlapf1.com\/wp-content\/uploads\/2025\/12\/20251202_160443.jpg","type":"image\/jpeg"}],"author":"Emilio Dual","twitter_card":"summary_large_image","twitter_misc":{"Written by":"Emilio Dual","Estimated reading time":"2 minutes"},"schema":{"@context":"https:\/\/schema.org","@graph":[{"@type":"Article","@id":"https:\/\/www.firstlapf1.com\/oficial-isack-hadjar-completara-la-dupla-de-pilotos-de-red-bull-en-2026\/#article","isPartOf":{"@id":"https:\/\/www.firstlapf1.com\/oficial-isack-hadjar-completara-la-dupla-de-pilotos-de-red-bull-en-2026\/"},"author":{"name":"Emilio Dual","@id":"https:\/\/www.firstlapf1.com\/#\/schema\/person\/0ddab50eee2c767f00485b76c55ced1b"},"headline":"OFICIAL: Isack Hadjar completar\u00e1 la dupla de pilotos de Red Bull en 2026","datePublished":"2025-12-02T20:32:08+00:00","dateModified":"2025-12-02T20:32:12+00:00","mainEntityOfPage":{"@id":"https:\/\/www.firstlapf1.com\/oficial-isack-hadjar-completara-la-dupla-de-pilotos-de-red-bull-en-2026\/"},"wordCount":337,"image":{"@id":"https:\/\/www.firstlapf1.com\/oficial-isack-hadjar-completara-la-dupla-de-pilotos-de-red-bull-en-2026\/#primaryimage"},"thumbnailUrl":"https:\/\/www.firstlapf1.com\/wp-content\/uploads\/2025\/12\/20251202_160443.jpg","articleSection":["Oracle Red Bull Racing","Visa Cash App Racing Bulls Formula One Team"],"inLanguage":"en-GB"},{"@type":"WebPage","@id":"https:\/\/www.firstlapf1.com\/oficial-isack-hadjar-completara-la-dupla-de-pilotos-de-red-bull-en-2026\/","url":"https:\/\/www.firstlapf1.com\/oficial-isack-hadjar-completara-la-dupla-de-pilotos-de-red-bull-en-2026\/","name":"OFICIAL: Isack Hadjar completar\u00e1 la dupla de pilotos de Red Bull en 2026 - Noticias F1 en espa\u00f1ol","isPartOf":{"@id":"https:\/\/www.firstlapf1.com\/#website"},"primaryImageOfPage":{"@id":"https:\/\/www.firstlapf1.com\/oficial-isack-hadjar-completara-la-dupla-de-pilotos-de-red-bull-en-2026\/#primaryimage"},"image":{"@id":"https:\/\/www.firstlapf1.com\/oficial-isack-hadjar-completara-la-dupla-de-pilotos-de-red-bull-en-2026\/#primaryimage"},"thumbnailUrl":"https:\/\/www.firstlapf1.com\/wp-content\/uploads\/2025\/12\/20251202_160443.jpg","datePublished":"2025-12-02T20:32:08+00:00","dateModified":"2025-12-02T20:32:12+00:00","author":{"@id":"https:\/\/www.firstlapf1.com\/#\/schema\/person\/0ddab50eee2c767f00485b76c55ced1b"},"description":"Tras un 2025 donde ha dejado muy buenas sensaciones como rookie, el piloto franc\u00e9s Isack Hadjar dar\u00e1 el salto a la escuder\u00eda grande en 2026","inLanguage":"en-GB","potentialAction":[{"@type":"ReadAction","target":["https:\/\/www.firstlapf1.com\/oficial-isack-hadjar-completara-la-dupla-de-pilotos-de-red-bull-en-2026\/"]}]},{"@type":"ImageObject","inLanguage":"en-GB","@id":"https:\/\/www.firstlapf1.com\/oficial-isack-hadjar-completara-la-dupla-de-pilotos-de-red-bull-en-2026\/#primaryimage","url":"https:\/\/www.firstlapf1.com\/wp-content\/uploads\/2025\/12\/20251202_160443.jpg","contentUrl":"https:\/\/www.firstlapf1.com\/wp-content\/uploads\/2025\/12\/20251202_160443.jpg","width":1638,"height":2048},{"@type":"WebSite","@id":"https:\/\/www.firstlapf1.com\/#website","url":"https:\/\/www.firstlapf1.com\/","name":"Noticias F1 en espa\u00f1ol","description":"Noticias F1 en espa\u00f1ol","potentialAction":[{"@type":"SearchAction","target":{"@type":"EntryPoint","urlTemplate":"https:\/\/www.firstlapf1.com\/?s={search_term_string}"},"query-input":{"@type":"PropertyValueSpecification","valueRequired":true,"valueName":"search_term_string"}}],"inLanguage":"en-GB"},{"@type":"Person","@id":"https:\/\/www.firstlapf1.com\/#\/schema\/person\/0ddab50eee2c767f00485b76c55ced1b","name":"Emilio Dual","image":{"@type":"ImageObject","inLanguage":"en-GB","@id":"https:\/\/www.firstlapf1.com\/#\/schema\/person\/image\/","url":"https:\/\/secure.gravatar.com\/avatar\/e18d5ff564ce67f3fb1de53cbc9244a88f494e7903b42f230478e3df21661472?s=96&d=mm&r=g","contentUrl":"https:\/\/secure.gravatar.com\/avatar\/e18d5ff564ce67f3fb1de53cbc9244a88f494e7903b42f230478e3df21661472?s=96&d=mm&r=g","caption":"Emilio Dual"},"sameAs":["http:\/\/www.firstlapf1.com\/"],"url":"https:\/\/www.firstlapf1.com\/en\/author\/emidua\/"}]}},"jetpack_featured_media_url":"https:\/\/www.firstlapf1.com\/wp-content\/uploads\/2025\/12\/20251202_160443.jpg","jetpack_sharing_enabled":true,"_links":{"self":[{"href":"https:\/\/www.firstlapf1.com\/en\/wp-json\/wp\/v2\/posts\/17378","targetHints":{"allow":["GET"]}}],"collection":[{"href":"https:\/\/www.firstlapf1.com\/en\/wp-json\/wp\/v2\/posts"}],"about":[{"href":"https:\/\/www.firstlapf1.com\/en\/wp-json\/wp\/v2\/types\/post"}],"author":[{"embeddable":true,"href":"https:\/\/www.firstlapf1.com\/en\/wp-json\/wp\/v2\/users\/55"}],"replies":[{"embeddable":true,"href":"https:\/\/www.firstlapf1.com\/en\/wp-json\/wp\/v2\/comments?post=17378"}],"version-history":[{"count":4,"href":"https:\/\/www.firstlapf1.com\/en\/wp-json\/wp\/v2\/posts\/17378\/revisions"}],"predecessor-version":[{"id":17387,"href":"https:\/\/www.firstlapf1.com\/en\/wp-json\/wp\/v2\/posts\/17378\/revisions\/17387"}],"wp:featuredmedia":[{"embeddable":true,"href":"https:\/\/www.firstlapf1.com\/en\/wp-json\/wp\/v2\/media\/17386"}],"wp:attachment":[{"href":"https:\/\/www.firstlapf1.com\/en\/wp-json\/wp\/v2\/media?parent=17378"}],"wp:term":[{"taxonomy":"category","embeddable":true,"href":"https:\/\/www.firstlapf1.com\/en\/wp-json\/wp\/v2\/categories?post=17378"},{"taxonomy":"post_tag","embeddable":true,"href":"https:\/\/www.firstlapf1.com\/en\/wp-json\/wp\/v2\/tags?post=17378"}],"curies":[{"name":"wp","href":"https:\/\/api.w.org\/{rel}","templated":true}]}}