{"id":17367,"date":"2025-12-01T19:15:49","date_gmt":"2025-12-01T19:15:49","guid":{"rendered":"https:\/\/www.firstlapf1.com\/?p=17367"},"modified":"2025-12-01T19:15:52","modified_gmt":"2025-12-01T19:15:52","slug":"oficial-tasanapol-inthraphuvasak-correra-con-trident-en-abu-dhabi","status":"publish","type":"post","link":"https:\/\/www.firstlapf1.com\/en\/oficial-tasanapol-inthraphuvasak-correra-con-trident-en-abu-dhabi\/","title":{"rendered":"OFICIAL: Tasanapol Inthraphuvasak correr\u00e1 con Trident en Abu Dhabi"},"content":{"rendered":"<h2 class=\"wp-block-heading\">El piloto tailand\u00e9s Tasanapol Inthraphuvasak sustituir\u00e1 a James Wharton en Trident F2 para la \u00faltima carrera<\/h2>\n\n\n\n<p>Desde que Max Esterson y Sami Meguetounif abandonasen el equipo tras el GP de Italia, Trident ha tenido que hacer malabares para encontrar una dupla con la que competir. Laurens Van Hoepen qued\u00f3 como piloto fijo desde Azerbaiy\u00e1n pero su compa\u00f1ero ha ido variando: Martinius Stenshorne en Bak\u00fa, James Wharton en Qatar y, ahora, Tasanapol Inthraphuvasak en <a href=\"https:\/\/www.firstlapf1.com\/en\/category\/abu-dhabi\/\" target=\"_blank\" rel=\"noreferrer noopener\">Abu Dhabi<\/a>. Ya en Qatar vimos c\u00f3mo Van Hoepen y Wharton tuvieron sus m\u00e1s y sus menos durante todo el fin de semana, llegando incluso a protagonizar un SC en la <a href=\"https:\/\/www.fiaformula2.com\/\" target=\"_blank\" rel=\"noreferrer noopener\">sprint<\/a> del s\u00e1bado.<\/p>\n\n\n\n<h2 class=\"wp-block-heading has-normal-font-size\">Declaraciones<\/h2>\n\n\n\n<p>Tasanapol Inthraphuvasak:<\/p>\n\n\n\n<p><strong>\u00bbEstoy muy contento por estar en la \u00faltima ronda de la F2 con Trident. Es una gran oportunidad y quiero agradecer a todos aquellos que la han hecho posible. Tengo ganas de hacerlo lo mejor posible y prepararme para la siguiente temporada.\u00bb<\/strong><\/p>\n\n\n\n<p>Giaccomo Ricci, Director de Trident:<\/p>\n\n\n\n<p><strong>\u00bbEstamos encantados de poder alinear a Tasanapol en la \u00faltima ronda de F2, ya que lo considero uno de los pilotos m\u00e1s talentosos que he visto este a\u00f1o en la F3. Hemos visto las habilidades de Tasanapol con nuestro equipo en el GP de Macao e inmediatamente vimos c\u00f3mo era r\u00e1pido y competitivo. Aunque est\u00e9 debutando en la categor\u00eda, estoy seguro que lo har\u00e1 bien en Yas Marina.\u00bb<\/strong><\/p>\n\n\n\n<p>Tasanapol aterrizar\u00e1 antes de lo previsto en la categor\u00eda de plata, pues el tailand\u00e9s tiene previsto comenzar su primera temporada como piloto titular con ART GP en 2026. Inthraphuvasak llega a la F2 tras un buen a\u00f1o en la F3 con sus tres victorias y cuatro podios entre 2024 y este a\u00f1o, ayudando al equipo Campos Racing a sellar el Campeonato de Constructores en 2025.<\/p>\n\n\n\n<figure class=\"wp-block-image size-large\"><img loading=\"lazy\" decoding=\"async\" width=\"849\" height=\"1024\" src=\"https:\/\/www.firstlapf1.com\/wp-content\/uploads\/2025\/12\/1000070660-849x1024.jpg\" alt=\"\" class=\"wp-image-17370\" srcset=\"https:\/\/www.firstlapf1.com\/wp-content\/uploads\/2025\/12\/1000070660-849x1024.jpg 849w, https:\/\/www.firstlapf1.com\/wp-content\/uploads\/2025\/12\/1000070660-249x300.jpg 249w, https:\/\/www.firstlapf1.com\/wp-content\/uploads\/2025\/12\/1000070660-768x927.jpg 768w, https:\/\/www.firstlapf1.com\/wp-content\/uploads\/2025\/12\/1000070660-10x12.jpg 10w, https:\/\/www.firstlapf1.com\/wp-content\/uploads\/2025\/12\/1000070660.jpg 1220w\" sizes=\"auto, (max-width: 849px) 100vw, 849px\" \/><figcaption class=\"wp-element-caption\">Fuente: Tasanapol Inthraphuvasak en Instagram (fuente portada: Trident en X)<\/figcaption><\/figure>","protected":false},"excerpt":{"rendered":"<p>El piloto tailand\u00e9s Tasanapol Inthraphuvasak sustituir\u00e1 a James Wharton en Trident F2 para la \u00faltima carrera &hellip; <span class=\"more-button\"><a href=\"https:\/\/www.firstlapf1.com\/en\/oficial-tasanapol-inthraphuvasak-correra-con-trident-en-abu-dhabi\/\" class=\"more-link\">Continue reading<span class=\"screen-reader-text\">OFICIAL: Tasanapol Inthraphuvasak correr\u00e1 con Trident en Abu Dhabi<\/span><\/a><\/span><\/p>","protected":false},"author":2,"featured_media":17371,"comment_status":"closed","ping_status":"open","sticky":false,"template":"","format":"standard","meta":{"_jetpack_memberships_contains_paid_content":false,"footnotes":""},"categories":[73,9,10,61],"tags":[],"class_list":["post-17367","post","type-post","status-publish","format-standard","has-post-thumbnail","hentry","category-campos-racing","category-f2","category-abu-dhabi","category-trident"],"yoast_head":"<!-- This site is optimized with the Yoast SEO plugin v27.0 - https:\/\/yoast.com\/product\/yoast-seo-wordpress\/ -->\n<title>OFICIAL: Tasanapol Inthraphuvasak correr\u00e1 con Trident en Abu Dhabi - Noticias F1 en espa\u00f1ol<\/title>\n<meta name=\"description\" content=\"El piloto tailand\u00e9s Tasanapol Inthraphuvasak sustituir\u00e1 a James Wharton en Trident F2 para la \u00faltima carrera\" \/>\n<meta name=\"robots\" content=\"index, follow, max-snippet:-1, max-image-preview:large, max-video-preview:-1\" \/>\n<link rel=\"canonical\" href=\"https:\/\/www.firstlapf1.com\/en\/oficial-tasanapol-inthraphuvasak-correra-con-trident-en-abu-dhabi\/\" \/>\n<meta property=\"og:locale\" content=\"en_GB\" \/>\n<meta property=\"og:type\" content=\"article\" \/>\n<meta property=\"og:title\" content=\"OFICIAL: Tasanapol Inthraphuvasak correr\u00e1 con Trident en Abu Dhabi - Noticias F1 en espa\u00f1ol\" \/>\n<meta property=\"og:description\" content=\"El piloto tailand\u00e9s Tasanapol Inthraphuvasak sustituir\u00e1 a James Wharton en Trident F2 para la \u00faltima carrera\" \/>\n<meta property=\"og:url\" content=\"https:\/\/www.firstlapf1.com\/en\/oficial-tasanapol-inthraphuvasak-correra-con-trident-en-abu-dhabi\/\" \/>\n<meta property=\"og:site_name\" content=\"Noticias F1 en espa\u00f1ol\" \/>\n<meta property=\"article:published_time\" content=\"2025-12-01T19:15:49+00:00\" \/>\n<meta property=\"article:modified_time\" content=\"2025-12-01T19:15:52+00:00\" \/>\n<meta property=\"og:image\" content=\"https:\/\/www.firstlapf1.com\/wp-content\/uploads\/2025\/12\/20251201_120004.jpg\" \/>\n\t<meta property=\"og:image:width\" content=\"1080\" \/>\n\t<meta property=\"og:image:height\" content=\"1350\" \/>\n\t<meta property=\"og:image:type\" content=\"image\/jpeg\" \/>\n<meta name=\"author\" content=\"Miguel Lora-Paquet\" \/>\n<meta name=\"twitter:card\" content=\"summary_large_image\" \/>\n<meta name=\"twitter:label1\" content=\"Written by\" \/>\n\t<meta name=\"twitter:data1\" content=\"Miguel Lora-Paquet\" \/>\n\t<meta name=\"twitter:label2\" content=\"Estimated reading time\" \/>\n\t<meta name=\"twitter:data2\" content=\"2 minutes\" \/>\n<script type=\"application\/ld+json\" class=\"yoast-schema-graph\">{\"@context\":\"https:\/\/schema.org\",\"@graph\":[{\"@type\":\"Article\",\"@id\":\"https:\/\/www.firstlapf1.com\/oficial-tasanapol-inthraphuvasak-correra-con-trident-en-abu-dhabi\/#article\",\"isPartOf\":{\"@id\":\"https:\/\/www.firstlapf1.com\/oficial-tasanapol-inthraphuvasak-correra-con-trident-en-abu-dhabi\/\"},\"author\":{\"name\":\"Miguel Lora-Paquet\",\"@id\":\"https:\/\/www.firstlapf1.com\/#\/schema\/person\/9eca09873eecb6d7836bc1a0bbd78250\"},\"headline\":\"OFICIAL: Tasanapol Inthraphuvasak correr\u00e1 con Trident en Abu Dhabi\",\"datePublished\":\"2025-12-01T19:15:49+00:00\",\"dateModified\":\"2025-12-01T19:15:52+00:00\",\"mainEntityOfPage\":{\"@id\":\"https:\/\/www.firstlapf1.com\/oficial-tasanapol-inthraphuvasak-correra-con-trident-en-abu-dhabi\/\"},\"wordCount\":323,\"image\":{\"@id\":\"https:\/\/www.firstlapf1.com\/oficial-tasanapol-inthraphuvasak-correra-con-trident-en-abu-dhabi\/#primaryimage\"},\"thumbnailUrl\":\"https:\/\/www.firstlapf1.com\/wp-content\/uploads\/2025\/12\/20251201_120004.jpg\",\"articleSection\":[\"Campos Racing (F3)\",\"F2\",\"GP Abu Dhabi (Yas Marina)\",\"Trident Racing (F2)\"],\"inLanguage\":\"en-GB\"},{\"@type\":\"WebPage\",\"@id\":\"https:\/\/www.firstlapf1.com\/oficial-tasanapol-inthraphuvasak-correra-con-trident-en-abu-dhabi\/\",\"url\":\"https:\/\/www.firstlapf1.com\/oficial-tasanapol-inthraphuvasak-correra-con-trident-en-abu-dhabi\/\",\"name\":\"OFICIAL: Tasanapol Inthraphuvasak correr\u00e1 con Trident en Abu Dhabi - Noticias F1 en espa\u00f1ol\",\"isPartOf\":{\"@id\":\"https:\/\/www.firstlapf1.com\/#website\"},\"primaryImageOfPage\":{\"@id\":\"https:\/\/www.firstlapf1.com\/oficial-tasanapol-inthraphuvasak-correra-con-trident-en-abu-dhabi\/#primaryimage\"},\"image\":{\"@id\":\"https:\/\/www.firstlapf1.com\/oficial-tasanapol-inthraphuvasak-correra-con-trident-en-abu-dhabi\/#primaryimage\"},\"thumbnailUrl\":\"https:\/\/www.firstlapf1.com\/wp-content\/uploads\/2025\/12\/20251201_120004.jpg\",\"datePublished\":\"2025-12-01T19:15:49+00:00\",\"dateModified\":\"2025-12-01T19:15:52+00:00\",\"author\":{\"@id\":\"https:\/\/www.firstlapf1.com\/#\/schema\/person\/9eca09873eecb6d7836bc1a0bbd78250\"},\"description\":\"El piloto tailand\u00e9s Tasanapol Inthraphuvasak sustituir\u00e1 a James Wharton en Trident F2 para la \u00faltima carrera\",\"inLanguage\":\"en-GB\",\"potentialAction\":[{\"@type\":\"ReadAction\",\"target\":[\"https:\/\/www.firstlapf1.com\/oficial-tasanapol-inthraphuvasak-correra-con-trident-en-abu-dhabi\/\"]}]},{\"@type\":\"ImageObject\",\"inLanguage\":\"en-GB\",\"@id\":\"https:\/\/www.firstlapf1.com\/oficial-tasanapol-inthraphuvasak-correra-con-trident-en-abu-dhabi\/#primaryimage\",\"url\":\"https:\/\/www.firstlapf1.com\/wp-content\/uploads\/2025\/12\/20251201_120004.jpg\",\"contentUrl\":\"https:\/\/www.firstlapf1.com\/wp-content\/uploads\/2025\/12\/20251201_120004.jpg\",\"width\":1080,\"height\":1350},{\"@type\":\"WebSite\",\"@id\":\"https:\/\/www.firstlapf1.com\/#website\",\"url\":\"https:\/\/www.firstlapf1.com\/\",\"name\":\"Noticias F1 en espa\u00f1ol\",\"description\":\"Noticias F1 en espa\u00f1ol\",\"potentialAction\":[{\"@type\":\"SearchAction\",\"target\":{\"@type\":\"EntryPoint\",\"urlTemplate\":\"https:\/\/www.firstlapf1.com\/?s={search_term_string}\"},\"query-input\":{\"@type\":\"PropertyValueSpecification\",\"valueRequired\":true,\"valueName\":\"search_term_string\"}}],\"inLanguage\":\"en-GB\"},{\"@type\":\"Person\",\"@id\":\"https:\/\/www.firstlapf1.com\/#\/schema\/person\/9eca09873eecb6d7836bc1a0bbd78250\",\"name\":\"Miguel Lora-Paquet\",\"image\":{\"@type\":\"ImageObject\",\"inLanguage\":\"en-GB\",\"@id\":\"https:\/\/www.firstlapf1.com\/#\/schema\/person\/image\/\",\"url\":\"https:\/\/www.firstlapf1.com\/wp-content\/uploads\/2022\/09\/7d393f41-126a-4a1e-bf1d-9d04e2ebc621.jpeg\",\"contentUrl\":\"https:\/\/www.firstlapf1.com\/wp-content\/uploads\/2022\/09\/7d393f41-126a-4a1e-bf1d-9d04e2ebc621.jpeg\",\"caption\":\"Miguel Lora-Paquet\"},\"url\":\"https:\/\/www.firstlapf1.com\/en\/author\/miguel\/\"}]}<\/script>\n<!-- \/ Yoast SEO plugin. -->","yoast_head_json":{"title":"OFICIAL: Tasanapol Inthraphuvasak correr\u00e1 con Trident en Abu Dhabi - Noticias F1 en espa\u00f1ol","description":"El piloto tailand\u00e9s Tasanapol Inthraphuvasak sustituir\u00e1 a James Wharton en Trident F2 para la \u00faltima carrera","robots":{"index":"index","follow":"follow","max-snippet":"max-snippet:-1","max-image-preview":"max-image-preview:large","max-video-preview":"max-video-preview:-1"},"canonical":"https:\/\/www.firstlapf1.com\/en\/oficial-tasanapol-inthraphuvasak-correra-con-trident-en-abu-dhabi\/","og_locale":"en_GB","og_type":"article","og_title":"OFICIAL: Tasanapol Inthraphuvasak correr\u00e1 con Trident en Abu Dhabi - Noticias F1 en espa\u00f1ol","og_description":"El piloto tailand\u00e9s Tasanapol Inthraphuvasak sustituir\u00e1 a James Wharton en Trident F2 para la \u00faltima carrera","og_url":"https:\/\/www.firstlapf1.com\/en\/oficial-tasanapol-inthraphuvasak-correra-con-trident-en-abu-dhabi\/","og_site_name":"Noticias F1 en espa\u00f1ol","article_published_time":"2025-12-01T19:15:49+00:00","article_modified_time":"2025-12-01T19:15:52+00:00","og_image":[{"width":1080,"height":1350,"url":"https:\/\/www.firstlapf1.com\/wp-content\/uploads\/2025\/12\/20251201_120004.jpg","type":"image\/jpeg"}],"author":"Miguel Lora-Paquet","twitter_card":"summary_large_image","twitter_misc":{"Written by":"Miguel Lora-Paquet","Estimated reading time":"2 minutes"},"schema":{"@context":"https:\/\/schema.org","@graph":[{"@type":"Article","@id":"https:\/\/www.firstlapf1.com\/oficial-tasanapol-inthraphuvasak-correra-con-trident-en-abu-dhabi\/#article","isPartOf":{"@id":"https:\/\/www.firstlapf1.com\/oficial-tasanapol-inthraphuvasak-correra-con-trident-en-abu-dhabi\/"},"author":{"name":"Miguel Lora-Paquet","@id":"https:\/\/www.firstlapf1.com\/#\/schema\/person\/9eca09873eecb6d7836bc1a0bbd78250"},"headline":"OFICIAL: Tasanapol Inthraphuvasak correr\u00e1 con Trident en Abu Dhabi","datePublished":"2025-12-01T19:15:49+00:00","dateModified":"2025-12-01T19:15:52+00:00","mainEntityOfPage":{"@id":"https:\/\/www.firstlapf1.com\/oficial-tasanapol-inthraphuvasak-correra-con-trident-en-abu-dhabi\/"},"wordCount":323,"image":{"@id":"https:\/\/www.firstlapf1.com\/oficial-tasanapol-inthraphuvasak-correra-con-trident-en-abu-dhabi\/#primaryimage"},"thumbnailUrl":"https:\/\/www.firstlapf1.com\/wp-content\/uploads\/2025\/12\/20251201_120004.jpg","articleSection":["Campos Racing (F3)","F2","GP Abu Dhabi (Yas Marina)","Trident Racing (F2)"],"inLanguage":"en-GB"},{"@type":"WebPage","@id":"https:\/\/www.firstlapf1.com\/oficial-tasanapol-inthraphuvasak-correra-con-trident-en-abu-dhabi\/","url":"https:\/\/www.firstlapf1.com\/oficial-tasanapol-inthraphuvasak-correra-con-trident-en-abu-dhabi\/","name":"OFICIAL: Tasanapol Inthraphuvasak correr\u00e1 con Trident en Abu Dhabi - Noticias F1 en espa\u00f1ol","isPartOf":{"@id":"https:\/\/www.firstlapf1.com\/#website"},"primaryImageOfPage":{"@id":"https:\/\/www.firstlapf1.com\/oficial-tasanapol-inthraphuvasak-correra-con-trident-en-abu-dhabi\/#primaryimage"},"image":{"@id":"https:\/\/www.firstlapf1.com\/oficial-tasanapol-inthraphuvasak-correra-con-trident-en-abu-dhabi\/#primaryimage"},"thumbnailUrl":"https:\/\/www.firstlapf1.com\/wp-content\/uploads\/2025\/12\/20251201_120004.jpg","datePublished":"2025-12-01T19:15:49+00:00","dateModified":"2025-12-01T19:15:52+00:00","author":{"@id":"https:\/\/www.firstlapf1.com\/#\/schema\/person\/9eca09873eecb6d7836bc1a0bbd78250"},"description":"El piloto tailand\u00e9s Tasanapol Inthraphuvasak sustituir\u00e1 a James Wharton en Trident F2 para la \u00faltima carrera","inLanguage":"en-GB","potentialAction":[{"@type":"ReadAction","target":["https:\/\/www.firstlapf1.com\/oficial-tasanapol-inthraphuvasak-correra-con-trident-en-abu-dhabi\/"]}]},{"@type":"ImageObject","inLanguage":"en-GB","@id":"https:\/\/www.firstlapf1.com\/oficial-tasanapol-inthraphuvasak-correra-con-trident-en-abu-dhabi\/#primaryimage","url":"https:\/\/www.firstlapf1.com\/wp-content\/uploads\/2025\/12\/20251201_120004.jpg","contentUrl":"https:\/\/www.firstlapf1.com\/wp-content\/uploads\/2025\/12\/20251201_120004.jpg","width":1080,"height":1350},{"@type":"WebSite","@id":"https:\/\/www.firstlapf1.com\/#website","url":"https:\/\/www.firstlapf1.com\/","name":"Noticias F1 en espa\u00f1ol","description":"Noticias F1 en espa\u00f1ol","potentialAction":[{"@type":"SearchAction","target":{"@type":"EntryPoint","urlTemplate":"https:\/\/www.firstlapf1.com\/?s={search_term_string}"},"query-input":{"@type":"PropertyValueSpecification","valueRequired":true,"valueName":"search_term_string"}}],"inLanguage":"en-GB"},{"@type":"Person","@id":"https:\/\/www.firstlapf1.com\/#\/schema\/person\/9eca09873eecb6d7836bc1a0bbd78250","name":"Miguel Lora-Paquet","image":{"@type":"ImageObject","inLanguage":"en-GB","@id":"https:\/\/www.firstlapf1.com\/#\/schema\/person\/image\/","url":"https:\/\/www.firstlapf1.com\/wp-content\/uploads\/2022\/09\/7d393f41-126a-4a1e-bf1d-9d04e2ebc621.jpeg","contentUrl":"https:\/\/www.firstlapf1.com\/wp-content\/uploads\/2022\/09\/7d393f41-126a-4a1e-bf1d-9d04e2ebc621.jpeg","caption":"Miguel Lora-Paquet"},"url":"https:\/\/www.firstlapf1.com\/en\/author\/miguel\/"}]}},"jetpack_featured_media_url":"https:\/\/www.firstlapf1.com\/wp-content\/uploads\/2025\/12\/20251201_120004.jpg","jetpack_sharing_enabled":true,"_links":{"self":[{"href":"https:\/\/www.firstlapf1.com\/en\/wp-json\/wp\/v2\/posts\/17367","targetHints":{"allow":["GET"]}}],"collection":[{"href":"https:\/\/www.firstlapf1.com\/en\/wp-json\/wp\/v2\/posts"}],"about":[{"href":"https:\/\/www.firstlapf1.com\/en\/wp-json\/wp\/v2\/types\/post"}],"author":[{"embeddable":true,"href":"https:\/\/www.firstlapf1.com\/en\/wp-json\/wp\/v2\/users\/2"}],"replies":[{"embeddable":true,"href":"https:\/\/www.firstlapf1.com\/en\/wp-json\/wp\/v2\/comments?post=17367"}],"version-history":[{"count":2,"href":"https:\/\/www.firstlapf1.com\/en\/wp-json\/wp\/v2\/posts\/17367\/revisions"}],"predecessor-version":[{"id":17372,"href":"https:\/\/www.firstlapf1.com\/en\/wp-json\/wp\/v2\/posts\/17367\/revisions\/17372"}],"wp:featuredmedia":[{"embeddable":true,"href":"https:\/\/www.firstlapf1.com\/en\/wp-json\/wp\/v2\/media\/17371"}],"wp:attachment":[{"href":"https:\/\/www.firstlapf1.com\/en\/wp-json\/wp\/v2\/media?parent=17367"}],"wp:term":[{"taxonomy":"category","embeddable":true,"href":"https:\/\/www.firstlapf1.com\/en\/wp-json\/wp\/v2\/categories?post=17367"},{"taxonomy":"post_tag","embeddable":true,"href":"https:\/\/www.firstlapf1.com\/en\/wp-json\/wp\/v2\/tags?post=17367"}],"curies":[{"name":"wp","href":"https:\/\/api.w.org\/{rel}","templated":true}]}}