{"id":17312,"date":"2025-11-26T17:23:24","date_gmt":"2025-11-26T17:23:24","guid":{"rendered":"https:\/\/www.firstlapf1.com\/?p=17312"},"modified":"2025-11-26T17:23:27","modified_gmt":"2025-11-26T17:23:27","slug":"oficial-adrian-newey-es-el-nuevo-team-principal-de-aston-martin","status":"publish","type":"post","link":"https:\/\/www.firstlapf1.com\/en\/oficial-adrian-newey-es-el-nuevo-team-principal-de-aston-martin\/","title":{"rendered":"OFICIAL: Adrian Newey es el nuevo Team Principal de Aston Martin"},"content":{"rendered":"<h2 class=\"wp-block-heading\">El prestigioso ingeniero brit\u00e1nico Adrian Newey adquiere un nuevo rol dentro de Aston Martin con muchas m\u00e1s responsabilidades<\/h2>\n\n\n\n<p>El post carrera de Las Vegas dio para mucho y entre las noticias estuvo los rumores dentro de una posible despedida de Andy Cowell de su puesto como l\u00edder del equipo. Hoy, es oficial, siendo Adrian Newey su sustituto, descartando nombres como el de Christian Horner o el de Andreas Seidl para liderar Aston Martin. Por su parte, Andy Cowell ser\u00e1 el nuevo Jefe del Departamento de Estrategia y colaborar\u00e1 estrechamente con Honda, Aramco y Valvoline, es decir, vigilando todo el proceso de la unidad de potencia. Cabe recordar que Cowell fue uno de los art\u00edfices del \u00e9xito de Mercedes al inicio de la era h\u00edbrida.<\/p>\n\n\n\n<h2 class=\"wp-block-heading has-normal-font-size\">Declaraciones<\/h2>\n\n\n\n<p>Andy Cowell:<\/p>\n\n\n\n<p><strong>\u00bbTras implementar nuevos cambios estructurales muy necesarios en la f\u00e1brica y sentar las bases para Adrian, es el momento ideal para asumir el puesto de Director de Estrategia. Ayudar\u00e9 a optimizar la relaci\u00f3n t\u00e9cnica entre el equipo, Honda, Aramco y Valvoline, garantizando la fluidez entre la unidad de potencia, el combustible y el chasis.\u00bb<\/strong><\/p>\n\n\n\n<p>Lawrence Stroll, Due\u00f1o de Aston Martin:<\/p>\n\n\n\n<p><strong>\u00bbAndy Cowell ha sido un l\u00edder excepcional este a\u00f1o. Se ha centrado en construir un equipo l\u00edder y en lograr una buena colaboraci\u00f3n, adem\u00e1s de fomentar la cultura de que todo gire en torno al monoplaza. Esta decisi\u00f3n la hemos tomado de forma conjunta por el bien del equipo. Esperamos seguir trabajando con \u00e9l como Director de Estrategia. Tambi\u00e9n quiero dar la bienvenida de nuevo a Adrian, esta vez como Director del equipo, aprovechando al m\u00e1ximo su conocimiento creativo y t\u00e9cnico. Ambos garantizar\u00e1n que el equipo est\u00e9 en la mejor posici\u00f3n para aprovechar al m\u00e1ximo sus fortalezas.\u00bb<\/strong><\/p>\n\n\n\n<p>Adrian Newey:<\/p>\n\n\n\n<p><strong>\u00bbDurante los \u00faltimos nueve meses, he visto un gran talento individual. Estoy deseando asumir este nuevo rol, que nos posiciona en la mejor posici\u00f3n posible para competir en 2026, donde viviremos una situaci\u00f3n nueva, con Aston Martin como equipo oficial y el desaf\u00edo que supone la nueva normativa. El nuevo rol de Andy, centrado en la integraci\u00f3n de la UP con nuestros tres socios claves, ser\u00e1 fundamental en este proceso.\u00bb<\/strong><\/p>\n\n\n\n<figure class=\"wp-block-image size-large\"><img loading=\"lazy\" decoding=\"async\" width=\"683\" height=\"1024\" src=\"https:\/\/www.firstlapf1.com\/wp-content\/uploads\/2025\/11\/1000069580-683x1024.jpg\" alt=\"\" class=\"wp-image-17314\" srcset=\"https:\/\/www.firstlapf1.com\/wp-content\/uploads\/2025\/11\/1000069580-683x1024.jpg 683w, https:\/\/www.firstlapf1.com\/wp-content\/uploads\/2025\/11\/1000069580-200x300.jpg 200w, https:\/\/www.firstlapf1.com\/wp-content\/uploads\/2025\/11\/1000069580-768x1152.jpg 768w, https:\/\/www.firstlapf1.com\/wp-content\/uploads\/2025\/11\/1000069580-1024x1536.jpg 1024w, https:\/\/www.firstlapf1.com\/wp-content\/uploads\/2025\/11\/1000069580-8x12.jpg 8w, https:\/\/www.firstlapf1.com\/wp-content\/uploads\/2025\/11\/1000069580.jpg 1365w\" sizes=\"auto, (max-width: 683px) 100vw, 683px\" \/><figcaption class=\"wp-element-caption\">Fuente: Aston Martin Aramco F1 Team en X (fuente portada: F1 en X)<\/figcaption><\/figure>","protected":false},"excerpt":{"rendered":"<p>El prestigioso ingeniero brit\u00e1nico Adrian Newey adquiere un nuevo rol dentro de Aston Martin con muchas m\u00e1s responsabilidades &hellip; <span class=\"more-button\"><a href=\"https:\/\/www.firstlapf1.com\/en\/oficial-adrian-newey-es-el-nuevo-team-principal-de-aston-martin\/\" class=\"more-link\">Continue reading<span class=\"screen-reader-text\">OFICIAL: Adrian Newey es el nuevo Team Principal de Aston Martin<\/span><\/a><\/span><\/p>","protected":false},"author":2,"featured_media":17315,"comment_status":"closed","ping_status":"open","sticky":false,"template":"","format":"standard","meta":{"_jetpack_memberships_contains_paid_content":false,"footnotes":""},"categories":[3],"tags":[],"class_list":["post-17312","post","type-post","status-publish","format-standard","has-post-thumbnail","hentry","category-aston-martin"],"yoast_head":"<!-- This site is optimized with the Yoast SEO plugin v27.0 - https:\/\/yoast.com\/product\/yoast-seo-wordpress\/ -->\n<title>OFICIAL: Adrian Newey es el nuevo Team Principal de Aston Martin - Noticias F1 en espa\u00f1ol<\/title>\n<meta name=\"description\" content=\"El prestigioso ingeniero brit\u00e1nico Adrian Newey adquiere un nuevo rol dentro de Aston Martin con muchas m\u00e1s responsabilidades\" \/>\n<meta name=\"robots\" content=\"index, follow, max-snippet:-1, max-image-preview:large, max-video-preview:-1\" \/>\n<link rel=\"canonical\" href=\"https:\/\/www.firstlapf1.com\/en\/oficial-adrian-newey-es-el-nuevo-team-principal-de-aston-martin\/\" \/>\n<meta property=\"og:locale\" content=\"en_GB\" \/>\n<meta property=\"og:type\" content=\"article\" \/>\n<meta property=\"og:title\" content=\"OFICIAL: Adrian Newey es el nuevo Team Principal de Aston Martin - Noticias F1 en espa\u00f1ol\" \/>\n<meta property=\"og:description\" content=\"El prestigioso ingeniero brit\u00e1nico Adrian Newey adquiere un nuevo rol dentro de Aston Martin con muchas m\u00e1s responsabilidades\" \/>\n<meta property=\"og:url\" content=\"https:\/\/www.firstlapf1.com\/en\/oficial-adrian-newey-es-el-nuevo-team-principal-de-aston-martin\/\" \/>\n<meta property=\"og:site_name\" content=\"Noticias F1 en espa\u00f1ol\" \/>\n<meta property=\"article:published_time\" content=\"2025-11-26T17:23:24+00:00\" \/>\n<meta property=\"article:modified_time\" content=\"2025-11-26T17:23:27+00:00\" \/>\n<meta property=\"og:image\" content=\"https:\/\/www.firstlapf1.com\/wp-content\/uploads\/2025\/11\/20251126_180329.jpg\" \/>\n\t<meta property=\"og:image:width\" content=\"1638\" \/>\n\t<meta property=\"og:image:height\" content=\"2048\" \/>\n\t<meta property=\"og:image:type\" content=\"image\/jpeg\" \/>\n<meta name=\"author\" content=\"Miguel Lora-Paquet\" \/>\n<meta name=\"twitter:card\" content=\"summary_large_image\" \/>\n<meta name=\"twitter:label1\" content=\"Written by\" \/>\n\t<meta name=\"twitter:data1\" content=\"Miguel Lora-Paquet\" \/>\n\t<meta name=\"twitter:label2\" content=\"Estimated reading time\" \/>\n\t<meta name=\"twitter:data2\" content=\"3 minutes\" \/>\n<script type=\"application\/ld+json\" class=\"yoast-schema-graph\">{\"@context\":\"https:\/\/schema.org\",\"@graph\":[{\"@type\":\"Article\",\"@id\":\"https:\/\/www.firstlapf1.com\/oficial-adrian-newey-es-el-nuevo-team-principal-de-aston-martin\/#article\",\"isPartOf\":{\"@id\":\"https:\/\/www.firstlapf1.com\/oficial-adrian-newey-es-el-nuevo-team-principal-de-aston-martin\/\"},\"author\":{\"name\":\"Miguel Lora-Paquet\",\"@id\":\"https:\/\/www.firstlapf1.com\/#\/schema\/person\/9eca09873eecb6d7836bc1a0bbd78250\"},\"headline\":\"OFICIAL: Adrian Newey es el nuevo Team Principal de Aston Martin\",\"datePublished\":\"2025-11-26T17:23:24+00:00\",\"dateModified\":\"2025-11-26T17:23:27+00:00\",\"mainEntityOfPage\":{\"@id\":\"https:\/\/www.firstlapf1.com\/oficial-adrian-newey-es-el-nuevo-team-principal-de-aston-martin\/\"},\"wordCount\":407,\"image\":{\"@id\":\"https:\/\/www.firstlapf1.com\/oficial-adrian-newey-es-el-nuevo-team-principal-de-aston-martin\/#primaryimage\"},\"thumbnailUrl\":\"https:\/\/www.firstlapf1.com\/wp-content\/uploads\/2025\/11\/20251126_180329.jpg\",\"articleSection\":[\"Aston Martin Aramco Formula One Team\"],\"inLanguage\":\"en-GB\"},{\"@type\":\"WebPage\",\"@id\":\"https:\/\/www.firstlapf1.com\/oficial-adrian-newey-es-el-nuevo-team-principal-de-aston-martin\/\",\"url\":\"https:\/\/www.firstlapf1.com\/oficial-adrian-newey-es-el-nuevo-team-principal-de-aston-martin\/\",\"name\":\"OFICIAL: Adrian Newey es el nuevo Team Principal de Aston Martin - Noticias F1 en espa\u00f1ol\",\"isPartOf\":{\"@id\":\"https:\/\/www.firstlapf1.com\/#website\"},\"primaryImageOfPage\":{\"@id\":\"https:\/\/www.firstlapf1.com\/oficial-adrian-newey-es-el-nuevo-team-principal-de-aston-martin\/#primaryimage\"},\"image\":{\"@id\":\"https:\/\/www.firstlapf1.com\/oficial-adrian-newey-es-el-nuevo-team-principal-de-aston-martin\/#primaryimage\"},\"thumbnailUrl\":\"https:\/\/www.firstlapf1.com\/wp-content\/uploads\/2025\/11\/20251126_180329.jpg\",\"datePublished\":\"2025-11-26T17:23:24+00:00\",\"dateModified\":\"2025-11-26T17:23:27+00:00\",\"author\":{\"@id\":\"https:\/\/www.firstlapf1.com\/#\/schema\/person\/9eca09873eecb6d7836bc1a0bbd78250\"},\"description\":\"El prestigioso ingeniero brit\u00e1nico Adrian Newey adquiere un nuevo rol dentro de Aston Martin con muchas m\u00e1s responsabilidades\",\"inLanguage\":\"en-GB\",\"potentialAction\":[{\"@type\":\"ReadAction\",\"target\":[\"https:\/\/www.firstlapf1.com\/oficial-adrian-newey-es-el-nuevo-team-principal-de-aston-martin\/\"]}]},{\"@type\":\"ImageObject\",\"inLanguage\":\"en-GB\",\"@id\":\"https:\/\/www.firstlapf1.com\/oficial-adrian-newey-es-el-nuevo-team-principal-de-aston-martin\/#primaryimage\",\"url\":\"https:\/\/www.firstlapf1.com\/wp-content\/uploads\/2025\/11\/20251126_180329.jpg\",\"contentUrl\":\"https:\/\/www.firstlapf1.com\/wp-content\/uploads\/2025\/11\/20251126_180329.jpg\",\"width\":1638,\"height\":2048},{\"@type\":\"WebSite\",\"@id\":\"https:\/\/www.firstlapf1.com\/#website\",\"url\":\"https:\/\/www.firstlapf1.com\/\",\"name\":\"Noticias F1 en espa\u00f1ol\",\"description\":\"Noticias F1 en espa\u00f1ol\",\"potentialAction\":[{\"@type\":\"SearchAction\",\"target\":{\"@type\":\"EntryPoint\",\"urlTemplate\":\"https:\/\/www.firstlapf1.com\/?s={search_term_string}\"},\"query-input\":{\"@type\":\"PropertyValueSpecification\",\"valueRequired\":true,\"valueName\":\"search_term_string\"}}],\"inLanguage\":\"en-GB\"},{\"@type\":\"Person\",\"@id\":\"https:\/\/www.firstlapf1.com\/#\/schema\/person\/9eca09873eecb6d7836bc1a0bbd78250\",\"name\":\"Miguel Lora-Paquet\",\"image\":{\"@type\":\"ImageObject\",\"inLanguage\":\"en-GB\",\"@id\":\"https:\/\/www.firstlapf1.com\/#\/schema\/person\/image\/\",\"url\":\"https:\/\/www.firstlapf1.com\/wp-content\/uploads\/2022\/09\/7d393f41-126a-4a1e-bf1d-9d04e2ebc621.jpeg\",\"contentUrl\":\"https:\/\/www.firstlapf1.com\/wp-content\/uploads\/2022\/09\/7d393f41-126a-4a1e-bf1d-9d04e2ebc621.jpeg\",\"caption\":\"Miguel Lora-Paquet\"},\"url\":\"https:\/\/www.firstlapf1.com\/en\/author\/miguel\/\"}]}<\/script>\n<!-- \/ Yoast SEO plugin. -->","yoast_head_json":{"title":"OFICIAL: Adrian Newey es el nuevo Team Principal de Aston Martin - Noticias F1 en espa\u00f1ol","description":"El prestigioso ingeniero brit\u00e1nico Adrian Newey adquiere un nuevo rol dentro de Aston Martin con muchas m\u00e1s responsabilidades","robots":{"index":"index","follow":"follow","max-snippet":"max-snippet:-1","max-image-preview":"max-image-preview:large","max-video-preview":"max-video-preview:-1"},"canonical":"https:\/\/www.firstlapf1.com\/en\/oficial-adrian-newey-es-el-nuevo-team-principal-de-aston-martin\/","og_locale":"en_GB","og_type":"article","og_title":"OFICIAL: Adrian Newey es el nuevo Team Principal de Aston Martin - Noticias F1 en espa\u00f1ol","og_description":"El prestigioso ingeniero brit\u00e1nico Adrian Newey adquiere un nuevo rol dentro de Aston Martin con muchas m\u00e1s responsabilidades","og_url":"https:\/\/www.firstlapf1.com\/en\/oficial-adrian-newey-es-el-nuevo-team-principal-de-aston-martin\/","og_site_name":"Noticias F1 en espa\u00f1ol","article_published_time":"2025-11-26T17:23:24+00:00","article_modified_time":"2025-11-26T17:23:27+00:00","og_image":[{"width":1638,"height":2048,"url":"https:\/\/www.firstlapf1.com\/wp-content\/uploads\/2025\/11\/20251126_180329.jpg","type":"image\/jpeg"}],"author":"Miguel Lora-Paquet","twitter_card":"summary_large_image","twitter_misc":{"Written by":"Miguel Lora-Paquet","Estimated reading time":"3 minutes"},"schema":{"@context":"https:\/\/schema.org","@graph":[{"@type":"Article","@id":"https:\/\/www.firstlapf1.com\/oficial-adrian-newey-es-el-nuevo-team-principal-de-aston-martin\/#article","isPartOf":{"@id":"https:\/\/www.firstlapf1.com\/oficial-adrian-newey-es-el-nuevo-team-principal-de-aston-martin\/"},"author":{"name":"Miguel Lora-Paquet","@id":"https:\/\/www.firstlapf1.com\/#\/schema\/person\/9eca09873eecb6d7836bc1a0bbd78250"},"headline":"OFICIAL: Adrian Newey es el nuevo Team Principal de Aston Martin","datePublished":"2025-11-26T17:23:24+00:00","dateModified":"2025-11-26T17:23:27+00:00","mainEntityOfPage":{"@id":"https:\/\/www.firstlapf1.com\/oficial-adrian-newey-es-el-nuevo-team-principal-de-aston-martin\/"},"wordCount":407,"image":{"@id":"https:\/\/www.firstlapf1.com\/oficial-adrian-newey-es-el-nuevo-team-principal-de-aston-martin\/#primaryimage"},"thumbnailUrl":"https:\/\/www.firstlapf1.com\/wp-content\/uploads\/2025\/11\/20251126_180329.jpg","articleSection":["Aston Martin Aramco Formula One Team"],"inLanguage":"en-GB"},{"@type":"WebPage","@id":"https:\/\/www.firstlapf1.com\/oficial-adrian-newey-es-el-nuevo-team-principal-de-aston-martin\/","url":"https:\/\/www.firstlapf1.com\/oficial-adrian-newey-es-el-nuevo-team-principal-de-aston-martin\/","name":"OFICIAL: Adrian Newey es el nuevo Team Principal de Aston Martin - Noticias F1 en espa\u00f1ol","isPartOf":{"@id":"https:\/\/www.firstlapf1.com\/#website"},"primaryImageOfPage":{"@id":"https:\/\/www.firstlapf1.com\/oficial-adrian-newey-es-el-nuevo-team-principal-de-aston-martin\/#primaryimage"},"image":{"@id":"https:\/\/www.firstlapf1.com\/oficial-adrian-newey-es-el-nuevo-team-principal-de-aston-martin\/#primaryimage"},"thumbnailUrl":"https:\/\/www.firstlapf1.com\/wp-content\/uploads\/2025\/11\/20251126_180329.jpg","datePublished":"2025-11-26T17:23:24+00:00","dateModified":"2025-11-26T17:23:27+00:00","author":{"@id":"https:\/\/www.firstlapf1.com\/#\/schema\/person\/9eca09873eecb6d7836bc1a0bbd78250"},"description":"El prestigioso ingeniero brit\u00e1nico Adrian Newey adquiere un nuevo rol dentro de Aston Martin con muchas m\u00e1s responsabilidades","inLanguage":"en-GB","potentialAction":[{"@type":"ReadAction","target":["https:\/\/www.firstlapf1.com\/oficial-adrian-newey-es-el-nuevo-team-principal-de-aston-martin\/"]}]},{"@type":"ImageObject","inLanguage":"en-GB","@id":"https:\/\/www.firstlapf1.com\/oficial-adrian-newey-es-el-nuevo-team-principal-de-aston-martin\/#primaryimage","url":"https:\/\/www.firstlapf1.com\/wp-content\/uploads\/2025\/11\/20251126_180329.jpg","contentUrl":"https:\/\/www.firstlapf1.com\/wp-content\/uploads\/2025\/11\/20251126_180329.jpg","width":1638,"height":2048},{"@type":"WebSite","@id":"https:\/\/www.firstlapf1.com\/#website","url":"https:\/\/www.firstlapf1.com\/","name":"Noticias F1 en espa\u00f1ol","description":"Noticias F1 en espa\u00f1ol","potentialAction":[{"@type":"SearchAction","target":{"@type":"EntryPoint","urlTemplate":"https:\/\/www.firstlapf1.com\/?s={search_term_string}"},"query-input":{"@type":"PropertyValueSpecification","valueRequired":true,"valueName":"search_term_string"}}],"inLanguage":"en-GB"},{"@type":"Person","@id":"https:\/\/www.firstlapf1.com\/#\/schema\/person\/9eca09873eecb6d7836bc1a0bbd78250","name":"Miguel Lora-Paquet","image":{"@type":"ImageObject","inLanguage":"en-GB","@id":"https:\/\/www.firstlapf1.com\/#\/schema\/person\/image\/","url":"https:\/\/www.firstlapf1.com\/wp-content\/uploads\/2022\/09\/7d393f41-126a-4a1e-bf1d-9d04e2ebc621.jpeg","contentUrl":"https:\/\/www.firstlapf1.com\/wp-content\/uploads\/2022\/09\/7d393f41-126a-4a1e-bf1d-9d04e2ebc621.jpeg","caption":"Miguel Lora-Paquet"},"url":"https:\/\/www.firstlapf1.com\/en\/author\/miguel\/"}]}},"jetpack_featured_media_url":"https:\/\/www.firstlapf1.com\/wp-content\/uploads\/2025\/11\/20251126_180329.jpg","jetpack_sharing_enabled":true,"_links":{"self":[{"href":"https:\/\/www.firstlapf1.com\/en\/wp-json\/wp\/v2\/posts\/17312","targetHints":{"allow":["GET"]}}],"collection":[{"href":"https:\/\/www.firstlapf1.com\/en\/wp-json\/wp\/v2\/posts"}],"about":[{"href":"https:\/\/www.firstlapf1.com\/en\/wp-json\/wp\/v2\/types\/post"}],"author":[{"embeddable":true,"href":"https:\/\/www.firstlapf1.com\/en\/wp-json\/wp\/v2\/users\/2"}],"replies":[{"embeddable":true,"href":"https:\/\/www.firstlapf1.com\/en\/wp-json\/wp\/v2\/comments?post=17312"}],"version-history":[{"count":2,"href":"https:\/\/www.firstlapf1.com\/en\/wp-json\/wp\/v2\/posts\/17312\/revisions"}],"predecessor-version":[{"id":17316,"href":"https:\/\/www.firstlapf1.com\/en\/wp-json\/wp\/v2\/posts\/17312\/revisions\/17316"}],"wp:featuredmedia":[{"embeddable":true,"href":"https:\/\/www.firstlapf1.com\/en\/wp-json\/wp\/v2\/media\/17315"}],"wp:attachment":[{"href":"https:\/\/www.firstlapf1.com\/en\/wp-json\/wp\/v2\/media?parent=17312"}],"wp:term":[{"taxonomy":"category","embeddable":true,"href":"https:\/\/www.firstlapf1.com\/en\/wp-json\/wp\/v2\/categories?post=17312"},{"taxonomy":"post_tag","embeddable":true,"href":"https:\/\/www.firstlapf1.com\/en\/wp-json\/wp\/v2\/tags?post=17312"}],"curies":[{"name":"wp","href":"https:\/\/api.w.org\/{rel}","templated":true}]}}