{"id":17253,"date":"2025-11-22T21:14:28","date_gmt":"2025-11-22T21:14:28","guid":{"rendered":"https:\/\/www.firstlapf1.com\/?p=17253"},"modified":"2025-11-22T21:14:31","modified_gmt":"2025-11-22T21:14:31","slug":"oficial-stenshorne-suplira-a-cordeel-para-lo-que-queda-de-temporada","status":"publish","type":"post","link":"https:\/\/www.firstlapf1.com\/en\/oficial-stenshorne-suplira-a-cordeel-para-lo-que-queda-de-temporada\/","title":{"rendered":"OFICIAL: Stenshorne suplir\u00e1 a Cordeel para lo que queda de temporada"},"content":{"rendered":"<h2 class=\"wp-block-heading\">El piloto noruego Martinius Stenshorne correr\u00e1 con Rodin en F2 antes de estrenarse como piloto oficial en 2026<\/h2>\n\n\n\n<p>La categor\u00eda de plata no arranca sus motores desde septiembre, cuando finaliz\u00f3 el Gran Premio de Azerbaiy\u00e1n. Las pr\u00f3ximas dos semanas ser\u00e1n claves en el devenir del t\u00edtulo, siendo Qatar y Yas Marina las citas que todav\u00eda quedan pendientes. Los equipos empiezan a preparar 2026 pero tienen que centrarse en terminar la presente campa\u00f1a.<\/p>\n\n\n\n<p><a href=\"https:\/\/www.firstlapf1.com\/en\/category\/rodin-motorsport-f2\/\" target=\"_blank\" rel=\"noreferrer noopener\">Rodin Motorsport<\/a> le da la oportunidad a Stenshorne, quien podr\u00e1 correr con ellos en las dos \u00faltimas carreras antes de ser piloto oficial el a\u00f1o que viene. Martinius pudo debutar en la categor\u00eda en Bak\u00fa con Trident, cuajando una gran clasificaci\u00f3n, aunque no puntu\u00f3 en ninguna carrera por fallo mec\u00e1nico en la sprint y accidente en la carrera principal.<\/p>\n\n\n\n<p>Stenshorne llegar\u00e1 a la F2 tras dos temporadas en la F3 con buenas actuaciones. 3 victorias, 7 podios y 4 vueltas r\u00e1pidas en ambas campa\u00f1as le permiti\u00f3 dar el salto a la categor\u00eda intermedia en 2026. Este a\u00f1o ha quedado quinto en el campeonato con 89 puntos. Anteriormente, fue subcampe\u00f3n de la Formula Regional European Championship by Alpine en 2023 y cosech\u00f3 dos participaciones en la FRMEC.<\/p>\n\n\n\n<p>Recientemente, Martinius recibi\u00f3 la noticia de que no seguir\u00eda con el apoyo de McLaren, junto a Ugo Ugochukwu y Brando Badoer. Pese al talento del noruego, el piloto competir\u00e1 con los colores cl\u00e1sicos de Rodin, el negro y blanco.<\/p>\n\n\n\n<p>Tras 1 a\u00f1o en la F3 y 4 a\u00f1os en la F\u00f3rmula 2, Amaury Cordeel se despide de la categor\u00eda. Ha tenido un paso sin pena ni gloria, con una sola vuelta r\u00e1pida conseguida en 2022 y haber pasado por cinco equipos diferentes, siendo su mejor temporada la <a href=\"https:\/\/www.fiaformula2.com\/\" target=\"_blank\" rel=\"noreferrer noopener\">pasada campa\u00f1a<\/a> con Hitech GP.<\/p>\n\n\n\n<figure class=\"wp-block-image size-full\"><img loading=\"lazy\" decoding=\"async\" width=\"1000\" height=\"563\" src=\"https:\/\/www.firstlapf1.com\/wp-content\/uploads\/2025\/11\/1000068939.jpg\" alt=\"\" class=\"wp-image-17255\" srcset=\"https:\/\/www.firstlapf1.com\/wp-content\/uploads\/2025\/11\/1000068939.jpg 1000w, https:\/\/www.firstlapf1.com\/wp-content\/uploads\/2025\/11\/1000068939-300x169.jpg 300w, https:\/\/www.firstlapf1.com\/wp-content\/uploads\/2025\/11\/1000068939-768x432.jpg 768w, https:\/\/www.firstlapf1.com\/wp-content\/uploads\/2025\/11\/1000068939-18x10.jpg 18w, https:\/\/www.firstlapf1.com\/wp-content\/uploads\/2025\/11\/1000068939-190x107.jpg 190w\" sizes=\"auto, (max-width: 1000px) 100vw, 1000px\" \/><figcaption class=\"wp-element-caption\">Fuente: F2 en su web (fuente portada: Rodin Motorsport en Instagram)<\/figcaption><\/figure>","protected":false},"excerpt":{"rendered":"<p>El piloto noruego Martinius Stenshorne correr\u00e1 con Rodin en F2 antes de estrenarse como piloto oficial en 2026 &hellip; <span class=\"more-button\"><a href=\"https:\/\/www.firstlapf1.com\/en\/oficial-stenshorne-suplira-a-cordeel-para-lo-que-queda-de-temporada\/\" class=\"more-link\">Continue reading<span class=\"screen-reader-text\">OFICIAL: Stenshorne suplir\u00e1 a Cordeel para lo que queda de temporada<\/span><\/a><\/span><\/p>","protected":false},"author":2,"featured_media":17256,"comment_status":"closed","ping_status":"open","sticky":false,"template":"","format":"standard","meta":{"_jetpack_memberships_contains_paid_content":false,"footnotes":""},"categories":[10,32,54],"tags":[],"class_list":["post-17253","post","type-post","status-publish","format-standard","has-post-thumbnail","hentry","category-abu-dhabi","category-qatar","category-rodin-motorsport-f2"],"yoast_head":"<!-- This site is optimized with the Yoast SEO plugin v27.0 - https:\/\/yoast.com\/product\/yoast-seo-wordpress\/ -->\n<title>OFICIAL: Stenshorne suplir\u00e1 a Cordeel para lo que queda de temporada - Noticias F1 en espa\u00f1ol<\/title>\n<meta name=\"description\" content=\"El piloto noruego Martinius Stenshorne correr\u00e1 con Rodin en F2 antes de estrenarse como piloto oficial en 2026\" \/>\n<meta name=\"robots\" content=\"index, follow, max-snippet:-1, max-image-preview:large, max-video-preview:-1\" \/>\n<link rel=\"canonical\" href=\"https:\/\/www.firstlapf1.com\/en\/oficial-stenshorne-suplira-a-cordeel-para-lo-que-queda-de-temporada\/\" \/>\n<meta property=\"og:locale\" content=\"en_GB\" \/>\n<meta property=\"og:type\" content=\"article\" \/>\n<meta property=\"og:title\" content=\"OFICIAL: Stenshorne suplir\u00e1 a Cordeel para lo que queda de temporada - Noticias F1 en espa\u00f1ol\" \/>\n<meta property=\"og:description\" content=\"El piloto noruego Martinius Stenshorne correr\u00e1 con Rodin en F2 antes de estrenarse como piloto oficial en 2026\" \/>\n<meta property=\"og:url\" content=\"https:\/\/www.firstlapf1.com\/en\/oficial-stenshorne-suplira-a-cordeel-para-lo-que-queda-de-temporada\/\" \/>\n<meta property=\"og:site_name\" content=\"Noticias F1 en espa\u00f1ol\" \/>\n<meta property=\"article:published_time\" content=\"2025-11-22T21:14:28+00:00\" \/>\n<meta property=\"article:modified_time\" content=\"2025-11-22T21:14:31+00:00\" \/>\n<meta property=\"og:image\" content=\"https:\/\/www.firstlapf1.com\/wp-content\/uploads\/2025\/11\/Screenshot_2025-11-22-21-12-30-582_com.instagram.android-edit.jpg\" \/>\n\t<meta property=\"og:image:width\" content=\"1220\" \/>\n\t<meta property=\"og:image:height\" content=\"1489\" \/>\n\t<meta property=\"og:image:type\" content=\"image\/jpeg\" \/>\n<meta name=\"author\" content=\"Miguel Lora-Paquet\" \/>\n<meta name=\"twitter:card\" content=\"summary_large_image\" \/>\n<meta name=\"twitter:label1\" content=\"Written by\" \/>\n\t<meta name=\"twitter:data1\" content=\"Miguel Lora-Paquet\" \/>\n\t<meta name=\"twitter:label2\" content=\"Estimated reading time\" \/>\n\t<meta name=\"twitter:data2\" content=\"2 minutes\" \/>\n<script type=\"application\/ld+json\" class=\"yoast-schema-graph\">{\"@context\":\"https:\/\/schema.org\",\"@graph\":[{\"@type\":\"Article\",\"@id\":\"https:\/\/www.firstlapf1.com\/oficial-stenshorne-suplira-a-cordeel-para-lo-que-queda-de-temporada\/#article\",\"isPartOf\":{\"@id\":\"https:\/\/www.firstlapf1.com\/oficial-stenshorne-suplira-a-cordeel-para-lo-que-queda-de-temporada\/\"},\"author\":{\"name\":\"Miguel Lora-Paquet\",\"@id\":\"https:\/\/www.firstlapf1.com\/#\/schema\/person\/9eca09873eecb6d7836bc1a0bbd78250\"},\"headline\":\"OFICIAL: Stenshorne suplir\u00e1 a Cordeel para lo que queda de temporada\",\"datePublished\":\"2025-11-22T21:14:28+00:00\",\"dateModified\":\"2025-11-22T21:14:31+00:00\",\"mainEntityOfPage\":{\"@id\":\"https:\/\/www.firstlapf1.com\/oficial-stenshorne-suplira-a-cordeel-para-lo-que-queda-de-temporada\/\"},\"wordCount\":324,\"image\":{\"@id\":\"https:\/\/www.firstlapf1.com\/oficial-stenshorne-suplira-a-cordeel-para-lo-que-queda-de-temporada\/#primaryimage\"},\"thumbnailUrl\":\"https:\/\/www.firstlapf1.com\/wp-content\/uploads\/2025\/11\/Screenshot_2025-11-22-21-12-30-582_com.instagram.android-edit.jpg\",\"articleSection\":[\"GP Abu Dhabi (Yas Marina)\",\"GP Qatar (Circuito Internacional de Lusail)\",\"Rodin Motorsport (F2)\"],\"inLanguage\":\"en-GB\"},{\"@type\":\"WebPage\",\"@id\":\"https:\/\/www.firstlapf1.com\/oficial-stenshorne-suplira-a-cordeel-para-lo-que-queda-de-temporada\/\",\"url\":\"https:\/\/www.firstlapf1.com\/oficial-stenshorne-suplira-a-cordeel-para-lo-que-queda-de-temporada\/\",\"name\":\"OFICIAL: Stenshorne suplir\u00e1 a Cordeel para lo que queda de temporada - Noticias F1 en espa\u00f1ol\",\"isPartOf\":{\"@id\":\"https:\/\/www.firstlapf1.com\/#website\"},\"primaryImageOfPage\":{\"@id\":\"https:\/\/www.firstlapf1.com\/oficial-stenshorne-suplira-a-cordeel-para-lo-que-queda-de-temporada\/#primaryimage\"},\"image\":{\"@id\":\"https:\/\/www.firstlapf1.com\/oficial-stenshorne-suplira-a-cordeel-para-lo-que-queda-de-temporada\/#primaryimage\"},\"thumbnailUrl\":\"https:\/\/www.firstlapf1.com\/wp-content\/uploads\/2025\/11\/Screenshot_2025-11-22-21-12-30-582_com.instagram.android-edit.jpg\",\"datePublished\":\"2025-11-22T21:14:28+00:00\",\"dateModified\":\"2025-11-22T21:14:31+00:00\",\"author\":{\"@id\":\"https:\/\/www.firstlapf1.com\/#\/schema\/person\/9eca09873eecb6d7836bc1a0bbd78250\"},\"description\":\"El piloto noruego Martinius Stenshorne correr\u00e1 con Rodin en F2 antes de estrenarse como piloto oficial en 2026\",\"inLanguage\":\"en-GB\",\"potentialAction\":[{\"@type\":\"ReadAction\",\"target\":[\"https:\/\/www.firstlapf1.com\/oficial-stenshorne-suplira-a-cordeel-para-lo-que-queda-de-temporada\/\"]}]},{\"@type\":\"ImageObject\",\"inLanguage\":\"en-GB\",\"@id\":\"https:\/\/www.firstlapf1.com\/oficial-stenshorne-suplira-a-cordeel-para-lo-que-queda-de-temporada\/#primaryimage\",\"url\":\"https:\/\/www.firstlapf1.com\/wp-content\/uploads\/2025\/11\/Screenshot_2025-11-22-21-12-30-582_com.instagram.android-edit.jpg\",\"contentUrl\":\"https:\/\/www.firstlapf1.com\/wp-content\/uploads\/2025\/11\/Screenshot_2025-11-22-21-12-30-582_com.instagram.android-edit.jpg\",\"width\":1220,\"height\":1489},{\"@type\":\"WebSite\",\"@id\":\"https:\/\/www.firstlapf1.com\/#website\",\"url\":\"https:\/\/www.firstlapf1.com\/\",\"name\":\"Noticias F1 en espa\u00f1ol\",\"description\":\"Noticias F1 en espa\u00f1ol\",\"potentialAction\":[{\"@type\":\"SearchAction\",\"target\":{\"@type\":\"EntryPoint\",\"urlTemplate\":\"https:\/\/www.firstlapf1.com\/?s={search_term_string}\"},\"query-input\":{\"@type\":\"PropertyValueSpecification\",\"valueRequired\":true,\"valueName\":\"search_term_string\"}}],\"inLanguage\":\"en-GB\"},{\"@type\":\"Person\",\"@id\":\"https:\/\/www.firstlapf1.com\/#\/schema\/person\/9eca09873eecb6d7836bc1a0bbd78250\",\"name\":\"Miguel Lora-Paquet\",\"image\":{\"@type\":\"ImageObject\",\"inLanguage\":\"en-GB\",\"@id\":\"https:\/\/www.firstlapf1.com\/#\/schema\/person\/image\/\",\"url\":\"https:\/\/www.firstlapf1.com\/wp-content\/uploads\/2022\/09\/7d393f41-126a-4a1e-bf1d-9d04e2ebc621.jpeg\",\"contentUrl\":\"https:\/\/www.firstlapf1.com\/wp-content\/uploads\/2022\/09\/7d393f41-126a-4a1e-bf1d-9d04e2ebc621.jpeg\",\"caption\":\"Miguel Lora-Paquet\"},\"url\":\"https:\/\/www.firstlapf1.com\/en\/author\/miguel\/\"}]}<\/script>\n<!-- \/ Yoast SEO plugin. -->","yoast_head_json":{"title":"OFICIAL: Stenshorne suplir\u00e1 a Cordeel para lo que queda de temporada - Noticias F1 en espa\u00f1ol","description":"El piloto noruego Martinius Stenshorne correr\u00e1 con Rodin en F2 antes de estrenarse como piloto oficial en 2026","robots":{"index":"index","follow":"follow","max-snippet":"max-snippet:-1","max-image-preview":"max-image-preview:large","max-video-preview":"max-video-preview:-1"},"canonical":"https:\/\/www.firstlapf1.com\/en\/oficial-stenshorne-suplira-a-cordeel-para-lo-que-queda-de-temporada\/","og_locale":"en_GB","og_type":"article","og_title":"OFICIAL: Stenshorne suplir\u00e1 a Cordeel para lo que queda de temporada - Noticias F1 en espa\u00f1ol","og_description":"El piloto noruego Martinius Stenshorne correr\u00e1 con Rodin en F2 antes de estrenarse como piloto oficial en 2026","og_url":"https:\/\/www.firstlapf1.com\/en\/oficial-stenshorne-suplira-a-cordeel-para-lo-que-queda-de-temporada\/","og_site_name":"Noticias F1 en espa\u00f1ol","article_published_time":"2025-11-22T21:14:28+00:00","article_modified_time":"2025-11-22T21:14:31+00:00","og_image":[{"width":1220,"height":1489,"url":"https:\/\/www.firstlapf1.com\/wp-content\/uploads\/2025\/11\/Screenshot_2025-11-22-21-12-30-582_com.instagram.android-edit.jpg","type":"image\/jpeg"}],"author":"Miguel Lora-Paquet","twitter_card":"summary_large_image","twitter_misc":{"Written by":"Miguel Lora-Paquet","Estimated reading time":"2 minutes"},"schema":{"@context":"https:\/\/schema.org","@graph":[{"@type":"Article","@id":"https:\/\/www.firstlapf1.com\/oficial-stenshorne-suplira-a-cordeel-para-lo-que-queda-de-temporada\/#article","isPartOf":{"@id":"https:\/\/www.firstlapf1.com\/oficial-stenshorne-suplira-a-cordeel-para-lo-que-queda-de-temporada\/"},"author":{"name":"Miguel Lora-Paquet","@id":"https:\/\/www.firstlapf1.com\/#\/schema\/person\/9eca09873eecb6d7836bc1a0bbd78250"},"headline":"OFICIAL: Stenshorne suplir\u00e1 a Cordeel para lo que queda de temporada","datePublished":"2025-11-22T21:14:28+00:00","dateModified":"2025-11-22T21:14:31+00:00","mainEntityOfPage":{"@id":"https:\/\/www.firstlapf1.com\/oficial-stenshorne-suplira-a-cordeel-para-lo-que-queda-de-temporada\/"},"wordCount":324,"image":{"@id":"https:\/\/www.firstlapf1.com\/oficial-stenshorne-suplira-a-cordeel-para-lo-que-queda-de-temporada\/#primaryimage"},"thumbnailUrl":"https:\/\/www.firstlapf1.com\/wp-content\/uploads\/2025\/11\/Screenshot_2025-11-22-21-12-30-582_com.instagram.android-edit.jpg","articleSection":["GP Abu Dhabi (Yas Marina)","GP Qatar (Circuito Internacional de Lusail)","Rodin Motorsport (F2)"],"inLanguage":"en-GB"},{"@type":"WebPage","@id":"https:\/\/www.firstlapf1.com\/oficial-stenshorne-suplira-a-cordeel-para-lo-que-queda-de-temporada\/","url":"https:\/\/www.firstlapf1.com\/oficial-stenshorne-suplira-a-cordeel-para-lo-que-queda-de-temporada\/","name":"OFICIAL: Stenshorne suplir\u00e1 a Cordeel para lo que queda de temporada - Noticias F1 en espa\u00f1ol","isPartOf":{"@id":"https:\/\/www.firstlapf1.com\/#website"},"primaryImageOfPage":{"@id":"https:\/\/www.firstlapf1.com\/oficial-stenshorne-suplira-a-cordeel-para-lo-que-queda-de-temporada\/#primaryimage"},"image":{"@id":"https:\/\/www.firstlapf1.com\/oficial-stenshorne-suplira-a-cordeel-para-lo-que-queda-de-temporada\/#primaryimage"},"thumbnailUrl":"https:\/\/www.firstlapf1.com\/wp-content\/uploads\/2025\/11\/Screenshot_2025-11-22-21-12-30-582_com.instagram.android-edit.jpg","datePublished":"2025-11-22T21:14:28+00:00","dateModified":"2025-11-22T21:14:31+00:00","author":{"@id":"https:\/\/www.firstlapf1.com\/#\/schema\/person\/9eca09873eecb6d7836bc1a0bbd78250"},"description":"El piloto noruego Martinius Stenshorne correr\u00e1 con Rodin en F2 antes de estrenarse como piloto oficial en 2026","inLanguage":"en-GB","potentialAction":[{"@type":"ReadAction","target":["https:\/\/www.firstlapf1.com\/oficial-stenshorne-suplira-a-cordeel-para-lo-que-queda-de-temporada\/"]}]},{"@type":"ImageObject","inLanguage":"en-GB","@id":"https:\/\/www.firstlapf1.com\/oficial-stenshorne-suplira-a-cordeel-para-lo-que-queda-de-temporada\/#primaryimage","url":"https:\/\/www.firstlapf1.com\/wp-content\/uploads\/2025\/11\/Screenshot_2025-11-22-21-12-30-582_com.instagram.android-edit.jpg","contentUrl":"https:\/\/www.firstlapf1.com\/wp-content\/uploads\/2025\/11\/Screenshot_2025-11-22-21-12-30-582_com.instagram.android-edit.jpg","width":1220,"height":1489},{"@type":"WebSite","@id":"https:\/\/www.firstlapf1.com\/#website","url":"https:\/\/www.firstlapf1.com\/","name":"Noticias F1 en espa\u00f1ol","description":"Noticias F1 en espa\u00f1ol","potentialAction":[{"@type":"SearchAction","target":{"@type":"EntryPoint","urlTemplate":"https:\/\/www.firstlapf1.com\/?s={search_term_string}"},"query-input":{"@type":"PropertyValueSpecification","valueRequired":true,"valueName":"search_term_string"}}],"inLanguage":"en-GB"},{"@type":"Person","@id":"https:\/\/www.firstlapf1.com\/#\/schema\/person\/9eca09873eecb6d7836bc1a0bbd78250","name":"Miguel Lora-Paquet","image":{"@type":"ImageObject","inLanguage":"en-GB","@id":"https:\/\/www.firstlapf1.com\/#\/schema\/person\/image\/","url":"https:\/\/www.firstlapf1.com\/wp-content\/uploads\/2022\/09\/7d393f41-126a-4a1e-bf1d-9d04e2ebc621.jpeg","contentUrl":"https:\/\/www.firstlapf1.com\/wp-content\/uploads\/2022\/09\/7d393f41-126a-4a1e-bf1d-9d04e2ebc621.jpeg","caption":"Miguel Lora-Paquet"},"url":"https:\/\/www.firstlapf1.com\/en\/author\/miguel\/"}]}},"jetpack_featured_media_url":"https:\/\/www.firstlapf1.com\/wp-content\/uploads\/2025\/11\/Screenshot_2025-11-22-21-12-30-582_com.instagram.android-edit.jpg","jetpack_sharing_enabled":true,"_links":{"self":[{"href":"https:\/\/www.firstlapf1.com\/en\/wp-json\/wp\/v2\/posts\/17253","targetHints":{"allow":["GET"]}}],"collection":[{"href":"https:\/\/www.firstlapf1.com\/en\/wp-json\/wp\/v2\/posts"}],"about":[{"href":"https:\/\/www.firstlapf1.com\/en\/wp-json\/wp\/v2\/types\/post"}],"author":[{"embeddable":true,"href":"https:\/\/www.firstlapf1.com\/en\/wp-json\/wp\/v2\/users\/2"}],"replies":[{"embeddable":true,"href":"https:\/\/www.firstlapf1.com\/en\/wp-json\/wp\/v2\/comments?post=17253"}],"version-history":[{"count":2,"href":"https:\/\/www.firstlapf1.com\/en\/wp-json\/wp\/v2\/posts\/17253\/revisions"}],"predecessor-version":[{"id":17257,"href":"https:\/\/www.firstlapf1.com\/en\/wp-json\/wp\/v2\/posts\/17253\/revisions\/17257"}],"wp:featuredmedia":[{"embeddable":true,"href":"https:\/\/www.firstlapf1.com\/en\/wp-json\/wp\/v2\/media\/17256"}],"wp:attachment":[{"href":"https:\/\/www.firstlapf1.com\/en\/wp-json\/wp\/v2\/media?parent=17253"}],"wp:term":[{"taxonomy":"category","embeddable":true,"href":"https:\/\/www.firstlapf1.com\/en\/wp-json\/wp\/v2\/categories?post=17253"},{"taxonomy":"post_tag","embeddable":true,"href":"https:\/\/www.firstlapf1.com\/en\/wp-json\/wp\/v2\/tags?post=17253"}],"curies":[{"name":"wp","href":"https:\/\/api.w.org\/{rel}","templated":true}]}}