{"id":17217,"date":"2025-11-21T09:06:14","date_gmt":"2025-11-21T09:06:14","guid":{"rendered":"https:\/\/www.firstlapf1.com\/?p=17217"},"modified":"2025-11-21T09:06:16","modified_gmt":"2025-11-21T09:06:16","slug":"oficial-lisa-billard-recala-en-gatorade-para-la-f1-academy-2026","status":"publish","type":"post","link":"https:\/\/www.firstlapf1.com\/en\/oficial-lisa-billard-recala-en-gatorade-para-la-f1-academy-2026\/","title":{"rendered":"OFICIAL: Lisa Billard recala en Gatorade para la F1 Academy 2026"},"content":{"rendered":"<h2 class=\"wp-block-heading\">La piloto francesa Lisa Billard se estrenar\u00e1 como piloto titular en la F1 Academy de la mano de Gatorade, en 2026<\/h2>\n\n\n\n<p>Este fin de semana finaliza la tercera temporada de la F1 Academy, con la campeona a\u00fan por decidirse. Mientras tanto, los equipos ya piensan en el futuro y, por ende, en la pr\u00f3xima temporada. Pese a que no se ha confirmado el equipo, Lisa Billard aterriza en la F1 Academy con el patrocinio de Gatorade.<\/p>\n\n\n\n<h2 class=\"wp-block-heading has-normal-font-size\">Declaraciones<\/h2>\n\n\n\n<p>Lisa Billard:<\/p>\n\n\n\n<p><strong>\u00bbLas carreras de monoplazas llevan el cuerpo al l\u00edmite. Se pueden perder hasta 4 kg de l\u00edquidos, muchas calor\u00edas y competir a muy altas temperaturas. Por eso, trabajar con una marca como Gatorade y GSSI, que me ayudar\u00e1n a comprender mejor mi hidrataci\u00f3n, es fundamental. Estoy muy emocionada de afrontar mi primera temporada en la F1 Academy, en 2026, con el apoyo de Gatorade.\u00bb<\/strong><\/p>\n\n\n\n<p>Erick Sheel, Presidente de PepsiCo Latin America Beverages:<\/p>\n\n\n\n<p><strong>\u00bbEstamos sentando los precedentes sobre c\u00f3mo apoyar a los j\u00f3venes talentos femeninos. y, demostrando c\u00f3mo, cuando los atletas tienen los recursos necesarios en el tiempo adecuado, todo cambia. Esta alianza refleja la filosof\u00eda de Gatorade &#8216;Lo llevas dentro&#8217;: impulsar el rendimiento aprovechando nuestro conocimiento y comprensi\u00f3n sobre la ciencia de la hidrataci\u00f3n Al garantizar que Lisa acceda a los recursos necesarios respaldados por la ciencia y un apoyo personalizado a estas alturas de su carrera, estamos ayud\u00e1ndole a que saque su m\u00e1ximo potencial e inspire a generaciones futuras.\u00bb<\/strong><\/p>\n\n\n\n<p>Lisa ya sabe lo que es pilotar un F1 Academy, pues fue la piloto Wild Card en Singapur, precisamente, con Gatorade. La marca de bebidas isot\u00f3nicas lleg\u00f3 a la F1 como colaboraci\u00f3n con el grupo PepsiCo. Ahora, la marca es el principal patrocinador de las carreras sprints en la F1.<\/p>\n\n\n\n<figure class=\"wp-block-image size-full\"><img loading=\"lazy\" decoding=\"async\" width=\"600\" height=\"750\" src=\"https:\/\/www.firstlapf1.com\/wp-content\/uploads\/2025\/11\/1000068553.jpg\" alt=\"\" class=\"wp-image-17228\" srcset=\"https:\/\/www.firstlapf1.com\/wp-content\/uploads\/2025\/11\/1000068553.jpg 600w, https:\/\/www.firstlapf1.com\/wp-content\/uploads\/2025\/11\/1000068553-240x300.jpg 240w, https:\/\/www.firstlapf1.com\/wp-content\/uploads\/2025\/11\/1000068553-10x12.jpg 10w\" sizes=\"auto, (max-width: 600px) 100vw, 600px\" \/><figcaption class=\"wp-element-caption\">Fuente: F1 Academy en X (fuente portada: F1 Academy en X)<\/figcaption><\/figure>","protected":false},"excerpt":{"rendered":"<p>La piloto francesa Lisa Billard se estrenar\u00e1 como piloto titular en la F1 Academy de la mano de Gatorade, en 2026 &hellip; <span class=\"more-button\"><a href=\"https:\/\/www.firstlapf1.com\/en\/oficial-lisa-billard-recala-en-gatorade-para-la-f1-academy-2026\/\" class=\"more-link\">Continue reading<span class=\"screen-reader-text\">OFICIAL: Lisa Billard recala en Gatorade para la F1 Academy 2026<\/span><\/a><\/span><\/p>","protected":false},"author":2,"featured_media":17229,"comment_status":"closed","ping_status":"open","sticky":false,"template":"","format":"standard","meta":{"_jetpack_memberships_contains_paid_content":false,"footnotes":""},"categories":[8],"tags":[],"class_list":["post-17217","post","type-post","status-publish","format-standard","has-post-thumbnail","hentry","category-f1-academy"],"yoast_head":"<!-- This site is optimized with the Yoast SEO plugin v27.0 - https:\/\/yoast.com\/product\/yoast-seo-wordpress\/ -->\n<title>OFICIAL: Lisa Billard recala en Gatorade para la F1 Academy 2026 - Noticias F1 en espa\u00f1ol<\/title>\n<meta name=\"description\" content=\"La piloto francesa Lisa Billard se estrenar\u00e1 como piloto titular en la F1 Academy de la mano de Gatorade, en 2026\" \/>\n<meta name=\"robots\" content=\"index, follow, max-snippet:-1, max-image-preview:large, max-video-preview:-1\" \/>\n<link rel=\"canonical\" href=\"https:\/\/www.firstlapf1.com\/en\/oficial-lisa-billard-recala-en-gatorade-para-la-f1-academy-2026\/\" \/>\n<meta property=\"og:locale\" content=\"en_GB\" \/>\n<meta property=\"og:type\" content=\"article\" \/>\n<meta property=\"og:title\" content=\"OFICIAL: Lisa Billard recala en Gatorade para la F1 Academy 2026 - Noticias F1 en espa\u00f1ol\" \/>\n<meta property=\"og:description\" content=\"La piloto francesa Lisa Billard se estrenar\u00e1 como piloto titular en la F1 Academy de la mano de Gatorade, en 2026\" \/>\n<meta property=\"og:url\" content=\"https:\/\/www.firstlapf1.com\/en\/oficial-lisa-billard-recala-en-gatorade-para-la-f1-academy-2026\/\" \/>\n<meta property=\"og:site_name\" content=\"Noticias F1 en espa\u00f1ol\" \/>\n<meta property=\"article:published_time\" content=\"2025-11-21T09:06:14+00:00\" \/>\n<meta property=\"article:modified_time\" content=\"2025-11-21T09:06:16+00:00\" \/>\n<meta property=\"og:image\" content=\"https:\/\/www.firstlapf1.com\/wp-content\/uploads\/2025\/11\/20251121_005531.jpg\" \/>\n\t<meta property=\"og:image:width\" content=\"1080\" \/>\n\t<meta property=\"og:image:height\" content=\"1350\" \/>\n\t<meta property=\"og:image:type\" content=\"image\/jpeg\" \/>\n<meta name=\"author\" content=\"Miguel Lora-Paquet\" \/>\n<meta name=\"twitter:card\" content=\"summary_large_image\" \/>\n<meta name=\"twitter:label1\" content=\"Written by\" \/>\n\t<meta name=\"twitter:data1\" content=\"Miguel Lora-Paquet\" \/>\n\t<meta name=\"twitter:label2\" content=\"Estimated reading time\" \/>\n\t<meta name=\"twitter:data2\" content=\"2 minutes\" \/>\n<script type=\"application\/ld+json\" class=\"yoast-schema-graph\">{\"@context\":\"https:\/\/schema.org\",\"@graph\":[{\"@type\":\"Article\",\"@id\":\"https:\/\/www.firstlapf1.com\/oficial-lisa-billard-recala-en-gatorade-para-la-f1-academy-2026\/#article\",\"isPartOf\":{\"@id\":\"https:\/\/www.firstlapf1.com\/oficial-lisa-billard-recala-en-gatorade-para-la-f1-academy-2026\/\"},\"author\":{\"name\":\"Miguel Lora-Paquet\",\"@id\":\"https:\/\/www.firstlapf1.com\/#\/schema\/person\/9eca09873eecb6d7836bc1a0bbd78250\"},\"headline\":\"OFICIAL: Lisa Billard recala en Gatorade para la F1 Academy 2026\",\"datePublished\":\"2025-11-21T09:06:14+00:00\",\"dateModified\":\"2025-11-21T09:06:16+00:00\",\"mainEntityOfPage\":{\"@id\":\"https:\/\/www.firstlapf1.com\/oficial-lisa-billard-recala-en-gatorade-para-la-f1-academy-2026\/\"},\"wordCount\":326,\"image\":{\"@id\":\"https:\/\/www.firstlapf1.com\/oficial-lisa-billard-recala-en-gatorade-para-la-f1-academy-2026\/#primaryimage\"},\"thumbnailUrl\":\"https:\/\/www.firstlapf1.com\/wp-content\/uploads\/2025\/11\/20251121_005531.jpg\",\"articleSection\":[\"F1 Academy\"],\"inLanguage\":\"en-GB\"},{\"@type\":\"WebPage\",\"@id\":\"https:\/\/www.firstlapf1.com\/oficial-lisa-billard-recala-en-gatorade-para-la-f1-academy-2026\/\",\"url\":\"https:\/\/www.firstlapf1.com\/oficial-lisa-billard-recala-en-gatorade-para-la-f1-academy-2026\/\",\"name\":\"OFICIAL: Lisa Billard recala en Gatorade para la F1 Academy 2026 - Noticias F1 en espa\u00f1ol\",\"isPartOf\":{\"@id\":\"https:\/\/www.firstlapf1.com\/#website\"},\"primaryImageOfPage\":{\"@id\":\"https:\/\/www.firstlapf1.com\/oficial-lisa-billard-recala-en-gatorade-para-la-f1-academy-2026\/#primaryimage\"},\"image\":{\"@id\":\"https:\/\/www.firstlapf1.com\/oficial-lisa-billard-recala-en-gatorade-para-la-f1-academy-2026\/#primaryimage\"},\"thumbnailUrl\":\"https:\/\/www.firstlapf1.com\/wp-content\/uploads\/2025\/11\/20251121_005531.jpg\",\"datePublished\":\"2025-11-21T09:06:14+00:00\",\"dateModified\":\"2025-11-21T09:06:16+00:00\",\"author\":{\"@id\":\"https:\/\/www.firstlapf1.com\/#\/schema\/person\/9eca09873eecb6d7836bc1a0bbd78250\"},\"description\":\"La piloto francesa Lisa Billard se estrenar\u00e1 como piloto titular en la F1 Academy de la mano de Gatorade, en 2026\",\"inLanguage\":\"en-GB\",\"potentialAction\":[{\"@type\":\"ReadAction\",\"target\":[\"https:\/\/www.firstlapf1.com\/oficial-lisa-billard-recala-en-gatorade-para-la-f1-academy-2026\/\"]}]},{\"@type\":\"ImageObject\",\"inLanguage\":\"en-GB\",\"@id\":\"https:\/\/www.firstlapf1.com\/oficial-lisa-billard-recala-en-gatorade-para-la-f1-academy-2026\/#primaryimage\",\"url\":\"https:\/\/www.firstlapf1.com\/wp-content\/uploads\/2025\/11\/20251121_005531.jpg\",\"contentUrl\":\"https:\/\/www.firstlapf1.com\/wp-content\/uploads\/2025\/11\/20251121_005531.jpg\",\"width\":1080,\"height\":1350},{\"@type\":\"WebSite\",\"@id\":\"https:\/\/www.firstlapf1.com\/#website\",\"url\":\"https:\/\/www.firstlapf1.com\/\",\"name\":\"Noticias F1 en espa\u00f1ol\",\"description\":\"Noticias F1 en espa\u00f1ol\",\"potentialAction\":[{\"@type\":\"SearchAction\",\"target\":{\"@type\":\"EntryPoint\",\"urlTemplate\":\"https:\/\/www.firstlapf1.com\/?s={search_term_string}\"},\"query-input\":{\"@type\":\"PropertyValueSpecification\",\"valueRequired\":true,\"valueName\":\"search_term_string\"}}],\"inLanguage\":\"en-GB\"},{\"@type\":\"Person\",\"@id\":\"https:\/\/www.firstlapf1.com\/#\/schema\/person\/9eca09873eecb6d7836bc1a0bbd78250\",\"name\":\"Miguel Lora-Paquet\",\"image\":{\"@type\":\"ImageObject\",\"inLanguage\":\"en-GB\",\"@id\":\"https:\/\/www.firstlapf1.com\/#\/schema\/person\/image\/\",\"url\":\"https:\/\/www.firstlapf1.com\/wp-content\/uploads\/2022\/09\/7d393f41-126a-4a1e-bf1d-9d04e2ebc621.jpeg\",\"contentUrl\":\"https:\/\/www.firstlapf1.com\/wp-content\/uploads\/2022\/09\/7d393f41-126a-4a1e-bf1d-9d04e2ebc621.jpeg\",\"caption\":\"Miguel Lora-Paquet\"},\"url\":\"https:\/\/www.firstlapf1.com\/en\/author\/miguel\/\"}]}<\/script>\n<!-- \/ Yoast SEO plugin. -->","yoast_head_json":{"title":"OFICIAL: Lisa Billard recala en Gatorade para la F1 Academy 2026 - Noticias F1 en espa\u00f1ol","description":"La piloto francesa Lisa Billard se estrenar\u00e1 como piloto titular en la F1 Academy de la mano de Gatorade, en 2026","robots":{"index":"index","follow":"follow","max-snippet":"max-snippet:-1","max-image-preview":"max-image-preview:large","max-video-preview":"max-video-preview:-1"},"canonical":"https:\/\/www.firstlapf1.com\/en\/oficial-lisa-billard-recala-en-gatorade-para-la-f1-academy-2026\/","og_locale":"en_GB","og_type":"article","og_title":"OFICIAL: Lisa Billard recala en Gatorade para la F1 Academy 2026 - Noticias F1 en espa\u00f1ol","og_description":"La piloto francesa Lisa Billard se estrenar\u00e1 como piloto titular en la F1 Academy de la mano de Gatorade, en 2026","og_url":"https:\/\/www.firstlapf1.com\/en\/oficial-lisa-billard-recala-en-gatorade-para-la-f1-academy-2026\/","og_site_name":"Noticias F1 en espa\u00f1ol","article_published_time":"2025-11-21T09:06:14+00:00","article_modified_time":"2025-11-21T09:06:16+00:00","og_image":[{"width":1080,"height":1350,"url":"https:\/\/www.firstlapf1.com\/wp-content\/uploads\/2025\/11\/20251121_005531.jpg","type":"image\/jpeg"}],"author":"Miguel Lora-Paquet","twitter_card":"summary_large_image","twitter_misc":{"Written by":"Miguel Lora-Paquet","Estimated reading time":"2 minutes"},"schema":{"@context":"https:\/\/schema.org","@graph":[{"@type":"Article","@id":"https:\/\/www.firstlapf1.com\/oficial-lisa-billard-recala-en-gatorade-para-la-f1-academy-2026\/#article","isPartOf":{"@id":"https:\/\/www.firstlapf1.com\/oficial-lisa-billard-recala-en-gatorade-para-la-f1-academy-2026\/"},"author":{"name":"Miguel Lora-Paquet","@id":"https:\/\/www.firstlapf1.com\/#\/schema\/person\/9eca09873eecb6d7836bc1a0bbd78250"},"headline":"OFICIAL: Lisa Billard recala en Gatorade para la F1 Academy 2026","datePublished":"2025-11-21T09:06:14+00:00","dateModified":"2025-11-21T09:06:16+00:00","mainEntityOfPage":{"@id":"https:\/\/www.firstlapf1.com\/oficial-lisa-billard-recala-en-gatorade-para-la-f1-academy-2026\/"},"wordCount":326,"image":{"@id":"https:\/\/www.firstlapf1.com\/oficial-lisa-billard-recala-en-gatorade-para-la-f1-academy-2026\/#primaryimage"},"thumbnailUrl":"https:\/\/www.firstlapf1.com\/wp-content\/uploads\/2025\/11\/20251121_005531.jpg","articleSection":["F1 Academy"],"inLanguage":"en-GB"},{"@type":"WebPage","@id":"https:\/\/www.firstlapf1.com\/oficial-lisa-billard-recala-en-gatorade-para-la-f1-academy-2026\/","url":"https:\/\/www.firstlapf1.com\/oficial-lisa-billard-recala-en-gatorade-para-la-f1-academy-2026\/","name":"OFICIAL: Lisa Billard recala en Gatorade para la F1 Academy 2026 - Noticias F1 en espa\u00f1ol","isPartOf":{"@id":"https:\/\/www.firstlapf1.com\/#website"},"primaryImageOfPage":{"@id":"https:\/\/www.firstlapf1.com\/oficial-lisa-billard-recala-en-gatorade-para-la-f1-academy-2026\/#primaryimage"},"image":{"@id":"https:\/\/www.firstlapf1.com\/oficial-lisa-billard-recala-en-gatorade-para-la-f1-academy-2026\/#primaryimage"},"thumbnailUrl":"https:\/\/www.firstlapf1.com\/wp-content\/uploads\/2025\/11\/20251121_005531.jpg","datePublished":"2025-11-21T09:06:14+00:00","dateModified":"2025-11-21T09:06:16+00:00","author":{"@id":"https:\/\/www.firstlapf1.com\/#\/schema\/person\/9eca09873eecb6d7836bc1a0bbd78250"},"description":"La piloto francesa Lisa Billard se estrenar\u00e1 como piloto titular en la F1 Academy de la mano de Gatorade, en 2026","inLanguage":"en-GB","potentialAction":[{"@type":"ReadAction","target":["https:\/\/www.firstlapf1.com\/oficial-lisa-billard-recala-en-gatorade-para-la-f1-academy-2026\/"]}]},{"@type":"ImageObject","inLanguage":"en-GB","@id":"https:\/\/www.firstlapf1.com\/oficial-lisa-billard-recala-en-gatorade-para-la-f1-academy-2026\/#primaryimage","url":"https:\/\/www.firstlapf1.com\/wp-content\/uploads\/2025\/11\/20251121_005531.jpg","contentUrl":"https:\/\/www.firstlapf1.com\/wp-content\/uploads\/2025\/11\/20251121_005531.jpg","width":1080,"height":1350},{"@type":"WebSite","@id":"https:\/\/www.firstlapf1.com\/#website","url":"https:\/\/www.firstlapf1.com\/","name":"Noticias F1 en espa\u00f1ol","description":"Noticias F1 en espa\u00f1ol","potentialAction":[{"@type":"SearchAction","target":{"@type":"EntryPoint","urlTemplate":"https:\/\/www.firstlapf1.com\/?s={search_term_string}"},"query-input":{"@type":"PropertyValueSpecification","valueRequired":true,"valueName":"search_term_string"}}],"inLanguage":"en-GB"},{"@type":"Person","@id":"https:\/\/www.firstlapf1.com\/#\/schema\/person\/9eca09873eecb6d7836bc1a0bbd78250","name":"Miguel Lora-Paquet","image":{"@type":"ImageObject","inLanguage":"en-GB","@id":"https:\/\/www.firstlapf1.com\/#\/schema\/person\/image\/","url":"https:\/\/www.firstlapf1.com\/wp-content\/uploads\/2022\/09\/7d393f41-126a-4a1e-bf1d-9d04e2ebc621.jpeg","contentUrl":"https:\/\/www.firstlapf1.com\/wp-content\/uploads\/2022\/09\/7d393f41-126a-4a1e-bf1d-9d04e2ebc621.jpeg","caption":"Miguel Lora-Paquet"},"url":"https:\/\/www.firstlapf1.com\/en\/author\/miguel\/"}]}},"jetpack_featured_media_url":"https:\/\/www.firstlapf1.com\/wp-content\/uploads\/2025\/11\/20251121_005531.jpg","jetpack_sharing_enabled":true,"_links":{"self":[{"href":"https:\/\/www.firstlapf1.com\/en\/wp-json\/wp\/v2\/posts\/17217","targetHints":{"allow":["GET"]}}],"collection":[{"href":"https:\/\/www.firstlapf1.com\/en\/wp-json\/wp\/v2\/posts"}],"about":[{"href":"https:\/\/www.firstlapf1.com\/en\/wp-json\/wp\/v2\/types\/post"}],"author":[{"embeddable":true,"href":"https:\/\/www.firstlapf1.com\/en\/wp-json\/wp\/v2\/users\/2"}],"replies":[{"embeddable":true,"href":"https:\/\/www.firstlapf1.com\/en\/wp-json\/wp\/v2\/comments?post=17217"}],"version-history":[{"count":2,"href":"https:\/\/www.firstlapf1.com\/en\/wp-json\/wp\/v2\/posts\/17217\/revisions"}],"predecessor-version":[{"id":17231,"href":"https:\/\/www.firstlapf1.com\/en\/wp-json\/wp\/v2\/posts\/17217\/revisions\/17231"}],"wp:featuredmedia":[{"embeddable":true,"href":"https:\/\/www.firstlapf1.com\/en\/wp-json\/wp\/v2\/media\/17229"}],"wp:attachment":[{"href":"https:\/\/www.firstlapf1.com\/en\/wp-json\/wp\/v2\/media?parent=17217"}],"wp:term":[{"taxonomy":"category","embeddable":true,"href":"https:\/\/www.firstlapf1.com\/en\/wp-json\/wp\/v2\/categories?post=17217"},{"taxonomy":"post_tag","embeddable":true,"href":"https:\/\/www.firstlapf1.com\/en\/wp-json\/wp\/v2\/tags?post=17217"}],"curies":[{"name":"wp","href":"https:\/\/api.w.org\/{rel}","templated":true}]}}