{"id":17198,"date":"2025-12-14T10:26:08","date_gmt":"2025-12-14T10:26:08","guid":{"rendered":"https:\/\/www.firstlapf1.com\/?p=17198"},"modified":"2025-12-14T10:26:12","modified_gmt":"2025-12-14T10:26:12","slug":"idolos-la-pelicula-del-mundial-de-motociclismo","status":"publish","type":"post","link":"https:\/\/www.firstlapf1.com\/en\/idolos-la-pelicula-del-mundial-de-motociclismo\/","title":{"rendered":"\u00cddolos: La pel\u00edcula del Mundial de Motociclismo"},"content":{"rendered":"<h2 class=\"wp-block-heading\">\u00cddolos: as\u00ed es el nombre de la pel\u00edcula que pretende atraer a miles de aficionados de las motos a los cines con Ana Mena y \u00d3scar Casas<\/h2>\n\n\n\n<p>La pel\u00edcula dirigida por Mat Whitecross nos cuenta la historia de una gran promesa de la categor\u00eda de Moto2, Edu Serra, protagonizado por \u00d3scar Casas, quien pretende llegar a la m\u00e1xima categor\u00eda, <a href=\"https:\/\/www.motogp.com\/en\" target=\"_blank\" rel=\"noreferrer noopener\">MotoGP<\/a>, pero no hay nadie que conf\u00ede en \u00e9l. Hasta que Eli Guzm\u00e1n, jefe del equipo Aspar Team, le ofrece una oportunidad.<\/p>\n\n\n\n<p>Asimismo, a su lado tendr\u00e1 a su padre Antonio Belardi, quien es un expiloto lleno de \u00e9xitos. Adem\u00e1s, Belardi es quien ser\u00e1 la mano dura de Edu Serra y har\u00e1 explotar todo su potencial en cada entreno y cada fin de semana de Gran Premio. Es por ello que se convertir\u00e1 tambi\u00e9n en su mentor y de esta manera siempre le guiar\u00e1 para llegar al \u00e9xito sobre las dos ruedas.&nbsp;<\/p>\n\n\n\n<p>Mientras tanto, conocer\u00e1 a Luna Cardona, protagonizada por Ana Mena, una tatuadora que le har\u00e1 sentir algo que ninguna otra mujer le hab\u00eda hecho sentir. Con ella har\u00e1 las mayores locuras por amor que ha hecho en su vida.<\/p>\n\n\n\n<p>Los escenarios en los que se ambienta la pel\u00edcula son de ensue\u00f1o para los aficionados del motociclismo. Entre ellos encontramos el <a href=\"https:\/\/www.firstlapf1.com\/en\/category\/espana-motogp\/\" target=\"_blank\" rel=\"noreferrer noopener\">circuito \u00c1ngel Nieto de Jerez<\/a>, el Circuit de Barcelona-Catalunya en Montmel\u00f3 o el Circuito de las Am\u00e9ricas de Austin. Igualmente, el director, para darle m\u00e1s realismo a la pel\u00edcula, compagin\u00f3 la agenda de rodaje con la de los Grandes Premios. De esta manera, le da mucho m\u00e1s realismo y m\u00e1s ambiente motero y de competici\u00f3n a la pel\u00edcula.&nbsp;<\/p>\n\n\n\n<p>La productora, Warner Bros, ha anunciado que la pel\u00edcula ser\u00e1 oficialmente sacada al estreno en Italia y Espa\u00f1a en enero del pr\u00f3ximo a\u00f1o. Sumado a esto, para ir alentando las ganas de ir al cine, se ha publicado el tr\u00e1iler en los canales de YouTube y sus medios pertinentes.<\/p>\n\n\n\n<figure class=\"wp-block-image size-large\"><img loading=\"lazy\" decoding=\"async\" width=\"796\" height=\"1024\" src=\"https:\/\/www.firstlapf1.com\/wp-content\/uploads\/2025\/12\/1000072716-796x1024.jpg\" alt=\"\" class=\"wp-image-17480\" srcset=\"https:\/\/www.firstlapf1.com\/wp-content\/uploads\/2025\/12\/1000072716-796x1024.jpg 796w, https:\/\/www.firstlapf1.com\/wp-content\/uploads\/2025\/12\/1000072716-233x300.jpg 233w, https:\/\/www.firstlapf1.com\/wp-content\/uploads\/2025\/12\/1000072716-768x988.jpg 768w, https:\/\/www.firstlapf1.com\/wp-content\/uploads\/2025\/12\/1000072716-1194x1536.jpg 1194w, https:\/\/www.firstlapf1.com\/wp-content\/uploads\/2025\/12\/1000072716-9x12.jpg 9w, https:\/\/www.firstlapf1.com\/wp-content\/uploads\/2025\/12\/1000072716.jpg 1220w\" sizes=\"auto, (max-width: 796px) 100vw, 796px\" \/><figcaption class=\"wp-element-caption\">Fuente: Warner Bros en Instagram (fuente portada: Warner Bros en Instagram)<\/figcaption><\/figure>\n\n\n\n<p><\/p>","protected":false},"excerpt":{"rendered":"<p>\u00cddolos: as\u00ed es el nombre de la pel\u00edcula que pretende atraer a miles de aficionados de las motos a los cines con Ana Mena y \u00d3scar Casas &hellip; <span class=\"more-button\"><a href=\"https:\/\/www.firstlapf1.com\/en\/idolos-la-pelicula-del-mundial-de-motociclismo\/\" class=\"more-link\">Continue reading<span class=\"screen-reader-text\">\u00cddolos: La pel\u00edcula del Mundial de Motociclismo<\/span><\/a><\/span><\/p>","protected":false},"author":78,"featured_media":17481,"comment_status":"closed","ping_status":"open","sticky":false,"template":"","format":"standard","meta":{"_jetpack_memberships_contains_paid_content":false,"footnotes":""},"categories":[101],"tags":[],"class_list":["post-17198","post","type-post","status-publish","format-standard","has-post-thumbnail","hentry","category-motogp"],"yoast_head":"<!-- This site is optimized with the Yoast SEO plugin v27.0 - https:\/\/yoast.com\/product\/yoast-seo-wordpress\/ -->\n<title>\u00cddolos: La pel\u00edcula del Mundial de Motociclismo - Noticias F1 en espa\u00f1ol<\/title>\n<meta name=\"description\" content=\"\u00cddolos: as\u00ed es el nombre de la pel\u00edcula que pretende atraer a miles de aficionados de las motos a los cines con Ana Mena y \u00d3scar Casas\" \/>\n<meta name=\"robots\" content=\"index, follow, max-snippet:-1, max-image-preview:large, max-video-preview:-1\" \/>\n<link rel=\"canonical\" href=\"https:\/\/www.firstlapf1.com\/en\/idolos-la-pelicula-del-mundial-de-motociclismo\/\" \/>\n<meta property=\"og:locale\" content=\"en_GB\" \/>\n<meta property=\"og:type\" content=\"article\" \/>\n<meta property=\"og:title\" content=\"\u00cddolos: La pel\u00edcula del Mundial de Motociclismo - Noticias F1 en espa\u00f1ol\" \/>\n<meta property=\"og:description\" content=\"\u00cddolos: as\u00ed es el nombre de la pel\u00edcula que pretende atraer a miles de aficionados de las motos a los cines con Ana Mena y \u00d3scar Casas\" \/>\n<meta property=\"og:url\" content=\"https:\/\/www.firstlapf1.com\/en\/idolos-la-pelicula-del-mundial-de-motociclismo\/\" \/>\n<meta property=\"og:site_name\" content=\"Noticias F1 en espa\u00f1ol\" \/>\n<meta property=\"article:published_time\" content=\"2025-12-14T10:26:08+00:00\" \/>\n<meta property=\"article:modified_time\" content=\"2025-12-14T10:26:12+00:00\" \/>\n<meta property=\"og:image\" content=\"https:\/\/www.firstlapf1.com\/wp-content\/uploads\/2025\/12\/Screenshot_2025-12-13-21-47-06-463_com.instagram.android-edit.jpg\" \/>\n\t<meta property=\"og:image:width\" content=\"1220\" \/>\n\t<meta property=\"og:image:height\" content=\"1516\" \/>\n\t<meta property=\"og:image:type\" content=\"image\/jpeg\" \/>\n<meta name=\"author\" content=\"Hugo Serrano\" \/>\n<meta name=\"twitter:card\" content=\"summary_large_image\" \/>\n<meta name=\"twitter:label1\" content=\"Written by\" \/>\n\t<meta name=\"twitter:data1\" content=\"Hugo Serrano\" \/>\n\t<meta name=\"twitter:label2\" content=\"Estimated reading time\" \/>\n\t<meta name=\"twitter:data2\" content=\"2 minutes\" \/>\n<script type=\"application\/ld+json\" class=\"yoast-schema-graph\">{\"@context\":\"https:\/\/schema.org\",\"@graph\":[{\"@type\":\"Article\",\"@id\":\"https:\/\/www.firstlapf1.com\/idolos-la-pelicula-del-mundial-de-motociclismo\/#article\",\"isPartOf\":{\"@id\":\"https:\/\/www.firstlapf1.com\/idolos-la-pelicula-del-mundial-de-motociclismo\/\"},\"author\":{\"name\":\"Hugo Serrano\",\"@id\":\"https:\/\/www.firstlapf1.com\/#\/schema\/person\/26653409532e1b09657a6f04b9f4c4ec\"},\"headline\":\"\u00cddolos: La pel\u00edcula del Mundial de Motociclismo\",\"datePublished\":\"2025-12-14T10:26:08+00:00\",\"dateModified\":\"2025-12-14T10:26:12+00:00\",\"mainEntityOfPage\":{\"@id\":\"https:\/\/www.firstlapf1.com\/idolos-la-pelicula-del-mundial-de-motociclismo\/\"},\"wordCount\":363,\"image\":{\"@id\":\"https:\/\/www.firstlapf1.com\/idolos-la-pelicula-del-mundial-de-motociclismo\/#primaryimage\"},\"thumbnailUrl\":\"https:\/\/www.firstlapf1.com\/wp-content\/uploads\/2025\/12\/Screenshot_2025-12-13-21-47-06-463_com.instagram.android-edit.jpg\",\"articleSection\":[\"Escuder\u00edas MotoGP\"],\"inLanguage\":\"en-GB\"},{\"@type\":\"WebPage\",\"@id\":\"https:\/\/www.firstlapf1.com\/idolos-la-pelicula-del-mundial-de-motociclismo\/\",\"url\":\"https:\/\/www.firstlapf1.com\/idolos-la-pelicula-del-mundial-de-motociclismo\/\",\"name\":\"\u00cddolos: La pel\u00edcula del Mundial de Motociclismo - Noticias F1 en espa\u00f1ol\",\"isPartOf\":{\"@id\":\"https:\/\/www.firstlapf1.com\/#website\"},\"primaryImageOfPage\":{\"@id\":\"https:\/\/www.firstlapf1.com\/idolos-la-pelicula-del-mundial-de-motociclismo\/#primaryimage\"},\"image\":{\"@id\":\"https:\/\/www.firstlapf1.com\/idolos-la-pelicula-del-mundial-de-motociclismo\/#primaryimage\"},\"thumbnailUrl\":\"https:\/\/www.firstlapf1.com\/wp-content\/uploads\/2025\/12\/Screenshot_2025-12-13-21-47-06-463_com.instagram.android-edit.jpg\",\"datePublished\":\"2025-12-14T10:26:08+00:00\",\"dateModified\":\"2025-12-14T10:26:12+00:00\",\"author\":{\"@id\":\"https:\/\/www.firstlapf1.com\/#\/schema\/person\/26653409532e1b09657a6f04b9f4c4ec\"},\"description\":\"\u00cddolos: as\u00ed es el nombre de la pel\u00edcula que pretende atraer a miles de aficionados de las motos a los cines con Ana Mena y \u00d3scar Casas\",\"inLanguage\":\"en-GB\",\"potentialAction\":[{\"@type\":\"ReadAction\",\"target\":[\"https:\/\/www.firstlapf1.com\/idolos-la-pelicula-del-mundial-de-motociclismo\/\"]}]},{\"@type\":\"ImageObject\",\"inLanguage\":\"en-GB\",\"@id\":\"https:\/\/www.firstlapf1.com\/idolos-la-pelicula-del-mundial-de-motociclismo\/#primaryimage\",\"url\":\"https:\/\/www.firstlapf1.com\/wp-content\/uploads\/2025\/12\/Screenshot_2025-12-13-21-47-06-463_com.instagram.android-edit.jpg\",\"contentUrl\":\"https:\/\/www.firstlapf1.com\/wp-content\/uploads\/2025\/12\/Screenshot_2025-12-13-21-47-06-463_com.instagram.android-edit.jpg\",\"width\":1220,\"height\":1516},{\"@type\":\"WebSite\",\"@id\":\"https:\/\/www.firstlapf1.com\/#website\",\"url\":\"https:\/\/www.firstlapf1.com\/\",\"name\":\"Noticias F1 en espa\u00f1ol\",\"description\":\"Noticias F1 en espa\u00f1ol\",\"potentialAction\":[{\"@type\":\"SearchAction\",\"target\":{\"@type\":\"EntryPoint\",\"urlTemplate\":\"https:\/\/www.firstlapf1.com\/?s={search_term_string}\"},\"query-input\":{\"@type\":\"PropertyValueSpecification\",\"valueRequired\":true,\"valueName\":\"search_term_string\"}}],\"inLanguage\":\"en-GB\"},{\"@type\":\"Person\",\"@id\":\"https:\/\/www.firstlapf1.com\/#\/schema\/person\/26653409532e1b09657a6f04b9f4c4ec\",\"name\":\"Hugo Serrano\",\"image\":{\"@type\":\"ImageObject\",\"inLanguage\":\"en-GB\",\"@id\":\"https:\/\/www.firstlapf1.com\/#\/schema\/person\/image\/\",\"url\":\"https:\/\/secure.gravatar.com\/avatar\/73042c7a9c1190f78baa4fcfa1e2dd035bffbfb8dd48fe0cc3ec76515b3dd8c9?s=96&d=mm&r=g\",\"contentUrl\":\"https:\/\/secure.gravatar.com\/avatar\/73042c7a9c1190f78baa4fcfa1e2dd035bffbfb8dd48fe0cc3ec76515b3dd8c9?s=96&d=mm&r=g\",\"caption\":\"Hugo Serrano\"},\"description\":\"Hugo es experto en MotoGP y F\u00f3rmula 1 que ha llevado de ver su pasi\u00f3n por el motorsport en el televisor a escribirlo. Desde que se uni\u00f3 a Firstlap, en 2025, ha sido redactor de noticias de actualidad que rodean el mundo de MotoGP, a la vez que compagina alguna colaboraci\u00f3n con el equipo de F\u00f3rmula 1.\",\"sameAs\":[\"http:\/\/www.firstlapf1.com\/\"],\"url\":\"https:\/\/www.firstlapf1.com\/en\/author\/hugser\/\"}]}<\/script>\n<!-- \/ Yoast SEO plugin. -->","yoast_head_json":{"title":"\u00cddolos: La pel\u00edcula del Mundial de Motociclismo - Noticias F1 en espa\u00f1ol","description":"\u00cddolos: as\u00ed es el nombre de la pel\u00edcula que pretende atraer a miles de aficionados de las motos a los cines con Ana Mena y \u00d3scar Casas","robots":{"index":"index","follow":"follow","max-snippet":"max-snippet:-1","max-image-preview":"max-image-preview:large","max-video-preview":"max-video-preview:-1"},"canonical":"https:\/\/www.firstlapf1.com\/en\/idolos-la-pelicula-del-mundial-de-motociclismo\/","og_locale":"en_GB","og_type":"article","og_title":"\u00cddolos: La pel\u00edcula del Mundial de Motociclismo - Noticias F1 en espa\u00f1ol","og_description":"\u00cddolos: as\u00ed es el nombre de la pel\u00edcula que pretende atraer a miles de aficionados de las motos a los cines con Ana Mena y \u00d3scar Casas","og_url":"https:\/\/www.firstlapf1.com\/en\/idolos-la-pelicula-del-mundial-de-motociclismo\/","og_site_name":"Noticias F1 en espa\u00f1ol","article_published_time":"2025-12-14T10:26:08+00:00","article_modified_time":"2025-12-14T10:26:12+00:00","og_image":[{"width":1220,"height":1516,"url":"https:\/\/www.firstlapf1.com\/wp-content\/uploads\/2025\/12\/Screenshot_2025-12-13-21-47-06-463_com.instagram.android-edit.jpg","type":"image\/jpeg"}],"author":"Hugo Serrano","twitter_card":"summary_large_image","twitter_misc":{"Written by":"Hugo Serrano","Estimated reading time":"2 minutes"},"schema":{"@context":"https:\/\/schema.org","@graph":[{"@type":"Article","@id":"https:\/\/www.firstlapf1.com\/idolos-la-pelicula-del-mundial-de-motociclismo\/#article","isPartOf":{"@id":"https:\/\/www.firstlapf1.com\/idolos-la-pelicula-del-mundial-de-motociclismo\/"},"author":{"name":"Hugo Serrano","@id":"https:\/\/www.firstlapf1.com\/#\/schema\/person\/26653409532e1b09657a6f04b9f4c4ec"},"headline":"\u00cddolos: La pel\u00edcula del Mundial de Motociclismo","datePublished":"2025-12-14T10:26:08+00:00","dateModified":"2025-12-14T10:26:12+00:00","mainEntityOfPage":{"@id":"https:\/\/www.firstlapf1.com\/idolos-la-pelicula-del-mundial-de-motociclismo\/"},"wordCount":363,"image":{"@id":"https:\/\/www.firstlapf1.com\/idolos-la-pelicula-del-mundial-de-motociclismo\/#primaryimage"},"thumbnailUrl":"https:\/\/www.firstlapf1.com\/wp-content\/uploads\/2025\/12\/Screenshot_2025-12-13-21-47-06-463_com.instagram.android-edit.jpg","articleSection":["Escuder\u00edas MotoGP"],"inLanguage":"en-GB"},{"@type":"WebPage","@id":"https:\/\/www.firstlapf1.com\/idolos-la-pelicula-del-mundial-de-motociclismo\/","url":"https:\/\/www.firstlapf1.com\/idolos-la-pelicula-del-mundial-de-motociclismo\/","name":"\u00cddolos: La pel\u00edcula del Mundial de Motociclismo - Noticias F1 en espa\u00f1ol","isPartOf":{"@id":"https:\/\/www.firstlapf1.com\/#website"},"primaryImageOfPage":{"@id":"https:\/\/www.firstlapf1.com\/idolos-la-pelicula-del-mundial-de-motociclismo\/#primaryimage"},"image":{"@id":"https:\/\/www.firstlapf1.com\/idolos-la-pelicula-del-mundial-de-motociclismo\/#primaryimage"},"thumbnailUrl":"https:\/\/www.firstlapf1.com\/wp-content\/uploads\/2025\/12\/Screenshot_2025-12-13-21-47-06-463_com.instagram.android-edit.jpg","datePublished":"2025-12-14T10:26:08+00:00","dateModified":"2025-12-14T10:26:12+00:00","author":{"@id":"https:\/\/www.firstlapf1.com\/#\/schema\/person\/26653409532e1b09657a6f04b9f4c4ec"},"description":"\u00cddolos: as\u00ed es el nombre de la pel\u00edcula que pretende atraer a miles de aficionados de las motos a los cines con Ana Mena y \u00d3scar Casas","inLanguage":"en-GB","potentialAction":[{"@type":"ReadAction","target":["https:\/\/www.firstlapf1.com\/idolos-la-pelicula-del-mundial-de-motociclismo\/"]}]},{"@type":"ImageObject","inLanguage":"en-GB","@id":"https:\/\/www.firstlapf1.com\/idolos-la-pelicula-del-mundial-de-motociclismo\/#primaryimage","url":"https:\/\/www.firstlapf1.com\/wp-content\/uploads\/2025\/12\/Screenshot_2025-12-13-21-47-06-463_com.instagram.android-edit.jpg","contentUrl":"https:\/\/www.firstlapf1.com\/wp-content\/uploads\/2025\/12\/Screenshot_2025-12-13-21-47-06-463_com.instagram.android-edit.jpg","width":1220,"height":1516},{"@type":"WebSite","@id":"https:\/\/www.firstlapf1.com\/#website","url":"https:\/\/www.firstlapf1.com\/","name":"Noticias F1 en espa\u00f1ol","description":"Noticias F1 en espa\u00f1ol","potentialAction":[{"@type":"SearchAction","target":{"@type":"EntryPoint","urlTemplate":"https:\/\/www.firstlapf1.com\/?s={search_term_string}"},"query-input":{"@type":"PropertyValueSpecification","valueRequired":true,"valueName":"search_term_string"}}],"inLanguage":"en-GB"},{"@type":"Person","@id":"https:\/\/www.firstlapf1.com\/#\/schema\/person\/26653409532e1b09657a6f04b9f4c4ec","name":"Hugo Serrano","image":{"@type":"ImageObject","inLanguage":"en-GB","@id":"https:\/\/www.firstlapf1.com\/#\/schema\/person\/image\/","url":"https:\/\/secure.gravatar.com\/avatar\/73042c7a9c1190f78baa4fcfa1e2dd035bffbfb8dd48fe0cc3ec76515b3dd8c9?s=96&d=mm&r=g","contentUrl":"https:\/\/secure.gravatar.com\/avatar\/73042c7a9c1190f78baa4fcfa1e2dd035bffbfb8dd48fe0cc3ec76515b3dd8c9?s=96&d=mm&r=g","caption":"Hugo Serrano"},"description":"Hugo es experto en MotoGP y F\u00f3rmula 1 que ha llevado de ver su pasi\u00f3n por el motorsport en el televisor a escribirlo. Desde que se uni\u00f3 a Firstlap, en 2025, ha sido redactor de noticias de actualidad que rodean el mundo de MotoGP, a la vez que compagina alguna colaboraci\u00f3n con el equipo de F\u00f3rmula 1.","sameAs":["http:\/\/www.firstlapf1.com\/"],"url":"https:\/\/www.firstlapf1.com\/en\/author\/hugser\/"}]}},"jetpack_featured_media_url":"https:\/\/www.firstlapf1.com\/wp-content\/uploads\/2025\/12\/Screenshot_2025-12-13-21-47-06-463_com.instagram.android-edit.jpg","jetpack_sharing_enabled":true,"_links":{"self":[{"href":"https:\/\/www.firstlapf1.com\/en\/wp-json\/wp\/v2\/posts\/17198","targetHints":{"allow":["GET"]}}],"collection":[{"href":"https:\/\/www.firstlapf1.com\/en\/wp-json\/wp\/v2\/posts"}],"about":[{"href":"https:\/\/www.firstlapf1.com\/en\/wp-json\/wp\/v2\/types\/post"}],"author":[{"embeddable":true,"href":"https:\/\/www.firstlapf1.com\/en\/wp-json\/wp\/v2\/users\/78"}],"replies":[{"embeddable":true,"href":"https:\/\/www.firstlapf1.com\/en\/wp-json\/wp\/v2\/comments?post=17198"}],"version-history":[{"count":4,"href":"https:\/\/www.firstlapf1.com\/en\/wp-json\/wp\/v2\/posts\/17198\/revisions"}],"predecessor-version":[{"id":17482,"href":"https:\/\/www.firstlapf1.com\/en\/wp-json\/wp\/v2\/posts\/17198\/revisions\/17482"}],"wp:featuredmedia":[{"embeddable":true,"href":"https:\/\/www.firstlapf1.com\/en\/wp-json\/wp\/v2\/media\/17481"}],"wp:attachment":[{"href":"https:\/\/www.firstlapf1.com\/en\/wp-json\/wp\/v2\/media?parent=17198"}],"wp:term":[{"taxonomy":"category","embeddable":true,"href":"https:\/\/www.firstlapf1.com\/en\/wp-json\/wp\/v2\/categories?post=17198"},{"taxonomy":"post_tag","embeddable":true,"href":"https:\/\/www.firstlapf1.com\/en\/wp-json\/wp\/v2\/tags?post=17198"}],"curies":[{"name":"wp","href":"https:\/\/api.w.org\/{rel}","templated":true}]}}