{"id":17024,"date":"2025-11-13T19:34:57","date_gmt":"2025-11-13T19:34:57","guid":{"rendered":"https:\/\/www.firstlapf1.com\/?p=17024"},"modified":"2025-11-13T19:35:01","modified_gmt":"2025-11-13T19:35:01","slug":"horario-y-donde-ver-el-gp-de-la-comunidad-valenciana","status":"publish","type":"post","link":"https:\/\/www.firstlapf1.com\/en\/horario-y-donde-ver-el-gp-de-la-comunidad-valenciana\/","title":{"rendered":"Horario y d\u00f3nde ver el GP de la Comunidad Valenciana"},"content":{"rendered":"<h2 class=\"wp-block-heading\">Llegamos al final de la temporada, con todo decidido en el regreso de Cheste; veamos el horario del GP de la Comunidad Valenciana<\/h2>\n\n\n\n<p>Por \u00faltima vez, este a\u00f1o, el mundial de motociclismo dar\u00e1 ruedo. Y lo har\u00e1, como siempre, en el Circuit Ricardo Tormo de Cheste para poner el broche final a esta temporada 2025.<\/p>\n\n\n\n<p>Antes de todo, demos un repaso para ver como va lo m\u00e1s alto de la clasificaci\u00f3n.<\/p>\n\n\n\n<p>Marc M\u00e1rquez es quien sigue liderando la tabla. Despu\u00e9s de culminar su noveno t\u00edtulo en Jap\u00f3n, lleg\u00f3 su lesi\u00f3n, que tras una intervenci\u00f3n quir\u00fargica, nos anunci\u00f3 que no se volver\u00eda a montar en una moto esta temporada. Aun as\u00ed, este fin de semana se confirm\u00f3 que ser\u00eda galardonado con el BMW Award.<\/p>\n\n\n\n<p>Le sigue \u00c1lex M\u00e1rquez, que tras asegurarse su subcampeonato, sus ojos est\u00e1n puestos en luchar por aumentar su n\u00famero de victorias y en ir perfilando sus peque\u00f1os errores.&nbsp;<\/p>\n\n\n\n<p>Por \u00faltimo, encontramos a Marco Bezzecchi que tras lograr la pole el s\u00e1bado, se hizo con la victoria el domingo y tan solo necesita 2 puntos para asegurarse la tercera plaza. Adem\u00e1s, logr\u00f3 un objetivo hist\u00f3rico para Aprilia: ganar 3 veces en una misma temporada.&nbsp;<\/p>\n\n\n\n<p>\u00bfQu\u00e9 suceder\u00e1 este fin de semana? \u00bfQui\u00e9n se llevar\u00e1 la \u00faltima victoria de la temporada? Para saberlo, las motos deber\u00e1n volver al ruedo\u2026<\/p>\n\n\n\n<figure class=\"wp-block-image size-large\"><img loading=\"lazy\" decoding=\"async\" width=\"1024\" height=\"683\" src=\"https:\/\/www.firstlapf1.com\/wp-content\/uploads\/2025\/11\/1000067300-1024x683.jpg\" alt=\"\" class=\"wp-image-17064\" srcset=\"https:\/\/www.firstlapf1.com\/wp-content\/uploads\/2025\/11\/1000067300-1024x683.jpg 1024w, https:\/\/www.firstlapf1.com\/wp-content\/uploads\/2025\/11\/1000067300-300x200.jpg 300w, https:\/\/www.firstlapf1.com\/wp-content\/uploads\/2025\/11\/1000067300-768x512.jpg 768w, https:\/\/www.firstlapf1.com\/wp-content\/uploads\/2025\/11\/1000067300-1536x1024.jpg 1536w, https:\/\/www.firstlapf1.com\/wp-content\/uploads\/2025\/11\/1000067300-2048x1366.jpg 2048w, https:\/\/www.firstlapf1.com\/wp-content\/uploads\/2025\/11\/1000067300-18x12.jpg 18w\" sizes=\"auto, (max-width: 1024px) 100vw, 1024px\" \/><figcaption class=\"wp-element-caption\">Fuente: Red Bull KTM Factory Racing en X<\/figcaption><\/figure>\n\n\n\n<h2 class=\"wp-block-heading\">Horario del GP de la Comunidad Valenciana<\/h2>\n\n\n\n<p>\u00b7 Viernes 14\/11\/2025<\/p>\n\n\n\n<h2 class=\"wp-block-heading has-normal-font-size\">FP1<\/h2>\n\n\n\n<p>Espa\u00f1a 10:45<\/p>\n\n\n\n<p>Reino Unido 9:45<\/p>\n\n\n\n<p>M\u00e9xico 2:45<\/p>\n\n\n\n<p>Argentina, Brasil 5:45<\/p>\n\n\n\n<h2 class=\"wp-block-heading has-normal-font-size\">Pr\u00e1ctica<\/h2>\n\n\n\n<p>Espa\u00f1a 15:00<\/p>\n\n\n\n<p>Reino Unido 14:00<\/p>\n\n\n\n<p>M\u00e9xico 07:00<\/p>\n\n\n\n<p>Argentina, Brasil 10:00<\/p>\n\n\n\n<p>\u00b7 S\u00e1bado 15\/11\/2025<\/p>\n\n\n\n<h2 class=\"wp-block-heading has-normal-font-size\">FP2&nbsp;<\/h2>\n\n\n\n<p>Espa\u00f1a 10:10<\/p>\n\n\n\n<p>Reino Unido 9:10<\/p>\n\n\n\n<p>M\u00e9xico 02:10<\/p>\n\n\n\n<p>Argentina, Brasil 05:10<\/p>\n\n\n\n<h2 class=\"wp-block-heading has-normal-font-size\">Clasificaci\u00f3n<\/h2>\n\n\n\n<p>Espa\u00f1a 10:50<\/p>\n\n\n\n<p>Reino Unido 09:50<\/p>\n\n\n\n<p>M\u00e9xico 02:50<\/p>\n\n\n\n<p>Argentina, Brasil 05:50<\/p>\n\n\n\n<h2 class=\"wp-block-heading has-normal-font-size\">Sprint<\/h2>\n\n\n\n<p>Espa\u00f1a 15:00<\/p>\n\n\n\n<p>Reino Unido 14:00<\/p>\n\n\n\n<p>M\u00e9xico 07:00<\/p>\n\n\n\n<p>Argentina, Brasil 10:00<\/p>\n\n\n\n<p>\u00b7 Domingo 16\/11\/2025<\/p>\n\n\n\n<h2 class=\"wp-block-heading has-normal-font-size\">Carrera<\/h2>\n\n\n\n<p>Espa\u00f1a 14:00<\/p>\n\n\n\n<p>Reino Unido 13:00<\/p>\n\n\n\n<p>M\u00e9xico 06:00<\/p>\n\n\n\n<p>Argentina, Brasil 09:00<\/p>\n\n\n\n<h2 class=\"wp-block-heading\">\u00bfD\u00f3nde ver el GP de la Comunidad Valenciana?<\/h2>\n\n\n\n<p>Espa\u00f1a \u2192 DAZN<\/p>\n\n\n\n<p>Reino Unido \u2192 TNT Sports<\/p>\n\n\n\n<p>M\u00e9xico \u2192 ESPN<\/p>\n\n\n\n<p>Argentina, Brasil \u2192 ESPN Argentina<\/p>\n\n\n\n<figure class=\"wp-block-image size-large\"><img loading=\"lazy\" decoding=\"async\" width=\"1024\" height=\"683\" src=\"https:\/\/www.firstlapf1.com\/wp-content\/uploads\/2025\/11\/1000067299-1024x683.jpg\" alt=\"\" class=\"wp-image-17065\" srcset=\"https:\/\/www.firstlapf1.com\/wp-content\/uploads\/2025\/11\/1000067299-1024x683.jpg 1024w, https:\/\/www.firstlapf1.com\/wp-content\/uploads\/2025\/11\/1000067299-300x200.jpg 300w, https:\/\/www.firstlapf1.com\/wp-content\/uploads\/2025\/11\/1000067299-768x512.jpg 768w, https:\/\/www.firstlapf1.com\/wp-content\/uploads\/2025\/11\/1000067299-1536x1024.jpg 1536w, https:\/\/www.firstlapf1.com\/wp-content\/uploads\/2025\/11\/1000067299-18x12.jpg 18w, https:\/\/www.firstlapf1.com\/wp-content\/uploads\/2025\/11\/1000067299.jpg 2048w\" sizes=\"auto, (max-width: 1024px) 100vw, 1024px\" \/><figcaption class=\"wp-element-caption\">Fuente: Honda HRC Castrol en X (fuente portada: Tech3 Racing en X)<\/figcaption><\/figure>","protected":false},"excerpt":{"rendered":"<p>Llegamos al final de la temporada, con todo decidido en el regreso de Cheste; veamos el horario del GP de la Comunidad Valenciana &hellip; <span class=\"more-button\"><a href=\"https:\/\/www.firstlapf1.com\/en\/horario-y-donde-ver-el-gp-de-la-comunidad-valenciana\/\" class=\"more-link\">Continue reading<span class=\"screen-reader-text\">Horario y d\u00f3nde ver el GP de la Comunidad Valenciana<\/span><\/a><\/span><\/p>","protected":false},"author":78,"featured_media":17067,"comment_status":"closed","ping_status":"open","sticky":false,"template":"","format":"standard","meta":{"_jetpack_memberships_contains_paid_content":false,"footnotes":""},"categories":[113,133],"tags":[],"class_list":["post-17024","post","type-post","status-publish","format-standard","has-post-thumbnail","hentry","category-circuitos-motogp","category-valencia"],"yoast_head":"<!-- This site is optimized with the Yoast SEO plugin v27.0 - https:\/\/yoast.com\/product\/yoast-seo-wordpress\/ -->\n<title>Horario y d\u00f3nde ver el GP de la Comunidad Valenciana - Noticias F1 en espa\u00f1ol<\/title>\n<meta name=\"description\" content=\"Llegamos al final de la temporada, con todo decidido en el regreso de Cheste; veamos el horario del GP de la Comunidad Valenciana\" \/>\n<meta name=\"robots\" content=\"index, follow, max-snippet:-1, max-image-preview:large, max-video-preview:-1\" \/>\n<link rel=\"canonical\" href=\"https:\/\/www.firstlapf1.com\/en\/horario-y-donde-ver-el-gp-de-la-comunidad-valenciana\/\" \/>\n<meta property=\"og:locale\" content=\"en_GB\" \/>\n<meta property=\"og:type\" content=\"article\" \/>\n<meta property=\"og:title\" content=\"Horario y d\u00f3nde ver el GP de la Comunidad Valenciana - Noticias F1 en espa\u00f1ol\" \/>\n<meta property=\"og:description\" content=\"Llegamos al final de la temporada, con todo decidido en el regreso de Cheste; veamos el horario del GP de la Comunidad Valenciana\" \/>\n<meta property=\"og:url\" content=\"https:\/\/www.firstlapf1.com\/en\/horario-y-donde-ver-el-gp-de-la-comunidad-valenciana\/\" \/>\n<meta property=\"og:site_name\" content=\"Noticias F1 en espa\u00f1ol\" \/>\n<meta property=\"article:published_time\" content=\"2025-11-13T19:34:57+00:00\" \/>\n<meta property=\"article:modified_time\" content=\"2025-11-13T19:35:01+00:00\" \/>\n<meta property=\"og:image\" content=\"https:\/\/www.firstlapf1.com\/wp-content\/uploads\/2025\/11\/20251113_202151.jpg\" \/>\n\t<meta property=\"og:image:width\" content=\"2048\" \/>\n\t<meta property=\"og:image:height\" content=\"1365\" \/>\n\t<meta property=\"og:image:type\" content=\"image\/jpeg\" \/>\n<meta name=\"author\" content=\"Hugo Serrano\" \/>\n<meta name=\"twitter:card\" content=\"summary_large_image\" \/>\n<meta name=\"twitter:label1\" content=\"Written by\" \/>\n\t<meta name=\"twitter:data1\" content=\"Hugo Serrano\" \/>\n\t<meta name=\"twitter:label2\" content=\"Estimated reading time\" \/>\n\t<meta name=\"twitter:data2\" content=\"3 minutes\" \/>\n<script type=\"application\/ld+json\" class=\"yoast-schema-graph\">{\"@context\":\"https:\/\/schema.org\",\"@graph\":[{\"@type\":\"Article\",\"@id\":\"https:\/\/www.firstlapf1.com\/horario-y-donde-ver-el-gp-de-la-comunidad-valenciana\/#article\",\"isPartOf\":{\"@id\":\"https:\/\/www.firstlapf1.com\/horario-y-donde-ver-el-gp-de-la-comunidad-valenciana\/\"},\"author\":{\"name\":\"Hugo Serrano\",\"@id\":\"https:\/\/www.firstlapf1.com\/#\/schema\/person\/26653409532e1b09657a6f04b9f4c4ec\"},\"headline\":\"Horario y d\u00f3nde ver el GP de la Comunidad Valenciana\",\"datePublished\":\"2025-11-13T19:34:57+00:00\",\"dateModified\":\"2025-11-13T19:35:01+00:00\",\"mainEntityOfPage\":{\"@id\":\"https:\/\/www.firstlapf1.com\/horario-y-donde-ver-el-gp-de-la-comunidad-valenciana\/\"},\"wordCount\":361,\"image\":{\"@id\":\"https:\/\/www.firstlapf1.com\/horario-y-donde-ver-el-gp-de-la-comunidad-valenciana\/#primaryimage\"},\"thumbnailUrl\":\"https:\/\/www.firstlapf1.com\/wp-content\/uploads\/2025\/11\/20251113_202151.jpg\",\"articleSection\":[\"Circuitos MotoGP\",\"GP Comunidad Valenciana (Circuit Ricardo Tormo)\"],\"inLanguage\":\"en-GB\"},{\"@type\":\"WebPage\",\"@id\":\"https:\/\/www.firstlapf1.com\/horario-y-donde-ver-el-gp-de-la-comunidad-valenciana\/\",\"url\":\"https:\/\/www.firstlapf1.com\/horario-y-donde-ver-el-gp-de-la-comunidad-valenciana\/\",\"name\":\"Horario y d\u00f3nde ver el GP de la Comunidad Valenciana - Noticias F1 en espa\u00f1ol\",\"isPartOf\":{\"@id\":\"https:\/\/www.firstlapf1.com\/#website\"},\"primaryImageOfPage\":{\"@id\":\"https:\/\/www.firstlapf1.com\/horario-y-donde-ver-el-gp-de-la-comunidad-valenciana\/#primaryimage\"},\"image\":{\"@id\":\"https:\/\/www.firstlapf1.com\/horario-y-donde-ver-el-gp-de-la-comunidad-valenciana\/#primaryimage\"},\"thumbnailUrl\":\"https:\/\/www.firstlapf1.com\/wp-content\/uploads\/2025\/11\/20251113_202151.jpg\",\"datePublished\":\"2025-11-13T19:34:57+00:00\",\"dateModified\":\"2025-11-13T19:35:01+00:00\",\"author\":{\"@id\":\"https:\/\/www.firstlapf1.com\/#\/schema\/person\/26653409532e1b09657a6f04b9f4c4ec\"},\"description\":\"Llegamos al final de la temporada, con todo decidido en el regreso de Cheste; veamos el horario del GP de la Comunidad Valenciana\",\"inLanguage\":\"en-GB\",\"potentialAction\":[{\"@type\":\"ReadAction\",\"target\":[\"https:\/\/www.firstlapf1.com\/horario-y-donde-ver-el-gp-de-la-comunidad-valenciana\/\"]}]},{\"@type\":\"ImageObject\",\"inLanguage\":\"en-GB\",\"@id\":\"https:\/\/www.firstlapf1.com\/horario-y-donde-ver-el-gp-de-la-comunidad-valenciana\/#primaryimage\",\"url\":\"https:\/\/www.firstlapf1.com\/wp-content\/uploads\/2025\/11\/20251113_202151.jpg\",\"contentUrl\":\"https:\/\/www.firstlapf1.com\/wp-content\/uploads\/2025\/11\/20251113_202151.jpg\",\"width\":2048,\"height\":1365},{\"@type\":\"WebSite\",\"@id\":\"https:\/\/www.firstlapf1.com\/#website\",\"url\":\"https:\/\/www.firstlapf1.com\/\",\"name\":\"Noticias F1 en espa\u00f1ol\",\"description\":\"Noticias F1 en espa\u00f1ol\",\"potentialAction\":[{\"@type\":\"SearchAction\",\"target\":{\"@type\":\"EntryPoint\",\"urlTemplate\":\"https:\/\/www.firstlapf1.com\/?s={search_term_string}\"},\"query-input\":{\"@type\":\"PropertyValueSpecification\",\"valueRequired\":true,\"valueName\":\"search_term_string\"}}],\"inLanguage\":\"en-GB\"},{\"@type\":\"Person\",\"@id\":\"https:\/\/www.firstlapf1.com\/#\/schema\/person\/26653409532e1b09657a6f04b9f4c4ec\",\"name\":\"Hugo Serrano\",\"image\":{\"@type\":\"ImageObject\",\"inLanguage\":\"en-GB\",\"@id\":\"https:\/\/www.firstlapf1.com\/#\/schema\/person\/image\/\",\"url\":\"https:\/\/secure.gravatar.com\/avatar\/73042c7a9c1190f78baa4fcfa1e2dd035bffbfb8dd48fe0cc3ec76515b3dd8c9?s=96&d=mm&r=g\",\"contentUrl\":\"https:\/\/secure.gravatar.com\/avatar\/73042c7a9c1190f78baa4fcfa1e2dd035bffbfb8dd48fe0cc3ec76515b3dd8c9?s=96&d=mm&r=g\",\"caption\":\"Hugo Serrano\"},\"description\":\"Hugo es experto en MotoGP y F\u00f3rmula 1 que ha llevado de ver su pasi\u00f3n por el motorsport en el televisor a escribirlo. Desde que se uni\u00f3 a Firstlap, en 2025, ha sido redactor de noticias de actualidad que rodean el mundo de MotoGP, a la vez que compagina alguna colaboraci\u00f3n con el equipo de F\u00f3rmula 1.\",\"sameAs\":[\"http:\/\/www.firstlapf1.com\/\"],\"url\":\"https:\/\/www.firstlapf1.com\/en\/author\/hugser\/\"}]}<\/script>\n<!-- \/ Yoast SEO plugin. -->","yoast_head_json":{"title":"Horario y d\u00f3nde ver el GP de la Comunidad Valenciana - Noticias F1 en espa\u00f1ol","description":"Llegamos al final de la temporada, con todo decidido en el regreso de Cheste; veamos el horario del GP de la Comunidad Valenciana","robots":{"index":"index","follow":"follow","max-snippet":"max-snippet:-1","max-image-preview":"max-image-preview:large","max-video-preview":"max-video-preview:-1"},"canonical":"https:\/\/www.firstlapf1.com\/en\/horario-y-donde-ver-el-gp-de-la-comunidad-valenciana\/","og_locale":"en_GB","og_type":"article","og_title":"Horario y d\u00f3nde ver el GP de la Comunidad Valenciana - Noticias F1 en espa\u00f1ol","og_description":"Llegamos al final de la temporada, con todo decidido en el regreso de Cheste; veamos el horario del GP de la Comunidad Valenciana","og_url":"https:\/\/www.firstlapf1.com\/en\/horario-y-donde-ver-el-gp-de-la-comunidad-valenciana\/","og_site_name":"Noticias F1 en espa\u00f1ol","article_published_time":"2025-11-13T19:34:57+00:00","article_modified_time":"2025-11-13T19:35:01+00:00","og_image":[{"width":2048,"height":1365,"url":"https:\/\/www.firstlapf1.com\/wp-content\/uploads\/2025\/11\/20251113_202151.jpg","type":"image\/jpeg"}],"author":"Hugo Serrano","twitter_card":"summary_large_image","twitter_misc":{"Written by":"Hugo Serrano","Estimated reading time":"3 minutes"},"schema":{"@context":"https:\/\/schema.org","@graph":[{"@type":"Article","@id":"https:\/\/www.firstlapf1.com\/horario-y-donde-ver-el-gp-de-la-comunidad-valenciana\/#article","isPartOf":{"@id":"https:\/\/www.firstlapf1.com\/horario-y-donde-ver-el-gp-de-la-comunidad-valenciana\/"},"author":{"name":"Hugo Serrano","@id":"https:\/\/www.firstlapf1.com\/#\/schema\/person\/26653409532e1b09657a6f04b9f4c4ec"},"headline":"Horario y d\u00f3nde ver el GP de la Comunidad Valenciana","datePublished":"2025-11-13T19:34:57+00:00","dateModified":"2025-11-13T19:35:01+00:00","mainEntityOfPage":{"@id":"https:\/\/www.firstlapf1.com\/horario-y-donde-ver-el-gp-de-la-comunidad-valenciana\/"},"wordCount":361,"image":{"@id":"https:\/\/www.firstlapf1.com\/horario-y-donde-ver-el-gp-de-la-comunidad-valenciana\/#primaryimage"},"thumbnailUrl":"https:\/\/www.firstlapf1.com\/wp-content\/uploads\/2025\/11\/20251113_202151.jpg","articleSection":["Circuitos MotoGP","GP Comunidad Valenciana (Circuit Ricardo Tormo)"],"inLanguage":"en-GB"},{"@type":"WebPage","@id":"https:\/\/www.firstlapf1.com\/horario-y-donde-ver-el-gp-de-la-comunidad-valenciana\/","url":"https:\/\/www.firstlapf1.com\/horario-y-donde-ver-el-gp-de-la-comunidad-valenciana\/","name":"Horario y d\u00f3nde ver el GP de la Comunidad Valenciana - Noticias F1 en espa\u00f1ol","isPartOf":{"@id":"https:\/\/www.firstlapf1.com\/#website"},"primaryImageOfPage":{"@id":"https:\/\/www.firstlapf1.com\/horario-y-donde-ver-el-gp-de-la-comunidad-valenciana\/#primaryimage"},"image":{"@id":"https:\/\/www.firstlapf1.com\/horario-y-donde-ver-el-gp-de-la-comunidad-valenciana\/#primaryimage"},"thumbnailUrl":"https:\/\/www.firstlapf1.com\/wp-content\/uploads\/2025\/11\/20251113_202151.jpg","datePublished":"2025-11-13T19:34:57+00:00","dateModified":"2025-11-13T19:35:01+00:00","author":{"@id":"https:\/\/www.firstlapf1.com\/#\/schema\/person\/26653409532e1b09657a6f04b9f4c4ec"},"description":"Llegamos al final de la temporada, con todo decidido en el regreso de Cheste; veamos el horario del GP de la Comunidad Valenciana","inLanguage":"en-GB","potentialAction":[{"@type":"ReadAction","target":["https:\/\/www.firstlapf1.com\/horario-y-donde-ver-el-gp-de-la-comunidad-valenciana\/"]}]},{"@type":"ImageObject","inLanguage":"en-GB","@id":"https:\/\/www.firstlapf1.com\/horario-y-donde-ver-el-gp-de-la-comunidad-valenciana\/#primaryimage","url":"https:\/\/www.firstlapf1.com\/wp-content\/uploads\/2025\/11\/20251113_202151.jpg","contentUrl":"https:\/\/www.firstlapf1.com\/wp-content\/uploads\/2025\/11\/20251113_202151.jpg","width":2048,"height":1365},{"@type":"WebSite","@id":"https:\/\/www.firstlapf1.com\/#website","url":"https:\/\/www.firstlapf1.com\/","name":"Noticias F1 en espa\u00f1ol","description":"Noticias F1 en espa\u00f1ol","potentialAction":[{"@type":"SearchAction","target":{"@type":"EntryPoint","urlTemplate":"https:\/\/www.firstlapf1.com\/?s={search_term_string}"},"query-input":{"@type":"PropertyValueSpecification","valueRequired":true,"valueName":"search_term_string"}}],"inLanguage":"en-GB"},{"@type":"Person","@id":"https:\/\/www.firstlapf1.com\/#\/schema\/person\/26653409532e1b09657a6f04b9f4c4ec","name":"Hugo Serrano","image":{"@type":"ImageObject","inLanguage":"en-GB","@id":"https:\/\/www.firstlapf1.com\/#\/schema\/person\/image\/","url":"https:\/\/secure.gravatar.com\/avatar\/73042c7a9c1190f78baa4fcfa1e2dd035bffbfb8dd48fe0cc3ec76515b3dd8c9?s=96&d=mm&r=g","contentUrl":"https:\/\/secure.gravatar.com\/avatar\/73042c7a9c1190f78baa4fcfa1e2dd035bffbfb8dd48fe0cc3ec76515b3dd8c9?s=96&d=mm&r=g","caption":"Hugo Serrano"},"description":"Hugo es experto en MotoGP y F\u00f3rmula 1 que ha llevado de ver su pasi\u00f3n por el motorsport en el televisor a escribirlo. Desde que se uni\u00f3 a Firstlap, en 2025, ha sido redactor de noticias de actualidad que rodean el mundo de MotoGP, a la vez que compagina alguna colaboraci\u00f3n con el equipo de F\u00f3rmula 1.","sameAs":["http:\/\/www.firstlapf1.com\/"],"url":"https:\/\/www.firstlapf1.com\/en\/author\/hugser\/"}]}},"jetpack_featured_media_url":"https:\/\/www.firstlapf1.com\/wp-content\/uploads\/2025\/11\/20251113_202151.jpg","jetpack_sharing_enabled":true,"_links":{"self":[{"href":"https:\/\/www.firstlapf1.com\/en\/wp-json\/wp\/v2\/posts\/17024","targetHints":{"allow":["GET"]}}],"collection":[{"href":"https:\/\/www.firstlapf1.com\/en\/wp-json\/wp\/v2\/posts"}],"about":[{"href":"https:\/\/www.firstlapf1.com\/en\/wp-json\/wp\/v2\/types\/post"}],"author":[{"embeddable":true,"href":"https:\/\/www.firstlapf1.com\/en\/wp-json\/wp\/v2\/users\/78"}],"replies":[{"embeddable":true,"href":"https:\/\/www.firstlapf1.com\/en\/wp-json\/wp\/v2\/comments?post=17024"}],"version-history":[{"count":3,"href":"https:\/\/www.firstlapf1.com\/en\/wp-json\/wp\/v2\/posts\/17024\/revisions"}],"predecessor-version":[{"id":17068,"href":"https:\/\/www.firstlapf1.com\/en\/wp-json\/wp\/v2\/posts\/17024\/revisions\/17068"}],"wp:featuredmedia":[{"embeddable":true,"href":"https:\/\/www.firstlapf1.com\/en\/wp-json\/wp\/v2\/media\/17067"}],"wp:attachment":[{"href":"https:\/\/www.firstlapf1.com\/en\/wp-json\/wp\/v2\/media?parent=17024"}],"wp:term":[{"taxonomy":"category","embeddable":true,"href":"https:\/\/www.firstlapf1.com\/en\/wp-json\/wp\/v2\/categories?post=17024"},{"taxonomy":"post_tag","embeddable":true,"href":"https:\/\/www.firstlapf1.com\/en\/wp-json\/wp\/v2\/tags?post=17024"}],"curies":[{"name":"wp","href":"https:\/\/api.w.org\/{rel}","templated":true}]}}