{"id":17007,"date":"2025-11-09T14:49:34","date_gmt":"2025-11-09T14:49:34","guid":{"rendered":"https:\/\/www.firstlapf1.com\/?p=17007"},"modified":"2025-11-09T14:49:36","modified_gmt":"2025-11-09T14:49:36","slug":"resultados-gp-portugal-bezzecchi-firma-una-victoria-merecida-en-portimao","status":"publish","type":"post","link":"https:\/\/www.firstlapf1.com\/en\/resultados-gp-portugal-bezzecchi-firma-una-victoria-merecida-en-portimao\/","title":{"rendered":"Resultados GP Portugal: Bezzecchi firma una victoria merecida en Portimao"},"content":{"rendered":"<h2 class=\"wp-block-heading\">Bezzecchi impone su ritmo en una carrera controlada en Portimao, con \u00c1lex y Acosta completando el podio en los resultados del GP de Portugal<\/h2>\n\n\n\n<p>Con un \u00faltimo Gran Premio por delante, la categor\u00eda reina llega a Portimao con todo por decidir. Marco Bezzecchi parte como el m\u00e1s r\u00e1pido del fin de semana, seguido de Pedro Acosta y Fabio Quartararo, en una parrilla que promete acci\u00f3n desde el inicio.<\/p>\n\n\n\n<h2 class=\"wp-block-heading has-normal-font-size\">Inicio de la carrera<\/h2>\n\n\n\n<p>Arrancaba la carrera en Portugal con un Acosta que aprovechaba el inicio para intentar pasar a Bezzecchi quien defend\u00eda perfectamente esa primera posici\u00f3n. Alex consegu\u00eda subir dos posiciones despu\u00e9s de una salida perfecta y arrebatarle las posiciones a Quartararo y a Bagnaia.<\/p>\n\n\n\n<p>Llegaba la segunda vuelta y Alex era capaz de superar a Acosta en la curva uno donde era claramente m\u00e1s r\u00e1pido. En esta misma suced\u00eda la primera ca\u00edda, que inclu\u00eda a Morbidelli como principal protagonista, y poco despu\u00e9s abandonaban la carrera tanto Bastianini como Joan Mir.<\/p>\n\n\n\n<p>En la vuelta 4, Bastianini consegu\u00eda volver a la pista con su segunda moto y seguir con la carrera. Mientras Bezzecchi se manten\u00eda a su l\u00ednea y defend\u00eda su primera posici\u00f3n, M\u00e1rquez presionaba al&nbsp;primer&nbsp;provisional, pero no lograba superarlo, pese a ser el m\u00e1s r\u00e1pido de los tres.<\/p>\n\n\n\n<figure class=\"wp-block-image size-large\"><img loading=\"lazy\" decoding=\"async\" width=\"1024\" height=\"683\" src=\"https:\/\/www.firstlapf1.com\/wp-content\/uploads\/2025\/11\/1000066492-1024x683.jpg\" alt=\"\" class=\"wp-image-17011\" srcset=\"https:\/\/www.firstlapf1.com\/wp-content\/uploads\/2025\/11\/1000066492-1024x683.jpg 1024w, https:\/\/www.firstlapf1.com\/wp-content\/uploads\/2025\/11\/1000066492-300x200.jpg 300w, https:\/\/www.firstlapf1.com\/wp-content\/uploads\/2025\/11\/1000066492-768x512.jpg 768w, https:\/\/www.firstlapf1.com\/wp-content\/uploads\/2025\/11\/1000066492-1536x1024.jpg 1536w, https:\/\/www.firstlapf1.com\/wp-content\/uploads\/2025\/11\/1000066492-2048x1366.jpg 2048w, https:\/\/www.firstlapf1.com\/wp-content\/uploads\/2025\/11\/1000066492-18x12.jpg 18w\" sizes=\"auto, (max-width: 1024px) 100vw, 1024px\" \/><figcaption class=\"wp-element-caption\">Fuente: Michelin Motorsport en X<\/figcaption><\/figure>\n\n\n\n<p>Poco despu\u00e9s, Binder sufr\u00eda un susto cuando la moto le dio un bote, pero fue capaz de salvarlo, lo que lo alej\u00f3 de Quartararo, a quien intentaba pasar. En la vuelta 9, Ferm\u00edn Aldeguer intentaba superar a Binder y lo consegu\u00eda, aunque un peque\u00f1o toque entre ambos le hac\u00eda perder a Binder una parte del aler\u00f3n trasero.<\/p>\n\n\n\n<p>Dos vueltas m\u00e1s tarde Bagnaia protagonizaba la segunda ca\u00edda del d\u00eda y abandonaba la carrera, despu\u00e9s de un error en la curva 10.<\/p>\n\n\n\n<h2 class=\"wp-block-heading has-normal-font-size\">Mitad de la prueba<\/h2>\n\n\n\n<p>Llegaba el ecuador de la carrera y el italiano marcaba un gran ritmo que Alex M\u00e1rquez no pod\u00eda seguir. Eran casi de dos segundos de ventaja en lo m\u00e1s alto. Quartararo mientras segu\u00eda con problemas con su Yamaha y un susto que salvaba le hac\u00edan perder una posici\u00f3n.<\/p>\n\n\n\n<p>A cinco vueltas del final, Bezzecchi&nbsp;segu\u00eda gestionando y se encaminaba directo a su segunda victoria de la temporada. Mientras se escapaba, la emoci\u00f3n quedaba en la lucha por la sexta plaza entre los franceses Zarco y Quartararo.<\/p>\n\n\n\n<p>Ondeaba la carrera de cuadros y Bezzecchi se llevaba una merecedora victoria en Portugal, demostrando que \u00e9l tambi\u00e9n quiere ser el tercero del campeonato. Le acompa\u00f1aban en el podio&nbsp;\u00c1lex M\u00e1rquez con la segunda posici\u00f3n y cerraba el podio Pedro Acosta en los resultados del GP de Portugal.<\/p>\n\n\n\n<h2 class=\"wp-block-heading has-normal-font-size\">Resultados finales del GP de Portugal<\/h2>\n\n\n\n<ol class=\"wp-block-list\">\n<li>Marco Bezzechi <\/li>\n\n\n\n<li>\u00c1lex M\u00e1rquez <\/li>\n\n\n\n<li>Pedro Acosta <\/li>\n\n\n\n<li>Ferm\u00edn Aldeguer <\/li>\n\n\n\n<li>Brad Binder <\/li>\n\n\n\n<li>Fabio Quartararo<\/li>\n\n\n\n<li>Ai Ogura<\/li>\n\n\n\n<li>Fabio Di Giannantonio<\/li>\n\n\n\n<li>Johann Zarco<\/li>\n\n\n\n<li>Pol Espargar\u00f3<\/li>\n<\/ol>\n\n\n\n<figure class=\"wp-block-image size-large\"><img loading=\"lazy\" decoding=\"async\" width=\"1024\" height=\"683\" src=\"https:\/\/www.firstlapf1.com\/wp-content\/uploads\/2025\/11\/1000066493-1024x683.jpg\" alt=\"\" class=\"wp-image-17012\" srcset=\"https:\/\/www.firstlapf1.com\/wp-content\/uploads\/2025\/11\/1000066493-1024x683.jpg 1024w, https:\/\/www.firstlapf1.com\/wp-content\/uploads\/2025\/11\/1000066493-300x200.jpg 300w, https:\/\/www.firstlapf1.com\/wp-content\/uploads\/2025\/11\/1000066493-768x512.jpg 768w, https:\/\/www.firstlapf1.com\/wp-content\/uploads\/2025\/11\/1000066493-1536x1024.jpg 1536w, https:\/\/www.firstlapf1.com\/wp-content\/uploads\/2025\/11\/1000066493-18x12.jpg 18w, https:\/\/www.firstlapf1.com\/wp-content\/uploads\/2025\/11\/1000066493.jpg 1800w\" sizes=\"auto, (max-width: 1024px) 100vw, 1024px\" \/><figcaption class=\"wp-element-caption\">Fuente: Michelin Motorsport en X (fuente portada: MotoGP en X)<\/figcaption><\/figure>","protected":false},"excerpt":{"rendered":"<p>Bezzecchi impone su ritmo en una carrera controlada en Portimao, con \u00c1lex y Acosta completando el podio en los resultados del GP de Portugal &hellip; <span class=\"more-button\"><a href=\"https:\/\/www.firstlapf1.com\/en\/resultados-gp-portugal-bezzecchi-firma-una-victoria-merecida-en-portimao\/\" class=\"more-link\">Continue reading<span class=\"screen-reader-text\">Resultados GP Portugal: Bezzecchi firma una victoria merecida en Portimao<\/span><\/a><\/span><\/p>","protected":false},"author":82,"featured_media":17014,"comment_status":"closed","ping_status":"open","sticky":false,"template":"","format":"standard","meta":{"_jetpack_memberships_contains_paid_content":false,"footnotes":""},"categories":[106,113,101,115],"tags":[],"class_list":["post-17007","post","type-post","status-publish","format-standard","has-post-thumbnail","hentry","category-aprilia","category-circuitos-motogp","category-motogp","category-portugal"],"yoast_head":"<!-- This site is optimized with the Yoast SEO plugin v27.0 - https:\/\/yoast.com\/product\/yoast-seo-wordpress\/ -->\n<title>Resultados GP Portugal: Bezzecchi firma una victoria merecida en Portimao - Noticias F1 en espa\u00f1ol<\/title>\n<meta name=\"description\" content=\"Bezzecchi impone su ritmo en una carrera controlada en Portimao, con \u00c1lex y Acosta completando el podio en los resultados del GP de Portugal\" \/>\n<meta name=\"robots\" content=\"index, follow, max-snippet:-1, max-image-preview:large, max-video-preview:-1\" \/>\n<link rel=\"canonical\" href=\"https:\/\/www.firstlapf1.com\/en\/resultados-gp-portugal-bezzecchi-firma-una-victoria-merecida-en-portimao\/\" \/>\n<meta property=\"og:locale\" content=\"en_GB\" \/>\n<meta property=\"og:type\" content=\"article\" \/>\n<meta property=\"og:title\" content=\"Resultados GP Portugal: Bezzecchi firma una victoria merecida en Portimao - Noticias F1 en espa\u00f1ol\" \/>\n<meta property=\"og:description\" content=\"Bezzecchi impone su ritmo en una carrera controlada en Portimao, con \u00c1lex y Acosta completando el podio en los resultados del GP de Portugal\" \/>\n<meta property=\"og:url\" content=\"https:\/\/www.firstlapf1.com\/en\/resultados-gp-portugal-bezzecchi-firma-una-victoria-merecida-en-portimao\/\" \/>\n<meta property=\"og:site_name\" content=\"Noticias F1 en espa\u00f1ol\" \/>\n<meta property=\"article:published_time\" content=\"2025-11-09T14:49:34+00:00\" \/>\n<meta property=\"article:modified_time\" content=\"2025-11-09T14:49:36+00:00\" \/>\n<meta property=\"og:image\" content=\"https:\/\/www.firstlapf1.com\/wp-content\/uploads\/2025\/11\/20251109_144755.jpg\" \/>\n\t<meta property=\"og:image:width\" content=\"1638\" \/>\n\t<meta property=\"og:image:height\" content=\"2048\" \/>\n\t<meta property=\"og:image:type\" content=\"image\/jpeg\" \/>\n<meta name=\"author\" content=\"J\u00falia R\u00faa\" \/>\n<meta name=\"twitter:card\" content=\"summary_large_image\" \/>\n<meta name=\"twitter:label1\" content=\"Written by\" \/>\n\t<meta name=\"twitter:data1\" content=\"J\u00falia R\u00faa\" \/>\n\t<meta name=\"twitter:label2\" content=\"Estimated reading time\" \/>\n\t<meta name=\"twitter:data2\" content=\"3 minutes\" \/>\n<script type=\"application\/ld+json\" class=\"yoast-schema-graph\">{\"@context\":\"https:\/\/schema.org\",\"@graph\":[{\"@type\":\"Article\",\"@id\":\"https:\/\/www.firstlapf1.com\/resultados-gp-portugal-bezzecchi-firma-una-victoria-merecida-en-portimao\/#article\",\"isPartOf\":{\"@id\":\"https:\/\/www.firstlapf1.com\/resultados-gp-portugal-bezzecchi-firma-una-victoria-merecida-en-portimao\/\"},\"author\":{\"name\":\"J\u00falia R\u00faa\",\"@id\":\"https:\/\/www.firstlapf1.com\/#\/schema\/person\/da143077d155ab802aab8e91ec4f262d\"},\"headline\":\"Resultados GP Portugal: Bezzecchi firma una victoria merecida en Portimao\",\"datePublished\":\"2025-11-09T14:49:34+00:00\",\"dateModified\":\"2025-11-09T14:49:36+00:00\",\"mainEntityOfPage\":{\"@id\":\"https:\/\/www.firstlapf1.com\/resultados-gp-portugal-bezzecchi-firma-una-victoria-merecida-en-portimao\/\"},\"wordCount\":527,\"image\":{\"@id\":\"https:\/\/www.firstlapf1.com\/resultados-gp-portugal-bezzecchi-firma-una-victoria-merecida-en-portimao\/#primaryimage\"},\"thumbnailUrl\":\"https:\/\/www.firstlapf1.com\/wp-content\/uploads\/2025\/11\/20251109_144755.jpg\",\"articleSection\":[\"Aprilia Racing\",\"Circuitos MotoGP\",\"Escuder\u00edas MotoGP\",\"GP Portugal (Aut\u00f3dromo Internacional de Algarve, MGP)\"],\"inLanguage\":\"en-GB\"},{\"@type\":\"WebPage\",\"@id\":\"https:\/\/www.firstlapf1.com\/resultados-gp-portugal-bezzecchi-firma-una-victoria-merecida-en-portimao\/\",\"url\":\"https:\/\/www.firstlapf1.com\/resultados-gp-portugal-bezzecchi-firma-una-victoria-merecida-en-portimao\/\",\"name\":\"Resultados GP Portugal: Bezzecchi firma una victoria merecida en Portimao - Noticias F1 en espa\u00f1ol\",\"isPartOf\":{\"@id\":\"https:\/\/www.firstlapf1.com\/#website\"},\"primaryImageOfPage\":{\"@id\":\"https:\/\/www.firstlapf1.com\/resultados-gp-portugal-bezzecchi-firma-una-victoria-merecida-en-portimao\/#primaryimage\"},\"image\":{\"@id\":\"https:\/\/www.firstlapf1.com\/resultados-gp-portugal-bezzecchi-firma-una-victoria-merecida-en-portimao\/#primaryimage\"},\"thumbnailUrl\":\"https:\/\/www.firstlapf1.com\/wp-content\/uploads\/2025\/11\/20251109_144755.jpg\",\"datePublished\":\"2025-11-09T14:49:34+00:00\",\"dateModified\":\"2025-11-09T14:49:36+00:00\",\"author\":{\"@id\":\"https:\/\/www.firstlapf1.com\/#\/schema\/person\/da143077d155ab802aab8e91ec4f262d\"},\"description\":\"Bezzecchi impone su ritmo en una carrera controlada en Portimao, con \u00c1lex y Acosta completando el podio en los resultados del GP de Portugal\",\"inLanguage\":\"en-GB\",\"potentialAction\":[{\"@type\":\"ReadAction\",\"target\":[\"https:\/\/www.firstlapf1.com\/resultados-gp-portugal-bezzecchi-firma-una-victoria-merecida-en-portimao\/\"]}]},{\"@type\":\"ImageObject\",\"inLanguage\":\"en-GB\",\"@id\":\"https:\/\/www.firstlapf1.com\/resultados-gp-portugal-bezzecchi-firma-una-victoria-merecida-en-portimao\/#primaryimage\",\"url\":\"https:\/\/www.firstlapf1.com\/wp-content\/uploads\/2025\/11\/20251109_144755.jpg\",\"contentUrl\":\"https:\/\/www.firstlapf1.com\/wp-content\/uploads\/2025\/11\/20251109_144755.jpg\",\"width\":1638,\"height\":2048},{\"@type\":\"WebSite\",\"@id\":\"https:\/\/www.firstlapf1.com\/#website\",\"url\":\"https:\/\/www.firstlapf1.com\/\",\"name\":\"Noticias F1 en espa\u00f1ol\",\"description\":\"Noticias F1 en espa\u00f1ol\",\"potentialAction\":[{\"@type\":\"SearchAction\",\"target\":{\"@type\":\"EntryPoint\",\"urlTemplate\":\"https:\/\/www.firstlapf1.com\/?s={search_term_string}\"},\"query-input\":{\"@type\":\"PropertyValueSpecification\",\"valueRequired\":true,\"valueName\":\"search_term_string\"}}],\"inLanguage\":\"en-GB\"},{\"@type\":\"Person\",\"@id\":\"https:\/\/www.firstlapf1.com\/#\/schema\/person\/da143077d155ab802aab8e91ec4f262d\",\"name\":\"J\u00falia R\u00faa\",\"image\":{\"@type\":\"ImageObject\",\"inLanguage\":\"en-GB\",\"@id\":\"https:\/\/www.firstlapf1.com\/#\/schema\/person\/image\/\",\"url\":\"https:\/\/secure.gravatar.com\/avatar\/ab3a50372b1e933b49a7f04070004263f5f840eba4f258016b63c33a36536a8b?s=96&d=mm&r=g\",\"contentUrl\":\"https:\/\/secure.gravatar.com\/avatar\/ab3a50372b1e933b49a7f04070004263f5f840eba4f258016b63c33a36536a8b?s=96&d=mm&r=g\",\"caption\":\"J\u00falia R\u00faa\"},\"sameAs\":[\"http:\/\/www.firstlapf1.com\/\"],\"url\":\"https:\/\/www.firstlapf1.com\/en\/author\/julrua\/\"}]}<\/script>\n<!-- \/ Yoast SEO plugin. -->","yoast_head_json":{"title":"Resultados GP Portugal: Bezzecchi firma una victoria merecida en Portimao - Noticias F1 en espa\u00f1ol","description":"Bezzecchi impone su ritmo en una carrera controlada en Portimao, con \u00c1lex y Acosta completando el podio en los resultados del GP de Portugal","robots":{"index":"index","follow":"follow","max-snippet":"max-snippet:-1","max-image-preview":"max-image-preview:large","max-video-preview":"max-video-preview:-1"},"canonical":"https:\/\/www.firstlapf1.com\/en\/resultados-gp-portugal-bezzecchi-firma-una-victoria-merecida-en-portimao\/","og_locale":"en_GB","og_type":"article","og_title":"Resultados GP Portugal: Bezzecchi firma una victoria merecida en Portimao - Noticias F1 en espa\u00f1ol","og_description":"Bezzecchi impone su ritmo en una carrera controlada en Portimao, con \u00c1lex y Acosta completando el podio en los resultados del GP de Portugal","og_url":"https:\/\/www.firstlapf1.com\/en\/resultados-gp-portugal-bezzecchi-firma-una-victoria-merecida-en-portimao\/","og_site_name":"Noticias F1 en espa\u00f1ol","article_published_time":"2025-11-09T14:49:34+00:00","article_modified_time":"2025-11-09T14:49:36+00:00","og_image":[{"width":1638,"height":2048,"url":"https:\/\/www.firstlapf1.com\/wp-content\/uploads\/2025\/11\/20251109_144755.jpg","type":"image\/jpeg"}],"author":"J\u00falia R\u00faa","twitter_card":"summary_large_image","twitter_misc":{"Written by":"J\u00falia R\u00faa","Estimated reading time":"3 minutes"},"schema":{"@context":"https:\/\/schema.org","@graph":[{"@type":"Article","@id":"https:\/\/www.firstlapf1.com\/resultados-gp-portugal-bezzecchi-firma-una-victoria-merecida-en-portimao\/#article","isPartOf":{"@id":"https:\/\/www.firstlapf1.com\/resultados-gp-portugal-bezzecchi-firma-una-victoria-merecida-en-portimao\/"},"author":{"name":"J\u00falia R\u00faa","@id":"https:\/\/www.firstlapf1.com\/#\/schema\/person\/da143077d155ab802aab8e91ec4f262d"},"headline":"Resultados GP Portugal: Bezzecchi firma una victoria merecida en Portimao","datePublished":"2025-11-09T14:49:34+00:00","dateModified":"2025-11-09T14:49:36+00:00","mainEntityOfPage":{"@id":"https:\/\/www.firstlapf1.com\/resultados-gp-portugal-bezzecchi-firma-una-victoria-merecida-en-portimao\/"},"wordCount":527,"image":{"@id":"https:\/\/www.firstlapf1.com\/resultados-gp-portugal-bezzecchi-firma-una-victoria-merecida-en-portimao\/#primaryimage"},"thumbnailUrl":"https:\/\/www.firstlapf1.com\/wp-content\/uploads\/2025\/11\/20251109_144755.jpg","articleSection":["Aprilia Racing","Circuitos MotoGP","Escuder\u00edas MotoGP","GP Portugal (Aut\u00f3dromo Internacional de Algarve, MGP)"],"inLanguage":"en-GB"},{"@type":"WebPage","@id":"https:\/\/www.firstlapf1.com\/resultados-gp-portugal-bezzecchi-firma-una-victoria-merecida-en-portimao\/","url":"https:\/\/www.firstlapf1.com\/resultados-gp-portugal-bezzecchi-firma-una-victoria-merecida-en-portimao\/","name":"Resultados GP Portugal: Bezzecchi firma una victoria merecida en Portimao - Noticias F1 en espa\u00f1ol","isPartOf":{"@id":"https:\/\/www.firstlapf1.com\/#website"},"primaryImageOfPage":{"@id":"https:\/\/www.firstlapf1.com\/resultados-gp-portugal-bezzecchi-firma-una-victoria-merecida-en-portimao\/#primaryimage"},"image":{"@id":"https:\/\/www.firstlapf1.com\/resultados-gp-portugal-bezzecchi-firma-una-victoria-merecida-en-portimao\/#primaryimage"},"thumbnailUrl":"https:\/\/www.firstlapf1.com\/wp-content\/uploads\/2025\/11\/20251109_144755.jpg","datePublished":"2025-11-09T14:49:34+00:00","dateModified":"2025-11-09T14:49:36+00:00","author":{"@id":"https:\/\/www.firstlapf1.com\/#\/schema\/person\/da143077d155ab802aab8e91ec4f262d"},"description":"Bezzecchi impone su ritmo en una carrera controlada en Portimao, con \u00c1lex y Acosta completando el podio en los resultados del GP de Portugal","inLanguage":"en-GB","potentialAction":[{"@type":"ReadAction","target":["https:\/\/www.firstlapf1.com\/resultados-gp-portugal-bezzecchi-firma-una-victoria-merecida-en-portimao\/"]}]},{"@type":"ImageObject","inLanguage":"en-GB","@id":"https:\/\/www.firstlapf1.com\/resultados-gp-portugal-bezzecchi-firma-una-victoria-merecida-en-portimao\/#primaryimage","url":"https:\/\/www.firstlapf1.com\/wp-content\/uploads\/2025\/11\/20251109_144755.jpg","contentUrl":"https:\/\/www.firstlapf1.com\/wp-content\/uploads\/2025\/11\/20251109_144755.jpg","width":1638,"height":2048},{"@type":"WebSite","@id":"https:\/\/www.firstlapf1.com\/#website","url":"https:\/\/www.firstlapf1.com\/","name":"Noticias F1 en espa\u00f1ol","description":"Noticias F1 en espa\u00f1ol","potentialAction":[{"@type":"SearchAction","target":{"@type":"EntryPoint","urlTemplate":"https:\/\/www.firstlapf1.com\/?s={search_term_string}"},"query-input":{"@type":"PropertyValueSpecification","valueRequired":true,"valueName":"search_term_string"}}],"inLanguage":"en-GB"},{"@type":"Person","@id":"https:\/\/www.firstlapf1.com\/#\/schema\/person\/da143077d155ab802aab8e91ec4f262d","name":"J\u00falia R\u00faa","image":{"@type":"ImageObject","inLanguage":"en-GB","@id":"https:\/\/www.firstlapf1.com\/#\/schema\/person\/image\/","url":"https:\/\/secure.gravatar.com\/avatar\/ab3a50372b1e933b49a7f04070004263f5f840eba4f258016b63c33a36536a8b?s=96&d=mm&r=g","contentUrl":"https:\/\/secure.gravatar.com\/avatar\/ab3a50372b1e933b49a7f04070004263f5f840eba4f258016b63c33a36536a8b?s=96&d=mm&r=g","caption":"J\u00falia R\u00faa"},"sameAs":["http:\/\/www.firstlapf1.com\/"],"url":"https:\/\/www.firstlapf1.com\/en\/author\/julrua\/"}]}},"jetpack_featured_media_url":"https:\/\/www.firstlapf1.com\/wp-content\/uploads\/2025\/11\/20251109_144755.jpg","jetpack_sharing_enabled":true,"_links":{"self":[{"href":"https:\/\/www.firstlapf1.com\/en\/wp-json\/wp\/v2\/posts\/17007","targetHints":{"allow":["GET"]}}],"collection":[{"href":"https:\/\/www.firstlapf1.com\/en\/wp-json\/wp\/v2\/posts"}],"about":[{"href":"https:\/\/www.firstlapf1.com\/en\/wp-json\/wp\/v2\/types\/post"}],"author":[{"embeddable":true,"href":"https:\/\/www.firstlapf1.com\/en\/wp-json\/wp\/v2\/users\/82"}],"replies":[{"embeddable":true,"href":"https:\/\/www.firstlapf1.com\/en\/wp-json\/wp\/v2\/comments?post=17007"}],"version-history":[{"count":3,"href":"https:\/\/www.firstlapf1.com\/en\/wp-json\/wp\/v2\/posts\/17007\/revisions"}],"predecessor-version":[{"id":17015,"href":"https:\/\/www.firstlapf1.com\/en\/wp-json\/wp\/v2\/posts\/17007\/revisions\/17015"}],"wp:featuredmedia":[{"embeddable":true,"href":"https:\/\/www.firstlapf1.com\/en\/wp-json\/wp\/v2\/media\/17014"}],"wp:attachment":[{"href":"https:\/\/www.firstlapf1.com\/en\/wp-json\/wp\/v2\/media?parent=17007"}],"wp:term":[{"taxonomy":"category","embeddable":true,"href":"https:\/\/www.firstlapf1.com\/en\/wp-json\/wp\/v2\/categories?post=17007"},{"taxonomy":"post_tag","embeddable":true,"href":"https:\/\/www.firstlapf1.com\/en\/wp-json\/wp\/v2\/tags?post=17007"}],"curies":[{"name":"wp","href":"https:\/\/api.w.org\/{rel}","templated":true}]}}