{"id":16939,"date":"2025-11-07T16:51:36","date_gmt":"2025-11-07T16:51:36","guid":{"rendered":"https:\/\/www.firstlapf1.com\/?p=16939"},"modified":"2025-11-07T16:51:39","modified_gmt":"2025-11-07T16:51:39","slug":"resultados-practica-marquez-sigue-en-su-linea-y-se-lleva-el-mejor-tiempo","status":"publish","type":"post","link":"https:\/\/www.firstlapf1.com\/en\/resultados-practica-marquez-sigue-en-su-linea-y-se-lleva-el-mejor-tiempo\/","title":{"rendered":"Resultados Pr\u00e1ctica: M\u00e1rquez sigue en su l\u00ednea y se lleva el mejor tiempo"},"content":{"rendered":"<h2 class=\"wp-block-heading\">\u00c1lex mantiene su buen estado de forma y lidera los resultados de la pr\u00e1ctica, por delante de Pecco Bagnaia y Pedro Acosta<\/h2>\n\n\n\n<p>La sesi\u00f3n de pr\u00e1ctica del <a href=\"https:\/\/www.firstlapf1.com\/en\/category\/portugal\/\" target=\"_blank\" rel=\"noreferrer noopener\">Gran Premio de Portugal<\/a> empezaba con mucha expectaci\u00f3n en el circuito de Portimao, donde los pilotos de MotoGP dispon\u00edan de 60 minutos decisivos para lograr un pase directo a la <a href=\"https:\/\/www.motogp.com\/en\" target=\"_blank\" rel=\"noreferrer noopener\">Q2<\/a>.<\/p>\n\n\n\n<p>La jornada iniciaba con dudas, sobre Ra\u00fal Fern\u00e1ndez, que tuvo un accidente en la curva 1 esta misma ma\u00f1ana durante la FP1. Fue trasladado al hospital, pero todo qued\u00f3 en un susto y estaba apto para competir.<\/p>\n\n\n\n<p>Desde los primeros minutos, los tiempos bajaban r\u00e1pidamente. \u00c1lex M\u00e1rquez fue uno de los m\u00e1s destacados, marcando un impresionante 1:38.272 a m\u00e1s de seis d\u00e9cimas por delante de Brad Binder, quien era segundo.<\/p>\n\n\n\n<figure class=\"wp-block-image size-large\"><img loading=\"lazy\" decoding=\"async\" width=\"1024\" height=\"683\" src=\"https:\/\/www.firstlapf1.com\/wp-content\/uploads\/2025\/11\/1000066099-1024x683.jpg\" alt=\"\" class=\"wp-image-16954\" srcset=\"https:\/\/www.firstlapf1.com\/wp-content\/uploads\/2025\/11\/1000066099-1024x683.jpg 1024w, https:\/\/www.firstlapf1.com\/wp-content\/uploads\/2025\/11\/1000066099-300x200.jpg 300w, https:\/\/www.firstlapf1.com\/wp-content\/uploads\/2025\/11\/1000066099-768x512.jpg 768w, https:\/\/www.firstlapf1.com\/wp-content\/uploads\/2025\/11\/1000066099-1536x1024.jpg 1536w, https:\/\/www.firstlapf1.com\/wp-content\/uploads\/2025\/11\/1000066099-18x12.jpg 18w, https:\/\/www.firstlapf1.com\/wp-content\/uploads\/2025\/11\/1000066099.jpg 1800w\" sizes=\"auto, (max-width: 1024px) 100vw, 1024px\" \/><figcaption class=\"wp-element-caption\">Fuente: Michelin Motorsport en X<\/figcaption><\/figure>\n\n\n\n<p>Pecco Bagnaia, tras una ma\u00f1ana discreta, logr\u00f3 colocarse quinto, a menos de medio segundo de M\u00e1rquez. En cambio, el sustituto de Marc M\u00e1rquez con la Ducati oficial no logr\u00f3 mantener el ritmo en el momento decisivo, cayendo hasta la 15\u00aa posici\u00f3n. <\/p>\n\n\n\n<p>Mientras tanto, Pedro Acosta segu\u00eda mostrando su talento con un gran ritmo sobre su KTM. El murciano lleg\u00f3 a quedarse a solo dos d\u00e9cimas del tiempo de \u00c1lex M\u00e1rquez, arriesgando al m\u00e1ximo en busca de su primera victoria en MotoGP.<\/p>\n\n\n\n<h2 class=\"wp-block-heading has-normal-font-size\">Empezaban las complicaciones<\/h2>\n\n\n\n<p>La sesi\u00f3n, sin embargo, no estuvo exenta de incidentes. Franco Morbidelli y Luca Marini protagonizaron ca\u00eddas consecutivas en la curva 13, aunque ambos pilotos se levantaron  y regresaban r\u00e1pidamente al trazado con su segunda moto y poder acabar la sesi\u00f3n de pr\u00e0ctica. A falta de 18 minutos para el final, Jack Miller tambi\u00e9n se fue al suelo, justo cuando las primeras gotas de lluvia empezaban a aparecer sobre el trazado portugu\u00e9s.<\/p>\n\n\n\n<p>A 15 minutos del final Pedro Acosta decid\u00eda salir del pit y arriesgar. Primero se qued\u00f3 a mil\u00e9simas del tiempo de \u00c1lex M\u00e1rquez, pero finalmente la apuesta del joven murciano le sali\u00f3 perfecta.<\/p>\n\n\n\n<p>Acosta firmaba un espectacular 1:38.062, rebajando en dos d\u00e9cimas el crono de M\u00e1rquez y coloc\u00e1ndose al frente de la tabla de tiempos. Detr\u00e1s, Di Giannantonio tambi\u00e9n aprovech\u00f3 el momento para escalar hasta la tercera posici\u00f3n. A 8 minutos del final el de Cervera se marca un \u00faltimo sector grandioso para arrebatarle el mejor tiempo Acosta por tan solo 88 mil\u00e9simas. El duelo que se viene con los dos espa\u00f1oles en Portimao promete emociones fuertes.<\/p>\n\n\n\n<p>Pocos minutos despu\u00e9s Joan Mir&nbsp;consegu\u00eda mejorar el tiempo de Zarco y arrebatarle la tercera posici\u00f3n. Aunque a este no le iba a durar mucho ya que Bezzecchi venia con fuerza desde una<\/p>\n\n\n\n<p>Terminaban los resultados de la pr\u00e1ctica con los siguientes pilotos que pasaron a la Q2 directamente: \u00c1lex M\u00e1rquez, Pecco Bagnaia, Pedro Acosta, Marco Bezzecchi, Joan Mir, Johann Zarco, Fabio Di Giannantonio, Ferm\u00edn Aldeguer, Pol Espargar\u00f3 y Ai Ogura.<\/p>\n\n\n\n<figure class=\"wp-block-image size-large\"><img loading=\"lazy\" decoding=\"async\" width=\"1024\" height=\"683\" src=\"https:\/\/www.firstlapf1.com\/wp-content\/uploads\/2025\/11\/1000066100-1024x683.jpg\" alt=\"\" class=\"wp-image-16953\" srcset=\"https:\/\/www.firstlapf1.com\/wp-content\/uploads\/2025\/11\/1000066100-1024x683.jpg 1024w, https:\/\/www.firstlapf1.com\/wp-content\/uploads\/2025\/11\/1000066100-300x200.jpg 300w, https:\/\/www.firstlapf1.com\/wp-content\/uploads\/2025\/11\/1000066100-768x512.jpg 768w, https:\/\/www.firstlapf1.com\/wp-content\/uploads\/2025\/11\/1000066100-1536x1024.jpg 1536w, https:\/\/www.firstlapf1.com\/wp-content\/uploads\/2025\/11\/1000066100-18x12.jpg 18w, https:\/\/www.firstlapf1.com\/wp-content\/uploads\/2025\/11\/1000066100.jpg 1800w\" sizes=\"auto, (max-width: 1024px) 100vw, 1024px\" \/><figcaption class=\"wp-element-caption\">Fuente: Michelin Motorsport en X (fuente portada: MotoGP en X)<\/figcaption><\/figure>","protected":false},"excerpt":{"rendered":"<p>\u00c1lex mantiene su buen estado de forma y lidera los resultados de la pr\u00e1ctica, por delante de Pecco Bagnaia y Pedro Acosta &hellip; <span class=\"more-button\"><a href=\"https:\/\/www.firstlapf1.com\/en\/resultados-practica-marquez-sigue-en-su-linea-y-se-lleva-el-mejor-tiempo\/\" class=\"more-link\">Continue reading<span class=\"screen-reader-text\">Resultados Pr\u00e1ctica: M\u00e1rquez sigue en su l\u00ednea y se lleva el mejor tiempo<\/span><\/a><\/span><\/p>","protected":false},"author":82,"featured_media":16955,"comment_status":"closed","ping_status":"open","sticky":false,"template":"","format":"standard","meta":{"_jetpack_memberships_contains_paid_content":false,"footnotes":""},"categories":[107,113,101,115],"tags":[],"class_list":["post-16939","post","type-post","status-publish","format-standard","has-post-thumbnail","hentry","category-gresini","category-circuitos-motogp","category-motogp","category-portugal"],"yoast_head":"<!-- This site is optimized with the Yoast SEO plugin v27.0 - https:\/\/yoast.com\/product\/yoast-seo-wordpress\/ -->\n<title>Resultados Pr\u00e1ctica: M\u00e1rquez sigue en su l\u00ednea y se lleva el mejor tiempo - Noticias F1 en espa\u00f1ol<\/title>\n<meta name=\"description\" content=\"\u00c1lex mantiene su buen estado de forma y lidera los resultados de la pr\u00e1ctica, por delante de Pecco Bagnaia y Pedro Acosta\" \/>\n<meta name=\"robots\" content=\"index, follow, max-snippet:-1, max-image-preview:large, max-video-preview:-1\" \/>\n<link rel=\"canonical\" href=\"https:\/\/www.firstlapf1.com\/en\/resultados-practica-marquez-sigue-en-su-linea-y-se-lleva-el-mejor-tiempo\/\" \/>\n<meta property=\"og:locale\" content=\"en_GB\" \/>\n<meta property=\"og:type\" content=\"article\" \/>\n<meta property=\"og:title\" content=\"Resultados Pr\u00e1ctica: M\u00e1rquez sigue en su l\u00ednea y se lleva el mejor tiempo - Noticias F1 en espa\u00f1ol\" \/>\n<meta property=\"og:description\" content=\"\u00c1lex mantiene su buen estado de forma y lidera los resultados de la pr\u00e1ctica, por delante de Pecco Bagnaia y Pedro Acosta\" \/>\n<meta property=\"og:url\" content=\"https:\/\/www.firstlapf1.com\/en\/resultados-practica-marquez-sigue-en-su-linea-y-se-lleva-el-mejor-tiempo\/\" \/>\n<meta property=\"og:site_name\" content=\"Noticias F1 en espa\u00f1ol\" \/>\n<meta property=\"article:published_time\" content=\"2025-11-07T16:51:36+00:00\" \/>\n<meta property=\"article:modified_time\" content=\"2025-11-07T16:51:39+00:00\" \/>\n<meta property=\"og:image\" content=\"https:\/\/www.firstlapf1.com\/wp-content\/uploads\/2025\/11\/20251107_173106.jpg\" \/>\n\t<meta property=\"og:image:width\" content=\"1920\" \/>\n\t<meta property=\"og:image:height\" content=\"1080\" \/>\n\t<meta property=\"og:image:type\" content=\"image\/jpeg\" \/>\n<meta name=\"author\" content=\"J\u00falia R\u00faa\" \/>\n<meta name=\"twitter:card\" content=\"summary_large_image\" \/>\n<meta name=\"twitter:label1\" content=\"Written by\" \/>\n\t<meta name=\"twitter:data1\" content=\"J\u00falia R\u00faa\" \/>\n\t<meta name=\"twitter:label2\" content=\"Estimated reading time\" \/>\n\t<meta name=\"twitter:data2\" content=\"3 minutes\" \/>\n<script type=\"application\/ld+json\" class=\"yoast-schema-graph\">{\"@context\":\"https:\/\/schema.org\",\"@graph\":[{\"@type\":\"Article\",\"@id\":\"https:\/\/www.firstlapf1.com\/resultados-practica-marquez-sigue-en-su-linea-y-se-lleva-el-mejor-tiempo\/#article\",\"isPartOf\":{\"@id\":\"https:\/\/www.firstlapf1.com\/resultados-practica-marquez-sigue-en-su-linea-y-se-lleva-el-mejor-tiempo\/\"},\"author\":{\"name\":\"J\u00falia R\u00faa\",\"@id\":\"https:\/\/www.firstlapf1.com\/#\/schema\/person\/da143077d155ab802aab8e91ec4f262d\"},\"headline\":\"Resultados Pr\u00e1ctica: M\u00e1rquez sigue en su l\u00ednea y se lleva el mejor tiempo\",\"datePublished\":\"2025-11-07T16:51:36+00:00\",\"dateModified\":\"2025-11-07T16:51:39+00:00\",\"mainEntityOfPage\":{\"@id\":\"https:\/\/www.firstlapf1.com\/resultados-practica-marquez-sigue-en-su-linea-y-se-lleva-el-mejor-tiempo\/\"},\"wordCount\":528,\"image\":{\"@id\":\"https:\/\/www.firstlapf1.com\/resultados-practica-marquez-sigue-en-su-linea-y-se-lleva-el-mejor-tiempo\/#primaryimage\"},\"thumbnailUrl\":\"https:\/\/www.firstlapf1.com\/wp-content\/uploads\/2025\/11\/20251107_173106.jpg\",\"articleSection\":[\"BK8 Gresini Racing MotoGP\",\"Circuitos MotoGP\",\"Escuder\u00edas MotoGP\",\"GP Portugal (Aut\u00f3dromo Internacional de Algarve, MGP)\"],\"inLanguage\":\"en-GB\"},{\"@type\":\"WebPage\",\"@id\":\"https:\/\/www.firstlapf1.com\/resultados-practica-marquez-sigue-en-su-linea-y-se-lleva-el-mejor-tiempo\/\",\"url\":\"https:\/\/www.firstlapf1.com\/resultados-practica-marquez-sigue-en-su-linea-y-se-lleva-el-mejor-tiempo\/\",\"name\":\"Resultados Pr\u00e1ctica: M\u00e1rquez sigue en su l\u00ednea y se lleva el mejor tiempo - Noticias F1 en espa\u00f1ol\",\"isPartOf\":{\"@id\":\"https:\/\/www.firstlapf1.com\/#website\"},\"primaryImageOfPage\":{\"@id\":\"https:\/\/www.firstlapf1.com\/resultados-practica-marquez-sigue-en-su-linea-y-se-lleva-el-mejor-tiempo\/#primaryimage\"},\"image\":{\"@id\":\"https:\/\/www.firstlapf1.com\/resultados-practica-marquez-sigue-en-su-linea-y-se-lleva-el-mejor-tiempo\/#primaryimage\"},\"thumbnailUrl\":\"https:\/\/www.firstlapf1.com\/wp-content\/uploads\/2025\/11\/20251107_173106.jpg\",\"datePublished\":\"2025-11-07T16:51:36+00:00\",\"dateModified\":\"2025-11-07T16:51:39+00:00\",\"author\":{\"@id\":\"https:\/\/www.firstlapf1.com\/#\/schema\/person\/da143077d155ab802aab8e91ec4f262d\"},\"description\":\"\u00c1lex mantiene su buen estado de forma y lidera los resultados de la pr\u00e1ctica, por delante de Pecco Bagnaia y Pedro Acosta\",\"inLanguage\":\"en-GB\",\"potentialAction\":[{\"@type\":\"ReadAction\",\"target\":[\"https:\/\/www.firstlapf1.com\/resultados-practica-marquez-sigue-en-su-linea-y-se-lleva-el-mejor-tiempo\/\"]}]},{\"@type\":\"ImageObject\",\"inLanguage\":\"en-GB\",\"@id\":\"https:\/\/www.firstlapf1.com\/resultados-practica-marquez-sigue-en-su-linea-y-se-lleva-el-mejor-tiempo\/#primaryimage\",\"url\":\"https:\/\/www.firstlapf1.com\/wp-content\/uploads\/2025\/11\/20251107_173106.jpg\",\"contentUrl\":\"https:\/\/www.firstlapf1.com\/wp-content\/uploads\/2025\/11\/20251107_173106.jpg\",\"width\":1920,\"height\":1080},{\"@type\":\"WebSite\",\"@id\":\"https:\/\/www.firstlapf1.com\/#website\",\"url\":\"https:\/\/www.firstlapf1.com\/\",\"name\":\"Noticias F1 en espa\u00f1ol\",\"description\":\"Noticias F1 en espa\u00f1ol\",\"potentialAction\":[{\"@type\":\"SearchAction\",\"target\":{\"@type\":\"EntryPoint\",\"urlTemplate\":\"https:\/\/www.firstlapf1.com\/?s={search_term_string}\"},\"query-input\":{\"@type\":\"PropertyValueSpecification\",\"valueRequired\":true,\"valueName\":\"search_term_string\"}}],\"inLanguage\":\"en-GB\"},{\"@type\":\"Person\",\"@id\":\"https:\/\/www.firstlapf1.com\/#\/schema\/person\/da143077d155ab802aab8e91ec4f262d\",\"name\":\"J\u00falia R\u00faa\",\"image\":{\"@type\":\"ImageObject\",\"inLanguage\":\"en-GB\",\"@id\":\"https:\/\/www.firstlapf1.com\/#\/schema\/person\/image\/\",\"url\":\"https:\/\/secure.gravatar.com\/avatar\/ab3a50372b1e933b49a7f04070004263f5f840eba4f258016b63c33a36536a8b?s=96&d=mm&r=g\",\"contentUrl\":\"https:\/\/secure.gravatar.com\/avatar\/ab3a50372b1e933b49a7f04070004263f5f840eba4f258016b63c33a36536a8b?s=96&d=mm&r=g\",\"caption\":\"J\u00falia R\u00faa\"},\"sameAs\":[\"http:\/\/www.firstlapf1.com\/\"],\"url\":\"https:\/\/www.firstlapf1.com\/en\/author\/julrua\/\"}]}<\/script>\n<!-- \/ Yoast SEO plugin. -->","yoast_head_json":{"title":"Resultados Pr\u00e1ctica: M\u00e1rquez sigue en su l\u00ednea y se lleva el mejor tiempo - Noticias F1 en espa\u00f1ol","description":"\u00c1lex mantiene su buen estado de forma y lidera los resultados de la pr\u00e1ctica, por delante de Pecco Bagnaia y Pedro Acosta","robots":{"index":"index","follow":"follow","max-snippet":"max-snippet:-1","max-image-preview":"max-image-preview:large","max-video-preview":"max-video-preview:-1"},"canonical":"https:\/\/www.firstlapf1.com\/en\/resultados-practica-marquez-sigue-en-su-linea-y-se-lleva-el-mejor-tiempo\/","og_locale":"en_GB","og_type":"article","og_title":"Resultados Pr\u00e1ctica: M\u00e1rquez sigue en su l\u00ednea y se lleva el mejor tiempo - Noticias F1 en espa\u00f1ol","og_description":"\u00c1lex mantiene su buen estado de forma y lidera los resultados de la pr\u00e1ctica, por delante de Pecco Bagnaia y Pedro Acosta","og_url":"https:\/\/www.firstlapf1.com\/en\/resultados-practica-marquez-sigue-en-su-linea-y-se-lleva-el-mejor-tiempo\/","og_site_name":"Noticias F1 en espa\u00f1ol","article_published_time":"2025-11-07T16:51:36+00:00","article_modified_time":"2025-11-07T16:51:39+00:00","og_image":[{"width":1920,"height":1080,"url":"https:\/\/www.firstlapf1.com\/wp-content\/uploads\/2025\/11\/20251107_173106.jpg","type":"image\/jpeg"}],"author":"J\u00falia R\u00faa","twitter_card":"summary_large_image","twitter_misc":{"Written by":"J\u00falia R\u00faa","Estimated reading time":"3 minutes"},"schema":{"@context":"https:\/\/schema.org","@graph":[{"@type":"Article","@id":"https:\/\/www.firstlapf1.com\/resultados-practica-marquez-sigue-en-su-linea-y-se-lleva-el-mejor-tiempo\/#article","isPartOf":{"@id":"https:\/\/www.firstlapf1.com\/resultados-practica-marquez-sigue-en-su-linea-y-se-lleva-el-mejor-tiempo\/"},"author":{"name":"J\u00falia R\u00faa","@id":"https:\/\/www.firstlapf1.com\/#\/schema\/person\/da143077d155ab802aab8e91ec4f262d"},"headline":"Resultados Pr\u00e1ctica: M\u00e1rquez sigue en su l\u00ednea y se lleva el mejor tiempo","datePublished":"2025-11-07T16:51:36+00:00","dateModified":"2025-11-07T16:51:39+00:00","mainEntityOfPage":{"@id":"https:\/\/www.firstlapf1.com\/resultados-practica-marquez-sigue-en-su-linea-y-se-lleva-el-mejor-tiempo\/"},"wordCount":528,"image":{"@id":"https:\/\/www.firstlapf1.com\/resultados-practica-marquez-sigue-en-su-linea-y-se-lleva-el-mejor-tiempo\/#primaryimage"},"thumbnailUrl":"https:\/\/www.firstlapf1.com\/wp-content\/uploads\/2025\/11\/20251107_173106.jpg","articleSection":["BK8 Gresini Racing MotoGP","Circuitos MotoGP","Escuder\u00edas MotoGP","GP Portugal (Aut\u00f3dromo Internacional de Algarve, MGP)"],"inLanguage":"en-GB"},{"@type":"WebPage","@id":"https:\/\/www.firstlapf1.com\/resultados-practica-marquez-sigue-en-su-linea-y-se-lleva-el-mejor-tiempo\/","url":"https:\/\/www.firstlapf1.com\/resultados-practica-marquez-sigue-en-su-linea-y-se-lleva-el-mejor-tiempo\/","name":"Resultados Pr\u00e1ctica: M\u00e1rquez sigue en su l\u00ednea y se lleva el mejor tiempo - Noticias F1 en espa\u00f1ol","isPartOf":{"@id":"https:\/\/www.firstlapf1.com\/#website"},"primaryImageOfPage":{"@id":"https:\/\/www.firstlapf1.com\/resultados-practica-marquez-sigue-en-su-linea-y-se-lleva-el-mejor-tiempo\/#primaryimage"},"image":{"@id":"https:\/\/www.firstlapf1.com\/resultados-practica-marquez-sigue-en-su-linea-y-se-lleva-el-mejor-tiempo\/#primaryimage"},"thumbnailUrl":"https:\/\/www.firstlapf1.com\/wp-content\/uploads\/2025\/11\/20251107_173106.jpg","datePublished":"2025-11-07T16:51:36+00:00","dateModified":"2025-11-07T16:51:39+00:00","author":{"@id":"https:\/\/www.firstlapf1.com\/#\/schema\/person\/da143077d155ab802aab8e91ec4f262d"},"description":"\u00c1lex mantiene su buen estado de forma y lidera los resultados de la pr\u00e1ctica, por delante de Pecco Bagnaia y Pedro Acosta","inLanguage":"en-GB","potentialAction":[{"@type":"ReadAction","target":["https:\/\/www.firstlapf1.com\/resultados-practica-marquez-sigue-en-su-linea-y-se-lleva-el-mejor-tiempo\/"]}]},{"@type":"ImageObject","inLanguage":"en-GB","@id":"https:\/\/www.firstlapf1.com\/resultados-practica-marquez-sigue-en-su-linea-y-se-lleva-el-mejor-tiempo\/#primaryimage","url":"https:\/\/www.firstlapf1.com\/wp-content\/uploads\/2025\/11\/20251107_173106.jpg","contentUrl":"https:\/\/www.firstlapf1.com\/wp-content\/uploads\/2025\/11\/20251107_173106.jpg","width":1920,"height":1080},{"@type":"WebSite","@id":"https:\/\/www.firstlapf1.com\/#website","url":"https:\/\/www.firstlapf1.com\/","name":"Noticias F1 en espa\u00f1ol","description":"Noticias F1 en espa\u00f1ol","potentialAction":[{"@type":"SearchAction","target":{"@type":"EntryPoint","urlTemplate":"https:\/\/www.firstlapf1.com\/?s={search_term_string}"},"query-input":{"@type":"PropertyValueSpecification","valueRequired":true,"valueName":"search_term_string"}}],"inLanguage":"en-GB"},{"@type":"Person","@id":"https:\/\/www.firstlapf1.com\/#\/schema\/person\/da143077d155ab802aab8e91ec4f262d","name":"J\u00falia R\u00faa","image":{"@type":"ImageObject","inLanguage":"en-GB","@id":"https:\/\/www.firstlapf1.com\/#\/schema\/person\/image\/","url":"https:\/\/secure.gravatar.com\/avatar\/ab3a50372b1e933b49a7f04070004263f5f840eba4f258016b63c33a36536a8b?s=96&d=mm&r=g","contentUrl":"https:\/\/secure.gravatar.com\/avatar\/ab3a50372b1e933b49a7f04070004263f5f840eba4f258016b63c33a36536a8b?s=96&d=mm&r=g","caption":"J\u00falia R\u00faa"},"sameAs":["http:\/\/www.firstlapf1.com\/"],"url":"https:\/\/www.firstlapf1.com\/en\/author\/julrua\/"}]}},"jetpack_featured_media_url":"https:\/\/www.firstlapf1.com\/wp-content\/uploads\/2025\/11\/20251107_173106.jpg","jetpack_sharing_enabled":true,"_links":{"self":[{"href":"https:\/\/www.firstlapf1.com\/en\/wp-json\/wp\/v2\/posts\/16939","targetHints":{"allow":["GET"]}}],"collection":[{"href":"https:\/\/www.firstlapf1.com\/en\/wp-json\/wp\/v2\/posts"}],"about":[{"href":"https:\/\/www.firstlapf1.com\/en\/wp-json\/wp\/v2\/types\/post"}],"author":[{"embeddable":true,"href":"https:\/\/www.firstlapf1.com\/en\/wp-json\/wp\/v2\/users\/82"}],"replies":[{"embeddable":true,"href":"https:\/\/www.firstlapf1.com\/en\/wp-json\/wp\/v2\/comments?post=16939"}],"version-history":[{"count":4,"href":"https:\/\/www.firstlapf1.com\/en\/wp-json\/wp\/v2\/posts\/16939\/revisions"}],"predecessor-version":[{"id":16957,"href":"https:\/\/www.firstlapf1.com\/en\/wp-json\/wp\/v2\/posts\/16939\/revisions\/16957"}],"wp:featuredmedia":[{"embeddable":true,"href":"https:\/\/www.firstlapf1.com\/en\/wp-json\/wp\/v2\/media\/16955"}],"wp:attachment":[{"href":"https:\/\/www.firstlapf1.com\/en\/wp-json\/wp\/v2\/media?parent=16939"}],"wp:term":[{"taxonomy":"category","embeddable":true,"href":"https:\/\/www.firstlapf1.com\/en\/wp-json\/wp\/v2\/categories?post=16939"},{"taxonomy":"post_tag","embeddable":true,"href":"https:\/\/www.firstlapf1.com\/en\/wp-json\/wp\/v2\/tags?post=16939"}],"curies":[{"name":"wp","href":"https:\/\/api.w.org\/{rel}","templated":true}]}}