{"id":16878,"date":"2025-10-27T15:22:03","date_gmt":"2025-10-27T15:22:03","guid":{"rendered":"https:\/\/www.firstlapf1.com\/?p=16878"},"modified":"2025-10-27T15:22:07","modified_gmt":"2025-10-27T15:22:07","slug":"oficial-nandhavud-bhirombhakdi-estrena-el-trio-de-dams","status":"publish","type":"post","link":"https:\/\/www.firstlapf1.com\/en\/oficial-nandhavud-bhirombhakdi-estrena-el-trio-de-dams\/","title":{"rendered":"OFICIAL: Nandhavud Bhirombhakdi estrena el tr\u00edo de DAMS"},"content":{"rendered":"<h2 class=\"wp-block-heading\">El piloto tailand\u00e9s Nandhavud Bhirombhakdi es el primero confirmado por el equipo franc\u00e9s para la F\u00f3rmula 3 2026<\/h2>\n\n\n\n<p>Una vez terminada la postemporada, los equipos valoran los resultados y decidir\u00e1n si continuar con esos pilotos o buscan a otros. En el caso de <a href=\"https:\/\/www.firstlapf1.com\/en\/category\/dams-2\/\" target=\"_blank\" rel=\"noreferrer noopener\">DAMS<\/a>, han optado por seguir con los servicios de Nandhavud Bhirombhakdi, siendo el primer piloto del tr\u00edo de la escuder\u00eda gala, con dos m\u00e1s a\u00fan por confirmar.<\/p>\n\n\n\n<h2 class=\"wp-block-heading has-normal-font-size\">Declaraciones<\/h2>\n\n\n\n<p>Nandhavud Bhirombhakdi:<\/p>\n\n\n\n<p><strong>\u00bbEstoy muy emocionado por unirme a DAMS para la temporada 2026 de F3. Quiero agradecer al equipo por la oportunidad y no puedo esperar a empezar.\u00bb<\/strong><\/p>\n\n\n\n<p>Charles Pic, Due\u00f1o de DAMS:<\/p>\n\n\n\n<p><strong>\u00bbEstamos encantados de dar la bienvenida a Jem a la familia de DAMS. Ha demostrado una fuerte \u00e9tica de trabajo y un gran potencial para su edad, por lo que tenemos ganas de enfrentarnos a los retos de una temporada de F3 mientras apoyamos su progresi\u00f3n.\u00bb<\/strong><\/p>\n\n\n\n<h2 class=\"wp-block-heading has-normal-font-size\">Trayectoria<\/h2>\n\n\n\n<p>Nandhavud debut\u00f3 en los monoplazas hace tres a\u00f1os, en 2022, cuando compiti\u00f3 en la F4 Emirat\u00ed, en la F4 ADAC y en la F4 Italiana. Al a\u00f1o siguiente, repiti\u00f3 F4 Emirat\u00ed y F4 Italiana, y fue rookie en la F4 Checa y en la Euro 4. El a\u00f1o pasado dio el salto a la f\u00f3rmula regional, corriendo en la FRECA. Esta temporada ha vuelto a la FRECA, competici\u00f3n que termin\u00f3 el pasado fin de semana. En estos tres a\u00f1os, Bhirombhakdi s\u00f3lo ha logrado un podio en la F4 Checa 2023, siendo segundo en el GP de Austria.<\/p>\n\n\n\n<p>No ser\u00e1 la primera experiencia del piloto en la categor\u00eda de bronce. Durante este mes de octubre, se han celebrado los tests postemporada en Jerez, Barcelona e Imola. Como mejor resultado, Nandhavud Bhirombhakdi consigui\u00f3 quedar vig\u00e9simo, tanto en Barcelona como en Imola, ambos resultados en el primer d\u00eda de los <a href=\"https:\/\/www.fiaformula3.com\/\" target=\"_blank\" rel=\"noreferrer noopener\">tests<\/a>.<\/p>\n\n\n\n<figure class=\"wp-block-image size-large\"><img loading=\"lazy\" decoding=\"async\" width=\"819\" height=\"1024\" src=\"https:\/\/www.firstlapf1.com\/wp-content\/uploads\/2025\/10\/1000063820-819x1024.jpg\" alt=\"\" class=\"wp-image-16880\" srcset=\"https:\/\/www.firstlapf1.com\/wp-content\/uploads\/2025\/10\/1000063820-819x1024.jpg 819w, https:\/\/www.firstlapf1.com\/wp-content\/uploads\/2025\/10\/1000063820-240x300.jpg 240w, https:\/\/www.firstlapf1.com\/wp-content\/uploads\/2025\/10\/1000063820-768x960.jpg 768w, https:\/\/www.firstlapf1.com\/wp-content\/uploads\/2025\/10\/1000063820-10x12.jpg 10w, https:\/\/www.firstlapf1.com\/wp-content\/uploads\/2025\/10\/1000063820.jpg 1080w\" sizes=\"auto, (max-width: 819px) 100vw, 819px\" \/><figcaption class=\"wp-element-caption\">Fuente: DAMS Lucas Oil en X (fuente portada: F3 en X)<\/figcaption><\/figure>","protected":false},"excerpt":{"rendered":"<p>El piloto tailand\u00e9s Nandhavud Bhirombhakdi es el primero confirmado por el equipo franc\u00e9s para la F\u00f3rmula 3 2026 &hellip; <span class=\"more-button\"><a href=\"https:\/\/www.firstlapf1.com\/en\/oficial-nandhavud-bhirombhakdi-estrena-el-trio-de-dams\/\" class=\"more-link\">Continue reading<span class=\"screen-reader-text\">OFICIAL: Nandhavud Bhirombhakdi estrena el tr\u00edo de DAMS<\/span><\/a><\/span><\/p>","protected":false},"author":2,"featured_media":16882,"comment_status":"closed","ping_status":"open","sticky":false,"template":"","format":"standard","meta":{"_jetpack_memberships_contains_paid_content":false,"footnotes":""},"categories":[144,69],"tags":[],"class_list":["post-16878","post","type-post","status-publish","format-standard","has-post-thumbnail","hentry","category-dams-2","category-f3"],"yoast_head":"<!-- This site is optimized with the Yoast SEO plugin v27.0 - https:\/\/yoast.com\/product\/yoast-seo-wordpress\/ -->\n<title>OFICIAL: Nandhavud Bhirombhakdi estrena el tr\u00edo de DAMS - Noticias F1 en espa\u00f1ol<\/title>\n<meta name=\"description\" content=\"El piloto tailand\u00e9s Nandhavud Bhirombhakdi es el primero confirmado por el equipo franc\u00e9s para la F\u00f3rmula 3 2026\" \/>\n<meta name=\"robots\" content=\"index, follow, max-snippet:-1, max-image-preview:large, max-video-preview:-1\" \/>\n<link rel=\"canonical\" href=\"https:\/\/www.firstlapf1.com\/en\/oficial-nandhavud-bhirombhakdi-estrena-el-trio-de-dams\/\" \/>\n<meta property=\"og:locale\" content=\"en_GB\" \/>\n<meta property=\"og:type\" content=\"article\" \/>\n<meta property=\"og:title\" content=\"OFICIAL: Nandhavud Bhirombhakdi estrena el tr\u00edo de DAMS - Noticias F1 en espa\u00f1ol\" \/>\n<meta property=\"og:description\" content=\"El piloto tailand\u00e9s Nandhavud Bhirombhakdi es el primero confirmado por el equipo franc\u00e9s para la F\u00f3rmula 3 2026\" \/>\n<meta property=\"og:url\" content=\"https:\/\/www.firstlapf1.com\/en\/oficial-nandhavud-bhirombhakdi-estrena-el-trio-de-dams\/\" \/>\n<meta property=\"og:site_name\" content=\"Noticias F1 en espa\u00f1ol\" \/>\n<meta property=\"article:published_time\" content=\"2025-10-27T15:22:03+00:00\" \/>\n<meta property=\"article:modified_time\" content=\"2025-10-27T15:22:07+00:00\" \/>\n<meta property=\"og:image\" content=\"https:\/\/www.firstlapf1.com\/wp-content\/uploads\/2025\/10\/20251027_104401.jpg\" \/>\n\t<meta property=\"og:image:width\" content=\"1080\" \/>\n\t<meta property=\"og:image:height\" content=\"1350\" \/>\n\t<meta property=\"og:image:type\" content=\"image\/jpeg\" \/>\n<meta name=\"author\" content=\"Miguel Lora-Paquet\" \/>\n<meta name=\"twitter:card\" content=\"summary_large_image\" \/>\n<meta name=\"twitter:label1\" content=\"Written by\" \/>\n\t<meta name=\"twitter:data1\" content=\"Miguel Lora-Paquet\" \/>\n\t<meta name=\"twitter:label2\" content=\"Estimated reading time\" \/>\n\t<meta name=\"twitter:data2\" content=\"2 minutes\" \/>\n<script type=\"application\/ld+json\" class=\"yoast-schema-graph\">{\"@context\":\"https:\/\/schema.org\",\"@graph\":[{\"@type\":\"Article\",\"@id\":\"https:\/\/www.firstlapf1.com\/oficial-nandhavud-bhirombhakdi-estrena-el-trio-de-dams\/#article\",\"isPartOf\":{\"@id\":\"https:\/\/www.firstlapf1.com\/oficial-nandhavud-bhirombhakdi-estrena-el-trio-de-dams\/\"},\"author\":{\"name\":\"Miguel Lora-Paquet\",\"@id\":\"https:\/\/www.firstlapf1.com\/#\/schema\/person\/9eca09873eecb6d7836bc1a0bbd78250\"},\"headline\":\"OFICIAL: Nandhavud Bhirombhakdi estrena el tr\u00edo de DAMS\",\"datePublished\":\"2025-10-27T15:22:03+00:00\",\"dateModified\":\"2025-10-27T15:22:07+00:00\",\"mainEntityOfPage\":{\"@id\":\"https:\/\/www.firstlapf1.com\/oficial-nandhavud-bhirombhakdi-estrena-el-trio-de-dams\/\"},\"wordCount\":335,\"image\":{\"@id\":\"https:\/\/www.firstlapf1.com\/oficial-nandhavud-bhirombhakdi-estrena-el-trio-de-dams\/#primaryimage\"},\"thumbnailUrl\":\"https:\/\/www.firstlapf1.com\/wp-content\/uploads\/2025\/10\/20251027_104401.jpg\",\"articleSection\":[\"DAMS Lucas Oil (F3)\",\"F3\"],\"inLanguage\":\"en-GB\"},{\"@type\":\"WebPage\",\"@id\":\"https:\/\/www.firstlapf1.com\/oficial-nandhavud-bhirombhakdi-estrena-el-trio-de-dams\/\",\"url\":\"https:\/\/www.firstlapf1.com\/oficial-nandhavud-bhirombhakdi-estrena-el-trio-de-dams\/\",\"name\":\"OFICIAL: Nandhavud Bhirombhakdi estrena el tr\u00edo de DAMS - Noticias F1 en espa\u00f1ol\",\"isPartOf\":{\"@id\":\"https:\/\/www.firstlapf1.com\/#website\"},\"primaryImageOfPage\":{\"@id\":\"https:\/\/www.firstlapf1.com\/oficial-nandhavud-bhirombhakdi-estrena-el-trio-de-dams\/#primaryimage\"},\"image\":{\"@id\":\"https:\/\/www.firstlapf1.com\/oficial-nandhavud-bhirombhakdi-estrena-el-trio-de-dams\/#primaryimage\"},\"thumbnailUrl\":\"https:\/\/www.firstlapf1.com\/wp-content\/uploads\/2025\/10\/20251027_104401.jpg\",\"datePublished\":\"2025-10-27T15:22:03+00:00\",\"dateModified\":\"2025-10-27T15:22:07+00:00\",\"author\":{\"@id\":\"https:\/\/www.firstlapf1.com\/#\/schema\/person\/9eca09873eecb6d7836bc1a0bbd78250\"},\"description\":\"El piloto tailand\u00e9s Nandhavud Bhirombhakdi es el primero confirmado por el equipo franc\u00e9s para la F\u00f3rmula 3 2026\",\"inLanguage\":\"en-GB\",\"potentialAction\":[{\"@type\":\"ReadAction\",\"target\":[\"https:\/\/www.firstlapf1.com\/oficial-nandhavud-bhirombhakdi-estrena-el-trio-de-dams\/\"]}]},{\"@type\":\"ImageObject\",\"inLanguage\":\"en-GB\",\"@id\":\"https:\/\/www.firstlapf1.com\/oficial-nandhavud-bhirombhakdi-estrena-el-trio-de-dams\/#primaryimage\",\"url\":\"https:\/\/www.firstlapf1.com\/wp-content\/uploads\/2025\/10\/20251027_104401.jpg\",\"contentUrl\":\"https:\/\/www.firstlapf1.com\/wp-content\/uploads\/2025\/10\/20251027_104401.jpg\",\"width\":1080,\"height\":1350},{\"@type\":\"WebSite\",\"@id\":\"https:\/\/www.firstlapf1.com\/#website\",\"url\":\"https:\/\/www.firstlapf1.com\/\",\"name\":\"Noticias F1 en espa\u00f1ol\",\"description\":\"Noticias F1 en espa\u00f1ol\",\"potentialAction\":[{\"@type\":\"SearchAction\",\"target\":{\"@type\":\"EntryPoint\",\"urlTemplate\":\"https:\/\/www.firstlapf1.com\/?s={search_term_string}\"},\"query-input\":{\"@type\":\"PropertyValueSpecification\",\"valueRequired\":true,\"valueName\":\"search_term_string\"}}],\"inLanguage\":\"en-GB\"},{\"@type\":\"Person\",\"@id\":\"https:\/\/www.firstlapf1.com\/#\/schema\/person\/9eca09873eecb6d7836bc1a0bbd78250\",\"name\":\"Miguel Lora-Paquet\",\"image\":{\"@type\":\"ImageObject\",\"inLanguage\":\"en-GB\",\"@id\":\"https:\/\/www.firstlapf1.com\/#\/schema\/person\/image\/\",\"url\":\"https:\/\/www.firstlapf1.com\/wp-content\/uploads\/2022\/09\/7d393f41-126a-4a1e-bf1d-9d04e2ebc621.jpeg\",\"contentUrl\":\"https:\/\/www.firstlapf1.com\/wp-content\/uploads\/2022\/09\/7d393f41-126a-4a1e-bf1d-9d04e2ebc621.jpeg\",\"caption\":\"Miguel Lora-Paquet\"},\"url\":\"https:\/\/www.firstlapf1.com\/en\/author\/miguel\/\"}]}<\/script>\n<!-- \/ Yoast SEO plugin. -->","yoast_head_json":{"title":"OFICIAL: Nandhavud Bhirombhakdi estrena el tr\u00edo de DAMS - Noticias F1 en espa\u00f1ol","description":"El piloto tailand\u00e9s Nandhavud Bhirombhakdi es el primero confirmado por el equipo franc\u00e9s para la F\u00f3rmula 3 2026","robots":{"index":"index","follow":"follow","max-snippet":"max-snippet:-1","max-image-preview":"max-image-preview:large","max-video-preview":"max-video-preview:-1"},"canonical":"https:\/\/www.firstlapf1.com\/en\/oficial-nandhavud-bhirombhakdi-estrena-el-trio-de-dams\/","og_locale":"en_GB","og_type":"article","og_title":"OFICIAL: Nandhavud Bhirombhakdi estrena el tr\u00edo de DAMS - Noticias F1 en espa\u00f1ol","og_description":"El piloto tailand\u00e9s Nandhavud Bhirombhakdi es el primero confirmado por el equipo franc\u00e9s para la F\u00f3rmula 3 2026","og_url":"https:\/\/www.firstlapf1.com\/en\/oficial-nandhavud-bhirombhakdi-estrena-el-trio-de-dams\/","og_site_name":"Noticias F1 en espa\u00f1ol","article_published_time":"2025-10-27T15:22:03+00:00","article_modified_time":"2025-10-27T15:22:07+00:00","og_image":[{"width":1080,"height":1350,"url":"https:\/\/www.firstlapf1.com\/wp-content\/uploads\/2025\/10\/20251027_104401.jpg","type":"image\/jpeg"}],"author":"Miguel Lora-Paquet","twitter_card":"summary_large_image","twitter_misc":{"Written by":"Miguel Lora-Paquet","Estimated reading time":"2 minutes"},"schema":{"@context":"https:\/\/schema.org","@graph":[{"@type":"Article","@id":"https:\/\/www.firstlapf1.com\/oficial-nandhavud-bhirombhakdi-estrena-el-trio-de-dams\/#article","isPartOf":{"@id":"https:\/\/www.firstlapf1.com\/oficial-nandhavud-bhirombhakdi-estrena-el-trio-de-dams\/"},"author":{"name":"Miguel Lora-Paquet","@id":"https:\/\/www.firstlapf1.com\/#\/schema\/person\/9eca09873eecb6d7836bc1a0bbd78250"},"headline":"OFICIAL: Nandhavud Bhirombhakdi estrena el tr\u00edo de DAMS","datePublished":"2025-10-27T15:22:03+00:00","dateModified":"2025-10-27T15:22:07+00:00","mainEntityOfPage":{"@id":"https:\/\/www.firstlapf1.com\/oficial-nandhavud-bhirombhakdi-estrena-el-trio-de-dams\/"},"wordCount":335,"image":{"@id":"https:\/\/www.firstlapf1.com\/oficial-nandhavud-bhirombhakdi-estrena-el-trio-de-dams\/#primaryimage"},"thumbnailUrl":"https:\/\/www.firstlapf1.com\/wp-content\/uploads\/2025\/10\/20251027_104401.jpg","articleSection":["DAMS Lucas Oil (F3)","F3"],"inLanguage":"en-GB"},{"@type":"WebPage","@id":"https:\/\/www.firstlapf1.com\/oficial-nandhavud-bhirombhakdi-estrena-el-trio-de-dams\/","url":"https:\/\/www.firstlapf1.com\/oficial-nandhavud-bhirombhakdi-estrena-el-trio-de-dams\/","name":"OFICIAL: Nandhavud Bhirombhakdi estrena el tr\u00edo de DAMS - Noticias F1 en espa\u00f1ol","isPartOf":{"@id":"https:\/\/www.firstlapf1.com\/#website"},"primaryImageOfPage":{"@id":"https:\/\/www.firstlapf1.com\/oficial-nandhavud-bhirombhakdi-estrena-el-trio-de-dams\/#primaryimage"},"image":{"@id":"https:\/\/www.firstlapf1.com\/oficial-nandhavud-bhirombhakdi-estrena-el-trio-de-dams\/#primaryimage"},"thumbnailUrl":"https:\/\/www.firstlapf1.com\/wp-content\/uploads\/2025\/10\/20251027_104401.jpg","datePublished":"2025-10-27T15:22:03+00:00","dateModified":"2025-10-27T15:22:07+00:00","author":{"@id":"https:\/\/www.firstlapf1.com\/#\/schema\/person\/9eca09873eecb6d7836bc1a0bbd78250"},"description":"El piloto tailand\u00e9s Nandhavud Bhirombhakdi es el primero confirmado por el equipo franc\u00e9s para la F\u00f3rmula 3 2026","inLanguage":"en-GB","potentialAction":[{"@type":"ReadAction","target":["https:\/\/www.firstlapf1.com\/oficial-nandhavud-bhirombhakdi-estrena-el-trio-de-dams\/"]}]},{"@type":"ImageObject","inLanguage":"en-GB","@id":"https:\/\/www.firstlapf1.com\/oficial-nandhavud-bhirombhakdi-estrena-el-trio-de-dams\/#primaryimage","url":"https:\/\/www.firstlapf1.com\/wp-content\/uploads\/2025\/10\/20251027_104401.jpg","contentUrl":"https:\/\/www.firstlapf1.com\/wp-content\/uploads\/2025\/10\/20251027_104401.jpg","width":1080,"height":1350},{"@type":"WebSite","@id":"https:\/\/www.firstlapf1.com\/#website","url":"https:\/\/www.firstlapf1.com\/","name":"Noticias F1 en espa\u00f1ol","description":"Noticias F1 en espa\u00f1ol","potentialAction":[{"@type":"SearchAction","target":{"@type":"EntryPoint","urlTemplate":"https:\/\/www.firstlapf1.com\/?s={search_term_string}"},"query-input":{"@type":"PropertyValueSpecification","valueRequired":true,"valueName":"search_term_string"}}],"inLanguage":"en-GB"},{"@type":"Person","@id":"https:\/\/www.firstlapf1.com\/#\/schema\/person\/9eca09873eecb6d7836bc1a0bbd78250","name":"Miguel Lora-Paquet","image":{"@type":"ImageObject","inLanguage":"en-GB","@id":"https:\/\/www.firstlapf1.com\/#\/schema\/person\/image\/","url":"https:\/\/www.firstlapf1.com\/wp-content\/uploads\/2022\/09\/7d393f41-126a-4a1e-bf1d-9d04e2ebc621.jpeg","contentUrl":"https:\/\/www.firstlapf1.com\/wp-content\/uploads\/2022\/09\/7d393f41-126a-4a1e-bf1d-9d04e2ebc621.jpeg","caption":"Miguel Lora-Paquet"},"url":"https:\/\/www.firstlapf1.com\/en\/author\/miguel\/"}]}},"jetpack_featured_media_url":"https:\/\/www.firstlapf1.com\/wp-content\/uploads\/2025\/10\/20251027_104401.jpg","jetpack_sharing_enabled":true,"_links":{"self":[{"href":"https:\/\/www.firstlapf1.com\/en\/wp-json\/wp\/v2\/posts\/16878","targetHints":{"allow":["GET"]}}],"collection":[{"href":"https:\/\/www.firstlapf1.com\/en\/wp-json\/wp\/v2\/posts"}],"about":[{"href":"https:\/\/www.firstlapf1.com\/en\/wp-json\/wp\/v2\/types\/post"}],"author":[{"embeddable":true,"href":"https:\/\/www.firstlapf1.com\/en\/wp-json\/wp\/v2\/users\/2"}],"replies":[{"embeddable":true,"href":"https:\/\/www.firstlapf1.com\/en\/wp-json\/wp\/v2\/comments?post=16878"}],"version-history":[{"count":2,"href":"https:\/\/www.firstlapf1.com\/en\/wp-json\/wp\/v2\/posts\/16878\/revisions"}],"predecessor-version":[{"id":16881,"href":"https:\/\/www.firstlapf1.com\/en\/wp-json\/wp\/v2\/posts\/16878\/revisions\/16881"}],"wp:featuredmedia":[{"embeddable":true,"href":"https:\/\/www.firstlapf1.com\/en\/wp-json\/wp\/v2\/media\/16882"}],"wp:attachment":[{"href":"https:\/\/www.firstlapf1.com\/en\/wp-json\/wp\/v2\/media?parent=16878"}],"wp:term":[{"taxonomy":"category","embeddable":true,"href":"https:\/\/www.firstlapf1.com\/en\/wp-json\/wp\/v2\/categories?post=16878"},{"taxonomy":"post_tag","embeddable":true,"href":"https:\/\/www.firstlapf1.com\/en\/wp-json\/wp\/v2\/tags?post=16878"}],"curies":[{"name":"wp","href":"https:\/\/api.w.org\/{rel}","templated":true}]}}