{"id":16834,"date":"2025-10-25T07:37:14","date_gmt":"2025-10-25T07:37:14","guid":{"rendered":"https:\/\/www.firstlapf1.com\/?p=16834"},"modified":"2025-10-25T07:37:16","modified_gmt":"2025-10-25T07:37:16","slug":"resultados-sprint-no-hay-crisis-en-ducati","status":"publish","type":"post","link":"https:\/\/www.firstlapf1.com\/en\/resultados-sprint-no-hay-crisis-en-ducati\/","title":{"rendered":"Resultados sprint: No hay crisis en Ducati"},"content":{"rendered":"<h2 class=\"wp-block-heading\">Pecco domina, \u00c1lex es subcampe\u00f3n y Aldeguer es el Rookie Of The Year en unos resultados de la sprint que confirman la vuelta de Ducati<\/h2>\n\n\n\n<p>El sol se hac\u00eda hueco entre las nubes de <a href=\"https:\/\/www.firstlapf1.com\/en\/category\/malasia\/\" target=\"_blank\" rel=\"noreferrer noopener\">Sepang<\/a> para albergar la <a href=\"https:\/\/www.motogp.com\/en\" target=\"_blank\" rel=\"noreferrer noopener\">sprint de MotoGP<\/a>.<\/p>\n\n\n\n<p>La salida fue limpia con un Pecco Bagnaia que mantuvo la pole y cog\u00eda la directa. Por detr\u00e1s, Mir se alzaba a la cuarta posici\u00f3n, mientras que Bezzecchi iniciaba la remontada desde la 14\u00ba plaza. El italiano, en el ecuador de la carrera, se encontraba und\u00e9cimo.<\/p>\n\n\n\n<p>Por delante, la batalla por el segundo puesto estaba siendo muy bonita entre M\u00e1rquez, Acosta y Mir. Sin embargo, el piloto de Honda se cay\u00f3 en la curva 9 justo cuando Aldeguer adelantaba a Morbidelli, por lo que el italiano tuvo que levantar ligeramente la moto para evitar atropellar a Joan. Segundos despu\u00e9s, Miguel Oliveira era quien se fue al suelo, en el sector 1.<\/p>\n\n\n\n<p>Volviendo a la acci\u00f3n en pista, Aldeguer se sum\u00f3 a esa batalla por la P2, que segu\u00eda manteniendo \u00c1lex M\u00e1rquez. No obstante, Acosta ya se descolgaba de la Gresini &#8217;73&#8217; y ten\u00eda que defenderse de la Gresini &#8217;54&#8217;, algo que no pudo lograr con \u00e9xito. M\u00e1s abajo en la parrilla, Marini y Pol Espargar\u00f3 se tocaron, y\u00e9ndose al suelo el piloto italiano. Una acci\u00f3n pol\u00e9mica que termina con la primera ca\u00edda del &#8217;10&#8217; en la temporada. En cuanto a track limits, Brad Binder y Michele Pirro se llevaron una amonestaci\u00f3n. Por otro lado, Bezzecchi cierra su remontada con la s\u00e9ptima plaza como mejor resultado.<\/p>\n\n\n\n<p>Finalmente, Pecco Bagnaia se lleva la victoria en los resultados de la sprint de manera dominante, con \u00c1lex M\u00e1rquez 2\u00ba y confirmando el subcampeonato; Aldeguer 3\u00ba, llev\u00e1ndose el Rookie Of The Year.<\/p>\n\n\n\n<p>Precisamente, Ferm\u00edn oba a ser investigado por presiones bajas en sus neum\u00e1ticos. De confirmarse, perder\u00eda el podio a favor de Acosta pero no el galard\u00f3n.<\/p>\n\n\n\n<figure class=\"wp-block-image size-large\"><img loading=\"lazy\" decoding=\"async\" width=\"1024\" height=\"683\" src=\"https:\/\/www.firstlapf1.com\/wp-content\/uploads\/2025\/10\/1000063514-1024x683.jpg\" alt=\"\" class=\"wp-image-16836\" srcset=\"https:\/\/www.firstlapf1.com\/wp-content\/uploads\/2025\/10\/1000063514-1024x683.jpg 1024w, https:\/\/www.firstlapf1.com\/wp-content\/uploads\/2025\/10\/1000063514-300x200.jpg 300w, https:\/\/www.firstlapf1.com\/wp-content\/uploads\/2025\/10\/1000063514-768x512.jpg 768w, https:\/\/www.firstlapf1.com\/wp-content\/uploads\/2025\/10\/1000063514-1536x1024.jpg 1536w, https:\/\/www.firstlapf1.com\/wp-content\/uploads\/2025\/10\/1000063514-18x12.jpg 18w, https:\/\/www.firstlapf1.com\/wp-content\/uploads\/2025\/10\/1000063514.jpg 1800w\" sizes=\"auto, (max-width: 1024px) 100vw, 1024px\" \/><figcaption class=\"wp-element-caption\">Fuente: Michelin Motorsport en X (fuente portada: MotoGP en X)<\/figcaption><\/figure>","protected":false},"excerpt":{"rendered":"<p>Pecco domina, \u00c1lex es subcampe\u00f3n y Aldeguer es el Rookie Of The Year en unos resultados de la sprint que confirman la vuelta de Ducati &hellip; <span class=\"more-button\"><a href=\"https:\/\/www.firstlapf1.com\/en\/resultados-sprint-no-hay-crisis-en-ducati\/\" class=\"more-link\">Continue reading<span class=\"screen-reader-text\">Resultados sprint: No hay crisis en Ducati<\/span><\/a><\/span><\/p>","protected":false},"author":2,"featured_media":16837,"comment_status":"closed","ping_status":"open","sticky":false,"template":"","format":"standard","meta":{"_jetpack_memberships_contains_paid_content":false,"footnotes":""},"categories":[107,113,103,101,132],"tags":[],"class_list":["post-16834","post","type-post","status-publish","format-standard","has-post-thumbnail","hentry","category-gresini","category-circuitos-motogp","category-ducati","category-motogp","category-malasia"],"yoast_head":"<!-- This site is optimized with the Yoast SEO plugin v27.0 - https:\/\/yoast.com\/product\/yoast-seo-wordpress\/ -->\n<title>Resultados sprint: No hay crisis en Ducati - Noticias F1 en espa\u00f1ol<\/title>\n<meta name=\"description\" content=\"Pecco domina, \u00c1lex es subcampe\u00f3n y Aldeguer es el Rookie Of The Year en unos resultados de la sprint que confirman la vuelta de Ducati\" \/>\n<meta name=\"robots\" content=\"index, follow, max-snippet:-1, max-image-preview:large, max-video-preview:-1\" \/>\n<link rel=\"canonical\" href=\"https:\/\/www.firstlapf1.com\/en\/resultados-sprint-no-hay-crisis-en-ducati\/\" \/>\n<meta property=\"og:locale\" content=\"en_GB\" \/>\n<meta property=\"og:type\" content=\"article\" \/>\n<meta property=\"og:title\" content=\"Resultados sprint: No hay crisis en Ducati - Noticias F1 en espa\u00f1ol\" \/>\n<meta property=\"og:description\" content=\"Pecco domina, \u00c1lex es subcampe\u00f3n y Aldeguer es el Rookie Of The Year en unos resultados de la sprint que confirman la vuelta de Ducati\" \/>\n<meta property=\"og:url\" content=\"https:\/\/www.firstlapf1.com\/en\/resultados-sprint-no-hay-crisis-en-ducati\/\" \/>\n<meta property=\"og:site_name\" content=\"Noticias F1 en espa\u00f1ol\" \/>\n<meta property=\"article:published_time\" content=\"2025-10-25T07:37:14+00:00\" \/>\n<meta property=\"article:modified_time\" content=\"2025-10-25T07:37:16+00:00\" \/>\n<meta property=\"og:image\" content=\"https:\/\/www.firstlapf1.com\/wp-content\/uploads\/2025\/10\/20251025_093519.jpg\" \/>\n\t<meta property=\"og:image:width\" content=\"1638\" \/>\n\t<meta property=\"og:image:height\" content=\"2048\" \/>\n\t<meta property=\"og:image:type\" content=\"image\/jpeg\" \/>\n<meta name=\"author\" content=\"Miguel Lora-Paquet\" \/>\n<meta name=\"twitter:card\" content=\"summary_large_image\" \/>\n<meta name=\"twitter:label1\" content=\"Written by\" \/>\n\t<meta name=\"twitter:data1\" content=\"Miguel Lora-Paquet\" \/>\n\t<meta name=\"twitter:label2\" content=\"Estimated reading time\" \/>\n\t<meta name=\"twitter:data2\" content=\"2 minutes\" \/>\n<script type=\"application\/ld+json\" class=\"yoast-schema-graph\">{\"@context\":\"https:\/\/schema.org\",\"@graph\":[{\"@type\":\"Article\",\"@id\":\"https:\/\/www.firstlapf1.com\/resultados-sprint-no-hay-crisis-en-ducati\/#article\",\"isPartOf\":{\"@id\":\"https:\/\/www.firstlapf1.com\/resultados-sprint-no-hay-crisis-en-ducati\/\"},\"author\":{\"name\":\"Miguel Lora-Paquet\",\"@id\":\"https:\/\/www.firstlapf1.com\/#\/schema\/person\/9eca09873eecb6d7836bc1a0bbd78250\"},\"headline\":\"Resultados sprint: No hay crisis en Ducati\",\"datePublished\":\"2025-10-25T07:37:14+00:00\",\"dateModified\":\"2025-10-25T07:37:16+00:00\",\"mainEntityOfPage\":{\"@id\":\"https:\/\/www.firstlapf1.com\/resultados-sprint-no-hay-crisis-en-ducati\/\"},\"wordCount\":353,\"image\":{\"@id\":\"https:\/\/www.firstlapf1.com\/resultados-sprint-no-hay-crisis-en-ducati\/#primaryimage\"},\"thumbnailUrl\":\"https:\/\/www.firstlapf1.com\/wp-content\/uploads\/2025\/10\/20251025_093519.jpg\",\"articleSection\":[\"BK8 Gresini Racing MotoGP\",\"Circuitos MotoGP\",\"Ducati Lenovo Team\",\"Escuder\u00edas MotoGP\",\"GP Malasia (Circuito Internacional de Sepang)\"],\"inLanguage\":\"en-GB\"},{\"@type\":\"WebPage\",\"@id\":\"https:\/\/www.firstlapf1.com\/resultados-sprint-no-hay-crisis-en-ducati\/\",\"url\":\"https:\/\/www.firstlapf1.com\/resultados-sprint-no-hay-crisis-en-ducati\/\",\"name\":\"Resultados sprint: No hay crisis en Ducati - Noticias F1 en espa\u00f1ol\",\"isPartOf\":{\"@id\":\"https:\/\/www.firstlapf1.com\/#website\"},\"primaryImageOfPage\":{\"@id\":\"https:\/\/www.firstlapf1.com\/resultados-sprint-no-hay-crisis-en-ducati\/#primaryimage\"},\"image\":{\"@id\":\"https:\/\/www.firstlapf1.com\/resultados-sprint-no-hay-crisis-en-ducati\/#primaryimage\"},\"thumbnailUrl\":\"https:\/\/www.firstlapf1.com\/wp-content\/uploads\/2025\/10\/20251025_093519.jpg\",\"datePublished\":\"2025-10-25T07:37:14+00:00\",\"dateModified\":\"2025-10-25T07:37:16+00:00\",\"author\":{\"@id\":\"https:\/\/www.firstlapf1.com\/#\/schema\/person\/9eca09873eecb6d7836bc1a0bbd78250\"},\"description\":\"Pecco domina, \u00c1lex es subcampe\u00f3n y Aldeguer es el Rookie Of The Year en unos resultados de la sprint que confirman la vuelta de Ducati\",\"inLanguage\":\"en-GB\",\"potentialAction\":[{\"@type\":\"ReadAction\",\"target\":[\"https:\/\/www.firstlapf1.com\/resultados-sprint-no-hay-crisis-en-ducati\/\"]}]},{\"@type\":\"ImageObject\",\"inLanguage\":\"en-GB\",\"@id\":\"https:\/\/www.firstlapf1.com\/resultados-sprint-no-hay-crisis-en-ducati\/#primaryimage\",\"url\":\"https:\/\/www.firstlapf1.com\/wp-content\/uploads\/2025\/10\/20251025_093519.jpg\",\"contentUrl\":\"https:\/\/www.firstlapf1.com\/wp-content\/uploads\/2025\/10\/20251025_093519.jpg\",\"width\":1638,\"height\":2048},{\"@type\":\"WebSite\",\"@id\":\"https:\/\/www.firstlapf1.com\/#website\",\"url\":\"https:\/\/www.firstlapf1.com\/\",\"name\":\"Noticias F1 en espa\u00f1ol\",\"description\":\"Noticias F1 en espa\u00f1ol\",\"potentialAction\":[{\"@type\":\"SearchAction\",\"target\":{\"@type\":\"EntryPoint\",\"urlTemplate\":\"https:\/\/www.firstlapf1.com\/?s={search_term_string}\"},\"query-input\":{\"@type\":\"PropertyValueSpecification\",\"valueRequired\":true,\"valueName\":\"search_term_string\"}}],\"inLanguage\":\"en-GB\"},{\"@type\":\"Person\",\"@id\":\"https:\/\/www.firstlapf1.com\/#\/schema\/person\/9eca09873eecb6d7836bc1a0bbd78250\",\"name\":\"Miguel Lora-Paquet\",\"image\":{\"@type\":\"ImageObject\",\"inLanguage\":\"en-GB\",\"@id\":\"https:\/\/www.firstlapf1.com\/#\/schema\/person\/image\/\",\"url\":\"https:\/\/www.firstlapf1.com\/wp-content\/uploads\/2022\/09\/7d393f41-126a-4a1e-bf1d-9d04e2ebc621.jpeg\",\"contentUrl\":\"https:\/\/www.firstlapf1.com\/wp-content\/uploads\/2022\/09\/7d393f41-126a-4a1e-bf1d-9d04e2ebc621.jpeg\",\"caption\":\"Miguel Lora-Paquet\"},\"url\":\"https:\/\/www.firstlapf1.com\/en\/author\/miguel\/\"}]}<\/script>\n<!-- \/ Yoast SEO plugin. -->","yoast_head_json":{"title":"Resultados sprint: No hay crisis en Ducati - Noticias F1 en espa\u00f1ol","description":"Pecco domina, \u00c1lex es subcampe\u00f3n y Aldeguer es el Rookie Of The Year en unos resultados de la sprint que confirman la vuelta de Ducati","robots":{"index":"index","follow":"follow","max-snippet":"max-snippet:-1","max-image-preview":"max-image-preview:large","max-video-preview":"max-video-preview:-1"},"canonical":"https:\/\/www.firstlapf1.com\/en\/resultados-sprint-no-hay-crisis-en-ducati\/","og_locale":"en_GB","og_type":"article","og_title":"Resultados sprint: No hay crisis en Ducati - Noticias F1 en espa\u00f1ol","og_description":"Pecco domina, \u00c1lex es subcampe\u00f3n y Aldeguer es el Rookie Of The Year en unos resultados de la sprint que confirman la vuelta de Ducati","og_url":"https:\/\/www.firstlapf1.com\/en\/resultados-sprint-no-hay-crisis-en-ducati\/","og_site_name":"Noticias F1 en espa\u00f1ol","article_published_time":"2025-10-25T07:37:14+00:00","article_modified_time":"2025-10-25T07:37:16+00:00","og_image":[{"width":1638,"height":2048,"url":"https:\/\/www.firstlapf1.com\/wp-content\/uploads\/2025\/10\/20251025_093519.jpg","type":"image\/jpeg"}],"author":"Miguel Lora-Paquet","twitter_card":"summary_large_image","twitter_misc":{"Written by":"Miguel Lora-Paquet","Estimated reading time":"2 minutes"},"schema":{"@context":"https:\/\/schema.org","@graph":[{"@type":"Article","@id":"https:\/\/www.firstlapf1.com\/resultados-sprint-no-hay-crisis-en-ducati\/#article","isPartOf":{"@id":"https:\/\/www.firstlapf1.com\/resultados-sprint-no-hay-crisis-en-ducati\/"},"author":{"name":"Miguel Lora-Paquet","@id":"https:\/\/www.firstlapf1.com\/#\/schema\/person\/9eca09873eecb6d7836bc1a0bbd78250"},"headline":"Resultados sprint: No hay crisis en Ducati","datePublished":"2025-10-25T07:37:14+00:00","dateModified":"2025-10-25T07:37:16+00:00","mainEntityOfPage":{"@id":"https:\/\/www.firstlapf1.com\/resultados-sprint-no-hay-crisis-en-ducati\/"},"wordCount":353,"image":{"@id":"https:\/\/www.firstlapf1.com\/resultados-sprint-no-hay-crisis-en-ducati\/#primaryimage"},"thumbnailUrl":"https:\/\/www.firstlapf1.com\/wp-content\/uploads\/2025\/10\/20251025_093519.jpg","articleSection":["BK8 Gresini Racing MotoGP","Circuitos MotoGP","Ducati Lenovo Team","Escuder\u00edas MotoGP","GP Malasia (Circuito Internacional de Sepang)"],"inLanguage":"en-GB"},{"@type":"WebPage","@id":"https:\/\/www.firstlapf1.com\/resultados-sprint-no-hay-crisis-en-ducati\/","url":"https:\/\/www.firstlapf1.com\/resultados-sprint-no-hay-crisis-en-ducati\/","name":"Resultados sprint: No hay crisis en Ducati - Noticias F1 en espa\u00f1ol","isPartOf":{"@id":"https:\/\/www.firstlapf1.com\/#website"},"primaryImageOfPage":{"@id":"https:\/\/www.firstlapf1.com\/resultados-sprint-no-hay-crisis-en-ducati\/#primaryimage"},"image":{"@id":"https:\/\/www.firstlapf1.com\/resultados-sprint-no-hay-crisis-en-ducati\/#primaryimage"},"thumbnailUrl":"https:\/\/www.firstlapf1.com\/wp-content\/uploads\/2025\/10\/20251025_093519.jpg","datePublished":"2025-10-25T07:37:14+00:00","dateModified":"2025-10-25T07:37:16+00:00","author":{"@id":"https:\/\/www.firstlapf1.com\/#\/schema\/person\/9eca09873eecb6d7836bc1a0bbd78250"},"description":"Pecco domina, \u00c1lex es subcampe\u00f3n y Aldeguer es el Rookie Of The Year en unos resultados de la sprint que confirman la vuelta de Ducati","inLanguage":"en-GB","potentialAction":[{"@type":"ReadAction","target":["https:\/\/www.firstlapf1.com\/resultados-sprint-no-hay-crisis-en-ducati\/"]}]},{"@type":"ImageObject","inLanguage":"en-GB","@id":"https:\/\/www.firstlapf1.com\/resultados-sprint-no-hay-crisis-en-ducati\/#primaryimage","url":"https:\/\/www.firstlapf1.com\/wp-content\/uploads\/2025\/10\/20251025_093519.jpg","contentUrl":"https:\/\/www.firstlapf1.com\/wp-content\/uploads\/2025\/10\/20251025_093519.jpg","width":1638,"height":2048},{"@type":"WebSite","@id":"https:\/\/www.firstlapf1.com\/#website","url":"https:\/\/www.firstlapf1.com\/","name":"Noticias F1 en espa\u00f1ol","description":"Noticias F1 en espa\u00f1ol","potentialAction":[{"@type":"SearchAction","target":{"@type":"EntryPoint","urlTemplate":"https:\/\/www.firstlapf1.com\/?s={search_term_string}"},"query-input":{"@type":"PropertyValueSpecification","valueRequired":true,"valueName":"search_term_string"}}],"inLanguage":"en-GB"},{"@type":"Person","@id":"https:\/\/www.firstlapf1.com\/#\/schema\/person\/9eca09873eecb6d7836bc1a0bbd78250","name":"Miguel Lora-Paquet","image":{"@type":"ImageObject","inLanguage":"en-GB","@id":"https:\/\/www.firstlapf1.com\/#\/schema\/person\/image\/","url":"https:\/\/www.firstlapf1.com\/wp-content\/uploads\/2022\/09\/7d393f41-126a-4a1e-bf1d-9d04e2ebc621.jpeg","contentUrl":"https:\/\/www.firstlapf1.com\/wp-content\/uploads\/2022\/09\/7d393f41-126a-4a1e-bf1d-9d04e2ebc621.jpeg","caption":"Miguel Lora-Paquet"},"url":"https:\/\/www.firstlapf1.com\/en\/author\/miguel\/"}]}},"jetpack_featured_media_url":"https:\/\/www.firstlapf1.com\/wp-content\/uploads\/2025\/10\/20251025_093519.jpg","jetpack_sharing_enabled":true,"_links":{"self":[{"href":"https:\/\/www.firstlapf1.com\/en\/wp-json\/wp\/v2\/posts\/16834","targetHints":{"allow":["GET"]}}],"collection":[{"href":"https:\/\/www.firstlapf1.com\/en\/wp-json\/wp\/v2\/posts"}],"about":[{"href":"https:\/\/www.firstlapf1.com\/en\/wp-json\/wp\/v2\/types\/post"}],"author":[{"embeddable":true,"href":"https:\/\/www.firstlapf1.com\/en\/wp-json\/wp\/v2\/users\/2"}],"replies":[{"embeddable":true,"href":"https:\/\/www.firstlapf1.com\/en\/wp-json\/wp\/v2\/comments?post=16834"}],"version-history":[{"count":2,"href":"https:\/\/www.firstlapf1.com\/en\/wp-json\/wp\/v2\/posts\/16834\/revisions"}],"predecessor-version":[{"id":16838,"href":"https:\/\/www.firstlapf1.com\/en\/wp-json\/wp\/v2\/posts\/16834\/revisions\/16838"}],"wp:featuredmedia":[{"embeddable":true,"href":"https:\/\/www.firstlapf1.com\/en\/wp-json\/wp\/v2\/media\/16837"}],"wp:attachment":[{"href":"https:\/\/www.firstlapf1.com\/en\/wp-json\/wp\/v2\/media?parent=16834"}],"wp:term":[{"taxonomy":"category","embeddable":true,"href":"https:\/\/www.firstlapf1.com\/en\/wp-json\/wp\/v2\/categories?post=16834"},{"taxonomy":"post_tag","embeddable":true,"href":"https:\/\/www.firstlapf1.com\/en\/wp-json\/wp\/v2\/tags?post=16834"}],"curies":[{"name":"wp","href":"https:\/\/api.w.org\/{rel}","templated":true}]}}