{"id":16827,"date":"2025-10-24T19:53:00","date_gmt":"2025-10-24T19:53:00","guid":{"rendered":"https:\/\/www.firstlapf1.com\/?p=16827"},"modified":"2025-10-25T10:37:45","modified_gmt":"2025-10-25T10:37:45","slug":"resultados-libres-1-leclerc-lidera-una-sesion-poco-representantiva","status":"publish","type":"post","link":"https:\/\/www.firstlapf1.com\/en\/resultados-libres-1-leclerc-lidera-una-sesion-poco-representantiva\/","title":{"rendered":"Resultados libres 1: Leclerc lidera una sesi\u00f3n poco representantiva"},"content":{"rendered":"<h2 class=\"wp-block-heading\">El de Ferrari manda en los resultados de los libres 1, con Antonelli y H\u00fclkenberg completando el top 3 en M\u00e9xico <\/h2>\n\n\n\n<p>Sol resplandeciente en Ciudad de M\u00e9xico para recibir a la F1 y unos entrenamientos libres poco habituales. Hasta 9 rookies iban a estar en esta sesi\u00f3n: Vesti, O&#8217;Ward Lindblad, Aron, Crawford, Iwasa, Fuoco y Hirakawa sustituir\u00edan a Russell, Norris, Vrstappen, Gasly, Stroll, Lawson, Hamilton y Bearman, respectivamente. Iba a ser una sesi\u00f3n muy poco representativa.<\/p>\n\n\n\n<p>Esteban Ocon se puso al frente en la tabla de tiempos (1:20.934), con Hadjar segundo y Leclerc tercero para comenzar. H\u00fclkenberg super\u00f3 al Haas pero Isack super\u00f3 al alem\u00e1n por medio segundo (1:20.128). Algo m\u00e1s de media hora quedaba para el final de la sesi\u00f3n, momento en el que Antonelli se coloc\u00f3 primero por 93 mil\u00e9simas sobre el Racing Bulls de Hadjar. No obstante, el franc\u00e9s se la devolvi\u00f3 y estableci\u00f3 el mejor crono por 30 mil\u00e9simas al italiano.<\/p>\n\n\n\n<p>Piastri ya puso las cosas en orden, con los blandos, registr\u00f3 un 1:19.035, casi 1s m\u00e1s r\u00e1pido que Hadjar. Alex Albon se puso segundo con los medios, a tres d\u00e9cimas y media de Piastri. Por su parte, Antonelli super\u00f3 al australiano con los mismos neum\u00e1ticos; 3 d\u00e9cimas superior. Por otro lado, Charles Leclerc par\u00f3 su cron\u00f3metro en la primera posici\u00f3n por una d\u00e9cima sobre Kimi Antonelli, H\u00fclkenberg se alz\u00f3 hasta la tercera plaza.<\/p>\n\n\n\n<p>Pese a que la retransmisi\u00f3n de la F1 no aportase datos alguno, ve\u00edamos c\u00f3mo ambos Stake estaban arriba, siendo tercero y quinto, y Lindblad venciendo a Tsunoda. Desde la 13\u00ba plaza hasta la \u00faltima posici\u00f3n, todos ellos eran rookies. O&#8217;Ward era el m\u00e1s r\u00e1pido; Fuoco el m\u00e1s lento. <\/p>\n\n\n\n<p>Finalmente, era el monegasco Charles Leclerc quien se quedaba con el primer puesto, Kimi Antonelli se quedaba por detr\u00e1s en la segunda plaza y Nico H\u00fclkenberg completa el top 3 en los resultados de los libres 1. <\/p>\n\n\n\n<figure class=\"wp-block-image size-large\"><img loading=\"lazy\" decoding=\"async\" width=\"1024\" height=\"683\" src=\"https:\/\/www.firstlapf1.com\/wp-content\/uploads\/2025\/10\/1000063439-1024x683.jpg\" alt=\"\" class=\"wp-image-16830\" srcset=\"https:\/\/www.firstlapf1.com\/wp-content\/uploads\/2025\/10\/1000063439-1024x683.jpg 1024w, https:\/\/www.firstlapf1.com\/wp-content\/uploads\/2025\/10\/1000063439-300x200.jpg 300w, https:\/\/www.firstlapf1.com\/wp-content\/uploads\/2025\/10\/1000063439-768x512.jpg 768w, https:\/\/www.firstlapf1.com\/wp-content\/uploads\/2025\/10\/1000063439-1536x1024.jpg 1536w, https:\/\/www.firstlapf1.com\/wp-content\/uploads\/2025\/10\/1000063439-2048x1365.jpg 2048w, https:\/\/www.firstlapf1.com\/wp-content\/uploads\/2025\/10\/1000063439-18x12.jpg 18w\" sizes=\"auto, (max-width: 1024px) 100vw, 1024px\" \/><figcaption class=\"wp-element-caption\">Fuente: F1 en X (fuente portada: F1 en X)<\/figcaption><\/figure>","protected":false},"excerpt":{"rendered":"<p>El de Ferrari manda en los resultados de los libres 1, con Antonelli y H\u00fclkenberg completando el top 3 en M\u00e9xico  &hellip; <span class=\"more-button\"><a href=\"https:\/\/www.firstlapf1.com\/en\/resultados-libres-1-leclerc-lidera-una-sesion-poco-representantiva\/\" class=\"more-link\">Continue reading<span class=\"screen-reader-text\">Resultados libres 1: Leclerc lidera una sesi\u00f3n poco representantiva<\/span><\/a><\/span><\/p>","protected":false},"author":2,"featured_media":16833,"comment_status":"closed","ping_status":"open","sticky":false,"template":"","format":"standard","meta":{"_jetpack_memberships_contains_paid_content":false,"footnotes":""},"categories":[6,7,28,39],"tags":[],"class_list":["post-16827","post","type-post","status-publish","format-standard","has-post-thumbnail","hentry","category-circuitos","category-escuderias-f1","category-mexico","category-ferrari"],"yoast_head":"<!-- This site is optimized with the Yoast SEO plugin v27.0 - https:\/\/yoast.com\/product\/yoast-seo-wordpress\/ -->\n<title>Resultados libres 1: Leclerc lidera una sesi\u00f3n poco representantiva - Noticias F1 en espa\u00f1ol<\/title>\n<meta name=\"description\" content=\"El de Ferrari manda en los resultados de los libres 1, con Antonelli y H\u00fclkenberg completando el top 3 en M\u00e9xico\" \/>\n<meta name=\"robots\" content=\"index, follow, max-snippet:-1, max-image-preview:large, max-video-preview:-1\" \/>\n<link rel=\"canonical\" href=\"https:\/\/www.firstlapf1.com\/en\/resultados-libres-1-leclerc-lidera-una-sesion-poco-representantiva\/\" \/>\n<meta property=\"og:locale\" content=\"en_GB\" \/>\n<meta property=\"og:type\" content=\"article\" \/>\n<meta property=\"og:title\" content=\"Resultados libres 1: Leclerc lidera una sesi\u00f3n poco representantiva - Noticias F1 en espa\u00f1ol\" \/>\n<meta property=\"og:description\" content=\"El de Ferrari manda en los resultados de los libres 1, con Antonelli y H\u00fclkenberg completando el top 3 en M\u00e9xico\" \/>\n<meta property=\"og:url\" content=\"https:\/\/www.firstlapf1.com\/en\/resultados-libres-1-leclerc-lidera-una-sesion-poco-representantiva\/\" \/>\n<meta property=\"og:site_name\" content=\"Noticias F1 en espa\u00f1ol\" \/>\n<meta property=\"article:published_time\" content=\"2025-10-24T19:53:00+00:00\" \/>\n<meta property=\"article:modified_time\" content=\"2025-10-25T10:37:45+00:00\" \/>\n<meta property=\"og:image\" content=\"https:\/\/www.firstlapf1.com\/wp-content\/uploads\/2025\/10\/20251024_214420-1.jpg\" \/>\n\t<meta property=\"og:image:width\" content=\"1080\" \/>\n\t<meta property=\"og:image:height\" content=\"1350\" \/>\n\t<meta property=\"og:image:type\" content=\"image\/jpeg\" \/>\n<meta name=\"author\" content=\"Miguel Lora-Paquet\" \/>\n<meta name=\"twitter:card\" content=\"summary_large_image\" \/>\n<meta name=\"twitter:label1\" content=\"Written by\" \/>\n\t<meta name=\"twitter:data1\" content=\"Miguel Lora-Paquet\" \/>\n\t<meta name=\"twitter:label2\" content=\"Estimated reading time\" \/>\n\t<meta name=\"twitter:data2\" content=\"2 minutes\" \/>\n<script type=\"application\/ld+json\" class=\"yoast-schema-graph\">{\"@context\":\"https:\/\/schema.org\",\"@graph\":[{\"@type\":\"Article\",\"@id\":\"https:\/\/www.firstlapf1.com\/resultados-libres-1-leclerc-lidera-una-sesion-poco-representantiva\/#article\",\"isPartOf\":{\"@id\":\"https:\/\/www.firstlapf1.com\/resultados-libres-1-leclerc-lidera-una-sesion-poco-representantiva\/\"},\"author\":{\"name\":\"Miguel Lora-Paquet\",\"@id\":\"https:\/\/www.firstlapf1.com\/#\/schema\/person\/9eca09873eecb6d7836bc1a0bbd78250\"},\"headline\":\"Resultados libres 1: Leclerc lidera una sesi\u00f3n poco representantiva\",\"datePublished\":\"2025-10-24T19:53:00+00:00\",\"dateModified\":\"2025-10-25T10:37:45+00:00\",\"mainEntityOfPage\":{\"@id\":\"https:\/\/www.firstlapf1.com\/resultados-libres-1-leclerc-lidera-una-sesion-poco-representantiva\/\"},\"wordCount\":350,\"image\":{\"@id\":\"https:\/\/www.firstlapf1.com\/resultados-libres-1-leclerc-lidera-una-sesion-poco-representantiva\/#primaryimage\"},\"thumbnailUrl\":\"https:\/\/www.firstlapf1.com\/wp-content\/uploads\/2025\/10\/20251024_214420-1.jpg\",\"articleSection\":[\"Circuitos\",\"Escuder\u00edas\",\"GP M\u00e9xico (Aut\u00f3dromo Hermanos Rodr\u00edguez)\",\"Scuderia Ferrari HP\"],\"inLanguage\":\"en-GB\"},{\"@type\":\"WebPage\",\"@id\":\"https:\/\/www.firstlapf1.com\/resultados-libres-1-leclerc-lidera-una-sesion-poco-representantiva\/\",\"url\":\"https:\/\/www.firstlapf1.com\/resultados-libres-1-leclerc-lidera-una-sesion-poco-representantiva\/\",\"name\":\"Resultados libres 1: Leclerc lidera una sesi\u00f3n poco representantiva - Noticias F1 en espa\u00f1ol\",\"isPartOf\":{\"@id\":\"https:\/\/www.firstlapf1.com\/#website\"},\"primaryImageOfPage\":{\"@id\":\"https:\/\/www.firstlapf1.com\/resultados-libres-1-leclerc-lidera-una-sesion-poco-representantiva\/#primaryimage\"},\"image\":{\"@id\":\"https:\/\/www.firstlapf1.com\/resultados-libres-1-leclerc-lidera-una-sesion-poco-representantiva\/#primaryimage\"},\"thumbnailUrl\":\"https:\/\/www.firstlapf1.com\/wp-content\/uploads\/2025\/10\/20251024_214420-1.jpg\",\"datePublished\":\"2025-10-24T19:53:00+00:00\",\"dateModified\":\"2025-10-25T10:37:45+00:00\",\"author\":{\"@id\":\"https:\/\/www.firstlapf1.com\/#\/schema\/person\/9eca09873eecb6d7836bc1a0bbd78250\"},\"description\":\"El de Ferrari manda en los resultados de los libres 1, con Antonelli y H\u00fclkenberg completando el top 3 en M\u00e9xico\",\"inLanguage\":\"en-GB\",\"potentialAction\":[{\"@type\":\"ReadAction\",\"target\":[\"https:\/\/www.firstlapf1.com\/resultados-libres-1-leclerc-lidera-una-sesion-poco-representantiva\/\"]}]},{\"@type\":\"ImageObject\",\"inLanguage\":\"en-GB\",\"@id\":\"https:\/\/www.firstlapf1.com\/resultados-libres-1-leclerc-lidera-una-sesion-poco-representantiva\/#primaryimage\",\"url\":\"https:\/\/www.firstlapf1.com\/wp-content\/uploads\/2025\/10\/20251024_214420-1.jpg\",\"contentUrl\":\"https:\/\/www.firstlapf1.com\/wp-content\/uploads\/2025\/10\/20251024_214420-1.jpg\",\"width\":1080,\"height\":1350},{\"@type\":\"WebSite\",\"@id\":\"https:\/\/www.firstlapf1.com\/#website\",\"url\":\"https:\/\/www.firstlapf1.com\/\",\"name\":\"Noticias F1 en espa\u00f1ol\",\"description\":\"Noticias F1 en espa\u00f1ol\",\"potentialAction\":[{\"@type\":\"SearchAction\",\"target\":{\"@type\":\"EntryPoint\",\"urlTemplate\":\"https:\/\/www.firstlapf1.com\/?s={search_term_string}\"},\"query-input\":{\"@type\":\"PropertyValueSpecification\",\"valueRequired\":true,\"valueName\":\"search_term_string\"}}],\"inLanguage\":\"en-GB\"},{\"@type\":\"Person\",\"@id\":\"https:\/\/www.firstlapf1.com\/#\/schema\/person\/9eca09873eecb6d7836bc1a0bbd78250\",\"name\":\"Miguel Lora-Paquet\",\"image\":{\"@type\":\"ImageObject\",\"inLanguage\":\"en-GB\",\"@id\":\"https:\/\/www.firstlapf1.com\/#\/schema\/person\/image\/\",\"url\":\"https:\/\/www.firstlapf1.com\/wp-content\/uploads\/2022\/09\/7d393f41-126a-4a1e-bf1d-9d04e2ebc621.jpeg\",\"contentUrl\":\"https:\/\/www.firstlapf1.com\/wp-content\/uploads\/2022\/09\/7d393f41-126a-4a1e-bf1d-9d04e2ebc621.jpeg\",\"caption\":\"Miguel Lora-Paquet\"},\"url\":\"https:\/\/www.firstlapf1.com\/en\/author\/miguel\/\"}]}<\/script>\n<!-- \/ Yoast SEO plugin. -->","yoast_head_json":{"title":"Resultados libres 1: Leclerc lidera una sesi\u00f3n poco representantiva - Noticias F1 en espa\u00f1ol","description":"El de Ferrari manda en los resultados de los libres 1, con Antonelli y H\u00fclkenberg completando el top 3 en M\u00e9xico","robots":{"index":"index","follow":"follow","max-snippet":"max-snippet:-1","max-image-preview":"max-image-preview:large","max-video-preview":"max-video-preview:-1"},"canonical":"https:\/\/www.firstlapf1.com\/en\/resultados-libres-1-leclerc-lidera-una-sesion-poco-representantiva\/","og_locale":"en_GB","og_type":"article","og_title":"Resultados libres 1: Leclerc lidera una sesi\u00f3n poco representantiva - Noticias F1 en espa\u00f1ol","og_description":"El de Ferrari manda en los resultados de los libres 1, con Antonelli y H\u00fclkenberg completando el top 3 en M\u00e9xico","og_url":"https:\/\/www.firstlapf1.com\/en\/resultados-libres-1-leclerc-lidera-una-sesion-poco-representantiva\/","og_site_name":"Noticias F1 en espa\u00f1ol","article_published_time":"2025-10-24T19:53:00+00:00","article_modified_time":"2025-10-25T10:37:45+00:00","og_image":[{"width":1080,"height":1350,"url":"https:\/\/www.firstlapf1.com\/wp-content\/uploads\/2025\/10\/20251024_214420-1.jpg","type":"image\/jpeg"}],"author":"Miguel Lora-Paquet","twitter_card":"summary_large_image","twitter_misc":{"Written by":"Miguel Lora-Paquet","Estimated reading time":"2 minutes"},"schema":{"@context":"https:\/\/schema.org","@graph":[{"@type":"Article","@id":"https:\/\/www.firstlapf1.com\/resultados-libres-1-leclerc-lidera-una-sesion-poco-representantiva\/#article","isPartOf":{"@id":"https:\/\/www.firstlapf1.com\/resultados-libres-1-leclerc-lidera-una-sesion-poco-representantiva\/"},"author":{"name":"Miguel Lora-Paquet","@id":"https:\/\/www.firstlapf1.com\/#\/schema\/person\/9eca09873eecb6d7836bc1a0bbd78250"},"headline":"Resultados libres 1: Leclerc lidera una sesi\u00f3n poco representantiva","datePublished":"2025-10-24T19:53:00+00:00","dateModified":"2025-10-25T10:37:45+00:00","mainEntityOfPage":{"@id":"https:\/\/www.firstlapf1.com\/resultados-libres-1-leclerc-lidera-una-sesion-poco-representantiva\/"},"wordCount":350,"image":{"@id":"https:\/\/www.firstlapf1.com\/resultados-libres-1-leclerc-lidera-una-sesion-poco-representantiva\/#primaryimage"},"thumbnailUrl":"https:\/\/www.firstlapf1.com\/wp-content\/uploads\/2025\/10\/20251024_214420-1.jpg","articleSection":["Circuitos","Escuder\u00edas","GP M\u00e9xico (Aut\u00f3dromo Hermanos Rodr\u00edguez)","Scuderia Ferrari HP"],"inLanguage":"en-GB"},{"@type":"WebPage","@id":"https:\/\/www.firstlapf1.com\/resultados-libres-1-leclerc-lidera-una-sesion-poco-representantiva\/","url":"https:\/\/www.firstlapf1.com\/resultados-libres-1-leclerc-lidera-una-sesion-poco-representantiva\/","name":"Resultados libres 1: Leclerc lidera una sesi\u00f3n poco representantiva - Noticias F1 en espa\u00f1ol","isPartOf":{"@id":"https:\/\/www.firstlapf1.com\/#website"},"primaryImageOfPage":{"@id":"https:\/\/www.firstlapf1.com\/resultados-libres-1-leclerc-lidera-una-sesion-poco-representantiva\/#primaryimage"},"image":{"@id":"https:\/\/www.firstlapf1.com\/resultados-libres-1-leclerc-lidera-una-sesion-poco-representantiva\/#primaryimage"},"thumbnailUrl":"https:\/\/www.firstlapf1.com\/wp-content\/uploads\/2025\/10\/20251024_214420-1.jpg","datePublished":"2025-10-24T19:53:00+00:00","dateModified":"2025-10-25T10:37:45+00:00","author":{"@id":"https:\/\/www.firstlapf1.com\/#\/schema\/person\/9eca09873eecb6d7836bc1a0bbd78250"},"description":"El de Ferrari manda en los resultados de los libres 1, con Antonelli y H\u00fclkenberg completando el top 3 en M\u00e9xico","inLanguage":"en-GB","potentialAction":[{"@type":"ReadAction","target":["https:\/\/www.firstlapf1.com\/resultados-libres-1-leclerc-lidera-una-sesion-poco-representantiva\/"]}]},{"@type":"ImageObject","inLanguage":"en-GB","@id":"https:\/\/www.firstlapf1.com\/resultados-libres-1-leclerc-lidera-una-sesion-poco-representantiva\/#primaryimage","url":"https:\/\/www.firstlapf1.com\/wp-content\/uploads\/2025\/10\/20251024_214420-1.jpg","contentUrl":"https:\/\/www.firstlapf1.com\/wp-content\/uploads\/2025\/10\/20251024_214420-1.jpg","width":1080,"height":1350},{"@type":"WebSite","@id":"https:\/\/www.firstlapf1.com\/#website","url":"https:\/\/www.firstlapf1.com\/","name":"Noticias F1 en espa\u00f1ol","description":"Noticias F1 en espa\u00f1ol","potentialAction":[{"@type":"SearchAction","target":{"@type":"EntryPoint","urlTemplate":"https:\/\/www.firstlapf1.com\/?s={search_term_string}"},"query-input":{"@type":"PropertyValueSpecification","valueRequired":true,"valueName":"search_term_string"}}],"inLanguage":"en-GB"},{"@type":"Person","@id":"https:\/\/www.firstlapf1.com\/#\/schema\/person\/9eca09873eecb6d7836bc1a0bbd78250","name":"Miguel Lora-Paquet","image":{"@type":"ImageObject","inLanguage":"en-GB","@id":"https:\/\/www.firstlapf1.com\/#\/schema\/person\/image\/","url":"https:\/\/www.firstlapf1.com\/wp-content\/uploads\/2022\/09\/7d393f41-126a-4a1e-bf1d-9d04e2ebc621.jpeg","contentUrl":"https:\/\/www.firstlapf1.com\/wp-content\/uploads\/2022\/09\/7d393f41-126a-4a1e-bf1d-9d04e2ebc621.jpeg","caption":"Miguel Lora-Paquet"},"url":"https:\/\/www.firstlapf1.com\/en\/author\/miguel\/"}]}},"jetpack_featured_media_url":"https:\/\/www.firstlapf1.com\/wp-content\/uploads\/2025\/10\/20251024_214420-1.jpg","jetpack_sharing_enabled":true,"_links":{"self":[{"href":"https:\/\/www.firstlapf1.com\/en\/wp-json\/wp\/v2\/posts\/16827","targetHints":{"allow":["GET"]}}],"collection":[{"href":"https:\/\/www.firstlapf1.com\/en\/wp-json\/wp\/v2\/posts"}],"about":[{"href":"https:\/\/www.firstlapf1.com\/en\/wp-json\/wp\/v2\/types\/post"}],"author":[{"embeddable":true,"href":"https:\/\/www.firstlapf1.com\/en\/wp-json\/wp\/v2\/users\/2"}],"replies":[{"embeddable":true,"href":"https:\/\/www.firstlapf1.com\/en\/wp-json\/wp\/v2\/comments?post=16827"}],"version-history":[{"count":3,"href":"https:\/\/www.firstlapf1.com\/en\/wp-json\/wp\/v2\/posts\/16827\/revisions"}],"predecessor-version":[{"id":16832,"href":"https:\/\/www.firstlapf1.com\/en\/wp-json\/wp\/v2\/posts\/16827\/revisions\/16832"}],"wp:featuredmedia":[{"embeddable":true,"href":"https:\/\/www.firstlapf1.com\/en\/wp-json\/wp\/v2\/media\/16833"}],"wp:attachment":[{"href":"https:\/\/www.firstlapf1.com\/en\/wp-json\/wp\/v2\/media?parent=16827"}],"wp:term":[{"taxonomy":"category","embeddable":true,"href":"https:\/\/www.firstlapf1.com\/en\/wp-json\/wp\/v2\/categories?post=16827"},{"taxonomy":"post_tag","embeddable":true,"href":"https:\/\/www.firstlapf1.com\/en\/wp-json\/wp\/v2\/tags?post=16827"}],"curies":[{"name":"wp","href":"https:\/\/api.w.org\/{rel}","templated":true}]}}