{"id":16807,"date":"2025-10-23T19:51:29","date_gmt":"2025-10-23T19:51:29","guid":{"rendered":"https:\/\/www.firstlapf1.com\/?p=16807"},"modified":"2025-10-23T19:51:32","modified_gmt":"2025-10-23T19:51:32","slug":"oficial-nico-varrone-se-muda-a-la-f2-con-var-en-2026","status":"publish","type":"post","link":"https:\/\/www.firstlapf1.com\/en\/oficial-nico-varrone-se-muda-a-la-f2-con-var-en-2026\/","title":{"rendered":"OFICIAL: Nico Varrone se muda a la F2 con VAR en 2026"},"content":{"rendered":"<h2 class=\"wp-block-heading\">El piloto argentino Nico Varrone correr\u00e1 con el equipo Van Amersfoort Racing en la categor\u00eda de plata la pr\u00f3xima temporada<\/h2>\n\n\n\n<p>La afici\u00f3n argentina es conocida mundialmente por su gran \u00edmpetu y el \u00bb#NicoVarroneaF1\u00bb ha sido trending topic en los recientes d\u00edas. El sue\u00f1o de sus seguidores de ver a tres pilotos argentinos en la escalera hacia la F1 est\u00e1 cada vez m\u00e1s cerca, con Colnaghi en F3, Varrone en F2 y, a falta de oficialidad, Colapinto en F1. El equipo <a href=\"https:\/\/www.firstlapf1.com\/en\/category\/van-amersfoort\/\" target=\"_blank\" rel=\"noreferrer noopener\">Van Amersfoort<\/a> estrena as\u00ed su dupla, con el segundo piloto a\u00fan por confirmar.<\/p>\n\n\n\n<h2 class=\"wp-block-heading has-normal-font-size\">Declaraciones<\/h2>\n\n\n\n<p>Nico Varrone:<\/p>\n\n\n\n<p><strong>\u00bbEstoy muy emocionado por unirme a Van Amersfoort para la temporada 2026 de F2. Es un equipo profesional con una gran historia y \u00e9xito, as\u00ed que no puedo esperar a ponerme al volante y trabajar con ellos. Agradezco a todos los que me han apoyado durante estos a\u00f1os.\u00bb<\/strong><\/p>\n\n\n\n<p>Brad Joyce, Director de VAR F2:<\/p>\n\n\n\n<p><strong>\u00bbEstamos encantados de dar la bienvenida a Nico al equipo para la temporada 2026 de F2. Su experiencia y sus logros en resistencia, incluido Le Mans, hablan por s\u00ed solos. Dar el paso a la F2 es un reto pero con su conocimiento t\u00e9cnico y su talento, estamos seguros que se adaptar\u00e1 r\u00e1pidamente al ambiente. Tenemos ganas de trabajar con \u00e9l y creemos que, con su llegada, ser\u00e1 un gran activo para el equipo.\u00bb<\/strong><\/p>\n\n\n\n<p>Pese a haber corrido en el Mundial de Resistencia, Varrone no es nuevo en un monoplaza de F2. El a\u00f1o pasado, tuvo la oportunidad de pilotar uno en los tests postemporada de Abu Dhabi, as\u00ed como<strong> <\/strong>un test privado de Van Amersfoort en Arag\u00f3n con un Dallara de la anterior generaci\u00f3n. <\/p>\n\n\n\n<p>Este movimiento hace que queden 13 asientos libres para la parrilla de <a href=\"https:\/\/www.fiaformula2.com\/\" target=\"_blank\" rel=\"noreferrer noopener\">F2 2026<\/a>.<\/p>\n\n\n\n<figure class=\"wp-block-image size-large\"><img loading=\"lazy\" decoding=\"async\" width=\"768\" height=\"1024\" src=\"https:\/\/www.firstlapf1.com\/wp-content\/uploads\/2025\/10\/1000063258-768x1024.jpg\" alt=\"\" class=\"wp-image-16809\" srcset=\"https:\/\/www.firstlapf1.com\/wp-content\/uploads\/2025\/10\/1000063258-768x1024.jpg 768w, https:\/\/www.firstlapf1.com\/wp-content\/uploads\/2025\/10\/1000063258-225x300.jpg 225w, https:\/\/www.firstlapf1.com\/wp-content\/uploads\/2025\/10\/1000063258-1152x1536.jpg 1152w, https:\/\/www.firstlapf1.com\/wp-content\/uploads\/2025\/10\/1000063258-9x12.jpg 9w, https:\/\/www.firstlapf1.com\/wp-content\/uploads\/2025\/10\/1000063258-606x808.jpg 606w, https:\/\/www.firstlapf1.com\/wp-content\/uploads\/2025\/10\/1000063258.jpg 1536w\" sizes=\"auto, (max-width: 768px) 100vw, 768px\" \/><figcaption class=\"wp-element-caption\">Fuente: Van Amersfoort Racing en X (fuente portada: F2 en X)<\/figcaption><\/figure>","protected":false},"excerpt":{"rendered":"<p>El piloto argentino Nico Varrone correr\u00e1 con el equipo Van Amersfoort Racing en la categor\u00eda de plata la pr\u00f3xima temporada &hellip; <span class=\"more-button\"><a href=\"https:\/\/www.firstlapf1.com\/en\/oficial-nico-varrone-se-muda-a-la-f2-con-var-en-2026\/\" class=\"more-link\">Continue reading<span class=\"screen-reader-text\">OFICIAL: Nico Varrone se muda a la F2 con VAR en 2026<\/span><\/a><\/span><\/p>","protected":false},"author":2,"featured_media":16812,"comment_status":"closed","ping_status":"open","sticky":false,"template":"","format":"standard","meta":{"_jetpack_memberships_contains_paid_content":false,"footnotes":""},"categories":[9,62],"tags":[],"class_list":["post-16807","post","type-post","status-publish","format-standard","has-post-thumbnail","hentry","category-f2","category-van-amersfoort"],"yoast_head":"<!-- This site is optimized with the Yoast SEO plugin v27.0 - https:\/\/yoast.com\/product\/yoast-seo-wordpress\/ -->\n<title>OFICIAL: Nico Varrone se muda a la F2 con VAR en 2026 - Noticias F1 en espa\u00f1ol<\/title>\n<meta name=\"description\" content=\"El piloto argentino Nico Varrone correr\u00e1 con el equipo Van Amersfoort Racing en la categor\u00eda de plata la pr\u00f3xima temporada\" \/>\n<meta name=\"robots\" content=\"index, follow, max-snippet:-1, max-image-preview:large, max-video-preview:-1\" \/>\n<link rel=\"canonical\" href=\"https:\/\/www.firstlapf1.com\/en\/oficial-nico-varrone-se-muda-a-la-f2-con-var-en-2026\/\" \/>\n<meta property=\"og:locale\" content=\"en_GB\" \/>\n<meta property=\"og:type\" content=\"article\" \/>\n<meta property=\"og:title\" content=\"OFICIAL: Nico Varrone se muda a la F2 con VAR en 2026 - Noticias F1 en espa\u00f1ol\" \/>\n<meta property=\"og:description\" content=\"El piloto argentino Nico Varrone correr\u00e1 con el equipo Van Amersfoort Racing en la categor\u00eda de plata la pr\u00f3xima temporada\" \/>\n<meta property=\"og:url\" content=\"https:\/\/www.firstlapf1.com\/en\/oficial-nico-varrone-se-muda-a-la-f2-con-var-en-2026\/\" \/>\n<meta property=\"og:site_name\" content=\"Noticias F1 en espa\u00f1ol\" \/>\n<meta property=\"article:published_time\" content=\"2025-10-23T19:51:29+00:00\" \/>\n<meta property=\"article:modified_time\" content=\"2025-10-23T19:51:32+00:00\" \/>\n<meta property=\"og:image\" content=\"https:\/\/www.firstlapf1.com\/wp-content\/uploads\/2025\/10\/20251023_181243.jpg\" \/>\n\t<meta property=\"og:image:width\" content=\"1080\" \/>\n\t<meta property=\"og:image:height\" content=\"1350\" \/>\n\t<meta property=\"og:image:type\" content=\"image\/jpeg\" \/>\n<meta name=\"author\" content=\"Miguel Lora-Paquet\" \/>\n<meta name=\"twitter:card\" content=\"summary_large_image\" \/>\n<meta name=\"twitter:label1\" content=\"Written by\" \/>\n\t<meta name=\"twitter:data1\" content=\"Miguel Lora-Paquet\" \/>\n\t<meta name=\"twitter:label2\" content=\"Estimated reading time\" \/>\n\t<meta name=\"twitter:data2\" content=\"2 minutes\" \/>\n<script type=\"application\/ld+json\" class=\"yoast-schema-graph\">{\"@context\":\"https:\/\/schema.org\",\"@graph\":[{\"@type\":\"Article\",\"@id\":\"https:\/\/www.firstlapf1.com\/oficial-nico-varrone-se-muda-a-la-f2-con-var-en-2026\/#article\",\"isPartOf\":{\"@id\":\"https:\/\/www.firstlapf1.com\/oficial-nico-varrone-se-muda-a-la-f2-con-var-en-2026\/\"},\"author\":{\"name\":\"Miguel Lora-Paquet\",\"@id\":\"https:\/\/www.firstlapf1.com\/#\/schema\/person\/9eca09873eecb6d7836bc1a0bbd78250\"},\"headline\":\"OFICIAL: Nico Varrone se muda a la F2 con VAR en 2026\",\"datePublished\":\"2025-10-23T19:51:29+00:00\",\"dateModified\":\"2025-10-23T19:51:32+00:00\",\"mainEntityOfPage\":{\"@id\":\"https:\/\/www.firstlapf1.com\/oficial-nico-varrone-se-muda-a-la-f2-con-var-en-2026\/\"},\"wordCount\":324,\"image\":{\"@id\":\"https:\/\/www.firstlapf1.com\/oficial-nico-varrone-se-muda-a-la-f2-con-var-en-2026\/#primaryimage\"},\"thumbnailUrl\":\"https:\/\/www.firstlapf1.com\/wp-content\/uploads\/2025\/10\/20251023_181243.jpg\",\"articleSection\":[\"F2\",\"Van Amersfoort Racing (F2)\"],\"inLanguage\":\"en-GB\"},{\"@type\":\"WebPage\",\"@id\":\"https:\/\/www.firstlapf1.com\/oficial-nico-varrone-se-muda-a-la-f2-con-var-en-2026\/\",\"url\":\"https:\/\/www.firstlapf1.com\/oficial-nico-varrone-se-muda-a-la-f2-con-var-en-2026\/\",\"name\":\"OFICIAL: Nico Varrone se muda a la F2 con VAR en 2026 - Noticias F1 en espa\u00f1ol\",\"isPartOf\":{\"@id\":\"https:\/\/www.firstlapf1.com\/#website\"},\"primaryImageOfPage\":{\"@id\":\"https:\/\/www.firstlapf1.com\/oficial-nico-varrone-se-muda-a-la-f2-con-var-en-2026\/#primaryimage\"},\"image\":{\"@id\":\"https:\/\/www.firstlapf1.com\/oficial-nico-varrone-se-muda-a-la-f2-con-var-en-2026\/#primaryimage\"},\"thumbnailUrl\":\"https:\/\/www.firstlapf1.com\/wp-content\/uploads\/2025\/10\/20251023_181243.jpg\",\"datePublished\":\"2025-10-23T19:51:29+00:00\",\"dateModified\":\"2025-10-23T19:51:32+00:00\",\"author\":{\"@id\":\"https:\/\/www.firstlapf1.com\/#\/schema\/person\/9eca09873eecb6d7836bc1a0bbd78250\"},\"description\":\"El piloto argentino Nico Varrone correr\u00e1 con el equipo Van Amersfoort Racing en la categor\u00eda de plata la pr\u00f3xima temporada\",\"inLanguage\":\"en-GB\",\"potentialAction\":[{\"@type\":\"ReadAction\",\"target\":[\"https:\/\/www.firstlapf1.com\/oficial-nico-varrone-se-muda-a-la-f2-con-var-en-2026\/\"]}]},{\"@type\":\"ImageObject\",\"inLanguage\":\"en-GB\",\"@id\":\"https:\/\/www.firstlapf1.com\/oficial-nico-varrone-se-muda-a-la-f2-con-var-en-2026\/#primaryimage\",\"url\":\"https:\/\/www.firstlapf1.com\/wp-content\/uploads\/2025\/10\/20251023_181243.jpg\",\"contentUrl\":\"https:\/\/www.firstlapf1.com\/wp-content\/uploads\/2025\/10\/20251023_181243.jpg\",\"width\":1080,\"height\":1350},{\"@type\":\"WebSite\",\"@id\":\"https:\/\/www.firstlapf1.com\/#website\",\"url\":\"https:\/\/www.firstlapf1.com\/\",\"name\":\"Noticias F1 en espa\u00f1ol\",\"description\":\"Noticias F1 en espa\u00f1ol\",\"potentialAction\":[{\"@type\":\"SearchAction\",\"target\":{\"@type\":\"EntryPoint\",\"urlTemplate\":\"https:\/\/www.firstlapf1.com\/?s={search_term_string}\"},\"query-input\":{\"@type\":\"PropertyValueSpecification\",\"valueRequired\":true,\"valueName\":\"search_term_string\"}}],\"inLanguage\":\"en-GB\"},{\"@type\":\"Person\",\"@id\":\"https:\/\/www.firstlapf1.com\/#\/schema\/person\/9eca09873eecb6d7836bc1a0bbd78250\",\"name\":\"Miguel Lora-Paquet\",\"image\":{\"@type\":\"ImageObject\",\"inLanguage\":\"en-GB\",\"@id\":\"https:\/\/www.firstlapf1.com\/#\/schema\/person\/image\/\",\"url\":\"https:\/\/www.firstlapf1.com\/wp-content\/uploads\/2022\/09\/7d393f41-126a-4a1e-bf1d-9d04e2ebc621.jpeg\",\"contentUrl\":\"https:\/\/www.firstlapf1.com\/wp-content\/uploads\/2022\/09\/7d393f41-126a-4a1e-bf1d-9d04e2ebc621.jpeg\",\"caption\":\"Miguel Lora-Paquet\"},\"url\":\"https:\/\/www.firstlapf1.com\/en\/author\/miguel\/\"}]}<\/script>\n<!-- \/ Yoast SEO plugin. -->","yoast_head_json":{"title":"OFICIAL: Nico Varrone se muda a la F2 con VAR en 2026 - Noticias F1 en espa\u00f1ol","description":"El piloto argentino Nico Varrone correr\u00e1 con el equipo Van Amersfoort Racing en la categor\u00eda de plata la pr\u00f3xima temporada","robots":{"index":"index","follow":"follow","max-snippet":"max-snippet:-1","max-image-preview":"max-image-preview:large","max-video-preview":"max-video-preview:-1"},"canonical":"https:\/\/www.firstlapf1.com\/en\/oficial-nico-varrone-se-muda-a-la-f2-con-var-en-2026\/","og_locale":"en_GB","og_type":"article","og_title":"OFICIAL: Nico Varrone se muda a la F2 con VAR en 2026 - Noticias F1 en espa\u00f1ol","og_description":"El piloto argentino Nico Varrone correr\u00e1 con el equipo Van Amersfoort Racing en la categor\u00eda de plata la pr\u00f3xima temporada","og_url":"https:\/\/www.firstlapf1.com\/en\/oficial-nico-varrone-se-muda-a-la-f2-con-var-en-2026\/","og_site_name":"Noticias F1 en espa\u00f1ol","article_published_time":"2025-10-23T19:51:29+00:00","article_modified_time":"2025-10-23T19:51:32+00:00","og_image":[{"width":1080,"height":1350,"url":"https:\/\/www.firstlapf1.com\/wp-content\/uploads\/2025\/10\/20251023_181243.jpg","type":"image\/jpeg"}],"author":"Miguel Lora-Paquet","twitter_card":"summary_large_image","twitter_misc":{"Written by":"Miguel Lora-Paquet","Estimated reading time":"2 minutes"},"schema":{"@context":"https:\/\/schema.org","@graph":[{"@type":"Article","@id":"https:\/\/www.firstlapf1.com\/oficial-nico-varrone-se-muda-a-la-f2-con-var-en-2026\/#article","isPartOf":{"@id":"https:\/\/www.firstlapf1.com\/oficial-nico-varrone-se-muda-a-la-f2-con-var-en-2026\/"},"author":{"name":"Miguel Lora-Paquet","@id":"https:\/\/www.firstlapf1.com\/#\/schema\/person\/9eca09873eecb6d7836bc1a0bbd78250"},"headline":"OFICIAL: Nico Varrone se muda a la F2 con VAR en 2026","datePublished":"2025-10-23T19:51:29+00:00","dateModified":"2025-10-23T19:51:32+00:00","mainEntityOfPage":{"@id":"https:\/\/www.firstlapf1.com\/oficial-nico-varrone-se-muda-a-la-f2-con-var-en-2026\/"},"wordCount":324,"image":{"@id":"https:\/\/www.firstlapf1.com\/oficial-nico-varrone-se-muda-a-la-f2-con-var-en-2026\/#primaryimage"},"thumbnailUrl":"https:\/\/www.firstlapf1.com\/wp-content\/uploads\/2025\/10\/20251023_181243.jpg","articleSection":["F2","Van Amersfoort Racing (F2)"],"inLanguage":"en-GB"},{"@type":"WebPage","@id":"https:\/\/www.firstlapf1.com\/oficial-nico-varrone-se-muda-a-la-f2-con-var-en-2026\/","url":"https:\/\/www.firstlapf1.com\/oficial-nico-varrone-se-muda-a-la-f2-con-var-en-2026\/","name":"OFICIAL: Nico Varrone se muda a la F2 con VAR en 2026 - Noticias F1 en espa\u00f1ol","isPartOf":{"@id":"https:\/\/www.firstlapf1.com\/#website"},"primaryImageOfPage":{"@id":"https:\/\/www.firstlapf1.com\/oficial-nico-varrone-se-muda-a-la-f2-con-var-en-2026\/#primaryimage"},"image":{"@id":"https:\/\/www.firstlapf1.com\/oficial-nico-varrone-se-muda-a-la-f2-con-var-en-2026\/#primaryimage"},"thumbnailUrl":"https:\/\/www.firstlapf1.com\/wp-content\/uploads\/2025\/10\/20251023_181243.jpg","datePublished":"2025-10-23T19:51:29+00:00","dateModified":"2025-10-23T19:51:32+00:00","author":{"@id":"https:\/\/www.firstlapf1.com\/#\/schema\/person\/9eca09873eecb6d7836bc1a0bbd78250"},"description":"El piloto argentino Nico Varrone correr\u00e1 con el equipo Van Amersfoort Racing en la categor\u00eda de plata la pr\u00f3xima temporada","inLanguage":"en-GB","potentialAction":[{"@type":"ReadAction","target":["https:\/\/www.firstlapf1.com\/oficial-nico-varrone-se-muda-a-la-f2-con-var-en-2026\/"]}]},{"@type":"ImageObject","inLanguage":"en-GB","@id":"https:\/\/www.firstlapf1.com\/oficial-nico-varrone-se-muda-a-la-f2-con-var-en-2026\/#primaryimage","url":"https:\/\/www.firstlapf1.com\/wp-content\/uploads\/2025\/10\/20251023_181243.jpg","contentUrl":"https:\/\/www.firstlapf1.com\/wp-content\/uploads\/2025\/10\/20251023_181243.jpg","width":1080,"height":1350},{"@type":"WebSite","@id":"https:\/\/www.firstlapf1.com\/#website","url":"https:\/\/www.firstlapf1.com\/","name":"Noticias F1 en espa\u00f1ol","description":"Noticias F1 en espa\u00f1ol","potentialAction":[{"@type":"SearchAction","target":{"@type":"EntryPoint","urlTemplate":"https:\/\/www.firstlapf1.com\/?s={search_term_string}"},"query-input":{"@type":"PropertyValueSpecification","valueRequired":true,"valueName":"search_term_string"}}],"inLanguage":"en-GB"},{"@type":"Person","@id":"https:\/\/www.firstlapf1.com\/#\/schema\/person\/9eca09873eecb6d7836bc1a0bbd78250","name":"Miguel Lora-Paquet","image":{"@type":"ImageObject","inLanguage":"en-GB","@id":"https:\/\/www.firstlapf1.com\/#\/schema\/person\/image\/","url":"https:\/\/www.firstlapf1.com\/wp-content\/uploads\/2022\/09\/7d393f41-126a-4a1e-bf1d-9d04e2ebc621.jpeg","contentUrl":"https:\/\/www.firstlapf1.com\/wp-content\/uploads\/2022\/09\/7d393f41-126a-4a1e-bf1d-9d04e2ebc621.jpeg","caption":"Miguel Lora-Paquet"},"url":"https:\/\/www.firstlapf1.com\/en\/author\/miguel\/"}]}},"jetpack_featured_media_url":"https:\/\/www.firstlapf1.com\/wp-content\/uploads\/2025\/10\/20251023_181243.jpg","jetpack_sharing_enabled":true,"_links":{"self":[{"href":"https:\/\/www.firstlapf1.com\/en\/wp-json\/wp\/v2\/posts\/16807","targetHints":{"allow":["GET"]}}],"collection":[{"href":"https:\/\/www.firstlapf1.com\/en\/wp-json\/wp\/v2\/posts"}],"about":[{"href":"https:\/\/www.firstlapf1.com\/en\/wp-json\/wp\/v2\/types\/post"}],"author":[{"embeddable":true,"href":"https:\/\/www.firstlapf1.com\/en\/wp-json\/wp\/v2\/users\/2"}],"replies":[{"embeddable":true,"href":"https:\/\/www.firstlapf1.com\/en\/wp-json\/wp\/v2\/comments?post=16807"}],"version-history":[{"count":2,"href":"https:\/\/www.firstlapf1.com\/en\/wp-json\/wp\/v2\/posts\/16807\/revisions"}],"predecessor-version":[{"id":16813,"href":"https:\/\/www.firstlapf1.com\/en\/wp-json\/wp\/v2\/posts\/16807\/revisions\/16813"}],"wp:featuredmedia":[{"embeddable":true,"href":"https:\/\/www.firstlapf1.com\/en\/wp-json\/wp\/v2\/media\/16812"}],"wp:attachment":[{"href":"https:\/\/www.firstlapf1.com\/en\/wp-json\/wp\/v2\/media?parent=16807"}],"wp:term":[{"taxonomy":"category","embeddable":true,"href":"https:\/\/www.firstlapf1.com\/en\/wp-json\/wp\/v2\/categories?post=16807"},{"taxonomy":"post_tag","embeddable":true,"href":"https:\/\/www.firstlapf1.com\/en\/wp-json\/wp\/v2\/tags?post=16807"}],"curies":[{"name":"wp","href":"https:\/\/api.w.org\/{rel}","templated":true}]}}