{"id":16805,"date":"2025-10-23T21:13:49","date_gmt":"2025-10-23T21:13:49","guid":{"rendered":"https:\/\/www.firstlapf1.com\/?p=16805"},"modified":"2025-10-23T21:13:52","modified_gmt":"2025-10-23T21:13:52","slug":"el-autodromo-hermanos-rodriguez-analizado-al-detalle","status":"publish","type":"post","link":"https:\/\/www.firstlapf1.com\/en\/el-autodromo-hermanos-rodriguez-analizado-al-detalle\/","title":{"rendered":"El Aut\u00f3dromo Hermanos Rodr\u00edguez, analizado al detalle"},"content":{"rendered":"<h2 class=\"wp-block-heading\">La F1 correr\u00e1 este fin de semana en tierras mexicanas, una vez m\u00e1s, en el Aut\u00f3dromo Hermanos Rodr\u00edguez, situado en la Ciudad de M\u00e9xico<\/h2>\n\n\n\n<h2 class=\"wp-block-heading\">Historia de la pista<\/h2>\n\n\n\n<p>El primer <a href=\"https:\/\/www.formula1.com\/\" target=\"_blank\" rel=\"noreferrer noopener\">Gran Premio de F\u00f3rmula 1<\/a> disputado en el Aut\u00f3dromo Hermanos Rodr\u00edguez fue en el a\u00f1o 1986. Esa carrera tuvo como ganador al austriaco Gerhard Berger, de la mano de la escuder\u00eda Benetton-BMW. El primer \u201cGran Premio de M\u00e9xico\u201d puntuable para el Campeonato Mundial de F\u00f3rmula 1 data del a\u00f1o 1963. El actual Circuito de M\u00e9xico hizo que la F1 regresara al pa\u00eds norteamericano despu\u00e9s de diecis\u00e9is a\u00f1os sin carreras.<br><br>Hasta ahora, ha habido 24 ediciones en el actual Aut\u00f3dromo Hermanos Rodr\u00edguez. Un dato a tener en cuenta, es que en 2021 pas\u00f3 de llamarse \u201cGran Premio de M\u00e9xico\u201d a \u201cGran Premio de la Ciudad de M\u00e9xico\u201d. Otra curiosidad es que se trata de la carrera que se disputa a mayor altitud del actual calendario de F\u00f3rmula 1. Los pilotos compiten a 2,285 metros sobre el nivel del mar, lo que hace que los equipos tengan que modificar varios ajustes del coche para adaptarlo a las circunstancias.&nbsp;<\/p>\n\n\n\n<h2 class=\"wp-block-heading\">Estad\u00edsticas<\/h2>\n\n\n\n<h2 class=\"wp-block-heading has-normal-font-size\">\u00daltimos ganadores<\/h2>\n\n\n\n<p>2024: Carlos Sainz (Ferrari)<\/p>\n\n\n\n<p>2023: Max Verstappen (Red Bull)<\/p>\n\n\n\n<p>2022: Max Verstappen (Red Bull)<\/p>\n\n\n\n<p>2021: Max Verstappen (Red Bull)<\/p>\n\n\n\n<p>2019: Lewis Hamilton (Mercedes)<\/p>\n\n\n\n<p><em>*En 2020 no hubo GP debido a la pandemia mundial de COVID-19<\/em><\/p>\n\n\n\n<p>Al igual que muestran las estad\u00edsticas de las \u00faltimas carreras, es una pista que se le da especialmente bien a Max Verstappen, aunque puede dar lugar a muchas sorpresas, como la victoria del a\u00f1o pasado de Carlos Sainz. Tendremos que ver c\u00f3mo se ajusta el rendimiento de los coches a esta pista en este 2025.<\/p>\n\n\n\n<h2 class=\"wp-block-heading has-normal-font-size\">Ganadores hist\u00f3ricos<\/h2>\n\n\n\n<p>Max Verstappen es el m\u00e1ximo ganador en este trazado. Con cinco victorias, lidera la tabla de resultados con contundencia, ya que sus perseguidores solo han podido conseguir dos triunfos. Los pilotos que han cruzado en primera posici\u00f3n dos veces en el Hermanos Rodr\u00edguez son los siguientes: Alain Prost, Nigel Mansell y Lewis Hamilton. Por detr\u00e1s, hay otros pilotos con una victoria, como Carlos Sainz o Nico Rosberg.<br><br>Si nos centramos en la lucha de escuder\u00edas, la reina es Red Bull. Las cinco victorias que ha cosechado Verstappen sirven para que ocupen la primera posici\u00f3n en los galardones hist\u00f3ricos. En segunda posici\u00f3n, encontramos al constructor Mercedes, con tres triunfos. Despu\u00e9s aparecen varios equipos con dos primeros puestos, como Ferrari, McLaren-Honda o Williams-Renault.<\/p>\n\n\n\n<h2 class=\"wp-block-heading has-normal-font-size\">Distancia de carrera<\/h2>\n\n\n\n<p>La longitud del Aut\u00f3dromo es de 4,304 kil\u00f3metros en su versi\u00f3n de carreras para la F1. Esto supone que, por cada carrera, se giran un total de 71 vueltas. Si hacemos la multiplicaci\u00f3n, resulta que en total se recorren alrededor de 305 kil\u00f3metros.&nbsp;<\/p>\n\n\n\n<h2 class=\"wp-block-heading has-normal-font-size\">Vuelta m\u00e1s r\u00e1pida<\/h2>\n\n\n\n<p>El giro m\u00e1s r\u00e1pido registrado en clasificaci\u00f3n marca un 1:14,578 por Max Verstappen en el a\u00f1o 2019, que le sirvi\u00f3 para ocupar la posici\u00f3n de la pole.<\/p>\n\n\n\n<figure class=\"wp-block-image size-large\"><img loading=\"lazy\" decoding=\"async\" width=\"819\" height=\"1024\" src=\"https:\/\/www.firstlapf1.com\/wp-content\/uploads\/2025\/10\/1000063340-819x1024.jpg\" alt=\"\" class=\"wp-image-16822\" srcset=\"https:\/\/www.firstlapf1.com\/wp-content\/uploads\/2025\/10\/1000063340-819x1024.jpg 819w, https:\/\/www.firstlapf1.com\/wp-content\/uploads\/2025\/10\/1000063340-240x300.jpg 240w, https:\/\/www.firstlapf1.com\/wp-content\/uploads\/2025\/10\/1000063340-768x960.jpg 768w, https:\/\/www.firstlapf1.com\/wp-content\/uploads\/2025\/10\/1000063340-10x12.jpg 10w, https:\/\/www.firstlapf1.com\/wp-content\/uploads\/2025\/10\/1000063340.jpg 1200w\" sizes=\"auto, (max-width: 819px) 100vw, 819px\" \/><figcaption class=\"wp-element-caption\">Fuente: BWT Alpine F1 Team en X<\/figcaption><\/figure>\n\n\n\n<h2 class=\"wp-block-heading\">Claves<\/h2>\n\n\n\n<p>M\u00e9xico es un lugar relativamente sencillo. Buena parte del trazado se realiza con el pedal del gas pisado a fondo, aunque tambi\u00e9n cuenta con zonas m\u00e1s reviradas. Siguiendo la vuelta que le sirvi\u00f3 a Carlos Sainz para partir desde la pole position el a\u00f1o pasado, as\u00ed es como se completa una vuelta cronometrada en el <a href=\"https:\/\/www.firstlapf1.com\/en\/category\/mexico\/\" target=\"_blank\" rel=\"noreferrer noopener\">Aut\u00f3dromo Hermanos Rodr\u00edguez<\/a>.<\/p>\n\n\n\n<h2 class=\"wp-block-heading has-normal-font-size\">Sector 1<\/h2>\n\n\n\n<p>Este es el m\u00e1s sencillo de los tres tercios de la vuelta. Se comienza a rodar con una enorme recta, apoyados con el DRS para alcanzar grandes velocidades, marcando un r\u00e9cord hist\u00f3rico de 372,5 km\/h. Al final de la misma, se aborda la chicane de las tres primeras curvas. Es un giro de derecha-izquierda-derecha que se pasa generalmente en tercera velocidad. Hay que priorizar la tracci\u00f3n, ya que una vez crucemos la chicane, se aproxima otra larga recta de DRS que cierra el primer sector.<\/p>\n\n\n\n<h2 class=\"wp-block-heading has-normal-font-size\">Sector 2<\/h2>\n\n\n\n<p>La parte central del circuito es algo m\u00e1s enrevesada que el sector que ya hemos estudiado. Nada m\u00e1s comenzar, se completa otra chicane, que engloba las curvas 4 y 5. Pasando por la misma a tercera velocidad, como norma general, no hay tiempo para desconcentrarse. Enseguida asoma el sexto giro de la vuelta, una curva de doble v\u00e9rtice a derechas. Es una de las m\u00e1s t\u00e9cnicas hasta ahora. Ahora se llega a una zona desafiante del trazado: las enlazadas. Desde la curva 7 hasta la 11 se recorre un tramo de curvas consecutivas, exigentes para los pilotos. Hay un giro r\u00e1pido de izquierda-derecha-izquierda, una recta bastante corta y otro giro algo m\u00e1s lento de derecha-izquierda. Al terminar esta zona, se abre el DRS por tercera vez y se termina el segundo sector.<\/p>\n\n\n\n<h2 class=\"wp-block-heading has-normal-font-size\">Sector 3<\/h2>\n\n\n\n<p>Para terminar la vuelta, negociamos la parte m\u00e1s lenta del Aut\u00f3dromo. Se llega a la curva 12, donde se baja de octava a cuarta marcha para pasar por un giro a derechas de 90\u00ba. Despu\u00e9s, se surca la curva 13, la m\u00e1s lenta de la vuelta, a izquierdas. Es crucial mantener la trazada correcta para ir a una buena velocidad por el decimocuarto v\u00e9rtice del circuito y encarar en condiciones la \u00faltima curva, otro giro de 90\u00ba a derechas. Es m\u00e1s importante que nunca evitar que patinen las ruedas traseras, ya que la tracci\u00f3n es fundamental para alcanzar la m\u00e1xima velocidad posible durante la recta de meta.<\/p>\n\n\n\n<h2 class=\"wp-block-heading\">Previsi\u00f3n meteorol\u00f3gica<\/h2>\n\n\n\n<p>El tiempo ser\u00e1 agradable en el circuito durante el fin de semana. Se espera clima c\u00e1lido, superando los 25 \u00baC en los tres d\u00edas de competici\u00f3n. La lluvia no deber\u00eda ser una opci\u00f3n durante ninguna parte del fin de semana.<\/p>\n\n\n\n<figure class=\"wp-block-image size-large\"><img loading=\"lazy\" decoding=\"async\" width=\"683\" height=\"1024\" src=\"https:\/\/www.firstlapf1.com\/wp-content\/uploads\/2025\/10\/1000063342-683x1024.jpg\" alt=\"\" class=\"wp-image-16823\" srcset=\"https:\/\/www.firstlapf1.com\/wp-content\/uploads\/2025\/10\/1000063342-683x1024.jpg 683w, https:\/\/www.firstlapf1.com\/wp-content\/uploads\/2025\/10\/1000063342-200x300.jpg 200w, https:\/\/www.firstlapf1.com\/wp-content\/uploads\/2025\/10\/1000063342-768x1151.jpg 768w, https:\/\/www.firstlapf1.com\/wp-content\/uploads\/2025\/10\/1000063342-1025x1536.jpg 1025w, https:\/\/www.firstlapf1.com\/wp-content\/uploads\/2025\/10\/1000063342-8x12.jpg 8w, https:\/\/www.firstlapf1.com\/wp-content\/uploads\/2025\/10\/1000063342.jpg 1366w\" sizes=\"auto, (max-width: 683px) 100vw, 683px\" \/><figcaption class=\"wp-element-caption\">Fuente: Stake F1 Team KICK Sauber en X (fuente portada:  Atlassian Williams Racing en X)<\/figcaption><\/figure>","protected":false},"excerpt":{"rendered":"<p>La F1 correr\u00e1 este fin de semana en tierras mexicanas, una vez m\u00e1s, en el Aut\u00f3dromo Hermanos Rodr\u00edguez, situado en la Ciudad de M\u00e9xico &hellip; <span class=\"more-button\"><a href=\"https:\/\/www.firstlapf1.com\/en\/el-autodromo-hermanos-rodriguez-analizado-al-detalle\/\" class=\"more-link\">Continue reading<span class=\"screen-reader-text\">El Aut\u00f3dromo Hermanos Rodr\u00edguez, analizado al detalle<\/span><\/a><\/span><\/p>","protected":false},"author":70,"featured_media":16825,"comment_status":"closed","ping_status":"open","sticky":false,"template":"","format":"standard","meta":{"_jetpack_memberships_contains_paid_content":false,"footnotes":""},"categories":[6,28],"tags":[154,44,142,152,169,49],"class_list":["post-16805","post","type-post","status-publish","format-standard","has-post-thumbnail","hentry","category-circuitos","category-mexico","tag-analisis","tag-f1","tag-formula-1-2","tag-max-verstappen","tag-mexico","tag-red-bull"],"yoast_head":"<!-- This site is optimized with the Yoast SEO plugin v27.0 - https:\/\/yoast.com\/product\/yoast-seo-wordpress\/ -->\n<title>El Aut\u00f3dromo Hermanos Rodr\u00edguez, analizado al detalle - Noticias F1 en espa\u00f1ol<\/title>\n<meta name=\"description\" content=\"La F1 correr\u00e1 este fin de semana en tierras mexicanas, una vez m\u00e1s, en el Aut\u00f3dromo Hermanos Rodr\u00edguez, situado en la Ciudad de M\u00e9xico\" \/>\n<meta name=\"robots\" content=\"index, follow, max-snippet:-1, max-image-preview:large, max-video-preview:-1\" \/>\n<link rel=\"canonical\" href=\"https:\/\/www.firstlapf1.com\/en\/el-autodromo-hermanos-rodriguez-analizado-al-detalle\/\" \/>\n<meta property=\"og:locale\" content=\"en_GB\" \/>\n<meta property=\"og:type\" content=\"article\" \/>\n<meta property=\"og:title\" content=\"El Aut\u00f3dromo Hermanos Rodr\u00edguez, analizado al detalle - Noticias F1 en espa\u00f1ol\" \/>\n<meta property=\"og:description\" content=\"La F1 correr\u00e1 este fin de semana en tierras mexicanas, una vez m\u00e1s, en el Aut\u00f3dromo Hermanos Rodr\u00edguez, situado en la Ciudad de M\u00e9xico\" \/>\n<meta property=\"og:url\" content=\"https:\/\/www.firstlapf1.com\/en\/el-autodromo-hermanos-rodriguez-analizado-al-detalle\/\" \/>\n<meta property=\"og:site_name\" content=\"Noticias F1 en espa\u00f1ol\" \/>\n<meta property=\"article:published_time\" content=\"2025-10-23T21:13:49+00:00\" \/>\n<meta property=\"article:modified_time\" content=\"2025-10-23T21:13:52+00:00\" \/>\n<meta property=\"og:image\" content=\"https:\/\/www.firstlapf1.com\/wp-content\/uploads\/2025\/10\/20251023_231114.jpg\" \/>\n\t<meta property=\"og:image:width\" content=\"1536\" \/>\n\t<meta property=\"og:image:height\" content=\"2048\" \/>\n\t<meta property=\"og:image:type\" content=\"image\/jpeg\" \/>\n<meta name=\"author\" content=\"David Calv\u00e9\" \/>\n<meta name=\"twitter:card\" content=\"summary_large_image\" \/>\n<meta name=\"twitter:creator\" content=\"@DavidCalve_C\" \/>\n<meta name=\"twitter:label1\" content=\"Written by\" \/>\n\t<meta name=\"twitter:data1\" content=\"David Calv\u00e9\" \/>\n\t<meta name=\"twitter:label2\" content=\"Estimated reading time\" \/>\n\t<meta name=\"twitter:data2\" content=\"5 minutes\" \/>\n<script type=\"application\/ld+json\" class=\"yoast-schema-graph\">{\"@context\":\"https:\/\/schema.org\",\"@graph\":[{\"@type\":\"Article\",\"@id\":\"https:\/\/www.firstlapf1.com\/el-autodromo-hermanos-rodriguez-analizado-al-detalle\/#article\",\"isPartOf\":{\"@id\":\"https:\/\/www.firstlapf1.com\/el-autodromo-hermanos-rodriguez-analizado-al-detalle\/\"},\"author\":{\"name\":\"David Calv\u00e9\",\"@id\":\"https:\/\/www.firstlapf1.com\/#\/schema\/person\/e17fe8907741f19a0007e4651139aba3\"},\"headline\":\"El Aut\u00f3dromo Hermanos Rodr\u00edguez, analizado al detalle\",\"datePublished\":\"2025-10-23T21:13:49+00:00\",\"dateModified\":\"2025-10-23T21:13:52+00:00\",\"mainEntityOfPage\":{\"@id\":\"https:\/\/www.firstlapf1.com\/el-autodromo-hermanos-rodriguez-analizado-al-detalle\/\"},\"wordCount\":990,\"image\":{\"@id\":\"https:\/\/www.firstlapf1.com\/el-autodromo-hermanos-rodriguez-analizado-al-detalle\/#primaryimage\"},\"thumbnailUrl\":\"https:\/\/www.firstlapf1.com\/wp-content\/uploads\/2025\/10\/20251023_231114.jpg\",\"keywords\":[\"An\u00e1lisis\",\"F1\",\"F\u00f3rmula 1\",\"Max Verstappen\",\"M\u00e9xico\",\"Red Bull\"],\"articleSection\":[\"Circuitos\",\"GP M\u00e9xico (Aut\u00f3dromo Hermanos Rodr\u00edguez)\"],\"inLanguage\":\"en-GB\"},{\"@type\":\"WebPage\",\"@id\":\"https:\/\/www.firstlapf1.com\/el-autodromo-hermanos-rodriguez-analizado-al-detalle\/\",\"url\":\"https:\/\/www.firstlapf1.com\/el-autodromo-hermanos-rodriguez-analizado-al-detalle\/\",\"name\":\"El Aut\u00f3dromo Hermanos Rodr\u00edguez, analizado al detalle - Noticias F1 en espa\u00f1ol\",\"isPartOf\":{\"@id\":\"https:\/\/www.firstlapf1.com\/#website\"},\"primaryImageOfPage\":{\"@id\":\"https:\/\/www.firstlapf1.com\/el-autodromo-hermanos-rodriguez-analizado-al-detalle\/#primaryimage\"},\"image\":{\"@id\":\"https:\/\/www.firstlapf1.com\/el-autodromo-hermanos-rodriguez-analizado-al-detalle\/#primaryimage\"},\"thumbnailUrl\":\"https:\/\/www.firstlapf1.com\/wp-content\/uploads\/2025\/10\/20251023_231114.jpg\",\"datePublished\":\"2025-10-23T21:13:49+00:00\",\"dateModified\":\"2025-10-23T21:13:52+00:00\",\"author\":{\"@id\":\"https:\/\/www.firstlapf1.com\/#\/schema\/person\/e17fe8907741f19a0007e4651139aba3\"},\"description\":\"La F1 correr\u00e1 este fin de semana en tierras mexicanas, una vez m\u00e1s, en el Aut\u00f3dromo Hermanos Rodr\u00edguez, situado en la Ciudad de M\u00e9xico\",\"inLanguage\":\"en-GB\",\"potentialAction\":[{\"@type\":\"ReadAction\",\"target\":[\"https:\/\/www.firstlapf1.com\/el-autodromo-hermanos-rodriguez-analizado-al-detalle\/\"]}]},{\"@type\":\"ImageObject\",\"inLanguage\":\"en-GB\",\"@id\":\"https:\/\/www.firstlapf1.com\/el-autodromo-hermanos-rodriguez-analizado-al-detalle\/#primaryimage\",\"url\":\"https:\/\/www.firstlapf1.com\/wp-content\/uploads\/2025\/10\/20251023_231114.jpg\",\"contentUrl\":\"https:\/\/www.firstlapf1.com\/wp-content\/uploads\/2025\/10\/20251023_231114.jpg\",\"width\":1536,\"height\":2048},{\"@type\":\"WebSite\",\"@id\":\"https:\/\/www.firstlapf1.com\/#website\",\"url\":\"https:\/\/www.firstlapf1.com\/\",\"name\":\"Noticias F1 en espa\u00f1ol\",\"description\":\"Noticias F1 en espa\u00f1ol\",\"potentialAction\":[{\"@type\":\"SearchAction\",\"target\":{\"@type\":\"EntryPoint\",\"urlTemplate\":\"https:\/\/www.firstlapf1.com\/?s={search_term_string}\"},\"query-input\":{\"@type\":\"PropertyValueSpecification\",\"valueRequired\":true,\"valueName\":\"search_term_string\"}}],\"inLanguage\":\"en-GB\"},{\"@type\":\"Person\",\"@id\":\"https:\/\/www.firstlapf1.com\/#\/schema\/person\/e17fe8907741f19a0007e4651139aba3\",\"name\":\"David Calv\u00e9\",\"image\":{\"@type\":\"ImageObject\",\"inLanguage\":\"en-GB\",\"@id\":\"https:\/\/www.firstlapf1.com\/#\/schema\/person\/image\/\",\"url\":\"https:\/\/secure.gravatar.com\/avatar\/3fec466617b5a21cb21b89c62e9940ad9662c9753b2aaf37fd8cac712dba30e1?s=96&d=mm&r=g\",\"contentUrl\":\"https:\/\/secure.gravatar.com\/avatar\/3fec466617b5a21cb21b89c62e9940ad9662c9753b2aaf37fd8cac712dba30e1?s=96&d=mm&r=g\",\"caption\":\"David Calv\u00e9\"},\"sameAs\":[\"http:\/\/www.firstlapf1.com\/\",\"https:\/\/www.instagram.com\/daviidcalve\/\",\"https:\/\/x.com\/DavidCalve_C\"],\"url\":\"https:\/\/www.firstlapf1.com\/en\/author\/davcal\/\"}]}<\/script>\n<!-- \/ Yoast SEO plugin. -->","yoast_head_json":{"title":"El Aut\u00f3dromo Hermanos Rodr\u00edguez, analizado al detalle - Noticias F1 en espa\u00f1ol","description":"La F1 correr\u00e1 este fin de semana en tierras mexicanas, una vez m\u00e1s, en el Aut\u00f3dromo Hermanos Rodr\u00edguez, situado en la Ciudad de M\u00e9xico","robots":{"index":"index","follow":"follow","max-snippet":"max-snippet:-1","max-image-preview":"max-image-preview:large","max-video-preview":"max-video-preview:-1"},"canonical":"https:\/\/www.firstlapf1.com\/en\/el-autodromo-hermanos-rodriguez-analizado-al-detalle\/","og_locale":"en_GB","og_type":"article","og_title":"El Aut\u00f3dromo Hermanos Rodr\u00edguez, analizado al detalle - Noticias F1 en espa\u00f1ol","og_description":"La F1 correr\u00e1 este fin de semana en tierras mexicanas, una vez m\u00e1s, en el Aut\u00f3dromo Hermanos Rodr\u00edguez, situado en la Ciudad de M\u00e9xico","og_url":"https:\/\/www.firstlapf1.com\/en\/el-autodromo-hermanos-rodriguez-analizado-al-detalle\/","og_site_name":"Noticias F1 en espa\u00f1ol","article_published_time":"2025-10-23T21:13:49+00:00","article_modified_time":"2025-10-23T21:13:52+00:00","og_image":[{"width":1536,"height":2048,"url":"https:\/\/www.firstlapf1.com\/wp-content\/uploads\/2025\/10\/20251023_231114.jpg","type":"image\/jpeg"}],"author":"David Calv\u00e9","twitter_card":"summary_large_image","twitter_creator":"@DavidCalve_C","twitter_misc":{"Written by":"David Calv\u00e9","Estimated reading time":"5 minutes"},"schema":{"@context":"https:\/\/schema.org","@graph":[{"@type":"Article","@id":"https:\/\/www.firstlapf1.com\/el-autodromo-hermanos-rodriguez-analizado-al-detalle\/#article","isPartOf":{"@id":"https:\/\/www.firstlapf1.com\/el-autodromo-hermanos-rodriguez-analizado-al-detalle\/"},"author":{"name":"David Calv\u00e9","@id":"https:\/\/www.firstlapf1.com\/#\/schema\/person\/e17fe8907741f19a0007e4651139aba3"},"headline":"El Aut\u00f3dromo Hermanos Rodr\u00edguez, analizado al detalle","datePublished":"2025-10-23T21:13:49+00:00","dateModified":"2025-10-23T21:13:52+00:00","mainEntityOfPage":{"@id":"https:\/\/www.firstlapf1.com\/el-autodromo-hermanos-rodriguez-analizado-al-detalle\/"},"wordCount":990,"image":{"@id":"https:\/\/www.firstlapf1.com\/el-autodromo-hermanos-rodriguez-analizado-al-detalle\/#primaryimage"},"thumbnailUrl":"https:\/\/www.firstlapf1.com\/wp-content\/uploads\/2025\/10\/20251023_231114.jpg","keywords":["An\u00e1lisis","F1","F\u00f3rmula 1","Max Verstappen","M\u00e9xico","Red Bull"],"articleSection":["Circuitos","GP M\u00e9xico (Aut\u00f3dromo Hermanos Rodr\u00edguez)"],"inLanguage":"en-GB"},{"@type":"WebPage","@id":"https:\/\/www.firstlapf1.com\/el-autodromo-hermanos-rodriguez-analizado-al-detalle\/","url":"https:\/\/www.firstlapf1.com\/el-autodromo-hermanos-rodriguez-analizado-al-detalle\/","name":"El Aut\u00f3dromo Hermanos Rodr\u00edguez, analizado al detalle - Noticias F1 en espa\u00f1ol","isPartOf":{"@id":"https:\/\/www.firstlapf1.com\/#website"},"primaryImageOfPage":{"@id":"https:\/\/www.firstlapf1.com\/el-autodromo-hermanos-rodriguez-analizado-al-detalle\/#primaryimage"},"image":{"@id":"https:\/\/www.firstlapf1.com\/el-autodromo-hermanos-rodriguez-analizado-al-detalle\/#primaryimage"},"thumbnailUrl":"https:\/\/www.firstlapf1.com\/wp-content\/uploads\/2025\/10\/20251023_231114.jpg","datePublished":"2025-10-23T21:13:49+00:00","dateModified":"2025-10-23T21:13:52+00:00","author":{"@id":"https:\/\/www.firstlapf1.com\/#\/schema\/person\/e17fe8907741f19a0007e4651139aba3"},"description":"La F1 correr\u00e1 este fin de semana en tierras mexicanas, una vez m\u00e1s, en el Aut\u00f3dromo Hermanos Rodr\u00edguez, situado en la Ciudad de M\u00e9xico","inLanguage":"en-GB","potentialAction":[{"@type":"ReadAction","target":["https:\/\/www.firstlapf1.com\/el-autodromo-hermanos-rodriguez-analizado-al-detalle\/"]}]},{"@type":"ImageObject","inLanguage":"en-GB","@id":"https:\/\/www.firstlapf1.com\/el-autodromo-hermanos-rodriguez-analizado-al-detalle\/#primaryimage","url":"https:\/\/www.firstlapf1.com\/wp-content\/uploads\/2025\/10\/20251023_231114.jpg","contentUrl":"https:\/\/www.firstlapf1.com\/wp-content\/uploads\/2025\/10\/20251023_231114.jpg","width":1536,"height":2048},{"@type":"WebSite","@id":"https:\/\/www.firstlapf1.com\/#website","url":"https:\/\/www.firstlapf1.com\/","name":"Noticias F1 en espa\u00f1ol","description":"Noticias F1 en espa\u00f1ol","potentialAction":[{"@type":"SearchAction","target":{"@type":"EntryPoint","urlTemplate":"https:\/\/www.firstlapf1.com\/?s={search_term_string}"},"query-input":{"@type":"PropertyValueSpecification","valueRequired":true,"valueName":"search_term_string"}}],"inLanguage":"en-GB"},{"@type":"Person","@id":"https:\/\/www.firstlapf1.com\/#\/schema\/person\/e17fe8907741f19a0007e4651139aba3","name":"David Calv\u00e9","image":{"@type":"ImageObject","inLanguage":"en-GB","@id":"https:\/\/www.firstlapf1.com\/#\/schema\/person\/image\/","url":"https:\/\/secure.gravatar.com\/avatar\/3fec466617b5a21cb21b89c62e9940ad9662c9753b2aaf37fd8cac712dba30e1?s=96&d=mm&r=g","contentUrl":"https:\/\/secure.gravatar.com\/avatar\/3fec466617b5a21cb21b89c62e9940ad9662c9753b2aaf37fd8cac712dba30e1?s=96&d=mm&r=g","caption":"David Calv\u00e9"},"sameAs":["http:\/\/www.firstlapf1.com\/","https:\/\/www.instagram.com\/daviidcalve\/","https:\/\/x.com\/DavidCalve_C"],"url":"https:\/\/www.firstlapf1.com\/en\/author\/davcal\/"}]}},"jetpack_featured_media_url":"https:\/\/www.firstlapf1.com\/wp-content\/uploads\/2025\/10\/20251023_231114.jpg","jetpack_sharing_enabled":true,"_links":{"self":[{"href":"https:\/\/www.firstlapf1.com\/en\/wp-json\/wp\/v2\/posts\/16805","targetHints":{"allow":["GET"]}}],"collection":[{"href":"https:\/\/www.firstlapf1.com\/en\/wp-json\/wp\/v2\/posts"}],"about":[{"href":"https:\/\/www.firstlapf1.com\/en\/wp-json\/wp\/v2\/types\/post"}],"author":[{"embeddable":true,"href":"https:\/\/www.firstlapf1.com\/en\/wp-json\/wp\/v2\/users\/70"}],"replies":[{"embeddable":true,"href":"https:\/\/www.firstlapf1.com\/en\/wp-json\/wp\/v2\/comments?post=16805"}],"version-history":[{"count":3,"href":"https:\/\/www.firstlapf1.com\/en\/wp-json\/wp\/v2\/posts\/16805\/revisions"}],"predecessor-version":[{"id":16826,"href":"https:\/\/www.firstlapf1.com\/en\/wp-json\/wp\/v2\/posts\/16805\/revisions\/16826"}],"wp:featuredmedia":[{"embeddable":true,"href":"https:\/\/www.firstlapf1.com\/en\/wp-json\/wp\/v2\/media\/16825"}],"wp:attachment":[{"href":"https:\/\/www.firstlapf1.com\/en\/wp-json\/wp\/v2\/media?parent=16805"}],"wp:term":[{"taxonomy":"category","embeddable":true,"href":"https:\/\/www.firstlapf1.com\/en\/wp-json\/wp\/v2\/categories?post=16805"},{"taxonomy":"post_tag","embeddable":true,"href":"https:\/\/www.firstlapf1.com\/en\/wp-json\/wp\/v2\/tags?post=16805"}],"curies":[{"name":"wp","href":"https:\/\/api.w.org\/{rel}","templated":true}]}}