{"id":16792,"date":"2025-10-22T19:00:44","date_gmt":"2025-10-22T19:00:44","guid":{"rendered":"https:\/\/www.firstlapf1.com\/?p=16792"},"modified":"2025-10-22T22:02:23","modified_gmt":"2025-10-22T22:02:23","slug":"oficial-dino-beganovic-recala-en-dams-f2-2026","status":"publish","type":"post","link":"https:\/\/www.firstlapf1.com\/en\/oficial-dino-beganovic-recala-en-dams-f2-2026\/","title":{"rendered":"OFICIAL: Dino Beganovic recala en DAMS F2 2026"},"content":{"rendered":"<h2 class=\"wp-block-heading\">El piloto sueco Dino Beganovic regresa a DAMS, estrenando la dupla del equipo franc\u00e9s para la pr\u00f3xima temporada<\/h2>\n\n\n\n<p>Con el final de la temporada de la categor\u00eda de plata a la vuelta de la esquina, los equipos ya vislumbran la campa\u00f1a 2026 y, con ella, los movimientos en las respectivas alineaciones de los equipos. En el d\u00eda de hoy, DAMS mueve ficha y firma a Dino Beganovic, piloto con el que ya pudieron trabajar el a\u00f1o pasado, aunque fueran 4 carreras.<\/p>\n\n\n\n<h2 class=\"wp-block-heading has-normal-font-size\">Declaraciones<\/h2>\n\n\n\n<p>Dino Beganovic:<\/p>\n\n\n\n<p><strong>\u00bbEstoy muy contento por volver a DAMS para otra temporada de F2. Sent\u00ed una conexi\u00f3n instant\u00e1nea, tanto profesional como personalmente, y demostramos un gran nivel juntos, incluido un podio en Abu Dhabi. Estoy agradecido por la confianza que han depositado en m\u00ed y por el continuo apoyo de la Academia Ferrari. El objetivo es construir el progreso y luchar constantemente arriba.\u00bb<\/strong><\/p>\n\n\n\n<p>Charles Pic, Due\u00f1o de DAMS:<\/p>\n\n\n\n<p><strong>\u00bbEstuvimos impresionados por la madurez y profesionalidad de Dino durante sus primeras actuaciones con nosotros. Su \u00e9tica de trabajo, conocimiento t\u00e9cnico y consistencia encajan a la perfecci\u00f3n con los valores del equipo. Estamos encantados de darle la bienvenida de nuevo por su siguiente paso y estoy seguro que podemos conseguir grandes cosas juntos.\u00bb<\/strong><\/p>\n\n\n\n<p>Esta temporada como rookie, Beganovic est\u00e1 demostrando un alto nivel, sobre todo el \u00faltimo fin de semana de carreras hasta la fecha en Azerbaiy\u00e1n. Una victoria y un podio completan los otros dos podios m\u00e1s en Bar\u00e9in e Imola, que le colocan en octavo puesto con 96 puntos, con el equipo Hitech. Anteriormente, como el propio piloto ha mencionado, logr\u00f3 un podio en Yas Marina, esta vez bajo los colores de DAMS.<\/p>\n\n\n\n<p>Todav\u00eda falta por confirmar el piloto al que acompa\u00f1ar\u00e1 a Dino en el equipo galo, mientras tanto quedan 15 asientos libres para la parrilla de <a href=\"https:\/\/www.fiaformula2.com\/\" target=\"_blank\" rel=\"noreferrer noopener\">F2 2026<\/a>.<\/p>\n\n\n\n<figure class=\"wp-block-image size-large\"><img loading=\"lazy\" decoding=\"async\" width=\"819\" height=\"1024\" src=\"https:\/\/www.firstlapf1.com\/wp-content\/uploads\/2025\/10\/1000063026-819x1024.jpg\" alt=\"\" class=\"wp-image-16801\" srcset=\"https:\/\/www.firstlapf1.com\/wp-content\/uploads\/2025\/10\/1000063026-819x1024.jpg 819w, https:\/\/www.firstlapf1.com\/wp-content\/uploads\/2025\/10\/1000063026-240x300.jpg 240w, https:\/\/www.firstlapf1.com\/wp-content\/uploads\/2025\/10\/1000063026-768x960.jpg 768w, https:\/\/www.firstlapf1.com\/wp-content\/uploads\/2025\/10\/1000063026-10x12.jpg 10w, https:\/\/www.firstlapf1.com\/wp-content\/uploads\/2025\/10\/1000063026.jpg 1080w\" sizes=\"auto, (max-width: 819px) 100vw, 819px\" \/><figcaption class=\"wp-element-caption\">Fuente: DAMS en X (fuente portada: F2 en X)<\/figcaption><\/figure>\n\n\n\n<p><\/p>","protected":false},"excerpt":{"rendered":"<p>El piloto sueco Dino Beganovic regresa a DAMS, estrenando la dupla del equipo franc\u00e9s para la pr\u00f3xima temporada &hellip; <span class=\"more-button\"><a href=\"https:\/\/www.firstlapf1.com\/en\/oficial-dino-beganovic-recala-en-dams-f2-2026\/\" class=\"more-link\">Continue reading<span class=\"screen-reader-text\">OFICIAL: Dino Beganovic recala en DAMS F2 2026<\/span><\/a><\/span><\/p>","protected":false},"author":2,"featured_media":16802,"comment_status":"closed","ping_status":"open","sticky":false,"template":"","format":"standard","meta":{"_jetpack_memberships_contains_paid_content":false,"footnotes":""},"categories":[58,9,57,39],"tags":[],"class_list":["post-16792","post","type-post","status-publish","format-standard","has-post-thumbnail","hentry","category-dams","category-f2","category-hitech","category-ferrari"],"yoast_head":"<!-- This site is optimized with the Yoast SEO plugin v27.0 - https:\/\/yoast.com\/product\/yoast-seo-wordpress\/ -->\n<title>OFICIAL: Dino Beganovic recala en DAMS F2 2026 - Noticias F1 en espa\u00f1ol<\/title>\n<meta name=\"description\" content=\"El piloto sueco Dino Beganovic regresa a DAMS, estrenando la dupla del equipo franc\u00e9s para la pr\u00f3xima temporada\" \/>\n<meta name=\"robots\" content=\"index, follow, max-snippet:-1, max-image-preview:large, max-video-preview:-1\" \/>\n<link rel=\"canonical\" href=\"https:\/\/www.firstlapf1.com\/en\/oficial-dino-beganovic-recala-en-dams-f2-2026\/\" \/>\n<meta property=\"og:locale\" content=\"en_GB\" \/>\n<meta property=\"og:type\" content=\"article\" \/>\n<meta property=\"og:title\" content=\"OFICIAL: Dino Beganovic recala en DAMS F2 2026 - Noticias F1 en espa\u00f1ol\" \/>\n<meta property=\"og:description\" content=\"El piloto sueco Dino Beganovic regresa a DAMS, estrenando la dupla del equipo franc\u00e9s para la pr\u00f3xima temporada\" \/>\n<meta property=\"og:url\" content=\"https:\/\/www.firstlapf1.com\/en\/oficial-dino-beganovic-recala-en-dams-f2-2026\/\" \/>\n<meta property=\"og:site_name\" content=\"Noticias F1 en espa\u00f1ol\" \/>\n<meta property=\"article:published_time\" content=\"2025-10-22T19:00:44+00:00\" \/>\n<meta property=\"article:modified_time\" content=\"2025-10-22T22:02:23+00:00\" \/>\n<meta property=\"og:image\" content=\"https:\/\/www.firstlapf1.com\/wp-content\/uploads\/2025\/10\/20251022_102732.jpg\" \/>\n\t<meta property=\"og:image:width\" content=\"1080\" \/>\n\t<meta property=\"og:image:height\" content=\"1350\" \/>\n\t<meta property=\"og:image:type\" content=\"image\/jpeg\" \/>\n<meta name=\"author\" content=\"Miguel Lora-Paquet\" \/>\n<meta name=\"twitter:card\" content=\"summary_large_image\" \/>\n<meta name=\"twitter:label1\" content=\"Written by\" \/>\n\t<meta name=\"twitter:data1\" content=\"Miguel Lora-Paquet\" \/>\n\t<meta name=\"twitter:label2\" content=\"Estimated reading time\" \/>\n\t<meta name=\"twitter:data2\" content=\"2 minutes\" \/>\n<script type=\"application\/ld+json\" class=\"yoast-schema-graph\">{\"@context\":\"https:\/\/schema.org\",\"@graph\":[{\"@type\":\"Article\",\"@id\":\"https:\/\/www.firstlapf1.com\/oficial-dino-beganovic-recala-en-dams-f2-2026\/#article\",\"isPartOf\":{\"@id\":\"https:\/\/www.firstlapf1.com\/oficial-dino-beganovic-recala-en-dams-f2-2026\/\"},\"author\":{\"name\":\"Miguel Lora-Paquet\",\"@id\":\"https:\/\/www.firstlapf1.com\/#\/schema\/person\/9eca09873eecb6d7836bc1a0bbd78250\"},\"headline\":\"OFICIAL: Dino Beganovic recala en DAMS F2 2026\",\"datePublished\":\"2025-10-22T19:00:44+00:00\",\"dateModified\":\"2025-10-22T22:02:23+00:00\",\"mainEntityOfPage\":{\"@id\":\"https:\/\/www.firstlapf1.com\/oficial-dino-beganovic-recala-en-dams-f2-2026\/\"},\"wordCount\":331,\"image\":{\"@id\":\"https:\/\/www.firstlapf1.com\/oficial-dino-beganovic-recala-en-dams-f2-2026\/#primaryimage\"},\"thumbnailUrl\":\"https:\/\/www.firstlapf1.com\/wp-content\/uploads\/2025\/10\/20251022_102732.jpg\",\"articleSection\":[\"DAMS Lucas Oil (F2)\",\"F2\",\"Hitech TGR (F2)\",\"Scuderia Ferrari HP\"],\"inLanguage\":\"en-GB\"},{\"@type\":\"WebPage\",\"@id\":\"https:\/\/www.firstlapf1.com\/oficial-dino-beganovic-recala-en-dams-f2-2026\/\",\"url\":\"https:\/\/www.firstlapf1.com\/oficial-dino-beganovic-recala-en-dams-f2-2026\/\",\"name\":\"OFICIAL: Dino Beganovic recala en DAMS F2 2026 - Noticias F1 en espa\u00f1ol\",\"isPartOf\":{\"@id\":\"https:\/\/www.firstlapf1.com\/#website\"},\"primaryImageOfPage\":{\"@id\":\"https:\/\/www.firstlapf1.com\/oficial-dino-beganovic-recala-en-dams-f2-2026\/#primaryimage\"},\"image\":{\"@id\":\"https:\/\/www.firstlapf1.com\/oficial-dino-beganovic-recala-en-dams-f2-2026\/#primaryimage\"},\"thumbnailUrl\":\"https:\/\/www.firstlapf1.com\/wp-content\/uploads\/2025\/10\/20251022_102732.jpg\",\"datePublished\":\"2025-10-22T19:00:44+00:00\",\"dateModified\":\"2025-10-22T22:02:23+00:00\",\"author\":{\"@id\":\"https:\/\/www.firstlapf1.com\/#\/schema\/person\/9eca09873eecb6d7836bc1a0bbd78250\"},\"description\":\"El piloto sueco Dino Beganovic regresa a DAMS, estrenando la dupla del equipo franc\u00e9s para la pr\u00f3xima temporada\",\"inLanguage\":\"en-GB\",\"potentialAction\":[{\"@type\":\"ReadAction\",\"target\":[\"https:\/\/www.firstlapf1.com\/oficial-dino-beganovic-recala-en-dams-f2-2026\/\"]}]},{\"@type\":\"ImageObject\",\"inLanguage\":\"en-GB\",\"@id\":\"https:\/\/www.firstlapf1.com\/oficial-dino-beganovic-recala-en-dams-f2-2026\/#primaryimage\",\"url\":\"https:\/\/www.firstlapf1.com\/wp-content\/uploads\/2025\/10\/20251022_102732.jpg\",\"contentUrl\":\"https:\/\/www.firstlapf1.com\/wp-content\/uploads\/2025\/10\/20251022_102732.jpg\",\"width\":1080,\"height\":1350},{\"@type\":\"WebSite\",\"@id\":\"https:\/\/www.firstlapf1.com\/#website\",\"url\":\"https:\/\/www.firstlapf1.com\/\",\"name\":\"Noticias F1 en espa\u00f1ol\",\"description\":\"Noticias F1 en espa\u00f1ol\",\"potentialAction\":[{\"@type\":\"SearchAction\",\"target\":{\"@type\":\"EntryPoint\",\"urlTemplate\":\"https:\/\/www.firstlapf1.com\/?s={search_term_string}\"},\"query-input\":{\"@type\":\"PropertyValueSpecification\",\"valueRequired\":true,\"valueName\":\"search_term_string\"}}],\"inLanguage\":\"en-GB\"},{\"@type\":\"Person\",\"@id\":\"https:\/\/www.firstlapf1.com\/#\/schema\/person\/9eca09873eecb6d7836bc1a0bbd78250\",\"name\":\"Miguel Lora-Paquet\",\"image\":{\"@type\":\"ImageObject\",\"inLanguage\":\"en-GB\",\"@id\":\"https:\/\/www.firstlapf1.com\/#\/schema\/person\/image\/\",\"url\":\"https:\/\/www.firstlapf1.com\/wp-content\/uploads\/2022\/09\/7d393f41-126a-4a1e-bf1d-9d04e2ebc621.jpeg\",\"contentUrl\":\"https:\/\/www.firstlapf1.com\/wp-content\/uploads\/2022\/09\/7d393f41-126a-4a1e-bf1d-9d04e2ebc621.jpeg\",\"caption\":\"Miguel Lora-Paquet\"},\"url\":\"https:\/\/www.firstlapf1.com\/en\/author\/miguel\/\"}]}<\/script>\n<!-- \/ Yoast SEO plugin. -->","yoast_head_json":{"title":"OFICIAL: Dino Beganovic recala en DAMS F2 2026 - Noticias F1 en espa\u00f1ol","description":"El piloto sueco Dino Beganovic regresa a DAMS, estrenando la dupla del equipo franc\u00e9s para la pr\u00f3xima temporada","robots":{"index":"index","follow":"follow","max-snippet":"max-snippet:-1","max-image-preview":"max-image-preview:large","max-video-preview":"max-video-preview:-1"},"canonical":"https:\/\/www.firstlapf1.com\/en\/oficial-dino-beganovic-recala-en-dams-f2-2026\/","og_locale":"en_GB","og_type":"article","og_title":"OFICIAL: Dino Beganovic recala en DAMS F2 2026 - Noticias F1 en espa\u00f1ol","og_description":"El piloto sueco Dino Beganovic regresa a DAMS, estrenando la dupla del equipo franc\u00e9s para la pr\u00f3xima temporada","og_url":"https:\/\/www.firstlapf1.com\/en\/oficial-dino-beganovic-recala-en-dams-f2-2026\/","og_site_name":"Noticias F1 en espa\u00f1ol","article_published_time":"2025-10-22T19:00:44+00:00","article_modified_time":"2025-10-22T22:02:23+00:00","og_image":[{"width":1080,"height":1350,"url":"https:\/\/www.firstlapf1.com\/wp-content\/uploads\/2025\/10\/20251022_102732.jpg","type":"image\/jpeg"}],"author":"Miguel Lora-Paquet","twitter_card":"summary_large_image","twitter_misc":{"Written by":"Miguel Lora-Paquet","Estimated reading time":"2 minutes"},"schema":{"@context":"https:\/\/schema.org","@graph":[{"@type":"Article","@id":"https:\/\/www.firstlapf1.com\/oficial-dino-beganovic-recala-en-dams-f2-2026\/#article","isPartOf":{"@id":"https:\/\/www.firstlapf1.com\/oficial-dino-beganovic-recala-en-dams-f2-2026\/"},"author":{"name":"Miguel Lora-Paquet","@id":"https:\/\/www.firstlapf1.com\/#\/schema\/person\/9eca09873eecb6d7836bc1a0bbd78250"},"headline":"OFICIAL: Dino Beganovic recala en DAMS F2 2026","datePublished":"2025-10-22T19:00:44+00:00","dateModified":"2025-10-22T22:02:23+00:00","mainEntityOfPage":{"@id":"https:\/\/www.firstlapf1.com\/oficial-dino-beganovic-recala-en-dams-f2-2026\/"},"wordCount":331,"image":{"@id":"https:\/\/www.firstlapf1.com\/oficial-dino-beganovic-recala-en-dams-f2-2026\/#primaryimage"},"thumbnailUrl":"https:\/\/www.firstlapf1.com\/wp-content\/uploads\/2025\/10\/20251022_102732.jpg","articleSection":["DAMS Lucas Oil (F2)","F2","Hitech TGR (F2)","Scuderia Ferrari HP"],"inLanguage":"en-GB"},{"@type":"WebPage","@id":"https:\/\/www.firstlapf1.com\/oficial-dino-beganovic-recala-en-dams-f2-2026\/","url":"https:\/\/www.firstlapf1.com\/oficial-dino-beganovic-recala-en-dams-f2-2026\/","name":"OFICIAL: Dino Beganovic recala en DAMS F2 2026 - Noticias F1 en espa\u00f1ol","isPartOf":{"@id":"https:\/\/www.firstlapf1.com\/#website"},"primaryImageOfPage":{"@id":"https:\/\/www.firstlapf1.com\/oficial-dino-beganovic-recala-en-dams-f2-2026\/#primaryimage"},"image":{"@id":"https:\/\/www.firstlapf1.com\/oficial-dino-beganovic-recala-en-dams-f2-2026\/#primaryimage"},"thumbnailUrl":"https:\/\/www.firstlapf1.com\/wp-content\/uploads\/2025\/10\/20251022_102732.jpg","datePublished":"2025-10-22T19:00:44+00:00","dateModified":"2025-10-22T22:02:23+00:00","author":{"@id":"https:\/\/www.firstlapf1.com\/#\/schema\/person\/9eca09873eecb6d7836bc1a0bbd78250"},"description":"El piloto sueco Dino Beganovic regresa a DAMS, estrenando la dupla del equipo franc\u00e9s para la pr\u00f3xima temporada","inLanguage":"en-GB","potentialAction":[{"@type":"ReadAction","target":["https:\/\/www.firstlapf1.com\/oficial-dino-beganovic-recala-en-dams-f2-2026\/"]}]},{"@type":"ImageObject","inLanguage":"en-GB","@id":"https:\/\/www.firstlapf1.com\/oficial-dino-beganovic-recala-en-dams-f2-2026\/#primaryimage","url":"https:\/\/www.firstlapf1.com\/wp-content\/uploads\/2025\/10\/20251022_102732.jpg","contentUrl":"https:\/\/www.firstlapf1.com\/wp-content\/uploads\/2025\/10\/20251022_102732.jpg","width":1080,"height":1350},{"@type":"WebSite","@id":"https:\/\/www.firstlapf1.com\/#website","url":"https:\/\/www.firstlapf1.com\/","name":"Noticias F1 en espa\u00f1ol","description":"Noticias F1 en espa\u00f1ol","potentialAction":[{"@type":"SearchAction","target":{"@type":"EntryPoint","urlTemplate":"https:\/\/www.firstlapf1.com\/?s={search_term_string}"},"query-input":{"@type":"PropertyValueSpecification","valueRequired":true,"valueName":"search_term_string"}}],"inLanguage":"en-GB"},{"@type":"Person","@id":"https:\/\/www.firstlapf1.com\/#\/schema\/person\/9eca09873eecb6d7836bc1a0bbd78250","name":"Miguel Lora-Paquet","image":{"@type":"ImageObject","inLanguage":"en-GB","@id":"https:\/\/www.firstlapf1.com\/#\/schema\/person\/image\/","url":"https:\/\/www.firstlapf1.com\/wp-content\/uploads\/2022\/09\/7d393f41-126a-4a1e-bf1d-9d04e2ebc621.jpeg","contentUrl":"https:\/\/www.firstlapf1.com\/wp-content\/uploads\/2022\/09\/7d393f41-126a-4a1e-bf1d-9d04e2ebc621.jpeg","caption":"Miguel Lora-Paquet"},"url":"https:\/\/www.firstlapf1.com\/en\/author\/miguel\/"}]}},"jetpack_featured_media_url":"https:\/\/www.firstlapf1.com\/wp-content\/uploads\/2025\/10\/20251022_102732.jpg","jetpack_sharing_enabled":true,"_links":{"self":[{"href":"https:\/\/www.firstlapf1.com\/en\/wp-json\/wp\/v2\/posts\/16792","targetHints":{"allow":["GET"]}}],"collection":[{"href":"https:\/\/www.firstlapf1.com\/en\/wp-json\/wp\/v2\/posts"}],"about":[{"href":"https:\/\/www.firstlapf1.com\/en\/wp-json\/wp\/v2\/types\/post"}],"author":[{"embeddable":true,"href":"https:\/\/www.firstlapf1.com\/en\/wp-json\/wp\/v2\/users\/2"}],"replies":[{"embeddable":true,"href":"https:\/\/www.firstlapf1.com\/en\/wp-json\/wp\/v2\/comments?post=16792"}],"version-history":[{"count":2,"href":"https:\/\/www.firstlapf1.com\/en\/wp-json\/wp\/v2\/posts\/16792\/revisions"}],"predecessor-version":[{"id":16803,"href":"https:\/\/www.firstlapf1.com\/en\/wp-json\/wp\/v2\/posts\/16792\/revisions\/16803"}],"wp:featuredmedia":[{"embeddable":true,"href":"https:\/\/www.firstlapf1.com\/en\/wp-json\/wp\/v2\/media\/16802"}],"wp:attachment":[{"href":"https:\/\/www.firstlapf1.com\/en\/wp-json\/wp\/v2\/media?parent=16792"}],"wp:term":[{"taxonomy":"category","embeddable":true,"href":"https:\/\/www.firstlapf1.com\/en\/wp-json\/wp\/v2\/categories?post=16792"},{"taxonomy":"post_tag","embeddable":true,"href":"https:\/\/www.firstlapf1.com\/en\/wp-json\/wp\/v2\/tags?post=16792"}],"curies":[{"name":"wp","href":"https:\/\/api.w.org\/{rel}","templated":true}]}}